{"id":978,"date":"2022-09-06T09:50:22","date_gmt":"2022-09-06T07:50:22","guid":{"rendered":"https:\/\/wp.kristdemokraterna.se\/nacka\/?p=978"},"modified":"2022-09-06T10:06:53","modified_gmt":"2022-09-06T08:06:53","slug":"redo-att-bygga-tryggt-och-snyggt","status":"publish","type":"post","link":"https:\/\/wp.kristdemokraterna.se\/nacka\/redo-att-bygga-tryggt-och-snyggt\/","title":{"rendered":"Redo att bygga tryggt och snyggt"},"content":{"rendered":"<p style=\"text-align: center\"><a href=\"https:\/\/wp.kristdemokraterna.se\/nacka\/files\/2022\/09\/bygga-bild.png\"><img loading=\"lazy\" decoding=\"async\" class=\"alignnone size-medium wp-image-979\" src=\"https:\/\/wp.kristdemokraterna.se\/nacka\/files\/2022\/09\/bygga-bild-215x300.png\" alt=\"\" width=\"215\" height=\"300\" srcset=\"https:\/\/wp.kristdemokraterna.se\/nacka\/files\/2022\/09\/bygga-bild-215x300.png 215w, https:\/\/wp.kristdemokraterna.se\/nacka\/files\/2022\/09\/bygga-bild-143x200.png 143w, https:\/\/wp.kristdemokraterna.se\/nacka\/files\/2022\/09\/bygga-bild-370x517.png 370w, https:\/\/wp.kristdemokraterna.se\/nacka\/files\/2022\/09\/bygga-bild-450x629.png 450w, https:\/\/wp.kristdemokraterna.se\/nacka\/files\/2022\/09\/bygga-bild-280x391.png 280w, https:\/\/wp.kristdemokraterna.se\/nacka\/files\/2022\/09\/bygga-bild-340x475.png 340w, https:\/\/wp.kristdemokraterna.se\/nacka\/files\/2022\/09\/bygga-bild-40x56.png 40w, https:\/\/wp.kristdemokraterna.se\/nacka\/files\/2022\/09\/bygga-bild.png 510w\" sizes=\"auto, (max-width: 215px) 100vw, 215px\" \/><\/a><\/p>\n<p>Man s\u00e4ger att Nacka byggs s\u00f6nder, att alla gr\u00f6nomr\u00e5den f\u00f6rsvinner. Men st\u00e4mmer det? L\u00e5t oss se efter.<\/p>\n<p>Vi kan dela in Nacka i tre delar:<br aria-hidden=\"true\" \/><b>1. V\u00e4stra Sickla\u00f6n<br aria-hidden=\"true\" \/>2. Nackas lokala centra<br aria-hidden=\"true\" \/>3. \u00d6vriga Nacka<\/b><\/p>\n<p><b>1.<\/b>\u00a0<b>V\u00e4stra Sickla\u00f6n<\/b>\u00a0str\u00e4cker sig i stora drag fr\u00e5n Danvikstull till Saltsj\u00f6badsleden. Detta omr\u00e5de genomg\u00e5r en stark f\u00f6r\u00e4ndring. H\u00e4r byggs 13.500 l\u00e4genheter som motprestation f\u00f6r statens medfinansiering av tunnelbanan. Denna del av Nacka blir till stor del stadsmilj\u00f6, n\u00e4stan som en f\u00f6rl\u00e4ngning av S\u00f6dermalm. H\u00e4r f\u00f6rsvinner flera gr\u00f6na dungar, men l\u00e5ngt ifr\u00e5n alla. I de omr\u00e5den som ligger n\u00e4ra tunnelbaneuppg\u00e5ngarna \u00e4r det l\u00e4mpligt att bygga t\u00e4tt, s\u00e5 att fler f\u00e5r m\u00f6jlighet att leva utan bil.<\/p>\n<p>M\u00e5nga av de stora byggprojekten i Nacka handlar om byggen p\u00e5 mark efter sanering p\u00e5 grund av m\u00e5ng\u00e5rig industriell f\u00f6rorening. Flera av dem ligger p\u00e5 v\u00e4stra Sickla\u00f6n. Dessa byggen finansierar milj\u00f6saneringen efter Nackas industriepok, s\u00e5 att vi slipper betala den mycket kostsamma saneringen p\u00e5 skatten, samtidigt som vi f\u00e5r bost\u00e4der \u00e5t nya Nackabor, vilket samtidigt ger oss tunnelbana till Nacka, den st\u00f6rsta milj\u00f6satsning som gjorts i v\u00e5r kommun. Det h\u00e4nger ihop.<\/p>\n<p>De flesta \u00f6vriga byggprojekt utf\u00f6rs genom f\u00f6rt\u00e4tning, man bygger mellan befintliga hus. Men det \u00e4r klart att det \u00e4nd\u00e5 inte g\u00e5r att r\u00e4dda alla tr\u00e4d.<\/p>\n<p><b>2. I kommunens<\/b>\u00a0<b>lokala centra<\/b>\u00a0byggs ocks\u00e5 ganska mycket. De f\u00f6rnyas med f\u00f6ljande m\u00e5ls\u00e4ttningar:<br aria-hidden=\"true\" \/>\u2022 Man vill skapa liv i dessa centra som annars har varit d\u00f6da och otrygga n\u00e4r aff\u00e4rerna har st\u00e4ngt. D\u00e4rf\u00f6r byggs bost\u00e4der ovanp\u00e5 butiker och verksamheter<br aria-hidden=\"true\" \/>\u2022\u00a0Underlag f\u00f6r en bra mataff\u00e4r skapas, s\u00e5 att man inte \u00e4r h\u00e4nvisad till att ta bilen till n\u00e5gon stork\u00f6pslada vid motorv\u00e4gen<br aria-hidden=\"true\" \/>\u2022 En bra mataff\u00e4r drar till sig annan service som g\u00f6r att det lokala centrumet l\u00f6ser ytterligare m\u00e5nga av de boendes vardagliga behov<br aria-hidden=\"true\" \/>\u2022 Centrumen moderniseras som kollektivtrafiknod.<\/p>\n<p>Vi menar att flera av dessa m\u00e5l \u00e4r milj\u00f6\u00e5tg\u00e4rder som g\u00f6r att m\u00e5nga slipper bilpendla. Det \u00e4r p\u00e5 m\u00e5nga s\u00e4tt positivt f\u00f6r milj\u00f6n att bygga t\u00e4tt.<\/p>\n<p><b>3.<\/b>\u00a0<b>\u00d6vriga Nacka<\/b>\u00a0bevaras i huvudsak s\u00e5 gr\u00f6nt och lummigt som det \u00e4r. Men inte heller h\u00e4r \u00e4r det helt stillast\u00e5ende. I \u00f6versiktsplanen finns utpekat ett och annat omr\u00e5de d\u00e4r mindre f\u00f6rt\u00e4tning kan ske. Det finns ocks\u00e5 h\u00e4r och var outnyttjade byggr\u00e4tter d\u00e4r man inte kan neka byggande.<\/p>\n<p>N\u00e5gra exempel p\u00e5 byggen utanf\u00f6r v\u00e4stra Sickla\u00f6n och v\u00e5ra lokala centra \u00e4r:<br aria-hidden=\"true\" \/>\u2022 Ett flerfamiljshus utmed Ugglev\u00e4gen. D\u00e4r f\u00f6rsvinner n\u00e5gra fina tr\u00e4d i den gr\u00f6na lunga som str\u00e4cker sig fr\u00e5n Ejderv\u00e4gen n\u00e4stan \u00e4nda in mot Skuruparken<br aria-hidden=\"true\" \/>\u2022 P\u00e5 Gamla Landsv\u00e4gen byggs n\u00e5gra flerfamiljshus men det finns gr\u00f6nomr\u00e5den kvar runt omkring<br aria-hidden=\"true\" \/>\u2022 Tre byggprojekt runt Orminge finansierar nergr\u00e4vningen av den h\u00f6gsp\u00e4nningskabel som g\u00e5tt kors och tv\u00e4rs genom luften runt Orminge. Det har varit ganska efterl\u00e4ngtat att f\u00e5 bort dessa luftledningar.<\/p>\n<p>Vi tycker att det \u00e4r ett ganska balanserat byggande som p\u00e5g\u00e5r i Nacka. Problemet \u00e4r att mycket av byggandet sker samtidigt. D\u00e4rf\u00f6r kan det k\u00e4nnas som att vi bygger s\u00f6nder hela Nacka och att allt gr\u00f6nt f\u00f6rsvinner, men om man studerar helheten s\u00e5 st\u00e4mmer inte det. Det kommer bli ett ganska bra Nacka om n\u00e5gra \u00e5r.<\/p>\n<p>Och vi tycker inte att allt bostadsbyggandet i bostadsbristens Stockholmsregion ska upph\u00f6ra helt? Vi f\u00e5r ofta f\u00f6rfr\u00e5gningar om tips p\u00e5 bostad n\u00e5gonstans f\u00f6r n\u00e5gon hitflyttad eller n\u00e5got barn som vill flytta hemifr\u00e5n, s\u00e5 allt byggande kan rimligen inte upph\u00f6ra.<\/p>\n","protected":false},"excerpt":{"rendered":"<p>Man s\u00e4ger att Nacka byggs s\u00f6nder, att alla gr\u00f6nomr\u00e5den f\u00f6rsvinner. Men st\u00e4mmer det? L\u00e5t oss se efter. Vi kan dela in Nacka i tre delar:1. V\u00e4stra Sickla\u00f6n2. Nackas lokala centra3. \u00d6vriga Nacka 1.\u00a0V\u00e4stra Sickla\u00f6n\u00a0str\u00e4cker sig i stora drag fr\u00e5n Danvikstull till Saltsj\u00f6badsleden. Detta omr\u00e5de genomg\u00e5r en stark f\u00f6r\u00e4ndring. H\u00e4r byggs 13.500 l\u00e4genheter som motprestation f\u00f6r <a class=\"read-more-link\" href=\"https:\/\/wp.kristdemokraterna.se\/nacka\/redo-att-bygga-tryggt-och-snyggt\/\">L\u00e4s mer<\/a><\/p>\n","protected":false},"author":789,"featured_media":0,"comment_status":"closed","ping_status":"closed","sticky":false,"template":"","format":"standard","meta":{"_acf_changed":false,"footnotes":""},"categories":[4,11],"tags":[],"class_list":["post-978","post","type-post","status-publish","format-standard","hentry","category-i-kommunen","category-inlagg"],"acf":[],"yoast_head":"<!-- This site is optimized with the Yoast SEO plugin v27.4 - https:\/\/yoast.com\/product\/yoast-seo-wordpress\/ -->\n<title>Redo att bygga tryggt och snyggt - Kristdemokraterna i Nacka<\/title>\n<meta name=\"robots\" content=\"index, follow, max-snippet:-1, max-image-preview:large, max-video-preview:-1\" \/>\n<link rel=\"canonical\" href=\"https:\/\/wp.kristdemokraterna.se\/nacka\/redo-att-bygga-tryggt-och-snyggt\/\" \/>\n<meta property=\"og:locale\" content=\"sv_SE\" \/>\n<meta property=\"og:type\" content=\"article\" \/>\n<meta property=\"og:title\" content=\"Redo att bygga tryggt och snyggt - Kristdemokraterna i Nacka\" \/>\n<meta property=\"og:description\" content=\"Man s\u00e4ger att Nacka byggs s\u00f6nder, att alla gr\u00f6nomr\u00e5den f\u00f6rsvinner. Men st\u00e4mmer det? L\u00e5t oss se efter. Vi kan dela in Nacka i tre delar:1. V\u00e4stra Sickla\u00f6n2. Nackas lokala centra3. \u00d6vriga Nacka 1.\u00a0V\u00e4stra Sickla\u00f6n\u00a0str\u00e4cker sig i stora drag fr\u00e5n Danvikstull till Saltsj\u00f6badsleden. Detta omr\u00e5de genomg\u00e5r en stark f\u00f6r\u00e4ndring. H\u00e4r byggs 13.500 l\u00e4genheter som motprestation f\u00f6r L\u00e4s mer\" \/>\n<meta property=\"og:url\" content=\"https:\/\/wp.kristdemokraterna.se\/nacka\/redo-att-bygga-tryggt-och-snyggt\/\" \/>\n<meta property=\"og:site_name\" content=\"Kristdemokraterna i Nacka\" \/>\n<meta property=\"article:published_time\" content=\"2022-09-06T07:50:22+00:00\" \/>\n<meta property=\"article:modified_time\" content=\"2022-09-06T08:06:53+00:00\" \/>\n<meta property=\"og:image\" content=\"http:\/\/wp.kristdemokraterna.se\/nacka\/files\/2022\/09\/bygga-bild-215x300.png\" \/>\n<meta name=\"author\" content=\"Martin Gunnesson\" \/>\n<meta name=\"twitter:card\" content=\"summary_large_image\" \/>\n<meta name=\"twitter:label1\" content=\"Skriven av\" \/>\n\t<meta name=\"twitter:data1\" content=\"Martin Gunnesson\" \/>\n\t<meta name=\"twitter:label2\" content=\"Ber\u00e4knad l\u00e4stid\" \/>\n\t<meta name=\"twitter:data2\" content=\"3 minuter\" \/>\n<script type=\"application\/ld+json\" class=\"yoast-schema-graph\">{\"@context\":\"https:\\\/\\\/schema.org\",\"@graph\":[{\"@type\":\"Article\",\"@id\":\"https:\\\/\\\/wp.kristdemokraterna.se\\\/nacka\\\/redo-att-bygga-tryggt-och-snyggt\\\/#article\",\"isPartOf\":{\"@id\":\"https:\\\/\\\/wp.kristdemokraterna.se\\\/nacka\\\/redo-att-bygga-tryggt-och-snyggt\\\/\"},\"author\":{\"name\":\"Martin Gunnesson\",\"@id\":\"https:\\\/\\\/wp.kristdemokraterna.se\\\/nacka\\\/#\\\/schema\\\/person\\\/1fe29fc42c2877f685d953476e2c9df3\"},\"headline\":\"Redo att bygga tryggt och snyggt\",\"datePublished\":\"2022-09-06T07:50:22+00:00\",\"dateModified\":\"2022-09-06T08:06:53+00:00\",\"mainEntityOfPage\":{\"@id\":\"https:\\\/\\\/wp.kristdemokraterna.se\\\/nacka\\\/redo-att-bygga-tryggt-och-snyggt\\\/\"},\"wordCount\":678,\"image\":{\"@id\":\"https:\\\/\\\/wp.kristdemokraterna.se\\\/nacka\\\/redo-att-bygga-tryggt-och-snyggt\\\/#primaryimage\"},\"thumbnailUrl\":\"http:\\\/\\\/wp.kristdemokraterna.se\\\/nacka\\\/files\\\/2022\\\/09\\\/bygga-bild-215x300.png\",\"articleSection\":[\"I Kommunen\",\"Inl\u00e4gg\"],\"inLanguage\":\"sv-SE\"},{\"@type\":\"WebPage\",\"@id\":\"https:\\\/\\\/wp.kristdemokraterna.se\\\/nacka\\\/redo-att-bygga-tryggt-och-snyggt\\\/\",\"url\":\"https:\\\/\\\/wp.kristdemokraterna.se\\\/nacka\\\/redo-att-bygga-tryggt-och-snyggt\\\/\",\"name\":\"Redo att bygga tryggt och snyggt - Kristdemokraterna i Nacka\",\"isPartOf\":{\"@id\":\"https:\\\/\\\/wp.kristdemokraterna.se\\\/nacka\\\/#website\"},\"primaryImageOfPage\":{\"@id\":\"https:\\\/\\\/wp.kristdemokraterna.se\\\/nacka\\\/redo-att-bygga-tryggt-och-snyggt\\\/#primaryimage\"},\"image\":{\"@id\":\"https:\\\/\\\/wp.kristdemokraterna.se\\\/nacka\\\/redo-att-bygga-tryggt-och-snyggt\\\/#primaryimage\"},\"thumbnailUrl\":\"http:\\\/\\\/wp.kristdemokraterna.se\\\/nacka\\\/files\\\/2022\\\/09\\\/bygga-bild-215x300.png\",\"datePublished\":\"2022-09-06T07:50:22+00:00\",\"dateModified\":\"2022-09-06T08:06:53+00:00\",\"author\":{\"@id\":\"https:\\\/\\\/wp.kristdemokraterna.se\\\/nacka\\\/#\\\/schema\\\/person\\\/1fe29fc42c2877f685d953476e2c9df3\"},\"breadcrumb\":{\"@id\":\"https:\\\/\\\/wp.kristdemokraterna.se\\\/nacka\\\/redo-att-bygga-tryggt-och-snyggt\\\/#breadcrumb\"},\"inLanguage\":\"sv-SE\",\"potentialAction\":[{\"@type\":\"ReadAction\",\"target\":[\"https:\\\/\\\/wp.kristdemokraterna.se\\\/nacka\\\/redo-att-bygga-tryggt-och-snyggt\\\/\"]}]},{\"@type\":\"ImageObject\",\"inLanguage\":\"sv-SE\",\"@id\":\"https:\\\/\\\/wp.kristdemokraterna.se\\\/nacka\\\/redo-att-bygga-tryggt-och-snyggt\\\/#primaryimage\",\"url\":\"http:\\\/\\\/wp.kristdemokraterna.se\\\/nacka\\\/files\\\/2022\\\/09\\\/bygga-bild-215x300.png\",\"contentUrl\":\"http:\\\/\\\/wp.kristdemokraterna.se\\\/nacka\\\/files\\\/2022\\\/09\\\/bygga-bild-215x300.png\"},{\"@type\":\"BreadcrumbList\",\"@id\":\"https:\\\/\\\/wp.kristdemokraterna.se\\\/nacka\\\/redo-att-bygga-tryggt-och-snyggt\\\/#breadcrumb\",\"itemListElement\":[{\"@type\":\"ListItem\",\"position\":1,\"name\":\"Hem\",\"item\":\"https:\\\/\\\/wp.kristdemokraterna.se\\\/nacka\\\/\"},{\"@type\":\"ListItem\",\"position\":2,\"name\":\"Redo att bygga tryggt och snyggt\"}]},{\"@type\":\"WebSite\",\"@id\":\"https:\\\/\\\/wp.kristdemokraterna.se\\\/nacka\\\/#website\",\"url\":\"https:\\\/\\\/wp.kristdemokraterna.se\\\/nacka\\\/\",\"name\":\"Kristdemokraterna i Nacka\",\"description\":\"Vi \u00e4r hj\u00e4rtat till h\u00f6ger\",\"inLanguage\":\"sv-SE\"},{\"@type\":\"Person\",\"@id\":\"https:\\\/\\\/wp.kristdemokraterna.se\\\/nacka\\\/#\\\/schema\\\/person\\\/1fe29fc42c2877f685d953476e2c9df3\",\"name\":\"Martin Gunnesson\",\"image\":{\"@type\":\"ImageObject\",\"inLanguage\":\"sv-SE\",\"@id\":\"https:\\\/\\\/secure.gravatar.com\\\/avatar\\\/4a1c8981eae86754728f44bfabd3a53691f3916980281974fe783d97d2fbb7b7?s=96&d=mm&r=g\",\"url\":\"https:\\\/\\\/secure.gravatar.com\\\/avatar\\\/4a1c8981eae86754728f44bfabd3a53691f3916980281974fe783d97d2fbb7b7?s=96&d=mm&r=g\",\"contentUrl\":\"https:\\\/\\\/secure.gravatar.com\\\/avatar\\\/4a1c8981eae86754728f44bfabd3a53691f3916980281974fe783d97d2fbb7b7?s=96&d=mm&r=g\",\"caption\":\"Martin Gunnesson\"},\"description\":\"Ordf\u00f6rande f\u00f6r Kristdemokraterna Nacka.\",\"url\":\"https:\\\/\\\/wp.kristdemokraterna.se\\\/nacka\\\/author\\\/nacka1\\\/\"}]}<\/script>\n<!-- \/ Yoast SEO plugin. -->","yoast_head_json":{"title":"Redo att bygga tryggt och snyggt - Kristdemokraterna i Nacka","robots":{"index":"index","follow":"follow","max-snippet":"max-snippet:-1","max-image-preview":"max-image-preview:large","max-video-preview":"max-video-preview:-1"},"canonical":"https:\/\/wp.kristdemokraterna.se\/nacka\/redo-att-bygga-tryggt-och-snyggt\/","og_locale":"sv_SE","og_type":"article","og_title":"Redo att bygga tryggt och snyggt - Kristdemokraterna i Nacka","og_description":"Man s\u00e4ger att Nacka byggs s\u00f6nder, att alla gr\u00f6nomr\u00e5den f\u00f6rsvinner. Men st\u00e4mmer det? L\u00e5t oss se efter. Vi kan dela in Nacka i tre delar:1. V\u00e4stra Sickla\u00f6n2. Nackas lokala centra3. \u00d6vriga Nacka 1.\u00a0V\u00e4stra Sickla\u00f6n\u00a0str\u00e4cker sig i stora drag fr\u00e5n Danvikstull till Saltsj\u00f6badsleden. Detta omr\u00e5de genomg\u00e5r en stark f\u00f6r\u00e4ndring. H\u00e4r byggs 13.500 l\u00e4genheter som motprestation f\u00f6r L\u00e4s mer","og_url":"https:\/\/wp.kristdemokraterna.se\/nacka\/redo-att-bygga-tryggt-och-snyggt\/","og_site_name":"Kristdemokraterna i Nacka","article_published_time":"2022-09-06T07:50:22+00:00","article_modified_time":"2022-09-06T08:06:53+00:00","og_image":[{"url":"http:\/\/wp.kristdemokraterna.se\/nacka\/files\/2022\/09\/bygga-bild-215x300.png","type":"","width":"","height":""}],"author":"Martin Gunnesson","twitter_card":"summary_large_image","twitter_misc":{"Skriven av":"Martin Gunnesson","Ber\u00e4knad l\u00e4stid":"3 minuter"},"schema":{"@context":"https:\/\/schema.org","@graph":[{"@type":"Article","@id":"https:\/\/wp.kristdemokraterna.se\/nacka\/redo-att-bygga-tryggt-och-snyggt\/#article","isPartOf":{"@id":"https:\/\/wp.kristdemokraterna.se\/nacka\/redo-att-bygga-tryggt-och-snyggt\/"},"author":{"name":"Martin Gunnesson","@id":"https:\/\/wp.kristdemokraterna.se\/nacka\/#\/schema\/person\/1fe29fc42c2877f685d953476e2c9df3"},"headline":"Redo att bygga tryggt och snyggt","datePublished":"2022-09-06T07:50:22+00:00","dateModified":"2022-09-06T08:06:53+00:00","mainEntityOfPage":{"@id":"https:\/\/wp.kristdemokraterna.se\/nacka\/redo-att-bygga-tryggt-och-snyggt\/"},"wordCount":678,"image":{"@id":"https:\/\/wp.kristdemokraterna.se\/nacka\/redo-att-bygga-tryggt-och-snyggt\/#primaryimage"},"thumbnailUrl":"http:\/\/wp.kristdemokraterna.se\/nacka\/files\/2022\/09\/bygga-bild-215x300.png","articleSection":["I Kommunen","Inl\u00e4gg"],"inLanguage":"sv-SE"},{"@type":"WebPage","@id":"https:\/\/wp.kristdemokraterna.se\/nacka\/redo-att-bygga-tryggt-och-snyggt\/","url":"https:\/\/wp.kristdemokraterna.se\/nacka\/redo-att-bygga-tryggt-och-snyggt\/","name":"Redo att bygga tryggt och snyggt - Kristdemokraterna i Nacka","isPartOf":{"@id":"https:\/\/wp.kristdemokraterna.se\/nacka\/#website"},"primaryImageOfPage":{"@id":"https:\/\/wp.kristdemokraterna.se\/nacka\/redo-att-bygga-tryggt-och-snyggt\/#primaryimage"},"image":{"@id":"https:\/\/wp.kristdemokraterna.se\/nacka\/redo-att-bygga-tryggt-och-snyggt\/#primaryimage"},"thumbnailUrl":"http:\/\/wp.kristdemokraterna.se\/nacka\/files\/2022\/09\/bygga-bild-215x300.png","datePublished":"2022-09-06T07:50:22+00:00","dateModified":"2022-09-06T08:06:53+00:00","author":{"@id":"https:\/\/wp.kristdemokraterna.se\/nacka\/#\/schema\/person\/1fe29fc42c2877f685d953476e2c9df3"},"breadcrumb":{"@id":"https:\/\/wp.kristdemokraterna.se\/nacka\/redo-att-bygga-tryggt-och-snyggt\/#breadcrumb"},"inLanguage":"sv-SE","potentialAction":[{"@type":"ReadAction","target":["https:\/\/wp.kristdemokraterna.se\/nacka\/redo-att-bygga-tryggt-och-snyggt\/"]}]},{"@type":"ImageObject","inLanguage":"sv-SE","@id":"https:\/\/wp.kristdemokraterna.se\/nacka\/redo-att-bygga-tryggt-och-snyggt\/#primaryimage","url":"http:\/\/wp.kristdemokraterna.se\/nacka\/files\/2022\/09\/bygga-bild-215x300.png","contentUrl":"http:\/\/wp.kristdemokraterna.se\/nacka\/files\/2022\/09\/bygga-bild-215x300.png"},{"@type":"BreadcrumbList","@id":"https:\/\/wp.kristdemokraterna.se\/nacka\/redo-att-bygga-tryggt-och-snyggt\/#breadcrumb","itemListElement":[{"@type":"ListItem","position":1,"name":"Hem","item":"https:\/\/wp.kristdemokraterna.se\/nacka\/"},{"@type":"ListItem","position":2,"name":"Redo att bygga tryggt och snyggt"}]},{"@type":"WebSite","@id":"https:\/\/wp.kristdemokraterna.se\/nacka\/#website","url":"https:\/\/wp.kristdemokraterna.se\/nacka\/","name":"Kristdemokraterna i Nacka","description":"Vi \u00e4r hj\u00e4rtat till h\u00f6ger","inLanguage":"sv-SE"},{"@type":"Person","@id":"https:\/\/wp.kristdemokraterna.se\/nacka\/#\/schema\/person\/1fe29fc42c2877f685d953476e2c9df3","name":"Martin Gunnesson","image":{"@type":"ImageObject","inLanguage":"sv-SE","@id":"https:\/\/secure.gravatar.com\/avatar\/4a1c8981eae86754728f44bfabd3a53691f3916980281974fe783d97d2fbb7b7?s=96&d=mm&r=g","url":"https:\/\/secure.gravatar.com\/avatar\/4a1c8981eae86754728f44bfabd3a53691f3916980281974fe783d97d2fbb7b7?s=96&d=mm&r=g","contentUrl":"https:\/\/secure.gravatar.com\/avatar\/4a1c8981eae86754728f44bfabd3a53691f3916980281974fe783d97d2fbb7b7?s=96&d=mm&r=g","caption":"Martin Gunnesson"},"description":"Ordf\u00f6rande f\u00f6r Kristdemokraterna Nacka.","url":"https:\/\/wp.kristdemokraterna.se\/nacka\/author\/nacka1\/"}]}},"_links":{"self":[{"href":"https:\/\/wp.kristdemokraterna.se\/nacka\/wp-json\/wp\/v2\/posts\/978","targetHints":{"allow":["GET"]}}],"collection":[{"href":"https:\/\/wp.kristdemokraterna.se\/nacka\/wp-json\/wp\/v2\/posts"}],"about":[{"href":"https:\/\/wp.kristdemokraterna.se\/nacka\/wp-json\/wp\/v2\/types\/post"}],"author":[{"embeddable":true,"href":"https:\/\/wp.kristdemokraterna.se\/nacka\/wp-json\/wp\/v2\/users\/789"}],"replies":[{"embeddable":true,"href":"https:\/\/wp.kristdemokraterna.se\/nacka\/wp-json\/wp\/v2\/comments?post=978"}],"version-history":[{"count":2,"href":"https:\/\/wp.kristdemokraterna.se\/nacka\/wp-json\/wp\/v2\/posts\/978\/revisions"}],"predecessor-version":[{"id":988,"href":"https:\/\/wp.kristdemokraterna.se\/nacka\/wp-json\/wp\/v2\/posts\/978\/revisions\/988"}],"wp:attachment":[{"href":"https:\/\/wp.kristdemokraterna.se\/nacka\/wp-json\/wp\/v2\/media?parent=978"}],"wp:term":[{"taxonomy":"category","embeddable":true,"href":"https:\/\/wp.kristdemokraterna.se\/nacka\/wp-json\/wp\/v2\/categories?post=978"},{"taxonomy":"post_tag","embeddable":true,"href":"https:\/\/wp.kristdemokraterna.se\/nacka\/wp-json\/wp\/v2\/tags?post=978"}],"curies":[{"name":"wp","href":"https:\/\/api.w.org\/{rel}","templated":true}]}}