{"id":330,"date":"2022-01-09T15:52:06","date_gmt":"2022-01-09T14:52:06","guid":{"rendered":"https:\/\/wp.kristdemokraterna.se\/norduppland\/?p=330"},"modified":"2022-01-09T15:59:55","modified_gmt":"2022-01-09T14:59:55","slug":"ratt-till-anpassat-boende","status":"publish","type":"post","link":"https:\/\/wp.kristdemokraterna.se\/norduppland\/ratt-till-anpassat-boende\/","title":{"rendered":"R\u00e4tt till anpassat boende"},"content":{"rendered":"<p>Jag s\u00e5g i tidningen att den 84\u2013\u00e5riga mannen som har en son som \u00f6verklagat G\u00e4vles bist\u00e5ndsbeslut hade f\u00e5tt r\u00e4tt. Men hur g\u00e5r det f\u00f6r dem som inte har anh\u00f6riga som kan hj\u00e4lpa till. Det \u00e4r faktiskt p\u00e5 tiden att t\u00e4nka i nya banor. \u00c4ven som \u00e4ldre vill man bli behandlad med v\u00e4rdighet och inte som en bricka i systemet.<\/p>\n<p>De flesta \u00e4ldre vill bo kvar hemma s\u00e5 l\u00e4nge som m\u00f6jligt. N\u00e4r det inte l\u00e4ngre fungerar s\u00e5 \u00e4r det tryggheten p\u00e5 ett \u00e4ldreboende som m\u00e5nga efterfr\u00e5gar. Men de rigor\u00f6sa best\u00e4mmelserna som kommunernas bist\u00e5ndsbed\u00f6mning har g\u00f6r att \u00e4ldre k\u00e4nner sig helt \u00f6verk\u00f6rda. N\u00e5gon valfrihet n\u00e4r det g\u00e4ller boendet finns inte.<\/p>\n<p>Ska inte \u00e4ldre f\u00e5 kunna best\u00e4mma \u00f6ver hur man vill leva sina sista \u00e5r i livet? I dagens Sverige \u00e4r det socialdemokraterna\u00a0 som avg\u00f6r n\u00e4r en person beh\u00f6ver f\u00e5 komma in p\u00e5 ett tryggt boende? Som det nu \u00e4r s\u00e5 bed\u00f6ms m\u00e5nga vara f\u00f6r friska oavsett \u00e5lder. \u00c4r det enbart dementa eller mycket funktionsnedsatta som ska kunna f\u00e5 en plats p\u00e5 \u00e4ldreboenden? De som upplever ensamhet, oro och psykisk press nekas, \u00e4ven om man fyllt 100 \u00e5r. I \u00c4lvkarleby har man ett fantastiskt fint \u00e4ldreboende Tallmon med v\u00e4lutbildad personal. Trots att det finns en hel avdelning som inte kunnat \u00f6ppnas f\u00f6r v\u00e5rd och omsorgsboende \u00e4n, \u00a0nekas personer att f\u00e5 flytta dit eftersom reglerna f\u00f6r bist\u00e5ndsbed\u00f6mning \u00e4r s\u00e5 h\u00e5rda. P\u00e5 m\u00e5nga h\u00e5ll i Sverige r\u00e5der brist p\u00e5 s\u00e4rskilda boenden vilket g\u00f6r att tillsammans med allt tuffare bist\u00e5ndsbed\u00f6mningar m\u00e5nga \u00e4ldre lever i otrygghet..<\/p>\n<p>Jag h\u00e5ller med ins\u00e4ndarskribenten \u201dR\u00e4dd att \u00e5ldras i Sverige\u201d\u00a0 och hoppas att detta blir en viktig valfr\u00e5ga. Kristdemokraterna har sjukv\u00e5rd och \u00e4ldrev\u00e5rd som en av de viktigaste valfr\u00e5gorna och \u00a0kommer att driva denna fr\u00e5ga och inf\u00f6ra \u00e4ldreboendegaranti. KD f\u00f6resl\u00e5r att den som \u00e4r \u00f6ver 85 \u00e5r ska ha lagstadgad r\u00e4tt att\u00a0flytta till ett anpassat\u00a0boende n\u00e4r personen sj\u00e4lv bed\u00f6mer att behovet finns. Enligt socialtj\u00e4nstlagen ska beslut om s\u00e4rskilt boende verkst\u00e4llas direkt, dr\u00f6jer det mer \u00e4n tre m\u00e5nader ska det anm\u00e4las till IVO, inspektionen f\u00f6r v\u00e5rd och omsorg. Dessutom vill KD inf\u00f6ra en \u00e4ldreboendemiljard till kommunerna f\u00f6r att \u00f6ka byggtakten av \u00e4ldreboenden.<\/p>\n<p>Fram f\u00f6r en humanare hantering av bist\u00e5ndsbed\u00f6mningarna.<\/p>\n<p>Marianne Nygren KD<\/p>\n<p>Linda L\u00e5ngs KD<\/p>\n","protected":false},"excerpt":{"rendered":"<p>Jag s\u00e5g i tidningen att den 84\u2013\u00e5riga mannen som har en son som \u00f6verklagat G\u00e4vles bist\u00e5ndsbeslut hade f\u00e5tt r\u00e4tt. Men hur g\u00e5r det f\u00f6r dem som inte har anh\u00f6riga som kan hj\u00e4lpa till. Det \u00e4r faktiskt p\u00e5 tiden att t\u00e4nka i nya banor. \u00c4ven som \u00e4ldre vill man bli behandlad med v\u00e4rdighet och inte som <a class=\"read-more-link\" href=\"https:\/\/wp.kristdemokraterna.se\/norduppland\/ratt-till-anpassat-boende\/\">Read More<\/a><\/p>\n","protected":false},"author":825,"featured_media":0,"comment_status":"closed","ping_status":"closed","sticky":false,"template":"","format":"standard","meta":{"_acf_changed":false,"footnotes":""},"categories":[6],"tags":[],"class_list":["post-330","post","type-post","status-publish","format-standard","hentry","category-inlagg"],"acf":[],"yoast_head":"<!-- This site is optimized with the Yoast SEO plugin v27.5 - https:\/\/yoast.com\/product\/yoast-seo-wordpress\/ -->\n<title>R\u00e4tt till anpassat boende - Norduppland<\/title>\n<meta name=\"robots\" content=\"index, follow, max-snippet:-1, max-image-preview:large, max-video-preview:-1\" \/>\n<link rel=\"canonical\" href=\"https:\/\/wp.kristdemokraterna.se\/norduppland\/ratt-till-anpassat-boende\/\" \/>\n<meta property=\"og:locale\" content=\"sv_SE\" \/>\n<meta property=\"og:type\" content=\"article\" \/>\n<meta property=\"og:title\" content=\"R\u00e4tt till anpassat boende - Norduppland\" \/>\n<meta property=\"og:description\" content=\"Jag s\u00e5g i tidningen att den 84\u2013\u00e5riga mannen som har en son som \u00f6verklagat G\u00e4vles bist\u00e5ndsbeslut hade f\u00e5tt r\u00e4tt. Men hur g\u00e5r det f\u00f6r dem som inte har anh\u00f6riga som kan hj\u00e4lpa till. Det \u00e4r faktiskt p\u00e5 tiden att t\u00e4nka i nya banor. \u00c4ven som \u00e4ldre vill man bli behandlad med v\u00e4rdighet och inte som Read More\" \/>\n<meta property=\"og:url\" content=\"https:\/\/wp.kristdemokraterna.se\/norduppland\/ratt-till-anpassat-boende\/\" \/>\n<meta property=\"og:site_name\" content=\"Norduppland\" \/>\n<meta property=\"article:published_time\" content=\"2022-01-09T14:52:06+00:00\" \/>\n<meta property=\"article:modified_time\" content=\"2022-01-09T14:59:55+00:00\" \/>\n<meta name=\"author\" content=\"tomas\" \/>\n<meta name=\"twitter:card\" content=\"summary_large_image\" \/>\n<meta name=\"twitter:label1\" content=\"Skriven av\" \/>\n\t<meta name=\"twitter:data1\" content=\"tomas\" \/>\n\t<meta name=\"twitter:label2\" content=\"Ber\u00e4knad l\u00e4stid\" \/>\n\t<meta name=\"twitter:data2\" content=\"2 minuter\" \/>\n<script type=\"application\/ld+json\" class=\"yoast-schema-graph\">{\"@context\":\"https:\\\/\\\/schema.org\",\"@graph\":[{\"@type\":\"Article\",\"@id\":\"https:\\\/\\\/wp.kristdemokraterna.se\\\/norduppland\\\/ratt-till-anpassat-boende\\\/#article\",\"isPartOf\":{\"@id\":\"https:\\\/\\\/wp.kristdemokraterna.se\\\/norduppland\\\/ratt-till-anpassat-boende\\\/\"},\"author\":{\"name\":\"tomas\",\"@id\":\"https:\\\/\\\/wp.kristdemokraterna.se\\\/norduppland\\\/#\\\/schema\\\/person\\\/bfc0b544f42e6e6d63dd625af14a9587\"},\"headline\":\"R\u00e4tt till anpassat boende\",\"datePublished\":\"2022-01-09T14:52:06+00:00\",\"dateModified\":\"2022-01-09T14:59:55+00:00\",\"mainEntityOfPage\":{\"@id\":\"https:\\\/\\\/wp.kristdemokraterna.se\\\/norduppland\\\/ratt-till-anpassat-boende\\\/\"},\"wordCount\":445,\"articleSection\":[\"Inl\u00e4gg\"],\"inLanguage\":\"sv-SE\"},{\"@type\":\"WebPage\",\"@id\":\"https:\\\/\\\/wp.kristdemokraterna.se\\\/norduppland\\\/ratt-till-anpassat-boende\\\/\",\"url\":\"https:\\\/\\\/wp.kristdemokraterna.se\\\/norduppland\\\/ratt-till-anpassat-boende\\\/\",\"name\":\"R\u00e4tt till anpassat boende - Norduppland\",\"isPartOf\":{\"@id\":\"https:\\\/\\\/wp.kristdemokraterna.se\\\/norduppland\\\/#website\"},\"datePublished\":\"2022-01-09T14:52:06+00:00\",\"dateModified\":\"2022-01-09T14:59:55+00:00\",\"author\":{\"@id\":\"https:\\\/\\\/wp.kristdemokraterna.se\\\/norduppland\\\/#\\\/schema\\\/person\\\/bfc0b544f42e6e6d63dd625af14a9587\"},\"breadcrumb\":{\"@id\":\"https:\\\/\\\/wp.kristdemokraterna.se\\\/norduppland\\\/ratt-till-anpassat-boende\\\/#breadcrumb\"},\"inLanguage\":\"sv-SE\",\"potentialAction\":[{\"@type\":\"ReadAction\",\"target\":[\"https:\\\/\\\/wp.kristdemokraterna.se\\\/norduppland\\\/ratt-till-anpassat-boende\\\/\"]}]},{\"@type\":\"BreadcrumbList\",\"@id\":\"https:\\\/\\\/wp.kristdemokraterna.se\\\/norduppland\\\/ratt-till-anpassat-boende\\\/#breadcrumb\",\"itemListElement\":[{\"@type\":\"ListItem\",\"position\":1,\"name\":\"Hem\",\"item\":\"https:\\\/\\\/wp.kristdemokraterna.se\\\/norduppland\\\/\"},{\"@type\":\"ListItem\",\"position\":2,\"name\":\"R\u00e4tt till anpassat boende\"}]},{\"@type\":\"WebSite\",\"@id\":\"https:\\\/\\\/wp.kristdemokraterna.se\\\/norduppland\\\/#website\",\"url\":\"https:\\\/\\\/wp.kristdemokraterna.se\\\/norduppland\\\/\",\"name\":\"Norduppland\",\"description\":\"F\u00f6r familjerna, f\u00f6retagen och f\u00f6rsvaret\",\"inLanguage\":\"sv-SE\"},{\"@type\":\"Person\",\"@id\":\"https:\\\/\\\/wp.kristdemokraterna.se\\\/norduppland\\\/#\\\/schema\\\/person\\\/bfc0b544f42e6e6d63dd625af14a9587\",\"name\":\"tomas\",\"image\":{\"@type\":\"ImageObject\",\"inLanguage\":\"sv-SE\",\"@id\":\"https:\\\/\\\/secure.gravatar.com\\\/avatar\\\/72476ea07dc83282e62c1be6cea2c7ea4f93c8f62b5e9345a7b73389c595f302?s=96&d=mm&r=g\",\"url\":\"https:\\\/\\\/secure.gravatar.com\\\/avatar\\\/72476ea07dc83282e62c1be6cea2c7ea4f93c8f62b5e9345a7b73389c595f302?s=96&d=mm&r=g\",\"contentUrl\":\"https:\\\/\\\/secure.gravatar.com\\\/avatar\\\/72476ea07dc83282e62c1be6cea2c7ea4f93c8f62b5e9345a7b73389c595f302?s=96&d=mm&r=g\",\"caption\":\"tomas\"},\"url\":\"https:\\\/\\\/wp.kristdemokraterna.se\\\/norduppland\\\/author\\\/tomas\\\/\"}]}<\/script>\n<!-- \/ Yoast SEO plugin. -->","yoast_head_json":{"title":"R\u00e4tt till anpassat boende - Norduppland","robots":{"index":"index","follow":"follow","max-snippet":"max-snippet:-1","max-image-preview":"max-image-preview:large","max-video-preview":"max-video-preview:-1"},"canonical":"https:\/\/wp.kristdemokraterna.se\/norduppland\/ratt-till-anpassat-boende\/","og_locale":"sv_SE","og_type":"article","og_title":"R\u00e4tt till anpassat boende - Norduppland","og_description":"Jag s\u00e5g i tidningen att den 84\u2013\u00e5riga mannen som har en son som \u00f6verklagat G\u00e4vles bist\u00e5ndsbeslut hade f\u00e5tt r\u00e4tt. Men hur g\u00e5r det f\u00f6r dem som inte har anh\u00f6riga som kan hj\u00e4lpa till. Det \u00e4r faktiskt p\u00e5 tiden att t\u00e4nka i nya banor. \u00c4ven som \u00e4ldre vill man bli behandlad med v\u00e4rdighet och inte som Read More","og_url":"https:\/\/wp.kristdemokraterna.se\/norduppland\/ratt-till-anpassat-boende\/","og_site_name":"Norduppland","article_published_time":"2022-01-09T14:52:06+00:00","article_modified_time":"2022-01-09T14:59:55+00:00","author":"tomas","twitter_card":"summary_large_image","twitter_misc":{"Skriven av":"tomas","Ber\u00e4knad l\u00e4stid":"2 minuter"},"schema":{"@context":"https:\/\/schema.org","@graph":[{"@type":"Article","@id":"https:\/\/wp.kristdemokraterna.se\/norduppland\/ratt-till-anpassat-boende\/#article","isPartOf":{"@id":"https:\/\/wp.kristdemokraterna.se\/norduppland\/ratt-till-anpassat-boende\/"},"author":{"name":"tomas","@id":"https:\/\/wp.kristdemokraterna.se\/norduppland\/#\/schema\/person\/bfc0b544f42e6e6d63dd625af14a9587"},"headline":"R\u00e4tt till anpassat boende","datePublished":"2022-01-09T14:52:06+00:00","dateModified":"2022-01-09T14:59:55+00:00","mainEntityOfPage":{"@id":"https:\/\/wp.kristdemokraterna.se\/norduppland\/ratt-till-anpassat-boende\/"},"wordCount":445,"articleSection":["Inl\u00e4gg"],"inLanguage":"sv-SE"},{"@type":"WebPage","@id":"https:\/\/wp.kristdemokraterna.se\/norduppland\/ratt-till-anpassat-boende\/","url":"https:\/\/wp.kristdemokraterna.se\/norduppland\/ratt-till-anpassat-boende\/","name":"R\u00e4tt till anpassat boende - Norduppland","isPartOf":{"@id":"https:\/\/wp.kristdemokraterna.se\/norduppland\/#website"},"datePublished":"2022-01-09T14:52:06+00:00","dateModified":"2022-01-09T14:59:55+00:00","author":{"@id":"https:\/\/wp.kristdemokraterna.se\/norduppland\/#\/schema\/person\/bfc0b544f42e6e6d63dd625af14a9587"},"breadcrumb":{"@id":"https:\/\/wp.kristdemokraterna.se\/norduppland\/ratt-till-anpassat-boende\/#breadcrumb"},"inLanguage":"sv-SE","potentialAction":[{"@type":"ReadAction","target":["https:\/\/wp.kristdemokraterna.se\/norduppland\/ratt-till-anpassat-boende\/"]}]},{"@type":"BreadcrumbList","@id":"https:\/\/wp.kristdemokraterna.se\/norduppland\/ratt-till-anpassat-boende\/#breadcrumb","itemListElement":[{"@type":"ListItem","position":1,"name":"Hem","item":"https:\/\/wp.kristdemokraterna.se\/norduppland\/"},{"@type":"ListItem","position":2,"name":"R\u00e4tt till anpassat boende"}]},{"@type":"WebSite","@id":"https:\/\/wp.kristdemokraterna.se\/norduppland\/#website","url":"https:\/\/wp.kristdemokraterna.se\/norduppland\/","name":"Norduppland","description":"F\u00f6r familjerna, f\u00f6retagen och f\u00f6rsvaret","inLanguage":"sv-SE"},{"@type":"Person","@id":"https:\/\/wp.kristdemokraterna.se\/norduppland\/#\/schema\/person\/bfc0b544f42e6e6d63dd625af14a9587","name":"tomas","image":{"@type":"ImageObject","inLanguage":"sv-SE","@id":"https:\/\/secure.gravatar.com\/avatar\/72476ea07dc83282e62c1be6cea2c7ea4f93c8f62b5e9345a7b73389c595f302?s=96&d=mm&r=g","url":"https:\/\/secure.gravatar.com\/avatar\/72476ea07dc83282e62c1be6cea2c7ea4f93c8f62b5e9345a7b73389c595f302?s=96&d=mm&r=g","contentUrl":"https:\/\/secure.gravatar.com\/avatar\/72476ea07dc83282e62c1be6cea2c7ea4f93c8f62b5e9345a7b73389c595f302?s=96&d=mm&r=g","caption":"tomas"},"url":"https:\/\/wp.kristdemokraterna.se\/norduppland\/author\/tomas\/"}]}},"_links":{"self":[{"href":"https:\/\/wp.kristdemokraterna.se\/norduppland\/wp-json\/wp\/v2\/posts\/330","targetHints":{"allow":["GET"]}}],"collection":[{"href":"https:\/\/wp.kristdemokraterna.se\/norduppland\/wp-json\/wp\/v2\/posts"}],"about":[{"href":"https:\/\/wp.kristdemokraterna.se\/norduppland\/wp-json\/wp\/v2\/types\/post"}],"author":[{"embeddable":true,"href":"https:\/\/wp.kristdemokraterna.se\/norduppland\/wp-json\/wp\/v2\/users\/825"}],"replies":[{"embeddable":true,"href":"https:\/\/wp.kristdemokraterna.se\/norduppland\/wp-json\/wp\/v2\/comments?post=330"}],"version-history":[{"count":4,"href":"https:\/\/wp.kristdemokraterna.se\/norduppland\/wp-json\/wp\/v2\/posts\/330\/revisions"}],"predecessor-version":[{"id":335,"href":"https:\/\/wp.kristdemokraterna.se\/norduppland\/wp-json\/wp\/v2\/posts\/330\/revisions\/335"}],"wp:attachment":[{"href":"https:\/\/wp.kristdemokraterna.se\/norduppland\/wp-json\/wp\/v2\/media?parent=330"}],"wp:term":[{"taxonomy":"category","embeddable":true,"href":"https:\/\/wp.kristdemokraterna.se\/norduppland\/wp-json\/wp\/v2\/categories?post=330"},{"taxonomy":"post_tag","embeddable":true,"href":"https:\/\/wp.kristdemokraterna.se\/norduppland\/wp-json\/wp\/v2\/tags?post=330"}],"curies":[{"name":"wp","href":"https:\/\/api.w.org\/{rel}","templated":true}]}}