{"id":387,"date":"2026-04-26T07:45:14","date_gmt":"2026-04-26T05:45:14","guid":{"rendered":"https:\/\/wp.kristdemokraterna.se\/norduppland\/?p=387"},"modified":"2026-04-26T07:45:14","modified_gmt":"2026-04-26T05:45:14","slug":"engagera-dig-i-kd","status":"publish","type":"post","link":"https:\/\/wp.kristdemokraterna.se\/norduppland\/engagera-dig-i-kd\/","title":{"rendered":"Engagera dig i KD"},"content":{"rendered":"<p>Att engagera sig i ett politiskt parti \u00e4r b\u00e5de viktigt och givande. Som medlem i KD Norduppland blir du del av avdelningen som inkluderar Tierps och \u00c4lvkarlebys kommuner och d\u00e4r vi regelbundet samlas till medlemsm\u00f6te f\u00f6r att diskutera aktuella politiska fr\u00e5gor. Du f\u00e5r ocks\u00e5 m\u00f6jlighet att delta i riks- och distriktsarrangemang.<\/p>\n<p>Att st\u00f6dja v\u00e5r gr\u00e4srotsr\u00f6relse f\u00f6r att Sverige ska forts\u00e4tta bli ett b\u00e4ttre land att leva i kan bli n\u00e5got av det viktigaste du g\u00f6r. Det \u00e4r s\u00e5 mycket som m\u00e5ste f\u00f6r\u00e4ndras till det b\u00e4ttre i Sverige. S\u00e5 mycket bra som m\u00e5ste f\u00f6rvaltas.<\/p>\n<p>Medlemsavgiften \u00e4r 200 kronor per \u00e5r. Senast ett par dagar efter att vi godk\u00e4nt din ans\u00f6kan skickar vi ett e-postmeddelande till dig med information om hur du kan betala avgiften. Varmt v\u00e4lkommen med<a href=\"https:\/\/kristdemokraterna.se\/engagera-dig\/bli-medlem\"> din medlemsans\u00f6kan h\u00e4r.<\/a><\/p>\n","protected":false},"excerpt":{"rendered":"<p>Att engagera sig i ett politiskt parti \u00e4r b\u00e5de viktigt och givande. Som medlem i KD Norduppland blir du del av avdelningen som inkluderar Tierps och \u00c4lvkarlebys kommuner och d\u00e4r vi regelbundet samlas till medlemsm\u00f6te f\u00f6r att diskutera aktuella politiska fr\u00e5gor. Du f\u00e5r ocks\u00e5 m\u00f6jlighet att delta i riks- och distriktsarrangemang. Att st\u00f6dja v\u00e5r gr\u00e4srotsr\u00f6relse <a class=\"read-more-link\" href=\"https:\/\/wp.kristdemokraterna.se\/norduppland\/engagera-dig-i-kd\/\">Read More<\/a><\/p>\n","protected":false},"author":1055,"featured_media":0,"comment_status":"closed","ping_status":"closed","sticky":false,"template":"","format":"standard","meta":{"_acf_changed":false,"footnotes":""},"categories":[6],"tags":[],"class_list":["post-387","post","type-post","status-publish","format-standard","hentry","category-inlagg"],"acf":[],"yoast_head":"<!-- This site is optimized with the Yoast SEO plugin v27.4 - https:\/\/yoast.com\/product\/yoast-seo-wordpress\/ -->\n<title>Engagera dig i KD - Norduppland<\/title>\n<meta name=\"robots\" content=\"index, follow, max-snippet:-1, max-image-preview:large, max-video-preview:-1\" \/>\n<link rel=\"canonical\" href=\"https:\/\/wp.kristdemokraterna.se\/norduppland\/engagera-dig-i-kd\/\" \/>\n<meta property=\"og:locale\" content=\"sv_SE\" \/>\n<meta property=\"og:type\" content=\"article\" \/>\n<meta property=\"og:title\" content=\"Engagera dig i KD - Norduppland\" \/>\n<meta property=\"og:description\" content=\"Att engagera sig i ett politiskt parti \u00e4r b\u00e5de viktigt och givande. Som medlem i KD Norduppland blir du del av avdelningen som inkluderar Tierps och \u00c4lvkarlebys kommuner och d\u00e4r vi regelbundet samlas till medlemsm\u00f6te f\u00f6r att diskutera aktuella politiska fr\u00e5gor. Du f\u00e5r ocks\u00e5 m\u00f6jlighet att delta i riks- och distriktsarrangemang. Att st\u00f6dja v\u00e5r gr\u00e4srotsr\u00f6relse Read More\" \/>\n<meta property=\"og:url\" content=\"https:\/\/wp.kristdemokraterna.se\/norduppland\/engagera-dig-i-kd\/\" \/>\n<meta property=\"og:site_name\" content=\"Norduppland\" \/>\n<meta property=\"article:published_time\" content=\"2026-04-26T05:45:14+00:00\" \/>\n<meta name=\"author\" content=\"Frida Bj\u00f6rk\" \/>\n<meta name=\"twitter:card\" content=\"summary_large_image\" \/>\n<meta name=\"twitter:label1\" content=\"Skriven av\" \/>\n\t<meta name=\"twitter:data1\" content=\"Frida Bj\u00f6rk\" \/>\n\t<meta name=\"twitter:label2\" content=\"Ber\u00e4knad l\u00e4stid\" \/>\n\t<meta name=\"twitter:data2\" content=\"1 minut\" \/>\n<script type=\"application\/ld+json\" class=\"yoast-schema-graph\">{\"@context\":\"https:\\\/\\\/schema.org\",\"@graph\":[{\"@type\":\"Article\",\"@id\":\"https:\\\/\\\/wp.kristdemokraterna.se\\\/norduppland\\\/engagera-dig-i-kd\\\/#article\",\"isPartOf\":{\"@id\":\"https:\\\/\\\/wp.kristdemokraterna.se\\\/norduppland\\\/engagera-dig-i-kd\\\/\"},\"author\":{\"name\":\"Frida Bj\u00f6rk\",\"@id\":\"https:\\\/\\\/wp.kristdemokraterna.se\\\/norduppland\\\/#\\\/schema\\\/person\\\/f3d1084f00ebc70ea4372925042aa867\"},\"headline\":\"Engagera dig i KD\",\"datePublished\":\"2026-04-26T05:45:14+00:00\",\"mainEntityOfPage\":{\"@id\":\"https:\\\/\\\/wp.kristdemokraterna.se\\\/norduppland\\\/engagera-dig-i-kd\\\/\"},\"wordCount\":159,\"articleSection\":[\"Inl\u00e4gg\"],\"inLanguage\":\"sv-SE\"},{\"@type\":\"WebPage\",\"@id\":\"https:\\\/\\\/wp.kristdemokraterna.se\\\/norduppland\\\/engagera-dig-i-kd\\\/\",\"url\":\"https:\\\/\\\/wp.kristdemokraterna.se\\\/norduppland\\\/engagera-dig-i-kd\\\/\",\"name\":\"Engagera dig i KD - Norduppland\",\"isPartOf\":{\"@id\":\"https:\\\/\\\/wp.kristdemokraterna.se\\\/norduppland\\\/#website\"},\"datePublished\":\"2026-04-26T05:45:14+00:00\",\"author\":{\"@id\":\"https:\\\/\\\/wp.kristdemokraterna.se\\\/norduppland\\\/#\\\/schema\\\/person\\\/f3d1084f00ebc70ea4372925042aa867\"},\"breadcrumb\":{\"@id\":\"https:\\\/\\\/wp.kristdemokraterna.se\\\/norduppland\\\/engagera-dig-i-kd\\\/#breadcrumb\"},\"inLanguage\":\"sv-SE\",\"potentialAction\":[{\"@type\":\"ReadAction\",\"target\":[\"https:\\\/\\\/wp.kristdemokraterna.se\\\/norduppland\\\/engagera-dig-i-kd\\\/\"]}]},{\"@type\":\"BreadcrumbList\",\"@id\":\"https:\\\/\\\/wp.kristdemokraterna.se\\\/norduppland\\\/engagera-dig-i-kd\\\/#breadcrumb\",\"itemListElement\":[{\"@type\":\"ListItem\",\"position\":1,\"name\":\"Hem\",\"item\":\"https:\\\/\\\/wp.kristdemokraterna.se\\\/norduppland\\\/\"},{\"@type\":\"ListItem\",\"position\":2,\"name\":\"Engagera dig i KD\"}]},{\"@type\":\"WebSite\",\"@id\":\"https:\\\/\\\/wp.kristdemokraterna.se\\\/norduppland\\\/#website\",\"url\":\"https:\\\/\\\/wp.kristdemokraterna.se\\\/norduppland\\\/\",\"name\":\"Norduppland\",\"description\":\"F\u00f6r familjerna, f\u00f6retagen och f\u00f6rsvaret\",\"inLanguage\":\"sv-SE\"},{\"@type\":\"Person\",\"@id\":\"https:\\\/\\\/wp.kristdemokraterna.se\\\/norduppland\\\/#\\\/schema\\\/person\\\/f3d1084f00ebc70ea4372925042aa867\",\"name\":\"Frida Bj\u00f6rk\",\"image\":{\"@type\":\"ImageObject\",\"inLanguage\":\"sv-SE\",\"@id\":\"https:\\\/\\\/secure.gravatar.com\\\/avatar\\\/c0af612f9317bbc66a2a1d63709ee4402a766e5eefbd7a7761acfb6fc3c75468?s=96&d=mm&r=g\",\"url\":\"https:\\\/\\\/secure.gravatar.com\\\/avatar\\\/c0af612f9317bbc66a2a1d63709ee4402a766e5eefbd7a7761acfb6fc3c75468?s=96&d=mm&r=g\",\"contentUrl\":\"https:\\\/\\\/secure.gravatar.com\\\/avatar\\\/c0af612f9317bbc66a2a1d63709ee4402a766e5eefbd7a7761acfb6fc3c75468?s=96&d=mm&r=g\",\"caption\":\"Frida Bj\u00f6rk\"},\"url\":\"https:\\\/\\\/wp.kristdemokraterna.se\\\/norduppland\\\/author\\\/fridabjork\\\/\"}]}<\/script>\n<!-- \/ Yoast SEO plugin. -->","yoast_head_json":{"title":"Engagera dig i KD - Norduppland","robots":{"index":"index","follow":"follow","max-snippet":"max-snippet:-1","max-image-preview":"max-image-preview:large","max-video-preview":"max-video-preview:-1"},"canonical":"https:\/\/wp.kristdemokraterna.se\/norduppland\/engagera-dig-i-kd\/","og_locale":"sv_SE","og_type":"article","og_title":"Engagera dig i KD - Norduppland","og_description":"Att engagera sig i ett politiskt parti \u00e4r b\u00e5de viktigt och givande. Som medlem i KD Norduppland blir du del av avdelningen som inkluderar Tierps och \u00c4lvkarlebys kommuner och d\u00e4r vi regelbundet samlas till medlemsm\u00f6te f\u00f6r att diskutera aktuella politiska fr\u00e5gor. Du f\u00e5r ocks\u00e5 m\u00f6jlighet att delta i riks- och distriktsarrangemang. Att st\u00f6dja v\u00e5r gr\u00e4srotsr\u00f6relse Read More","og_url":"https:\/\/wp.kristdemokraterna.se\/norduppland\/engagera-dig-i-kd\/","og_site_name":"Norduppland","article_published_time":"2026-04-26T05:45:14+00:00","author":"Frida Bj\u00f6rk","twitter_card":"summary_large_image","twitter_misc":{"Skriven av":"Frida Bj\u00f6rk","Ber\u00e4knad l\u00e4stid":"1 minut"},"schema":{"@context":"https:\/\/schema.org","@graph":[{"@type":"Article","@id":"https:\/\/wp.kristdemokraterna.se\/norduppland\/engagera-dig-i-kd\/#article","isPartOf":{"@id":"https:\/\/wp.kristdemokraterna.se\/norduppland\/engagera-dig-i-kd\/"},"author":{"name":"Frida Bj\u00f6rk","@id":"https:\/\/wp.kristdemokraterna.se\/norduppland\/#\/schema\/person\/f3d1084f00ebc70ea4372925042aa867"},"headline":"Engagera dig i KD","datePublished":"2026-04-26T05:45:14+00:00","mainEntityOfPage":{"@id":"https:\/\/wp.kristdemokraterna.se\/norduppland\/engagera-dig-i-kd\/"},"wordCount":159,"articleSection":["Inl\u00e4gg"],"inLanguage":"sv-SE"},{"@type":"WebPage","@id":"https:\/\/wp.kristdemokraterna.se\/norduppland\/engagera-dig-i-kd\/","url":"https:\/\/wp.kristdemokraterna.se\/norduppland\/engagera-dig-i-kd\/","name":"Engagera dig i KD - Norduppland","isPartOf":{"@id":"https:\/\/wp.kristdemokraterna.se\/norduppland\/#website"},"datePublished":"2026-04-26T05:45:14+00:00","author":{"@id":"https:\/\/wp.kristdemokraterna.se\/norduppland\/#\/schema\/person\/f3d1084f00ebc70ea4372925042aa867"},"breadcrumb":{"@id":"https:\/\/wp.kristdemokraterna.se\/norduppland\/engagera-dig-i-kd\/#breadcrumb"},"inLanguage":"sv-SE","potentialAction":[{"@type":"ReadAction","target":["https:\/\/wp.kristdemokraterna.se\/norduppland\/engagera-dig-i-kd\/"]}]},{"@type":"BreadcrumbList","@id":"https:\/\/wp.kristdemokraterna.se\/norduppland\/engagera-dig-i-kd\/#breadcrumb","itemListElement":[{"@type":"ListItem","position":1,"name":"Hem","item":"https:\/\/wp.kristdemokraterna.se\/norduppland\/"},{"@type":"ListItem","position":2,"name":"Engagera dig i KD"}]},{"@type":"WebSite","@id":"https:\/\/wp.kristdemokraterna.se\/norduppland\/#website","url":"https:\/\/wp.kristdemokraterna.se\/norduppland\/","name":"Norduppland","description":"F\u00f6r familjerna, f\u00f6retagen och f\u00f6rsvaret","inLanguage":"sv-SE"},{"@type":"Person","@id":"https:\/\/wp.kristdemokraterna.se\/norduppland\/#\/schema\/person\/f3d1084f00ebc70ea4372925042aa867","name":"Frida Bj\u00f6rk","image":{"@type":"ImageObject","inLanguage":"sv-SE","@id":"https:\/\/secure.gravatar.com\/avatar\/c0af612f9317bbc66a2a1d63709ee4402a766e5eefbd7a7761acfb6fc3c75468?s=96&d=mm&r=g","url":"https:\/\/secure.gravatar.com\/avatar\/c0af612f9317bbc66a2a1d63709ee4402a766e5eefbd7a7761acfb6fc3c75468?s=96&d=mm&r=g","contentUrl":"https:\/\/secure.gravatar.com\/avatar\/c0af612f9317bbc66a2a1d63709ee4402a766e5eefbd7a7761acfb6fc3c75468?s=96&d=mm&r=g","caption":"Frida Bj\u00f6rk"},"url":"https:\/\/wp.kristdemokraterna.se\/norduppland\/author\/fridabjork\/"}]}},"_links":{"self":[{"href":"https:\/\/wp.kristdemokraterna.se\/norduppland\/wp-json\/wp\/v2\/posts\/387","targetHints":{"allow":["GET"]}}],"collection":[{"href":"https:\/\/wp.kristdemokraterna.se\/norduppland\/wp-json\/wp\/v2\/posts"}],"about":[{"href":"https:\/\/wp.kristdemokraterna.se\/norduppland\/wp-json\/wp\/v2\/types\/post"}],"author":[{"embeddable":true,"href":"https:\/\/wp.kristdemokraterna.se\/norduppland\/wp-json\/wp\/v2\/users\/1055"}],"replies":[{"embeddable":true,"href":"https:\/\/wp.kristdemokraterna.se\/norduppland\/wp-json\/wp\/v2\/comments?post=387"}],"version-history":[{"count":1,"href":"https:\/\/wp.kristdemokraterna.se\/norduppland\/wp-json\/wp\/v2\/posts\/387\/revisions"}],"predecessor-version":[{"id":388,"href":"https:\/\/wp.kristdemokraterna.se\/norduppland\/wp-json\/wp\/v2\/posts\/387\/revisions\/388"}],"wp:attachment":[{"href":"https:\/\/wp.kristdemokraterna.se\/norduppland\/wp-json\/wp\/v2\/media?parent=387"}],"wp:term":[{"taxonomy":"category","embeddable":true,"href":"https:\/\/wp.kristdemokraterna.se\/norduppland\/wp-json\/wp\/v2\/categories?post=387"},{"taxonomy":"post_tag","embeddable":true,"href":"https:\/\/wp.kristdemokraterna.se\/norduppland\/wp-json\/wp\/v2\/tags?post=387"}],"curies":[{"name":"wp","href":"https:\/\/api.w.org\/{rel}","templated":true}]}}