{"id":1174,"date":"2014-01-28T08:25:21","date_gmt":"2014-01-28T07:25:21","guid":{"rendered":"http:\/\/wp.kristdemokraterna.se\/norrkoping\/?p=1174"},"modified":"2014-01-28T08:25:21","modified_gmt":"2014-01-28T07:25:21","slug":"taskigt-foretagsklimat","status":"publish","type":"post","link":"https:\/\/wp.kristdemokraterna.se\/norrkoping\/taskigt-foretagsklimat\/","title":{"rendered":"Taskigt f\u00f6retagsklimat"},"content":{"rendered":"<p><img loading=\"lazy\" decoding=\"async\" class=\"size-medium wp-image-1175 alignleft\" alt=\"tidningartikl\" src=\"http:\/\/wp.kristdemokraterna.se\/norrkoping\/files\/2014\/01\/tidningartikl-300x225.jpg\" width=\"300\" height=\"225\" srcset=\"https:\/\/wp.kristdemokraterna.se\/norrkoping\/files\/2014\/01\/tidningartikl-300x225.jpg 300w, https:\/\/wp.kristdemokraterna.se\/norrkoping\/files\/2014\/01\/tidningartikl-1024x768.jpg 1024w, https:\/\/wp.kristdemokraterna.se\/norrkoping\/files\/2014\/01\/tidningartikl-600x450.jpg 600w, https:\/\/wp.kristdemokraterna.se\/norrkoping\/files\/2014\/01\/tidningartikl-461x346.jpg 461w, https:\/\/wp.kristdemokraterna.se\/norrkoping\/files\/2014\/01\/tidningartikl-149x112.jpg 149w\" sizes=\"auto, (max-width: 300px) 100vw, 300px\" \/><\/p>\n<p>Alliansen i Norrk\u00f6ping hade ig\u00e5r en presstr\u00e4ff d\u00e4r de talade om Norrk\u00f6pings f\u00f6retagsklimat och bristerna med detta. <a href=\"http:\/\/www.affarsliv.com\/start\/nyheter\/det-saknas-handfasta-strategier\" target=\"_blank\">I Norrk\u00f6pings Tidningar idag<\/a> kan vi l\u00e4sa om att det saknas handfasta strategier som Eva-Britt Sj\u00f6berg sade under presskonferensen. Eva-Britt gjorde \u00e4ven en intervju med svt \u00f6stnytt. <a href=\"http:\/\/www.svt.se\/nyheter\/regionalt\/ostnytt\/dystra-besked-om-norrkopings-foretagsklimat\" target=\"_blank\">L\u00e4s h\u00e4r vad hon sade under den intervjun.<\/a><\/p>\n","protected":false},"excerpt":{"rendered":"<p>Alliansen i Norrk\u00f6ping hade ig\u00e5r en presstr\u00e4ff d\u00e4r de talade om Norrk\u00f6pings f\u00f6retagsklimat och bristerna med detta. I Norrk\u00f6pings Tidningar idag kan vi l\u00e4sa om att det saknas handfasta strategier som Eva-Britt Sj\u00f6berg sade under presskonferensen. Eva-Britt gjorde \u00e4ven en intervju med svt \u00f6stnytt. L\u00e4s h\u00e4r vad hon sade under den intervjun.<\/p>\n","protected":false},"author":45,"featured_media":0,"comment_status":"closed","ping_status":"open","sticky":false,"template":"","format":"standard","meta":{"_acf_changed":false,"footnotes":""},"categories":[1],"tags":[],"class_list":["post-1174","post","type-post","status-publish","format-standard","hentry","category-okategoriserade"],"acf":[],"yoast_head":"<!-- This site is optimized with the Yoast SEO plugin v27.4 - https:\/\/yoast.com\/product\/yoast-seo-wordpress\/ -->\n<title>Taskigt f\u00f6retagsklimat - Norrk\u00f6ping<\/title>\n<meta name=\"robots\" content=\"index, follow, max-snippet:-1, max-image-preview:large, max-video-preview:-1\" \/>\n<link rel=\"canonical\" href=\"https:\/\/wp.kristdemokraterna.se\/norrkoping\/taskigt-foretagsklimat\/\" \/>\n<meta property=\"og:locale\" content=\"sv_SE\" \/>\n<meta property=\"og:type\" content=\"article\" \/>\n<meta property=\"og:title\" content=\"Taskigt f\u00f6retagsklimat - Norrk\u00f6ping\" \/>\n<meta property=\"og:description\" content=\"Alliansen i Norrk\u00f6ping hade ig\u00e5r en presstr\u00e4ff d\u00e4r de talade om Norrk\u00f6pings f\u00f6retagsklimat och bristerna med detta. I Norrk\u00f6pings Tidningar idag kan vi l\u00e4sa om att det saknas handfasta strategier som Eva-Britt Sj\u00f6berg sade under presskonferensen. Eva-Britt gjorde \u00e4ven en intervju med svt \u00f6stnytt. L\u00e4s h\u00e4r vad hon sade under den intervjun.\" \/>\n<meta property=\"og:url\" content=\"https:\/\/wp.kristdemokraterna.se\/norrkoping\/taskigt-foretagsklimat\/\" \/>\n<meta property=\"og:site_name\" content=\"Norrk\u00f6ping\" \/>\n<meta property=\"article:publisher\" content=\"https:\/\/www.facebook.com\/kdnorrkoping\/\" \/>\n<meta property=\"article:published_time\" content=\"2014-01-28T07:25:21+00:00\" \/>\n<meta property=\"og:image\" content=\"http:\/\/wp.kristdemokraterna.se\/norrkoping\/files\/2014\/01\/tidningartikl-300x225.jpg\" \/>\n<meta name=\"author\" content=\"norrkoping\" \/>\n<meta name=\"twitter:card\" content=\"summary_large_image\" \/>\n<meta name=\"twitter:label1\" content=\"Skriven av\" \/>\n\t<meta name=\"twitter:data1\" content=\"norrkoping\" \/>\n<script type=\"application\/ld+json\" class=\"yoast-schema-graph\">{\"@context\":\"https:\\\/\\\/schema.org\",\"@graph\":[{\"@type\":\"Article\",\"@id\":\"https:\\\/\\\/wp.kristdemokraterna.se\\\/norrkoping\\\/taskigt-foretagsklimat\\\/#article\",\"isPartOf\":{\"@id\":\"https:\\\/\\\/wp.kristdemokraterna.se\\\/norrkoping\\\/taskigt-foretagsklimat\\\/\"},\"author\":{\"name\":\"norrkoping\",\"@id\":\"https:\\\/\\\/wp.kristdemokraterna.se\\\/norrkoping\\\/#\\\/schema\\\/person\\\/053ab61aecc405e6e1ac090a6184d5f1\"},\"headline\":\"Taskigt f\u00f6retagsklimat\",\"datePublished\":\"2014-01-28T07:25:21+00:00\",\"mainEntityOfPage\":{\"@id\":\"https:\\\/\\\/wp.kristdemokraterna.se\\\/norrkoping\\\/taskigt-foretagsklimat\\\/\"},\"wordCount\":66,\"image\":{\"@id\":\"https:\\\/\\\/wp.kristdemokraterna.se\\\/norrkoping\\\/taskigt-foretagsklimat\\\/#primaryimage\"},\"thumbnailUrl\":\"http:\\\/\\\/wp.kristdemokraterna.se\\\/norrkoping\\\/files\\\/2014\\\/01\\\/tidningartikl-300x225.jpg\",\"inLanguage\":\"sv-SE\"},{\"@type\":\"WebPage\",\"@id\":\"https:\\\/\\\/wp.kristdemokraterna.se\\\/norrkoping\\\/taskigt-foretagsklimat\\\/\",\"url\":\"https:\\\/\\\/wp.kristdemokraterna.se\\\/norrkoping\\\/taskigt-foretagsklimat\\\/\",\"name\":\"Taskigt f\u00f6retagsklimat - Norrk\u00f6ping\",\"isPartOf\":{\"@id\":\"https:\\\/\\\/wp.kristdemokraterna.se\\\/norrkoping\\\/#website\"},\"primaryImageOfPage\":{\"@id\":\"https:\\\/\\\/wp.kristdemokraterna.se\\\/norrkoping\\\/taskigt-foretagsklimat\\\/#primaryimage\"},\"image\":{\"@id\":\"https:\\\/\\\/wp.kristdemokraterna.se\\\/norrkoping\\\/taskigt-foretagsklimat\\\/#primaryimage\"},\"thumbnailUrl\":\"http:\\\/\\\/wp.kristdemokraterna.se\\\/norrkoping\\\/files\\\/2014\\\/01\\\/tidningartikl-300x225.jpg\",\"datePublished\":\"2014-01-28T07:25:21+00:00\",\"author\":{\"@id\":\"https:\\\/\\\/wp.kristdemokraterna.se\\\/norrkoping\\\/#\\\/schema\\\/person\\\/053ab61aecc405e6e1ac090a6184d5f1\"},\"breadcrumb\":{\"@id\":\"https:\\\/\\\/wp.kristdemokraterna.se\\\/norrkoping\\\/taskigt-foretagsklimat\\\/#breadcrumb\"},\"inLanguage\":\"sv-SE\",\"potentialAction\":[{\"@type\":\"ReadAction\",\"target\":[\"https:\\\/\\\/wp.kristdemokraterna.se\\\/norrkoping\\\/taskigt-foretagsklimat\\\/\"]}]},{\"@type\":\"ImageObject\",\"inLanguage\":\"sv-SE\",\"@id\":\"https:\\\/\\\/wp.kristdemokraterna.se\\\/norrkoping\\\/taskigt-foretagsklimat\\\/#primaryimage\",\"url\":\"https:\\\/\\\/wp.kristdemokraterna.se\\\/norrkoping\\\/files\\\/2014\\\/01\\\/tidningartikl.jpg\",\"contentUrl\":\"https:\\\/\\\/wp.kristdemokraterna.se\\\/norrkoping\\\/files\\\/2014\\\/01\\\/tidningartikl.jpg\",\"width\":3264,\"height\":2448},{\"@type\":\"BreadcrumbList\",\"@id\":\"https:\\\/\\\/wp.kristdemokraterna.se\\\/norrkoping\\\/taskigt-foretagsklimat\\\/#breadcrumb\",\"itemListElement\":[{\"@type\":\"ListItem\",\"position\":1,\"name\":\"Hem\",\"item\":\"https:\\\/\\\/wp.kristdemokraterna.se\\\/norrkoping\\\/\"},{\"@type\":\"ListItem\",\"position\":2,\"name\":\"Taskigt f\u00f6retagsklimat\"}]},{\"@type\":\"WebSite\",\"@id\":\"https:\\\/\\\/wp.kristdemokraterna.se\\\/norrkoping\\\/#website\",\"url\":\"https:\\\/\\\/wp.kristdemokraterna.se\\\/norrkoping\\\/\",\"name\":\"Norrk\u00f6ping\",\"description\":\"Kristdemokraterna\",\"inLanguage\":\"sv-SE\"},{\"@type\":\"Person\",\"@id\":\"https:\\\/\\\/wp.kristdemokraterna.se\\\/norrkoping\\\/#\\\/schema\\\/person\\\/053ab61aecc405e6e1ac090a6184d5f1\",\"name\":\"norrkoping\",\"image\":{\"@type\":\"ImageObject\",\"inLanguage\":\"sv-SE\",\"@id\":\"https:\\\/\\\/secure.gravatar.com\\\/avatar\\\/5bae255455c24e201554da273cd27d3b84f92cd5111a46f0db8b2ff9e8240e64?s=96&d=mm&r=g\",\"url\":\"https:\\\/\\\/secure.gravatar.com\\\/avatar\\\/5bae255455c24e201554da273cd27d3b84f92cd5111a46f0db8b2ff9e8240e64?s=96&d=mm&r=g\",\"contentUrl\":\"https:\\\/\\\/secure.gravatar.com\\\/avatar\\\/5bae255455c24e201554da273cd27d3b84f92cd5111a46f0db8b2ff9e8240e64?s=96&d=mm&r=g\",\"caption\":\"norrkoping\"},\"description\":\"Kristdemokraterna i Norrk\u00f6ping vill skapa ett Norrk\u00f6ping d\u00e4r ingen h\u00e5lls tillbaka och ingen l\u00e4mnas efter!\",\"url\":\"https:\\\/\\\/wp.kristdemokraterna.se\\\/norrkoping\\\/author\\\/norrkoping\\\/\"}]}<\/script>\n<!-- \/ Yoast SEO plugin. -->","yoast_head_json":{"title":"Taskigt f\u00f6retagsklimat - Norrk\u00f6ping","robots":{"index":"index","follow":"follow","max-snippet":"max-snippet:-1","max-image-preview":"max-image-preview:large","max-video-preview":"max-video-preview:-1"},"canonical":"https:\/\/wp.kristdemokraterna.se\/norrkoping\/taskigt-foretagsklimat\/","og_locale":"sv_SE","og_type":"article","og_title":"Taskigt f\u00f6retagsklimat - Norrk\u00f6ping","og_description":"Alliansen i Norrk\u00f6ping hade ig\u00e5r en presstr\u00e4ff d\u00e4r de talade om Norrk\u00f6pings f\u00f6retagsklimat och bristerna med detta. I Norrk\u00f6pings Tidningar idag kan vi l\u00e4sa om att det saknas handfasta strategier som Eva-Britt Sj\u00f6berg sade under presskonferensen. Eva-Britt gjorde \u00e4ven en intervju med svt \u00f6stnytt. L\u00e4s h\u00e4r vad hon sade under den intervjun.","og_url":"https:\/\/wp.kristdemokraterna.se\/norrkoping\/taskigt-foretagsklimat\/","og_site_name":"Norrk\u00f6ping","article_publisher":"https:\/\/www.facebook.com\/kdnorrkoping\/","article_published_time":"2014-01-28T07:25:21+00:00","og_image":[{"url":"http:\/\/wp.kristdemokraterna.se\/norrkoping\/files\/2014\/01\/tidningartikl-300x225.jpg","type":"","width":"","height":""}],"author":"norrkoping","twitter_card":"summary_large_image","twitter_misc":{"Skriven av":"norrkoping"},"schema":{"@context":"https:\/\/schema.org","@graph":[{"@type":"Article","@id":"https:\/\/wp.kristdemokraterna.se\/norrkoping\/taskigt-foretagsklimat\/#article","isPartOf":{"@id":"https:\/\/wp.kristdemokraterna.se\/norrkoping\/taskigt-foretagsklimat\/"},"author":{"name":"norrkoping","@id":"https:\/\/wp.kristdemokraterna.se\/norrkoping\/#\/schema\/person\/053ab61aecc405e6e1ac090a6184d5f1"},"headline":"Taskigt f\u00f6retagsklimat","datePublished":"2014-01-28T07:25:21+00:00","mainEntityOfPage":{"@id":"https:\/\/wp.kristdemokraterna.se\/norrkoping\/taskigt-foretagsklimat\/"},"wordCount":66,"image":{"@id":"https:\/\/wp.kristdemokraterna.se\/norrkoping\/taskigt-foretagsklimat\/#primaryimage"},"thumbnailUrl":"http:\/\/wp.kristdemokraterna.se\/norrkoping\/files\/2014\/01\/tidningartikl-300x225.jpg","inLanguage":"sv-SE"},{"@type":"WebPage","@id":"https:\/\/wp.kristdemokraterna.se\/norrkoping\/taskigt-foretagsklimat\/","url":"https:\/\/wp.kristdemokraterna.se\/norrkoping\/taskigt-foretagsklimat\/","name":"Taskigt f\u00f6retagsklimat - Norrk\u00f6ping","isPartOf":{"@id":"https:\/\/wp.kristdemokraterna.se\/norrkoping\/#website"},"primaryImageOfPage":{"@id":"https:\/\/wp.kristdemokraterna.se\/norrkoping\/taskigt-foretagsklimat\/#primaryimage"},"image":{"@id":"https:\/\/wp.kristdemokraterna.se\/norrkoping\/taskigt-foretagsklimat\/#primaryimage"},"thumbnailUrl":"http:\/\/wp.kristdemokraterna.se\/norrkoping\/files\/2014\/01\/tidningartikl-300x225.jpg","datePublished":"2014-01-28T07:25:21+00:00","author":{"@id":"https:\/\/wp.kristdemokraterna.se\/norrkoping\/#\/schema\/person\/053ab61aecc405e6e1ac090a6184d5f1"},"breadcrumb":{"@id":"https:\/\/wp.kristdemokraterna.se\/norrkoping\/taskigt-foretagsklimat\/#breadcrumb"},"inLanguage":"sv-SE","potentialAction":[{"@type":"ReadAction","target":["https:\/\/wp.kristdemokraterna.se\/norrkoping\/taskigt-foretagsklimat\/"]}]},{"@type":"ImageObject","inLanguage":"sv-SE","@id":"https:\/\/wp.kristdemokraterna.se\/norrkoping\/taskigt-foretagsklimat\/#primaryimage","url":"https:\/\/wp.kristdemokraterna.se\/norrkoping\/files\/2014\/01\/tidningartikl.jpg","contentUrl":"https:\/\/wp.kristdemokraterna.se\/norrkoping\/files\/2014\/01\/tidningartikl.jpg","width":3264,"height":2448},{"@type":"BreadcrumbList","@id":"https:\/\/wp.kristdemokraterna.se\/norrkoping\/taskigt-foretagsklimat\/#breadcrumb","itemListElement":[{"@type":"ListItem","position":1,"name":"Hem","item":"https:\/\/wp.kristdemokraterna.se\/norrkoping\/"},{"@type":"ListItem","position":2,"name":"Taskigt f\u00f6retagsklimat"}]},{"@type":"WebSite","@id":"https:\/\/wp.kristdemokraterna.se\/norrkoping\/#website","url":"https:\/\/wp.kristdemokraterna.se\/norrkoping\/","name":"Norrk\u00f6ping","description":"Kristdemokraterna","inLanguage":"sv-SE"},{"@type":"Person","@id":"https:\/\/wp.kristdemokraterna.se\/norrkoping\/#\/schema\/person\/053ab61aecc405e6e1ac090a6184d5f1","name":"norrkoping","image":{"@type":"ImageObject","inLanguage":"sv-SE","@id":"https:\/\/secure.gravatar.com\/avatar\/5bae255455c24e201554da273cd27d3b84f92cd5111a46f0db8b2ff9e8240e64?s=96&d=mm&r=g","url":"https:\/\/secure.gravatar.com\/avatar\/5bae255455c24e201554da273cd27d3b84f92cd5111a46f0db8b2ff9e8240e64?s=96&d=mm&r=g","contentUrl":"https:\/\/secure.gravatar.com\/avatar\/5bae255455c24e201554da273cd27d3b84f92cd5111a46f0db8b2ff9e8240e64?s=96&d=mm&r=g","caption":"norrkoping"},"description":"Kristdemokraterna i Norrk\u00f6ping vill skapa ett Norrk\u00f6ping d\u00e4r ingen h\u00e5lls tillbaka och ingen l\u00e4mnas efter!","url":"https:\/\/wp.kristdemokraterna.se\/norrkoping\/author\/norrkoping\/"}]}},"_links":{"self":[{"href":"https:\/\/wp.kristdemokraterna.se\/norrkoping\/wp-json\/wp\/v2\/posts\/1174","targetHints":{"allow":["GET"]}}],"collection":[{"href":"https:\/\/wp.kristdemokraterna.se\/norrkoping\/wp-json\/wp\/v2\/posts"}],"about":[{"href":"https:\/\/wp.kristdemokraterna.se\/norrkoping\/wp-json\/wp\/v2\/types\/post"}],"author":[{"embeddable":true,"href":"https:\/\/wp.kristdemokraterna.se\/norrkoping\/wp-json\/wp\/v2\/users\/45"}],"replies":[{"embeddable":true,"href":"https:\/\/wp.kristdemokraterna.se\/norrkoping\/wp-json\/wp\/v2\/comments?post=1174"}],"version-history":[{"count":1,"href":"https:\/\/wp.kristdemokraterna.se\/norrkoping\/wp-json\/wp\/v2\/posts\/1174\/revisions"}],"predecessor-version":[{"id":1176,"href":"https:\/\/wp.kristdemokraterna.se\/norrkoping\/wp-json\/wp\/v2\/posts\/1174\/revisions\/1176"}],"wp:attachment":[{"href":"https:\/\/wp.kristdemokraterna.se\/norrkoping\/wp-json\/wp\/v2\/media?parent=1174"}],"wp:term":[{"taxonomy":"category","embeddable":true,"href":"https:\/\/wp.kristdemokraterna.se\/norrkoping\/wp-json\/wp\/v2\/categories?post=1174"},{"taxonomy":"post_tag","embeddable":true,"href":"https:\/\/wp.kristdemokraterna.se\/norrkoping\/wp-json\/wp\/v2\/tags?post=1174"}],"curies":[{"name":"wp","href":"https:\/\/api.w.org\/{rel}","templated":true}]}}