{"id":1228,"date":"2014-02-14T12:13:34","date_gmt":"2014-02-14T11:13:34","guid":{"rendered":"http:\/\/wp.kristdemokraterna.se\/norrkoping\/?p=1228"},"modified":"2014-02-14T12:13:34","modified_gmt":"2014-02-14T11:13:34","slug":"berit-malmqvist","status":"publish","type":"post","link":"https:\/\/wp.kristdemokraterna.se\/norrkoping\/berit-malmqvist\/","title":{"rendered":"Berit Malmqvist"},"content":{"rendered":"<p>Idag fick vi \u00e4ran att delta vid hyllning och avtackning utav Berit Malmqvist. Fina tal h\u00f6lls av de hon har inspirerat och tillbaka h\u00f6ll hon ett inspirationstal med memoarer fr\u00e5n hennes politiska karri\u00e4r.<\/p>\n<p style=\"text-align: center\"><em><strong>Tack Berit f\u00f6r allt ditt engagemang och arbete!<\/strong><\/em><\/p>\n<p><a href=\"http:\/\/wp.kristdemokraterna.se\/norrkoping\/files\/2014\/02\/bild-1.jpg\"><img loading=\"lazy\" decoding=\"async\" class=\"aligncenter size-full wp-image-1229\" alt=\"_______bild 1\" src=\"http:\/\/wp.kristdemokraterna.se\/norrkoping\/files\/2014\/02\/bild-1.jpg\" width=\"960\" height=\"720\" srcset=\"https:\/\/wp.kristdemokraterna.se\/norrkoping\/files\/2014\/02\/bild-1.jpg 960w, https:\/\/wp.kristdemokraterna.se\/norrkoping\/files\/2014\/02\/bild-1-300x225.jpg 300w, https:\/\/wp.kristdemokraterna.se\/norrkoping\/files\/2014\/02\/bild-1-600x450.jpg 600w, https:\/\/wp.kristdemokraterna.se\/norrkoping\/files\/2014\/02\/bild-1-461x346.jpg 461w, https:\/\/wp.kristdemokraterna.se\/norrkoping\/files\/2014\/02\/bild-1-149x112.jpg 149w\" sizes=\"auto, (max-width: 960px) 100vw, 960px\" \/><\/a><\/p>\n<p><em>\u00a0Sven Brus och Monica Holtstad Sandberg tillsammans med Berit Malmqvist.\u00a0<\/em><\/p>\n<p><a href=\"http:\/\/wp.kristdemokraterna.se\/norrkoping\/files\/2014\/02\/bild-2.jpg\"><img loading=\"lazy\" decoding=\"async\" class=\"alignleft size-medium wp-image-1230\" alt=\"_______bild 2\" src=\"http:\/\/wp.kristdemokraterna.se\/norrkoping\/files\/2014\/02\/bild-2-225x300.jpg\" width=\"225\" height=\"300\" srcset=\"https:\/\/wp.kristdemokraterna.se\/norrkoping\/files\/2014\/02\/bild-2-225x300.jpg 225w, https:\/\/wp.kristdemokraterna.se\/norrkoping\/files\/2014\/02\/bild-2-600x800.jpg 600w, https:\/\/wp.kristdemokraterna.se\/norrkoping\/files\/2014\/02\/bild-2-259x346.jpg 259w, https:\/\/wp.kristdemokraterna.se\/norrkoping\/files\/2014\/02\/bild-2-84x112.jpg 84w, https:\/\/wp.kristdemokraterna.se\/norrkoping\/files\/2014\/02\/bild-2.jpg 720w\" sizes=\"auto, (max-width: 225px) 100vw, 225px\" \/><\/a> <a href=\"http:\/\/wp.kristdemokraterna.se\/norrkoping\/files\/2014\/02\/bild-31.jpg\"><img loading=\"lazy\" decoding=\"async\" class=\"alignright size-medium wp-image-1231\" alt=\"_____bild 3\" src=\"http:\/\/wp.kristdemokraterna.se\/norrkoping\/files\/2014\/02\/bild-31-225x300.jpg\" width=\"225\" height=\"300\" srcset=\"https:\/\/wp.kristdemokraterna.se\/norrkoping\/files\/2014\/02\/bild-31-225x300.jpg 225w, https:\/\/wp.kristdemokraterna.se\/norrkoping\/files\/2014\/02\/bild-31-600x800.jpg 600w, https:\/\/wp.kristdemokraterna.se\/norrkoping\/files\/2014\/02\/bild-31-259x346.jpg 259w, https:\/\/wp.kristdemokraterna.se\/norrkoping\/files\/2014\/02\/bild-31-84x112.jpg 84w, https:\/\/wp.kristdemokraterna.se\/norrkoping\/files\/2014\/02\/bild-31.jpg 720w\" sizes=\"auto, (max-width: 225px) 100vw, 225px\" \/><\/a><\/p>\n","protected":false},"excerpt":{"rendered":"<p>Idag fick vi \u00e4ran att delta vid hyllning och avtackning utav Berit Malmqvist. Fina tal h\u00f6lls av de hon har inspirerat och tillbaka h\u00f6ll hon ett inspirationstal med memoarer fr\u00e5n hennes politiska karri\u00e4r. Tack Berit f\u00f6r allt ditt engagemang och arbete! \u00a0Sven Brus och Monica Holtstad Sandberg tillsammans med Berit Malmqvist.\u00a0<\/p>\n","protected":false},"author":45,"featured_media":0,"comment_status":"closed","ping_status":"open","sticky":false,"template":"","format":"standard","meta":{"_acf_changed":false,"footnotes":""},"categories":[1],"tags":[],"class_list":["post-1228","post","type-post","status-publish","format-standard","hentry","category-okategoriserade"],"acf":[],"yoast_head":"<!-- This site is optimized with the Yoast SEO plugin v27.5 - https:\/\/yoast.com\/product\/yoast-seo-wordpress\/ -->\n<title>Berit Malmqvist - Norrk\u00f6ping<\/title>\n<meta name=\"robots\" content=\"index, follow, max-snippet:-1, max-image-preview:large, max-video-preview:-1\" \/>\n<link rel=\"canonical\" href=\"https:\/\/wp.kristdemokraterna.se\/norrkoping\/berit-malmqvist\/\" \/>\n<meta property=\"og:locale\" content=\"sv_SE\" \/>\n<meta property=\"og:type\" content=\"article\" \/>\n<meta property=\"og:title\" content=\"Berit Malmqvist - Norrk\u00f6ping\" \/>\n<meta property=\"og:description\" content=\"Idag fick vi \u00e4ran att delta vid hyllning och avtackning utav Berit Malmqvist. Fina tal h\u00f6lls av de hon har inspirerat och tillbaka h\u00f6ll hon ett inspirationstal med memoarer fr\u00e5n hennes politiska karri\u00e4r. Tack Berit f\u00f6r allt ditt engagemang och arbete! \u00a0Sven Brus och Monica Holtstad Sandberg tillsammans med Berit Malmqvist.\u00a0\" \/>\n<meta property=\"og:url\" content=\"https:\/\/wp.kristdemokraterna.se\/norrkoping\/berit-malmqvist\/\" \/>\n<meta property=\"og:site_name\" content=\"Norrk\u00f6ping\" \/>\n<meta property=\"article:publisher\" content=\"https:\/\/www.facebook.com\/kdnorrkoping\/\" \/>\n<meta property=\"article:published_time\" content=\"2014-02-14T11:13:34+00:00\" \/>\n<meta property=\"og:image\" content=\"http:\/\/wp.kristdemokraterna.se\/norrkoping\/files\/2014\/02\/bild-1.jpg\" \/>\n<meta name=\"author\" content=\"norrkoping\" \/>\n<meta name=\"twitter:card\" content=\"summary_large_image\" \/>\n<meta name=\"twitter:label1\" content=\"Skriven av\" \/>\n\t<meta name=\"twitter:data1\" content=\"norrkoping\" \/>\n<script type=\"application\/ld+json\" class=\"yoast-schema-graph\">{\"@context\":\"https:\\\/\\\/schema.org\",\"@graph\":[{\"@type\":\"Article\",\"@id\":\"https:\\\/\\\/wp.kristdemokraterna.se\\\/norrkoping\\\/berit-malmqvist\\\/#article\",\"isPartOf\":{\"@id\":\"https:\\\/\\\/wp.kristdemokraterna.se\\\/norrkoping\\\/berit-malmqvist\\\/\"},\"author\":{\"name\":\"norrkoping\",\"@id\":\"https:\\\/\\\/wp.kristdemokraterna.se\\\/norrkoping\\\/#\\\/schema\\\/person\\\/053ab61aecc405e6e1ac090a6184d5f1\"},\"headline\":\"Berit Malmqvist\",\"datePublished\":\"2014-02-14T11:13:34+00:00\",\"mainEntityOfPage\":{\"@id\":\"https:\\\/\\\/wp.kristdemokraterna.se\\\/norrkoping\\\/berit-malmqvist\\\/\"},\"wordCount\":58,\"image\":{\"@id\":\"https:\\\/\\\/wp.kristdemokraterna.se\\\/norrkoping\\\/berit-malmqvist\\\/#primaryimage\"},\"thumbnailUrl\":\"http:\\\/\\\/wp.kristdemokraterna.se\\\/norrkoping\\\/files\\\/2014\\\/02\\\/bild-1.jpg\",\"inLanguage\":\"sv-SE\"},{\"@type\":\"WebPage\",\"@id\":\"https:\\\/\\\/wp.kristdemokraterna.se\\\/norrkoping\\\/berit-malmqvist\\\/\",\"url\":\"https:\\\/\\\/wp.kristdemokraterna.se\\\/norrkoping\\\/berit-malmqvist\\\/\",\"name\":\"Berit Malmqvist - Norrk\u00f6ping\",\"isPartOf\":{\"@id\":\"https:\\\/\\\/wp.kristdemokraterna.se\\\/norrkoping\\\/#website\"},\"primaryImageOfPage\":{\"@id\":\"https:\\\/\\\/wp.kristdemokraterna.se\\\/norrkoping\\\/berit-malmqvist\\\/#primaryimage\"},\"image\":{\"@id\":\"https:\\\/\\\/wp.kristdemokraterna.se\\\/norrkoping\\\/berit-malmqvist\\\/#primaryimage\"},\"thumbnailUrl\":\"http:\\\/\\\/wp.kristdemokraterna.se\\\/norrkoping\\\/files\\\/2014\\\/02\\\/bild-1.jpg\",\"datePublished\":\"2014-02-14T11:13:34+00:00\",\"author\":{\"@id\":\"https:\\\/\\\/wp.kristdemokraterna.se\\\/norrkoping\\\/#\\\/schema\\\/person\\\/053ab61aecc405e6e1ac090a6184d5f1\"},\"breadcrumb\":{\"@id\":\"https:\\\/\\\/wp.kristdemokraterna.se\\\/norrkoping\\\/berit-malmqvist\\\/#breadcrumb\"},\"inLanguage\":\"sv-SE\",\"potentialAction\":[{\"@type\":\"ReadAction\",\"target\":[\"https:\\\/\\\/wp.kristdemokraterna.se\\\/norrkoping\\\/berit-malmqvist\\\/\"]}]},{\"@type\":\"ImageObject\",\"inLanguage\":\"sv-SE\",\"@id\":\"https:\\\/\\\/wp.kristdemokraterna.se\\\/norrkoping\\\/berit-malmqvist\\\/#primaryimage\",\"url\":\"https:\\\/\\\/wp.kristdemokraterna.se\\\/norrkoping\\\/files\\\/2014\\\/02\\\/bild-1.jpg\",\"contentUrl\":\"https:\\\/\\\/wp.kristdemokraterna.se\\\/norrkoping\\\/files\\\/2014\\\/02\\\/bild-1.jpg\",\"width\":960,\"height\":720},{\"@type\":\"BreadcrumbList\",\"@id\":\"https:\\\/\\\/wp.kristdemokraterna.se\\\/norrkoping\\\/berit-malmqvist\\\/#breadcrumb\",\"itemListElement\":[{\"@type\":\"ListItem\",\"position\":1,\"name\":\"Hem\",\"item\":\"https:\\\/\\\/wp.kristdemokraterna.se\\\/norrkoping\\\/\"},{\"@type\":\"ListItem\",\"position\":2,\"name\":\"Berit Malmqvist\"}]},{\"@type\":\"WebSite\",\"@id\":\"https:\\\/\\\/wp.kristdemokraterna.se\\\/norrkoping\\\/#website\",\"url\":\"https:\\\/\\\/wp.kristdemokraterna.se\\\/norrkoping\\\/\",\"name\":\"Norrk\u00f6ping\",\"description\":\"Kristdemokraterna\",\"inLanguage\":\"sv-SE\"},{\"@type\":\"Person\",\"@id\":\"https:\\\/\\\/wp.kristdemokraterna.se\\\/norrkoping\\\/#\\\/schema\\\/person\\\/053ab61aecc405e6e1ac090a6184d5f1\",\"name\":\"norrkoping\",\"image\":{\"@type\":\"ImageObject\",\"inLanguage\":\"sv-SE\",\"@id\":\"https:\\\/\\\/secure.gravatar.com\\\/avatar\\\/5bae255455c24e201554da273cd27d3b84f92cd5111a46f0db8b2ff9e8240e64?s=96&d=mm&r=g\",\"url\":\"https:\\\/\\\/secure.gravatar.com\\\/avatar\\\/5bae255455c24e201554da273cd27d3b84f92cd5111a46f0db8b2ff9e8240e64?s=96&d=mm&r=g\",\"contentUrl\":\"https:\\\/\\\/secure.gravatar.com\\\/avatar\\\/5bae255455c24e201554da273cd27d3b84f92cd5111a46f0db8b2ff9e8240e64?s=96&d=mm&r=g\",\"caption\":\"norrkoping\"},\"description\":\"Kristdemokraterna i Norrk\u00f6ping vill skapa ett Norrk\u00f6ping d\u00e4r ingen h\u00e5lls tillbaka och ingen l\u00e4mnas efter!\",\"url\":\"https:\\\/\\\/wp.kristdemokraterna.se\\\/norrkoping\\\/author\\\/norrkoping\\\/\"}]}<\/script>\n<!-- \/ Yoast SEO plugin. -->","yoast_head_json":{"title":"Berit Malmqvist - Norrk\u00f6ping","robots":{"index":"index","follow":"follow","max-snippet":"max-snippet:-1","max-image-preview":"max-image-preview:large","max-video-preview":"max-video-preview:-1"},"canonical":"https:\/\/wp.kristdemokraterna.se\/norrkoping\/berit-malmqvist\/","og_locale":"sv_SE","og_type":"article","og_title":"Berit Malmqvist - Norrk\u00f6ping","og_description":"Idag fick vi \u00e4ran att delta vid hyllning och avtackning utav Berit Malmqvist. Fina tal h\u00f6lls av de hon har inspirerat och tillbaka h\u00f6ll hon ett inspirationstal med memoarer fr\u00e5n hennes politiska karri\u00e4r. Tack Berit f\u00f6r allt ditt engagemang och arbete! \u00a0Sven Brus och Monica Holtstad Sandberg tillsammans med Berit Malmqvist.\u00a0","og_url":"https:\/\/wp.kristdemokraterna.se\/norrkoping\/berit-malmqvist\/","og_site_name":"Norrk\u00f6ping","article_publisher":"https:\/\/www.facebook.com\/kdnorrkoping\/","article_published_time":"2014-02-14T11:13:34+00:00","og_image":[{"url":"http:\/\/wp.kristdemokraterna.se\/norrkoping\/files\/2014\/02\/bild-1.jpg","type":"","width":"","height":""}],"author":"norrkoping","twitter_card":"summary_large_image","twitter_misc":{"Skriven av":"norrkoping"},"schema":{"@context":"https:\/\/schema.org","@graph":[{"@type":"Article","@id":"https:\/\/wp.kristdemokraterna.se\/norrkoping\/berit-malmqvist\/#article","isPartOf":{"@id":"https:\/\/wp.kristdemokraterna.se\/norrkoping\/berit-malmqvist\/"},"author":{"name":"norrkoping","@id":"https:\/\/wp.kristdemokraterna.se\/norrkoping\/#\/schema\/person\/053ab61aecc405e6e1ac090a6184d5f1"},"headline":"Berit Malmqvist","datePublished":"2014-02-14T11:13:34+00:00","mainEntityOfPage":{"@id":"https:\/\/wp.kristdemokraterna.se\/norrkoping\/berit-malmqvist\/"},"wordCount":58,"image":{"@id":"https:\/\/wp.kristdemokraterna.se\/norrkoping\/berit-malmqvist\/#primaryimage"},"thumbnailUrl":"http:\/\/wp.kristdemokraterna.se\/norrkoping\/files\/2014\/02\/bild-1.jpg","inLanguage":"sv-SE"},{"@type":"WebPage","@id":"https:\/\/wp.kristdemokraterna.se\/norrkoping\/berit-malmqvist\/","url":"https:\/\/wp.kristdemokraterna.se\/norrkoping\/berit-malmqvist\/","name":"Berit Malmqvist - Norrk\u00f6ping","isPartOf":{"@id":"https:\/\/wp.kristdemokraterna.se\/norrkoping\/#website"},"primaryImageOfPage":{"@id":"https:\/\/wp.kristdemokraterna.se\/norrkoping\/berit-malmqvist\/#primaryimage"},"image":{"@id":"https:\/\/wp.kristdemokraterna.se\/norrkoping\/berit-malmqvist\/#primaryimage"},"thumbnailUrl":"http:\/\/wp.kristdemokraterna.se\/norrkoping\/files\/2014\/02\/bild-1.jpg","datePublished":"2014-02-14T11:13:34+00:00","author":{"@id":"https:\/\/wp.kristdemokraterna.se\/norrkoping\/#\/schema\/person\/053ab61aecc405e6e1ac090a6184d5f1"},"breadcrumb":{"@id":"https:\/\/wp.kristdemokraterna.se\/norrkoping\/berit-malmqvist\/#breadcrumb"},"inLanguage":"sv-SE","potentialAction":[{"@type":"ReadAction","target":["https:\/\/wp.kristdemokraterna.se\/norrkoping\/berit-malmqvist\/"]}]},{"@type":"ImageObject","inLanguage":"sv-SE","@id":"https:\/\/wp.kristdemokraterna.se\/norrkoping\/berit-malmqvist\/#primaryimage","url":"https:\/\/wp.kristdemokraterna.se\/norrkoping\/files\/2014\/02\/bild-1.jpg","contentUrl":"https:\/\/wp.kristdemokraterna.se\/norrkoping\/files\/2014\/02\/bild-1.jpg","width":960,"height":720},{"@type":"BreadcrumbList","@id":"https:\/\/wp.kristdemokraterna.se\/norrkoping\/berit-malmqvist\/#breadcrumb","itemListElement":[{"@type":"ListItem","position":1,"name":"Hem","item":"https:\/\/wp.kristdemokraterna.se\/norrkoping\/"},{"@type":"ListItem","position":2,"name":"Berit Malmqvist"}]},{"@type":"WebSite","@id":"https:\/\/wp.kristdemokraterna.se\/norrkoping\/#website","url":"https:\/\/wp.kristdemokraterna.se\/norrkoping\/","name":"Norrk\u00f6ping","description":"Kristdemokraterna","inLanguage":"sv-SE"},{"@type":"Person","@id":"https:\/\/wp.kristdemokraterna.se\/norrkoping\/#\/schema\/person\/053ab61aecc405e6e1ac090a6184d5f1","name":"norrkoping","image":{"@type":"ImageObject","inLanguage":"sv-SE","@id":"https:\/\/secure.gravatar.com\/avatar\/5bae255455c24e201554da273cd27d3b84f92cd5111a46f0db8b2ff9e8240e64?s=96&d=mm&r=g","url":"https:\/\/secure.gravatar.com\/avatar\/5bae255455c24e201554da273cd27d3b84f92cd5111a46f0db8b2ff9e8240e64?s=96&d=mm&r=g","contentUrl":"https:\/\/secure.gravatar.com\/avatar\/5bae255455c24e201554da273cd27d3b84f92cd5111a46f0db8b2ff9e8240e64?s=96&d=mm&r=g","caption":"norrkoping"},"description":"Kristdemokraterna i Norrk\u00f6ping vill skapa ett Norrk\u00f6ping d\u00e4r ingen h\u00e5lls tillbaka och ingen l\u00e4mnas efter!","url":"https:\/\/wp.kristdemokraterna.se\/norrkoping\/author\/norrkoping\/"}]}},"_links":{"self":[{"href":"https:\/\/wp.kristdemokraterna.se\/norrkoping\/wp-json\/wp\/v2\/posts\/1228","targetHints":{"allow":["GET"]}}],"collection":[{"href":"https:\/\/wp.kristdemokraterna.se\/norrkoping\/wp-json\/wp\/v2\/posts"}],"about":[{"href":"https:\/\/wp.kristdemokraterna.se\/norrkoping\/wp-json\/wp\/v2\/types\/post"}],"author":[{"embeddable":true,"href":"https:\/\/wp.kristdemokraterna.se\/norrkoping\/wp-json\/wp\/v2\/users\/45"}],"replies":[{"embeddable":true,"href":"https:\/\/wp.kristdemokraterna.se\/norrkoping\/wp-json\/wp\/v2\/comments?post=1228"}],"version-history":[{"count":1,"href":"https:\/\/wp.kristdemokraterna.se\/norrkoping\/wp-json\/wp\/v2\/posts\/1228\/revisions"}],"predecessor-version":[{"id":1232,"href":"https:\/\/wp.kristdemokraterna.se\/norrkoping\/wp-json\/wp\/v2\/posts\/1228\/revisions\/1232"}],"wp:attachment":[{"href":"https:\/\/wp.kristdemokraterna.se\/norrkoping\/wp-json\/wp\/v2\/media?parent=1228"}],"wp:term":[{"taxonomy":"category","embeddable":true,"href":"https:\/\/wp.kristdemokraterna.se\/norrkoping\/wp-json\/wp\/v2\/categories?post=1228"},{"taxonomy":"post_tag","embeddable":true,"href":"https:\/\/wp.kristdemokraterna.se\/norrkoping\/wp-json\/wp\/v2\/tags?post=1228"}],"curies":[{"name":"wp","href":"https:\/\/api.w.org\/{rel}","templated":true}]}}