{"id":1449,"date":"2014-05-20T13:22:43","date_gmt":"2014-05-20T11:22:43","guid":{"rendered":"http:\/\/wp.kristdemokraterna.se\/norrkoping\/?p=1449"},"modified":"2014-05-05T13:24:43","modified_gmt":"2014-05-05T11:24:43","slug":"rosta-pa-adaktusson-25-maj","status":"publish","type":"post","link":"https:\/\/wp.kristdemokraterna.se\/norrkoping\/rosta-pa-adaktusson-25-maj\/","title":{"rendered":"R\u00d6STA P\u00c5 ADAKTUSSON 25 MAJ"},"content":{"rendered":"<p>EU\u00a0\u00e4r ett fantastiskt samarbete f\u00f6r att gemensamt l\u00f6sa fr\u00e5gor som vi i kommunen eller Sverige inte klarar av att l\u00f6sa p\u00e5 egen hand. EU ska dock endast fokusera p\u00e5 de stora gr\u00e4ns\u00f6verskridande fr\u00e5gorna som organiserad brottslighet, klimatp\u00e5verkan och hur vi \u00f6kar handeln inom Europa och frihandeln i v\u00e4rlden. Det vi solnabor eller svenska folket b\u00e4st beslutar om sj\u00e4lva ska vi ocks\u00e5 f\u00e5 besluta om. EU m\u00e5ste h\u00e5lla sig borta fr\u00e5n detaljregleringar om v\u00e5r arbetstid, det svenska snuset, hur f\u00f6r\u00e4ldraledigheten ska f\u00f6rdelas eller huruvida svenska f\u00f6retag ska till\u00e4mpa kvoterade bolagsstyrelser.<\/p>\n<p>Vi kristdemokrater s\u00e4ger <strong>nej<\/strong> till on\u00f6dig centralisering och byr\u00e5krati. Vi m\u00e5ste stoppa flyttcirkusen av EU-parlamentet mellan Bryssel och Strasbourg, vi s\u00e4ger <strong>nej<\/strong> till att inf\u00f6ra euron och \u00e4r motst\u00e5ndare till att ge EU beskattningsr\u00e4tt.<\/p>\n<p><em>Vi ser n\u00e4mligen EU som ett samarbete mellan l\u00e4nder och v\u00e4nder oss emot tanken p\u00e5 en europeisk superstat.<\/em><\/p>\n<p style=\"text-align: center\"><span style=\"text-decoration: underline\"><strong><em>R\u00f6sta p\u00e5 Lars Adakt<\/em>usson (KD) i valet den 25 maj \u2013 r\u00f6sta f\u00f6r r\u00e4tt agenda i Bryssel!<\/strong><\/span><\/p>\n<p style=\"text-align: center\"><a href=\"http:\/\/wp.kristdemokraterna.se\/norrkoping\/files\/2014\/05\/10149838_1495073887387459_1219287565399584619_n.png\"><img loading=\"lazy\" decoding=\"async\" class=\"aligncenter size-full wp-image-1450\" src=\"http:\/\/wp.kristdemokraterna.se\/norrkoping\/files\/2014\/05\/10149838_1495073887387459_1219287565399584619_n.png\" alt=\"10149838_1495073887387459_1219287565399584619_n\" width=\"851\" height=\"315\" srcset=\"https:\/\/wp.kristdemokraterna.se\/norrkoping\/files\/2014\/05\/10149838_1495073887387459_1219287565399584619_n.png 851w, https:\/\/wp.kristdemokraterna.se\/norrkoping\/files\/2014\/05\/10149838_1495073887387459_1219287565399584619_n-300x111.png 300w, https:\/\/wp.kristdemokraterna.se\/norrkoping\/files\/2014\/05\/10149838_1495073887387459_1219287565399584619_n-576x213.png 576w, https:\/\/wp.kristdemokraterna.se\/norrkoping\/files\/2014\/05\/10149838_1495073887387459_1219287565399584619_n-186x68.png 186w\" sizes=\"auto, (max-width: 851px) 100vw, 851px\" \/><\/a><\/p>\n","protected":false},"excerpt":{"rendered":"<p>EU\u00a0\u00e4r ett fantastiskt samarbete f\u00f6r att gemensamt l\u00f6sa fr\u00e5gor som vi i kommunen eller Sverige inte klarar av att l\u00f6sa p\u00e5 egen hand. EU ska dock endast fokusera p\u00e5 de stora gr\u00e4ns\u00f6verskridande fr\u00e5gorna som organiserad brottslighet, klimatp\u00e5verkan och hur vi \u00f6kar handeln inom Europa och frihandeln i v\u00e4rlden. Det vi solnabor eller svenska folket b\u00e4st <a class=\"read-more-link\" href=\"https:\/\/wp.kristdemokraterna.se\/norrkoping\/rosta-pa-adaktusson-25-maj\/\">Read More<\/a><\/p>\n","protected":false},"author":45,"featured_media":0,"comment_status":"closed","ping_status":"closed","sticky":false,"template":"","format":"standard","meta":{"_acf_changed":false,"footnotes":""},"categories":[1],"tags":[],"class_list":["post-1449","post","type-post","status-publish","format-standard","hentry","category-okategoriserade"],"acf":[],"yoast_head":"<!-- This site is optimized with the Yoast SEO plugin v27.5 - https:\/\/yoast.com\/product\/yoast-seo-wordpress\/ -->\n<title>R\u00d6STA P\u00c5 ADAKTUSSON 25 MAJ - Norrk\u00f6ping<\/title>\n<meta name=\"robots\" content=\"index, follow, max-snippet:-1, max-image-preview:large, max-video-preview:-1\" \/>\n<link rel=\"canonical\" href=\"https:\/\/wp.kristdemokraterna.se\/norrkoping\/rosta-pa-adaktusson-25-maj\/\" \/>\n<meta property=\"og:locale\" content=\"sv_SE\" \/>\n<meta property=\"og:type\" content=\"article\" \/>\n<meta property=\"og:title\" content=\"R\u00d6STA P\u00c5 ADAKTUSSON 25 MAJ - Norrk\u00f6ping\" \/>\n<meta property=\"og:description\" content=\"EU\u00a0\u00e4r ett fantastiskt samarbete f\u00f6r att gemensamt l\u00f6sa fr\u00e5gor som vi i kommunen eller Sverige inte klarar av att l\u00f6sa p\u00e5 egen hand. EU ska dock endast fokusera p\u00e5 de stora gr\u00e4ns\u00f6verskridande fr\u00e5gorna som organiserad brottslighet, klimatp\u00e5verkan och hur vi \u00f6kar handeln inom Europa och frihandeln i v\u00e4rlden. Det vi solnabor eller svenska folket b\u00e4st Read More\" \/>\n<meta property=\"og:url\" content=\"https:\/\/wp.kristdemokraterna.se\/norrkoping\/rosta-pa-adaktusson-25-maj\/\" \/>\n<meta property=\"og:site_name\" content=\"Norrk\u00f6ping\" \/>\n<meta property=\"article:publisher\" content=\"https:\/\/www.facebook.com\/kdnorrkoping\/\" \/>\n<meta property=\"article:published_time\" content=\"2014-05-20T11:22:43+00:00\" \/>\n<meta property=\"og:image\" content=\"http:\/\/wp.kristdemokraterna.se\/norrkoping\/files\/2014\/05\/10149838_1495073887387459_1219287565399584619_n.png\" \/>\n<meta name=\"author\" content=\"norrkoping\" \/>\n<meta name=\"twitter:card\" content=\"summary_large_image\" \/>\n<meta name=\"twitter:label1\" content=\"Skriven av\" \/>\n\t<meta name=\"twitter:data1\" content=\"norrkoping\" \/>\n\t<meta name=\"twitter:label2\" content=\"Ber\u00e4knad l\u00e4stid\" \/>\n\t<meta name=\"twitter:data2\" content=\"1 minut\" \/>\n<script type=\"application\/ld+json\" class=\"yoast-schema-graph\">{\"@context\":\"https:\\\/\\\/schema.org\",\"@graph\":[{\"@type\":\"Article\",\"@id\":\"https:\\\/\\\/wp.kristdemokraterna.se\\\/norrkoping\\\/rosta-pa-adaktusson-25-maj\\\/#article\",\"isPartOf\":{\"@id\":\"https:\\\/\\\/wp.kristdemokraterna.se\\\/norrkoping\\\/rosta-pa-adaktusson-25-maj\\\/\"},\"author\":{\"name\":\"norrkoping\",\"@id\":\"https:\\\/\\\/wp.kristdemokraterna.se\\\/norrkoping\\\/#\\\/schema\\\/person\\\/053ab61aecc405e6e1ac090a6184d5f1\"},\"headline\":\"R\u00d6STA P\u00c5 ADAKTUSSON 25 MAJ\",\"datePublished\":\"2014-05-20T11:22:43+00:00\",\"mainEntityOfPage\":{\"@id\":\"https:\\\/\\\/wp.kristdemokraterna.se\\\/norrkoping\\\/rosta-pa-adaktusson-25-maj\\\/\"},\"wordCount\":197,\"image\":{\"@id\":\"https:\\\/\\\/wp.kristdemokraterna.se\\\/norrkoping\\\/rosta-pa-adaktusson-25-maj\\\/#primaryimage\"},\"thumbnailUrl\":\"http:\\\/\\\/wp.kristdemokraterna.se\\\/norrkoping\\\/files\\\/2014\\\/05\\\/10149838_1495073887387459_1219287565399584619_n.png\",\"inLanguage\":\"sv-SE\"},{\"@type\":\"WebPage\",\"@id\":\"https:\\\/\\\/wp.kristdemokraterna.se\\\/norrkoping\\\/rosta-pa-adaktusson-25-maj\\\/\",\"url\":\"https:\\\/\\\/wp.kristdemokraterna.se\\\/norrkoping\\\/rosta-pa-adaktusson-25-maj\\\/\",\"name\":\"R\u00d6STA P\u00c5 ADAKTUSSON 25 MAJ - Norrk\u00f6ping\",\"isPartOf\":{\"@id\":\"https:\\\/\\\/wp.kristdemokraterna.se\\\/norrkoping\\\/#website\"},\"primaryImageOfPage\":{\"@id\":\"https:\\\/\\\/wp.kristdemokraterna.se\\\/norrkoping\\\/rosta-pa-adaktusson-25-maj\\\/#primaryimage\"},\"image\":{\"@id\":\"https:\\\/\\\/wp.kristdemokraterna.se\\\/norrkoping\\\/rosta-pa-adaktusson-25-maj\\\/#primaryimage\"},\"thumbnailUrl\":\"http:\\\/\\\/wp.kristdemokraterna.se\\\/norrkoping\\\/files\\\/2014\\\/05\\\/10149838_1495073887387459_1219287565399584619_n.png\",\"datePublished\":\"2014-05-20T11:22:43+00:00\",\"author\":{\"@id\":\"https:\\\/\\\/wp.kristdemokraterna.se\\\/norrkoping\\\/#\\\/schema\\\/person\\\/053ab61aecc405e6e1ac090a6184d5f1\"},\"breadcrumb\":{\"@id\":\"https:\\\/\\\/wp.kristdemokraterna.se\\\/norrkoping\\\/rosta-pa-adaktusson-25-maj\\\/#breadcrumb\"},\"inLanguage\":\"sv-SE\",\"potentialAction\":[{\"@type\":\"ReadAction\",\"target\":[\"https:\\\/\\\/wp.kristdemokraterna.se\\\/norrkoping\\\/rosta-pa-adaktusson-25-maj\\\/\"]}]},{\"@type\":\"ImageObject\",\"inLanguage\":\"sv-SE\",\"@id\":\"https:\\\/\\\/wp.kristdemokraterna.se\\\/norrkoping\\\/rosta-pa-adaktusson-25-maj\\\/#primaryimage\",\"url\":\"https:\\\/\\\/wp.kristdemokraterna.se\\\/norrkoping\\\/files\\\/2014\\\/05\\\/10149838_1495073887387459_1219287565399584619_n.png\",\"contentUrl\":\"https:\\\/\\\/wp.kristdemokraterna.se\\\/norrkoping\\\/files\\\/2014\\\/05\\\/10149838_1495073887387459_1219287565399584619_n.png\",\"width\":851,\"height\":315},{\"@type\":\"BreadcrumbList\",\"@id\":\"https:\\\/\\\/wp.kristdemokraterna.se\\\/norrkoping\\\/rosta-pa-adaktusson-25-maj\\\/#breadcrumb\",\"itemListElement\":[{\"@type\":\"ListItem\",\"position\":1,\"name\":\"Hem\",\"item\":\"https:\\\/\\\/wp.kristdemokraterna.se\\\/norrkoping\\\/\"},{\"@type\":\"ListItem\",\"position\":2,\"name\":\"R\u00d6STA P\u00c5 ADAKTUSSON 25 MAJ\"}]},{\"@type\":\"WebSite\",\"@id\":\"https:\\\/\\\/wp.kristdemokraterna.se\\\/norrkoping\\\/#website\",\"url\":\"https:\\\/\\\/wp.kristdemokraterna.se\\\/norrkoping\\\/\",\"name\":\"Norrk\u00f6ping\",\"description\":\"Kristdemokraterna\",\"inLanguage\":\"sv-SE\"},{\"@type\":\"Person\",\"@id\":\"https:\\\/\\\/wp.kristdemokraterna.se\\\/norrkoping\\\/#\\\/schema\\\/person\\\/053ab61aecc405e6e1ac090a6184d5f1\",\"name\":\"norrkoping\",\"image\":{\"@type\":\"ImageObject\",\"inLanguage\":\"sv-SE\",\"@id\":\"https:\\\/\\\/secure.gravatar.com\\\/avatar\\\/5bae255455c24e201554da273cd27d3b84f92cd5111a46f0db8b2ff9e8240e64?s=96&d=mm&r=g\",\"url\":\"https:\\\/\\\/secure.gravatar.com\\\/avatar\\\/5bae255455c24e201554da273cd27d3b84f92cd5111a46f0db8b2ff9e8240e64?s=96&d=mm&r=g\",\"contentUrl\":\"https:\\\/\\\/secure.gravatar.com\\\/avatar\\\/5bae255455c24e201554da273cd27d3b84f92cd5111a46f0db8b2ff9e8240e64?s=96&d=mm&r=g\",\"caption\":\"norrkoping\"},\"description\":\"Kristdemokraterna i Norrk\u00f6ping vill skapa ett Norrk\u00f6ping d\u00e4r ingen h\u00e5lls tillbaka och ingen l\u00e4mnas efter!\",\"url\":\"https:\\\/\\\/wp.kristdemokraterna.se\\\/norrkoping\\\/author\\\/norrkoping\\\/\"}]}<\/script>\n<!-- \/ Yoast SEO plugin. -->","yoast_head_json":{"title":"R\u00d6STA P\u00c5 ADAKTUSSON 25 MAJ - Norrk\u00f6ping","robots":{"index":"index","follow":"follow","max-snippet":"max-snippet:-1","max-image-preview":"max-image-preview:large","max-video-preview":"max-video-preview:-1"},"canonical":"https:\/\/wp.kristdemokraterna.se\/norrkoping\/rosta-pa-adaktusson-25-maj\/","og_locale":"sv_SE","og_type":"article","og_title":"R\u00d6STA P\u00c5 ADAKTUSSON 25 MAJ - Norrk\u00f6ping","og_description":"EU\u00a0\u00e4r ett fantastiskt samarbete f\u00f6r att gemensamt l\u00f6sa fr\u00e5gor som vi i kommunen eller Sverige inte klarar av att l\u00f6sa p\u00e5 egen hand. EU ska dock endast fokusera p\u00e5 de stora gr\u00e4ns\u00f6verskridande fr\u00e5gorna som organiserad brottslighet, klimatp\u00e5verkan och hur vi \u00f6kar handeln inom Europa och frihandeln i v\u00e4rlden. Det vi solnabor eller svenska folket b\u00e4st Read More","og_url":"https:\/\/wp.kristdemokraterna.se\/norrkoping\/rosta-pa-adaktusson-25-maj\/","og_site_name":"Norrk\u00f6ping","article_publisher":"https:\/\/www.facebook.com\/kdnorrkoping\/","article_published_time":"2014-05-20T11:22:43+00:00","og_image":[{"url":"http:\/\/wp.kristdemokraterna.se\/norrkoping\/files\/2014\/05\/10149838_1495073887387459_1219287565399584619_n.png","type":"","width":"","height":""}],"author":"norrkoping","twitter_card":"summary_large_image","twitter_misc":{"Skriven av":"norrkoping","Ber\u00e4knad l\u00e4stid":"1 minut"},"schema":{"@context":"https:\/\/schema.org","@graph":[{"@type":"Article","@id":"https:\/\/wp.kristdemokraterna.se\/norrkoping\/rosta-pa-adaktusson-25-maj\/#article","isPartOf":{"@id":"https:\/\/wp.kristdemokraterna.se\/norrkoping\/rosta-pa-adaktusson-25-maj\/"},"author":{"name":"norrkoping","@id":"https:\/\/wp.kristdemokraterna.se\/norrkoping\/#\/schema\/person\/053ab61aecc405e6e1ac090a6184d5f1"},"headline":"R\u00d6STA P\u00c5 ADAKTUSSON 25 MAJ","datePublished":"2014-05-20T11:22:43+00:00","mainEntityOfPage":{"@id":"https:\/\/wp.kristdemokraterna.se\/norrkoping\/rosta-pa-adaktusson-25-maj\/"},"wordCount":197,"image":{"@id":"https:\/\/wp.kristdemokraterna.se\/norrkoping\/rosta-pa-adaktusson-25-maj\/#primaryimage"},"thumbnailUrl":"http:\/\/wp.kristdemokraterna.se\/norrkoping\/files\/2014\/05\/10149838_1495073887387459_1219287565399584619_n.png","inLanguage":"sv-SE"},{"@type":"WebPage","@id":"https:\/\/wp.kristdemokraterna.se\/norrkoping\/rosta-pa-adaktusson-25-maj\/","url":"https:\/\/wp.kristdemokraterna.se\/norrkoping\/rosta-pa-adaktusson-25-maj\/","name":"R\u00d6STA P\u00c5 ADAKTUSSON 25 MAJ - Norrk\u00f6ping","isPartOf":{"@id":"https:\/\/wp.kristdemokraterna.se\/norrkoping\/#website"},"primaryImageOfPage":{"@id":"https:\/\/wp.kristdemokraterna.se\/norrkoping\/rosta-pa-adaktusson-25-maj\/#primaryimage"},"image":{"@id":"https:\/\/wp.kristdemokraterna.se\/norrkoping\/rosta-pa-adaktusson-25-maj\/#primaryimage"},"thumbnailUrl":"http:\/\/wp.kristdemokraterna.se\/norrkoping\/files\/2014\/05\/10149838_1495073887387459_1219287565399584619_n.png","datePublished":"2014-05-20T11:22:43+00:00","author":{"@id":"https:\/\/wp.kristdemokraterna.se\/norrkoping\/#\/schema\/person\/053ab61aecc405e6e1ac090a6184d5f1"},"breadcrumb":{"@id":"https:\/\/wp.kristdemokraterna.se\/norrkoping\/rosta-pa-adaktusson-25-maj\/#breadcrumb"},"inLanguage":"sv-SE","potentialAction":[{"@type":"ReadAction","target":["https:\/\/wp.kristdemokraterna.se\/norrkoping\/rosta-pa-adaktusson-25-maj\/"]}]},{"@type":"ImageObject","inLanguage":"sv-SE","@id":"https:\/\/wp.kristdemokraterna.se\/norrkoping\/rosta-pa-adaktusson-25-maj\/#primaryimage","url":"https:\/\/wp.kristdemokraterna.se\/norrkoping\/files\/2014\/05\/10149838_1495073887387459_1219287565399584619_n.png","contentUrl":"https:\/\/wp.kristdemokraterna.se\/norrkoping\/files\/2014\/05\/10149838_1495073887387459_1219287565399584619_n.png","width":851,"height":315},{"@type":"BreadcrumbList","@id":"https:\/\/wp.kristdemokraterna.se\/norrkoping\/rosta-pa-adaktusson-25-maj\/#breadcrumb","itemListElement":[{"@type":"ListItem","position":1,"name":"Hem","item":"https:\/\/wp.kristdemokraterna.se\/norrkoping\/"},{"@type":"ListItem","position":2,"name":"R\u00d6STA P\u00c5 ADAKTUSSON 25 MAJ"}]},{"@type":"WebSite","@id":"https:\/\/wp.kristdemokraterna.se\/norrkoping\/#website","url":"https:\/\/wp.kristdemokraterna.se\/norrkoping\/","name":"Norrk\u00f6ping","description":"Kristdemokraterna","inLanguage":"sv-SE"},{"@type":"Person","@id":"https:\/\/wp.kristdemokraterna.se\/norrkoping\/#\/schema\/person\/053ab61aecc405e6e1ac090a6184d5f1","name":"norrkoping","image":{"@type":"ImageObject","inLanguage":"sv-SE","@id":"https:\/\/secure.gravatar.com\/avatar\/5bae255455c24e201554da273cd27d3b84f92cd5111a46f0db8b2ff9e8240e64?s=96&d=mm&r=g","url":"https:\/\/secure.gravatar.com\/avatar\/5bae255455c24e201554da273cd27d3b84f92cd5111a46f0db8b2ff9e8240e64?s=96&d=mm&r=g","contentUrl":"https:\/\/secure.gravatar.com\/avatar\/5bae255455c24e201554da273cd27d3b84f92cd5111a46f0db8b2ff9e8240e64?s=96&d=mm&r=g","caption":"norrkoping"},"description":"Kristdemokraterna i Norrk\u00f6ping vill skapa ett Norrk\u00f6ping d\u00e4r ingen h\u00e5lls tillbaka och ingen l\u00e4mnas efter!","url":"https:\/\/wp.kristdemokraterna.se\/norrkoping\/author\/norrkoping\/"}]}},"_links":{"self":[{"href":"https:\/\/wp.kristdemokraterna.se\/norrkoping\/wp-json\/wp\/v2\/posts\/1449","targetHints":{"allow":["GET"]}}],"collection":[{"href":"https:\/\/wp.kristdemokraterna.se\/norrkoping\/wp-json\/wp\/v2\/posts"}],"about":[{"href":"https:\/\/wp.kristdemokraterna.se\/norrkoping\/wp-json\/wp\/v2\/types\/post"}],"author":[{"embeddable":true,"href":"https:\/\/wp.kristdemokraterna.se\/norrkoping\/wp-json\/wp\/v2\/users\/45"}],"replies":[{"embeddable":true,"href":"https:\/\/wp.kristdemokraterna.se\/norrkoping\/wp-json\/wp\/v2\/comments?post=1449"}],"version-history":[{"count":1,"href":"https:\/\/wp.kristdemokraterna.se\/norrkoping\/wp-json\/wp\/v2\/posts\/1449\/revisions"}],"predecessor-version":[{"id":1451,"href":"https:\/\/wp.kristdemokraterna.se\/norrkoping\/wp-json\/wp\/v2\/posts\/1449\/revisions\/1451"}],"wp:attachment":[{"href":"https:\/\/wp.kristdemokraterna.se\/norrkoping\/wp-json\/wp\/v2\/media?parent=1449"}],"wp:term":[{"taxonomy":"category","embeddable":true,"href":"https:\/\/wp.kristdemokraterna.se\/norrkoping\/wp-json\/wp\/v2\/categories?post=1449"},{"taxonomy":"post_tag","embeddable":true,"href":"https:\/\/wp.kristdemokraterna.se\/norrkoping\/wp-json\/wp\/v2\/tags?post=1449"}],"curies":[{"name":"wp","href":"https:\/\/api.w.org\/{rel}","templated":true}]}}