{"id":149,"date":"2012-11-01T11:15:48","date_gmt":"2012-11-01T10:15:48","guid":{"rendered":"http:\/\/wp.kristdemokraterna.se\/norrkoping\/?p=149"},"modified":"2012-11-01T11:21:05","modified_gmt":"2012-11-01T10:21:05","slug":"ideklackardagen-27-oktober","status":"publish","type":"post","link":"https:\/\/wp.kristdemokraterna.se\/norrkoping\/ideklackardagen-27-oktober\/","title":{"rendered":"Id\u00e9kl\u00e4ckardagen 27 oktober"},"content":{"rendered":"<p><a href=\"http:\/\/wp.kristdemokraterna.se\/norrkoping\/files\/2012\/11\/112.jpg\"><img loading=\"lazy\" decoding=\"async\" class=\"wp-image-151 alignright\" src=\"http:\/\/wp.kristdemokraterna.se\/norrkoping\/files\/2012\/11\/112-225x300.jpg\" alt=\"\" width=\"203\" height=\"270\" srcset=\"https:\/\/wp.kristdemokraterna.se\/norrkoping\/files\/2012\/11\/112-225x300.jpg 225w, https:\/\/wp.kristdemokraterna.se\/norrkoping\/files\/2012\/11\/112-768x1024.jpg 768w, https:\/\/wp.kristdemokraterna.se\/norrkoping\/files\/2012\/11\/112-259x346.jpg 259w, https:\/\/wp.kristdemokraterna.se\/norrkoping\/files\/2012\/11\/112-84x112.jpg 84w\" sizes=\"auto, (max-width: 203px) 100vw, 203px\" \/><\/a><\/p>\n<p>Under \u00a0h\u00f6sten har vi lagt flera motioner om bl a cykelkampanj, zonindelningar och nu senast barnahus i Norrk\u00f6ping.\u00a0Vi har st\u00e4llt interpellationer om konstgr\u00e4s, och fr\u00e5gor t ex om sp\u00e4dbarnsenheten Timjan.<br \/>\nVi har \u00e4ven f\u00e5tt in en del debattartiklar och ins\u00e4ndare, och Margaretha och Eva-Britt bloggar p\u00e5 NTs politikerblogg.<\/p>\n<p>Det finns fortfarande v\u00e4ligt mycket att g\u00f6ra. F\u00f6r att jobba vidare med fr\u00e5gorna och forma nya ideer tr\u00e4ffades de allra flesta av v\u00e5ra representanter i n\u00e4mnderna i Kolm\u00e5rden l\u00f6rdagen 27 oktober.\u00a0Flera konstuktiva f\u00f6rslag p\u00e5\u00a0motioner,\u00a0interpellationer, artiklar kom fram.<\/p>\n<p>Vi har bra politik och den beh\u00f6ver synas!<\/p>\n","protected":false},"excerpt":{"rendered":"<p>Under \u00a0h\u00f6sten har vi lagt flera motioner om bl a cykelkampanj, zonindelningar och nu senast barnahus i Norrk\u00f6ping.\u00a0Vi har st\u00e4llt interpellationer om konstgr\u00e4s, och fr\u00e5gor t ex om sp\u00e4dbarnsenheten Timjan. Vi har \u00e4ven f\u00e5tt in en del debattartiklar och ins\u00e4ndare, och Margaretha och Eva-Britt bloggar p\u00e5 NTs politikerblogg. Det finns fortfarande v\u00e4ligt mycket att g\u00f6ra. <a class=\"read-more-link\" href=\"https:\/\/wp.kristdemokraterna.se\/norrkoping\/ideklackardagen-27-oktober\/\">Read More<\/a><\/p>\n","protected":false},"author":45,"featured_media":0,"comment_status":"closed","ping_status":"open","sticky":false,"template":"","format":"standard","meta":{"_acf_changed":false,"footnotes":""},"categories":[1],"tags":[],"class_list":["post-149","post","type-post","status-publish","format-standard","hentry","category-okategoriserade"],"acf":[],"yoast_head":"<!-- This site is optimized with the Yoast SEO plugin v27.5 - https:\/\/yoast.com\/product\/yoast-seo-wordpress\/ -->\n<title>Id\u00e9kl\u00e4ckardagen 27 oktober - Norrk\u00f6ping<\/title>\n<meta name=\"robots\" content=\"index, follow, max-snippet:-1, max-image-preview:large, max-video-preview:-1\" \/>\n<link rel=\"canonical\" href=\"https:\/\/wp.kristdemokraterna.se\/norrkoping\/ideklackardagen-27-oktober\/\" \/>\n<meta property=\"og:locale\" content=\"sv_SE\" \/>\n<meta property=\"og:type\" content=\"article\" \/>\n<meta property=\"og:title\" content=\"Id\u00e9kl\u00e4ckardagen 27 oktober - Norrk\u00f6ping\" \/>\n<meta property=\"og:description\" content=\"Under \u00a0h\u00f6sten har vi lagt flera motioner om bl a cykelkampanj, zonindelningar och nu senast barnahus i Norrk\u00f6ping.\u00a0Vi har st\u00e4llt interpellationer om konstgr\u00e4s, och fr\u00e5gor t ex om sp\u00e4dbarnsenheten Timjan. Vi har \u00e4ven f\u00e5tt in en del debattartiklar och ins\u00e4ndare, och Margaretha och Eva-Britt bloggar p\u00e5 NTs politikerblogg. Det finns fortfarande v\u00e4ligt mycket att g\u00f6ra. Read More\" \/>\n<meta property=\"og:url\" content=\"https:\/\/wp.kristdemokraterna.se\/norrkoping\/ideklackardagen-27-oktober\/\" \/>\n<meta property=\"og:site_name\" content=\"Norrk\u00f6ping\" \/>\n<meta property=\"article:publisher\" content=\"https:\/\/www.facebook.com\/kdnorrkoping\/\" \/>\n<meta property=\"article:published_time\" content=\"2012-11-01T10:15:48+00:00\" \/>\n<meta property=\"article:modified_time\" content=\"2012-11-01T10:21:05+00:00\" \/>\n<meta property=\"og:image\" content=\"http:\/\/wp.kristdemokraterna.se\/norrkoping\/files\/2012\/11\/112-225x300.jpg\" \/>\n<meta name=\"author\" content=\"norrkoping\" \/>\n<meta name=\"twitter:card\" content=\"summary_large_image\" \/>\n<meta name=\"twitter:label1\" content=\"Skriven av\" \/>\n\t<meta name=\"twitter:data1\" content=\"norrkoping\" \/>\n\t<meta name=\"twitter:label2\" content=\"Ber\u00e4knad l\u00e4stid\" \/>\n\t<meta name=\"twitter:data2\" content=\"1 minut\" \/>\n<script type=\"application\/ld+json\" class=\"yoast-schema-graph\">{\"@context\":\"https:\\\/\\\/schema.org\",\"@graph\":[{\"@type\":\"Article\",\"@id\":\"https:\\\/\\\/wp.kristdemokraterna.se\\\/norrkoping\\\/ideklackardagen-27-oktober\\\/#article\",\"isPartOf\":{\"@id\":\"https:\\\/\\\/wp.kristdemokraterna.se\\\/norrkoping\\\/ideklackardagen-27-oktober\\\/\"},\"author\":{\"name\":\"norrkoping\",\"@id\":\"https:\\\/\\\/wp.kristdemokraterna.se\\\/norrkoping\\\/#\\\/schema\\\/person\\\/053ab61aecc405e6e1ac090a6184d5f1\"},\"headline\":\"Id\u00e9kl\u00e4ckardagen 27 oktober\",\"datePublished\":\"2012-11-01T10:15:48+00:00\",\"dateModified\":\"2012-11-01T10:21:05+00:00\",\"mainEntityOfPage\":{\"@id\":\"https:\\\/\\\/wp.kristdemokraterna.se\\\/norrkoping\\\/ideklackardagen-27-oktober\\\/\"},\"wordCount\":119,\"image\":{\"@id\":\"https:\\\/\\\/wp.kristdemokraterna.se\\\/norrkoping\\\/ideklackardagen-27-oktober\\\/#primaryimage\"},\"thumbnailUrl\":\"http:\\\/\\\/wp.kristdemokraterna.se\\\/norrkoping\\\/files\\\/2012\\\/11\\\/112-225x300.jpg\",\"inLanguage\":\"sv-SE\"},{\"@type\":\"WebPage\",\"@id\":\"https:\\\/\\\/wp.kristdemokraterna.se\\\/norrkoping\\\/ideklackardagen-27-oktober\\\/\",\"url\":\"https:\\\/\\\/wp.kristdemokraterna.se\\\/norrkoping\\\/ideklackardagen-27-oktober\\\/\",\"name\":\"Id\u00e9kl\u00e4ckardagen 27 oktober - Norrk\u00f6ping\",\"isPartOf\":{\"@id\":\"https:\\\/\\\/wp.kristdemokraterna.se\\\/norrkoping\\\/#website\"},\"primaryImageOfPage\":{\"@id\":\"https:\\\/\\\/wp.kristdemokraterna.se\\\/norrkoping\\\/ideklackardagen-27-oktober\\\/#primaryimage\"},\"image\":{\"@id\":\"https:\\\/\\\/wp.kristdemokraterna.se\\\/norrkoping\\\/ideklackardagen-27-oktober\\\/#primaryimage\"},\"thumbnailUrl\":\"http:\\\/\\\/wp.kristdemokraterna.se\\\/norrkoping\\\/files\\\/2012\\\/11\\\/112-225x300.jpg\",\"datePublished\":\"2012-11-01T10:15:48+00:00\",\"dateModified\":\"2012-11-01T10:21:05+00:00\",\"author\":{\"@id\":\"https:\\\/\\\/wp.kristdemokraterna.se\\\/norrkoping\\\/#\\\/schema\\\/person\\\/053ab61aecc405e6e1ac090a6184d5f1\"},\"breadcrumb\":{\"@id\":\"https:\\\/\\\/wp.kristdemokraterna.se\\\/norrkoping\\\/ideklackardagen-27-oktober\\\/#breadcrumb\"},\"inLanguage\":\"sv-SE\",\"potentialAction\":[{\"@type\":\"ReadAction\",\"target\":[\"https:\\\/\\\/wp.kristdemokraterna.se\\\/norrkoping\\\/ideklackardagen-27-oktober\\\/\"]}]},{\"@type\":\"ImageObject\",\"inLanguage\":\"sv-SE\",\"@id\":\"https:\\\/\\\/wp.kristdemokraterna.se\\\/norrkoping\\\/ideklackardagen-27-oktober\\\/#primaryimage\",\"url\":\"https:\\\/\\\/wp.kristdemokraterna.se\\\/norrkoping\\\/files\\\/2012\\\/11\\\/112.jpg\",\"contentUrl\":\"https:\\\/\\\/wp.kristdemokraterna.se\\\/norrkoping\\\/files\\\/2012\\\/11\\\/112.jpg\",\"width\":\"2448\",\"height\":\"3264\"},{\"@type\":\"BreadcrumbList\",\"@id\":\"https:\\\/\\\/wp.kristdemokraterna.se\\\/norrkoping\\\/ideklackardagen-27-oktober\\\/#breadcrumb\",\"itemListElement\":[{\"@type\":\"ListItem\",\"position\":1,\"name\":\"Hem\",\"item\":\"https:\\\/\\\/wp.kristdemokraterna.se\\\/norrkoping\\\/\"},{\"@type\":\"ListItem\",\"position\":2,\"name\":\"Id\u00e9kl\u00e4ckardagen 27 oktober\"}]},{\"@type\":\"WebSite\",\"@id\":\"https:\\\/\\\/wp.kristdemokraterna.se\\\/norrkoping\\\/#website\",\"url\":\"https:\\\/\\\/wp.kristdemokraterna.se\\\/norrkoping\\\/\",\"name\":\"Norrk\u00f6ping\",\"description\":\"Kristdemokraterna\",\"inLanguage\":\"sv-SE\"},{\"@type\":\"Person\",\"@id\":\"https:\\\/\\\/wp.kristdemokraterna.se\\\/norrkoping\\\/#\\\/schema\\\/person\\\/053ab61aecc405e6e1ac090a6184d5f1\",\"name\":\"norrkoping\",\"image\":{\"@type\":\"ImageObject\",\"inLanguage\":\"sv-SE\",\"@id\":\"https:\\\/\\\/secure.gravatar.com\\\/avatar\\\/5bae255455c24e201554da273cd27d3b84f92cd5111a46f0db8b2ff9e8240e64?s=96&d=mm&r=g\",\"url\":\"https:\\\/\\\/secure.gravatar.com\\\/avatar\\\/5bae255455c24e201554da273cd27d3b84f92cd5111a46f0db8b2ff9e8240e64?s=96&d=mm&r=g\",\"contentUrl\":\"https:\\\/\\\/secure.gravatar.com\\\/avatar\\\/5bae255455c24e201554da273cd27d3b84f92cd5111a46f0db8b2ff9e8240e64?s=96&d=mm&r=g\",\"caption\":\"norrkoping\"},\"description\":\"Kristdemokraterna i Norrk\u00f6ping vill skapa ett Norrk\u00f6ping d\u00e4r ingen h\u00e5lls tillbaka och ingen l\u00e4mnas efter!\",\"url\":\"https:\\\/\\\/wp.kristdemokraterna.se\\\/norrkoping\\\/author\\\/norrkoping\\\/\"}]}<\/script>\n<!-- \/ Yoast SEO plugin. -->","yoast_head_json":{"title":"Id\u00e9kl\u00e4ckardagen 27 oktober - Norrk\u00f6ping","robots":{"index":"index","follow":"follow","max-snippet":"max-snippet:-1","max-image-preview":"max-image-preview:large","max-video-preview":"max-video-preview:-1"},"canonical":"https:\/\/wp.kristdemokraterna.se\/norrkoping\/ideklackardagen-27-oktober\/","og_locale":"sv_SE","og_type":"article","og_title":"Id\u00e9kl\u00e4ckardagen 27 oktober - Norrk\u00f6ping","og_description":"Under \u00a0h\u00f6sten har vi lagt flera motioner om bl a cykelkampanj, zonindelningar och nu senast barnahus i Norrk\u00f6ping.\u00a0Vi har st\u00e4llt interpellationer om konstgr\u00e4s, och fr\u00e5gor t ex om sp\u00e4dbarnsenheten Timjan. Vi har \u00e4ven f\u00e5tt in en del debattartiklar och ins\u00e4ndare, och Margaretha och Eva-Britt bloggar p\u00e5 NTs politikerblogg. Det finns fortfarande v\u00e4ligt mycket att g\u00f6ra. Read More","og_url":"https:\/\/wp.kristdemokraterna.se\/norrkoping\/ideklackardagen-27-oktober\/","og_site_name":"Norrk\u00f6ping","article_publisher":"https:\/\/www.facebook.com\/kdnorrkoping\/","article_published_time":"2012-11-01T10:15:48+00:00","article_modified_time":"2012-11-01T10:21:05+00:00","og_image":[{"url":"http:\/\/wp.kristdemokraterna.se\/norrkoping\/files\/2012\/11\/112-225x300.jpg","type":"","width":"","height":""}],"author":"norrkoping","twitter_card":"summary_large_image","twitter_misc":{"Skriven av":"norrkoping","Ber\u00e4knad l\u00e4stid":"1 minut"},"schema":{"@context":"https:\/\/schema.org","@graph":[{"@type":"Article","@id":"https:\/\/wp.kristdemokraterna.se\/norrkoping\/ideklackardagen-27-oktober\/#article","isPartOf":{"@id":"https:\/\/wp.kristdemokraterna.se\/norrkoping\/ideklackardagen-27-oktober\/"},"author":{"name":"norrkoping","@id":"https:\/\/wp.kristdemokraterna.se\/norrkoping\/#\/schema\/person\/053ab61aecc405e6e1ac090a6184d5f1"},"headline":"Id\u00e9kl\u00e4ckardagen 27 oktober","datePublished":"2012-11-01T10:15:48+00:00","dateModified":"2012-11-01T10:21:05+00:00","mainEntityOfPage":{"@id":"https:\/\/wp.kristdemokraterna.se\/norrkoping\/ideklackardagen-27-oktober\/"},"wordCount":119,"image":{"@id":"https:\/\/wp.kristdemokraterna.se\/norrkoping\/ideklackardagen-27-oktober\/#primaryimage"},"thumbnailUrl":"http:\/\/wp.kristdemokraterna.se\/norrkoping\/files\/2012\/11\/112-225x300.jpg","inLanguage":"sv-SE"},{"@type":"WebPage","@id":"https:\/\/wp.kristdemokraterna.se\/norrkoping\/ideklackardagen-27-oktober\/","url":"https:\/\/wp.kristdemokraterna.se\/norrkoping\/ideklackardagen-27-oktober\/","name":"Id\u00e9kl\u00e4ckardagen 27 oktober - Norrk\u00f6ping","isPartOf":{"@id":"https:\/\/wp.kristdemokraterna.se\/norrkoping\/#website"},"primaryImageOfPage":{"@id":"https:\/\/wp.kristdemokraterna.se\/norrkoping\/ideklackardagen-27-oktober\/#primaryimage"},"image":{"@id":"https:\/\/wp.kristdemokraterna.se\/norrkoping\/ideklackardagen-27-oktober\/#primaryimage"},"thumbnailUrl":"http:\/\/wp.kristdemokraterna.se\/norrkoping\/files\/2012\/11\/112-225x300.jpg","datePublished":"2012-11-01T10:15:48+00:00","dateModified":"2012-11-01T10:21:05+00:00","author":{"@id":"https:\/\/wp.kristdemokraterna.se\/norrkoping\/#\/schema\/person\/053ab61aecc405e6e1ac090a6184d5f1"},"breadcrumb":{"@id":"https:\/\/wp.kristdemokraterna.se\/norrkoping\/ideklackardagen-27-oktober\/#breadcrumb"},"inLanguage":"sv-SE","potentialAction":[{"@type":"ReadAction","target":["https:\/\/wp.kristdemokraterna.se\/norrkoping\/ideklackardagen-27-oktober\/"]}]},{"@type":"ImageObject","inLanguage":"sv-SE","@id":"https:\/\/wp.kristdemokraterna.se\/norrkoping\/ideklackardagen-27-oktober\/#primaryimage","url":"https:\/\/wp.kristdemokraterna.se\/norrkoping\/files\/2012\/11\/112.jpg","contentUrl":"https:\/\/wp.kristdemokraterna.se\/norrkoping\/files\/2012\/11\/112.jpg","width":"2448","height":"3264"},{"@type":"BreadcrumbList","@id":"https:\/\/wp.kristdemokraterna.se\/norrkoping\/ideklackardagen-27-oktober\/#breadcrumb","itemListElement":[{"@type":"ListItem","position":1,"name":"Hem","item":"https:\/\/wp.kristdemokraterna.se\/norrkoping\/"},{"@type":"ListItem","position":2,"name":"Id\u00e9kl\u00e4ckardagen 27 oktober"}]},{"@type":"WebSite","@id":"https:\/\/wp.kristdemokraterna.se\/norrkoping\/#website","url":"https:\/\/wp.kristdemokraterna.se\/norrkoping\/","name":"Norrk\u00f6ping","description":"Kristdemokraterna","inLanguage":"sv-SE"},{"@type":"Person","@id":"https:\/\/wp.kristdemokraterna.se\/norrkoping\/#\/schema\/person\/053ab61aecc405e6e1ac090a6184d5f1","name":"norrkoping","image":{"@type":"ImageObject","inLanguage":"sv-SE","@id":"https:\/\/secure.gravatar.com\/avatar\/5bae255455c24e201554da273cd27d3b84f92cd5111a46f0db8b2ff9e8240e64?s=96&d=mm&r=g","url":"https:\/\/secure.gravatar.com\/avatar\/5bae255455c24e201554da273cd27d3b84f92cd5111a46f0db8b2ff9e8240e64?s=96&d=mm&r=g","contentUrl":"https:\/\/secure.gravatar.com\/avatar\/5bae255455c24e201554da273cd27d3b84f92cd5111a46f0db8b2ff9e8240e64?s=96&d=mm&r=g","caption":"norrkoping"},"description":"Kristdemokraterna i Norrk\u00f6ping vill skapa ett Norrk\u00f6ping d\u00e4r ingen h\u00e5lls tillbaka och ingen l\u00e4mnas efter!","url":"https:\/\/wp.kristdemokraterna.se\/norrkoping\/author\/norrkoping\/"}]}},"_links":{"self":[{"href":"https:\/\/wp.kristdemokraterna.se\/norrkoping\/wp-json\/wp\/v2\/posts\/149","targetHints":{"allow":["GET"]}}],"collection":[{"href":"https:\/\/wp.kristdemokraterna.se\/norrkoping\/wp-json\/wp\/v2\/posts"}],"about":[{"href":"https:\/\/wp.kristdemokraterna.se\/norrkoping\/wp-json\/wp\/v2\/types\/post"}],"author":[{"embeddable":true,"href":"https:\/\/wp.kristdemokraterna.se\/norrkoping\/wp-json\/wp\/v2\/users\/45"}],"replies":[{"embeddable":true,"href":"https:\/\/wp.kristdemokraterna.se\/norrkoping\/wp-json\/wp\/v2\/comments?post=149"}],"version-history":[{"count":5,"href":"https:\/\/wp.kristdemokraterna.se\/norrkoping\/wp-json\/wp\/v2\/posts\/149\/revisions"}],"predecessor-version":[{"id":153,"href":"https:\/\/wp.kristdemokraterna.se\/norrkoping\/wp-json\/wp\/v2\/posts\/149\/revisions\/153"}],"wp:attachment":[{"href":"https:\/\/wp.kristdemokraterna.se\/norrkoping\/wp-json\/wp\/v2\/media?parent=149"}],"wp:term":[{"taxonomy":"category","embeddable":true,"href":"https:\/\/wp.kristdemokraterna.se\/norrkoping\/wp-json\/wp\/v2\/categories?post=149"},{"taxonomy":"post_tag","embeddable":true,"href":"https:\/\/wp.kristdemokraterna.se\/norrkoping\/wp-json\/wp\/v2\/tags?post=149"}],"curies":[{"name":"wp","href":"https:\/\/api.w.org\/{rel}","templated":true}]}}