{"id":1655,"date":"2014-08-18T15:30:07","date_gmt":"2014-08-18T13:30:07","guid":{"rendered":"http:\/\/wp.kristdemokraterna.se\/norrkoping\/?p=1655"},"modified":"2014-08-18T15:30:18","modified_gmt":"2014-08-18T13:30:18","slug":"mer-utrymme-for-enskilda-och-foretagande","status":"publish","type":"post","link":"https:\/\/wp.kristdemokraterna.se\/norrkoping\/mer-utrymme-for-enskilda-och-foretagande\/","title":{"rendered":"F\u00f6r v\u00e4rdig och vettig v\u00e5rd!"},"content":{"rendered":"<p>I f\u00f6rmiddags m\u00f6tte v\u00e5r kommunfullm\u00e4ktigekandidat Eva-Britt Sj\u00f6berg och landstingskandidaten Monica Holtstad Sandberg media f\u00f6r att presentera och svara p\u00e5 fr\u00e5gor kring Kristdemokraterna i Norrk\u00f6pings valmanifest. De talade om vikten av samarbete mellan just kommun och landsting f\u00f6r v\u00e4rdig v\u00e5rd!<\/p>\n<blockquote><p>En person, vare sig patient eller anh\u00f6rig,\u00a0bryr sig inte om ifall det \u00e4r kommunens eller landstingets ansvar. Denne vill bara att det ska fungera och d\u00e4rf\u00f6r m\u00e5ste b\u00e4gge parter samarbeta f\u00f6r att kunna uppn\u00e5 en god v\u00e5rd f\u00f6r den enskilde!&#8221; &#8211; Monica Holtstad Sandberg<\/p><\/blockquote>\n<p>Andra viktiga fr\u00e5gor som Kristdemokraterna i Norrk\u00f6ping driver \u00e4r att, i samarbete med landstinget, \u00e5ter\u00f6ppna korttidsplatserna p\u00e5 Cedersborg, inr\u00e4tt mellanv\u00e5rdsplatser och att \u00f6ppna upp f\u00f6r gymnasieelever att arbeta inom kommunens \u00e4ldreomsorg p\u00e5 helgstid.<\/p>\n<blockquote><p>&#8221;\u00d6ppnar vi upp f\u00f6r gymnasieelever att arbeta med social verksamhet p\u00e5 v\u00e5ra \u00e4ldreboenden f\u00e5r vi en win-win-win-win situation. De \u00e4ldre f\u00e5r ut\u00f6kad social gemenskap, ungdomarna f\u00e5r sin f\u00f6rsta mening p\u00e5 CV:t, det inneb\u00e4r ett s\u00e4tt att \u00f6ka intresse och rekrytering f\u00f6r v\u00e5rdbranschen och det kan \u00e4ven \u00f6ka de ungas psykiska h\u00e4lsa och motverka utanf\u00f6rskap.&#8221; &#8211; Eva-Britt Sj\u00f6berg<\/p>\n<p>&nbsp;<\/p><\/blockquote>\n<p>Vill du l\u00e4sa mer om v\u00e5ra politiska f\u00f6rslag f\u00f6r Norrk\u00f6ping <a href=\"http:\/\/wp.kristdemokraterna.se\/norrkoping\/kandidater-2\/valmanifest-2014\/\" target=\"_blank\">kan du klicka h\u00e4r.<\/a><\/p>\n<p>Nedan f\u00f6ljer bilder fr\u00e5n presstr\u00e4ffen som h\u00f6lls utanf\u00f6r Vrinnevisjukhuset som fick symbolisera hur viktigt det \u00e4r att kommunpolitikerna samarbetar med landstinget f\u00f6r b\u00e4sta j\u00e4mlika v\u00e5rd f\u00f6r alla &#8211; i hela \u00d6sterg\u00f6tland.<\/p>\n<p><a href=\"http:\/\/wp.kristdemokraterna.se\/norrkoping\/files\/2014\/08\/bild-22.jpg\"><img loading=\"lazy\" decoding=\"async\" class=\"aligncenter size-large wp-image-1657\" src=\"http:\/\/wp.kristdemokraterna.se\/norrkoping\/files\/2014\/08\/bild-22-1024x768.jpg\" alt=\"bild 2\" width=\"584\" height=\"438\" srcset=\"https:\/\/wp.kristdemokraterna.se\/norrkoping\/files\/2014\/08\/bild-22-1024x768.jpg 1024w, https:\/\/wp.kristdemokraterna.se\/norrkoping\/files\/2014\/08\/bild-22-300x225.jpg 300w, https:\/\/wp.kristdemokraterna.se\/norrkoping\/files\/2014\/08\/bild-22-460x346.jpg 460w, https:\/\/wp.kristdemokraterna.se\/norrkoping\/files\/2014\/08\/bild-22-149x112.jpg 149w, https:\/\/wp.kristdemokraterna.se\/norrkoping\/files\/2014\/08\/bild-22.jpg 2046w\" sizes=\"auto, (max-width: 584px) 100vw, 584px\" \/><\/a> <a href=\"http:\/\/wp.kristdemokraterna.se\/norrkoping\/files\/2014\/08\/bild-32.jpg\"><img loading=\"lazy\" decoding=\"async\" class=\"aligncenter size-full wp-image-1658\" src=\"http:\/\/wp.kristdemokraterna.se\/norrkoping\/files\/2014\/08\/bild-32.jpg\" alt=\"bild 3\" width=\"2048\" height=\"1536\" srcset=\"https:\/\/wp.kristdemokraterna.se\/norrkoping\/files\/2014\/08\/bild-32.jpg 2048w, https:\/\/wp.kristdemokraterna.se\/norrkoping\/files\/2014\/08\/bild-32-300x225.jpg 300w, https:\/\/wp.kristdemokraterna.se\/norrkoping\/files\/2014\/08\/bild-32-1024x768.jpg 1024w, https:\/\/wp.kristdemokraterna.se\/norrkoping\/files\/2014\/08\/bild-32-461x346.jpg 461w, https:\/\/wp.kristdemokraterna.se\/norrkoping\/files\/2014\/08\/bild-32-149x112.jpg 149w\" sizes=\"auto, (max-width: 2048px) 100vw, 2048px\" \/><\/a> <a href=\"http:\/\/wp.kristdemokraterna.se\/norrkoping\/files\/2014\/08\/bild-42.jpg\"><img loading=\"lazy\" decoding=\"async\" class=\"aligncenter size-full wp-image-1659\" src=\"http:\/\/wp.kristdemokraterna.se\/norrkoping\/files\/2014\/08\/bild-42.jpg\" alt=\"bild 4\" width=\"2048\" height=\"1536\" srcset=\"https:\/\/wp.kristdemokraterna.se\/norrkoping\/files\/2014\/08\/bild-42.jpg 2048w, https:\/\/wp.kristdemokraterna.se\/norrkoping\/files\/2014\/08\/bild-42-300x225.jpg 300w, https:\/\/wp.kristdemokraterna.se\/norrkoping\/files\/2014\/08\/bild-42-1024x768.jpg 1024w, https:\/\/wp.kristdemokraterna.se\/norrkoping\/files\/2014\/08\/bild-42-461x346.jpg 461w, https:\/\/wp.kristdemokraterna.se\/norrkoping\/files\/2014\/08\/bild-42-149x112.jpg 149w\" sizes=\"auto, (max-width: 2048px) 100vw, 2048px\" \/><\/a> <a href=\"http:\/\/wp.kristdemokraterna.se\/norrkoping\/files\/2014\/08\/bild-12.jpg\"><img loading=\"lazy\" decoding=\"async\" class=\"aligncenter size-full wp-image-1656\" src=\"http:\/\/wp.kristdemokraterna.se\/norrkoping\/files\/2014\/08\/bild-12.jpg\" alt=\"bild 1\" width=\"2048\" height=\"1536\" srcset=\"https:\/\/wp.kristdemokraterna.se\/norrkoping\/files\/2014\/08\/bild-12.jpg 2048w, https:\/\/wp.kristdemokraterna.se\/norrkoping\/files\/2014\/08\/bild-12-300x225.jpg 300w, https:\/\/wp.kristdemokraterna.se\/norrkoping\/files\/2014\/08\/bild-12-1024x768.jpg 1024w, https:\/\/wp.kristdemokraterna.se\/norrkoping\/files\/2014\/08\/bild-12-461x346.jpg 461w, https:\/\/wp.kristdemokraterna.se\/norrkoping\/files\/2014\/08\/bild-12-149x112.jpg 149w\" sizes=\"auto, (max-width: 2048px) 100vw, 2048px\" \/><\/a> <a href=\"http:\/\/wp.kristdemokraterna.se\/norrkoping\/files\/2014\/08\/bild-52.jpg\"><img loading=\"lazy\" decoding=\"async\" class=\"aligncenter size-large wp-image-1660\" src=\"http:\/\/wp.kristdemokraterna.se\/norrkoping\/files\/2014\/08\/bild-52-1024x768.jpg\" alt=\"bild 5\" width=\"584\" height=\"438\" srcset=\"https:\/\/wp.kristdemokraterna.se\/norrkoping\/files\/2014\/08\/bild-52-1024x768.jpg 1024w, https:\/\/wp.kristdemokraterna.se\/norrkoping\/files\/2014\/08\/bild-52-300x225.jpg 300w, https:\/\/wp.kristdemokraterna.se\/norrkoping\/files\/2014\/08\/bild-52-461x346.jpg 461w, https:\/\/wp.kristdemokraterna.se\/norrkoping\/files\/2014\/08\/bild-52-149x112.jpg 149w, https:\/\/wp.kristdemokraterna.se\/norrkoping\/files\/2014\/08\/bild-52.jpg 2048w\" sizes=\"auto, (max-width: 584px) 100vw, 584px\" \/><\/a><\/p>\n","protected":false},"excerpt":{"rendered":"<p>I f\u00f6rmiddags m\u00f6tte v\u00e5r kommunfullm\u00e4ktigekandidat Eva-Britt Sj\u00f6berg och landstingskandidaten Monica Holtstad Sandberg media f\u00f6r att presentera och svara p\u00e5 fr\u00e5gor kring Kristdemokraterna i Norrk\u00f6pings valmanifest. De talade om vikten av samarbete mellan just kommun och landsting f\u00f6r v\u00e4rdig v\u00e5rd! En person, vare sig patient eller anh\u00f6rig,\u00a0bryr sig inte om ifall det \u00e4r kommunens eller landstingets <a class=\"read-more-link\" href=\"https:\/\/wp.kristdemokraterna.se\/norrkoping\/mer-utrymme-for-enskilda-och-foretagande\/\">Read More<\/a><\/p>\n","protected":false},"author":45,"featured_media":0,"comment_status":"closed","ping_status":"closed","sticky":false,"template":"","format":"standard","meta":{"_acf_changed":false,"footnotes":""},"categories":[1],"tags":[],"class_list":["post-1655","post","type-post","status-publish","format-standard","hentry","category-okategoriserade"],"acf":[],"yoast_head":"<!-- This site is optimized with the Yoast SEO plugin v27.5 - https:\/\/yoast.com\/product\/yoast-seo-wordpress\/ -->\n<title>F\u00f6r v\u00e4rdig och vettig v\u00e5rd! - Norrk\u00f6ping<\/title>\n<meta name=\"robots\" content=\"index, follow, max-snippet:-1, max-image-preview:large, max-video-preview:-1\" \/>\n<link rel=\"canonical\" href=\"https:\/\/wp.kristdemokraterna.se\/norrkoping\/mer-utrymme-for-enskilda-och-foretagande\/\" \/>\n<meta property=\"og:locale\" content=\"sv_SE\" \/>\n<meta property=\"og:type\" content=\"article\" \/>\n<meta property=\"og:title\" content=\"F\u00f6r v\u00e4rdig och vettig v\u00e5rd! - Norrk\u00f6ping\" \/>\n<meta property=\"og:description\" content=\"I f\u00f6rmiddags m\u00f6tte v\u00e5r kommunfullm\u00e4ktigekandidat Eva-Britt Sj\u00f6berg och landstingskandidaten Monica Holtstad Sandberg media f\u00f6r att presentera och svara p\u00e5 fr\u00e5gor kring Kristdemokraterna i Norrk\u00f6pings valmanifest. De talade om vikten av samarbete mellan just kommun och landsting f\u00f6r v\u00e4rdig v\u00e5rd! En person, vare sig patient eller anh\u00f6rig,\u00a0bryr sig inte om ifall det \u00e4r kommunens eller landstingets Read More\" \/>\n<meta property=\"og:url\" content=\"https:\/\/wp.kristdemokraterna.se\/norrkoping\/mer-utrymme-for-enskilda-och-foretagande\/\" \/>\n<meta property=\"og:site_name\" content=\"Norrk\u00f6ping\" \/>\n<meta property=\"article:publisher\" content=\"https:\/\/www.facebook.com\/kdnorrkoping\/\" \/>\n<meta property=\"article:published_time\" content=\"2014-08-18T13:30:07+00:00\" \/>\n<meta property=\"article:modified_time\" content=\"2014-08-18T13:30:18+00:00\" \/>\n<meta property=\"og:image\" content=\"http:\/\/wp.kristdemokraterna.se\/norrkoping\/files\/2014\/08\/bild-22-1024x768.jpg\" \/>\n<meta name=\"author\" content=\"norrkoping\" \/>\n<meta name=\"twitter:card\" content=\"summary_large_image\" \/>\n<meta name=\"twitter:label1\" content=\"Skriven av\" \/>\n\t<meta name=\"twitter:data1\" content=\"norrkoping\" \/>\n\t<meta name=\"twitter:label2\" content=\"Ber\u00e4knad l\u00e4stid\" \/>\n\t<meta name=\"twitter:data2\" content=\"1 minut\" \/>\n<script type=\"application\/ld+json\" class=\"yoast-schema-graph\">{\"@context\":\"https:\\\/\\\/schema.org\",\"@graph\":[{\"@type\":\"Article\",\"@id\":\"https:\\\/\\\/wp.kristdemokraterna.se\\\/norrkoping\\\/mer-utrymme-for-enskilda-och-foretagande\\\/#article\",\"isPartOf\":{\"@id\":\"https:\\\/\\\/wp.kristdemokraterna.se\\\/norrkoping\\\/mer-utrymme-for-enskilda-och-foretagande\\\/\"},\"author\":{\"name\":\"norrkoping\",\"@id\":\"https:\\\/\\\/wp.kristdemokraterna.se\\\/norrkoping\\\/#\\\/schema\\\/person\\\/053ab61aecc405e6e1ac090a6184d5f1\"},\"headline\":\"F\u00f6r v\u00e4rdig och vettig v\u00e5rd!\",\"datePublished\":\"2014-08-18T13:30:07+00:00\",\"dateModified\":\"2014-08-18T13:30:18+00:00\",\"mainEntityOfPage\":{\"@id\":\"https:\\\/\\\/wp.kristdemokraterna.se\\\/norrkoping\\\/mer-utrymme-for-enskilda-och-foretagande\\\/\"},\"wordCount\":285,\"image\":{\"@id\":\"https:\\\/\\\/wp.kristdemokraterna.se\\\/norrkoping\\\/mer-utrymme-for-enskilda-och-foretagande\\\/#primaryimage\"},\"thumbnailUrl\":\"http:\\\/\\\/wp.kristdemokraterna.se\\\/norrkoping\\\/files\\\/2014\\\/08\\\/bild-22-1024x768.jpg\",\"inLanguage\":\"sv-SE\"},{\"@type\":\"WebPage\",\"@id\":\"https:\\\/\\\/wp.kristdemokraterna.se\\\/norrkoping\\\/mer-utrymme-for-enskilda-och-foretagande\\\/\",\"url\":\"https:\\\/\\\/wp.kristdemokraterna.se\\\/norrkoping\\\/mer-utrymme-for-enskilda-och-foretagande\\\/\",\"name\":\"F\u00f6r v\u00e4rdig och vettig v\u00e5rd! - Norrk\u00f6ping\",\"isPartOf\":{\"@id\":\"https:\\\/\\\/wp.kristdemokraterna.se\\\/norrkoping\\\/#website\"},\"primaryImageOfPage\":{\"@id\":\"https:\\\/\\\/wp.kristdemokraterna.se\\\/norrkoping\\\/mer-utrymme-for-enskilda-och-foretagande\\\/#primaryimage\"},\"image\":{\"@id\":\"https:\\\/\\\/wp.kristdemokraterna.se\\\/norrkoping\\\/mer-utrymme-for-enskilda-och-foretagande\\\/#primaryimage\"},\"thumbnailUrl\":\"http:\\\/\\\/wp.kristdemokraterna.se\\\/norrkoping\\\/files\\\/2014\\\/08\\\/bild-22-1024x768.jpg\",\"datePublished\":\"2014-08-18T13:30:07+00:00\",\"dateModified\":\"2014-08-18T13:30:18+00:00\",\"author\":{\"@id\":\"https:\\\/\\\/wp.kristdemokraterna.se\\\/norrkoping\\\/#\\\/schema\\\/person\\\/053ab61aecc405e6e1ac090a6184d5f1\"},\"breadcrumb\":{\"@id\":\"https:\\\/\\\/wp.kristdemokraterna.se\\\/norrkoping\\\/mer-utrymme-for-enskilda-och-foretagande\\\/#breadcrumb\"},\"inLanguage\":\"sv-SE\",\"potentialAction\":[{\"@type\":\"ReadAction\",\"target\":[\"https:\\\/\\\/wp.kristdemokraterna.se\\\/norrkoping\\\/mer-utrymme-for-enskilda-och-foretagande\\\/\"]}]},{\"@type\":\"ImageObject\",\"inLanguage\":\"sv-SE\",\"@id\":\"https:\\\/\\\/wp.kristdemokraterna.se\\\/norrkoping\\\/mer-utrymme-for-enskilda-och-foretagande\\\/#primaryimage\",\"url\":\"https:\\\/\\\/wp.kristdemokraterna.se\\\/norrkoping\\\/files\\\/2014\\\/08\\\/bild-22.jpg\",\"contentUrl\":\"https:\\\/\\\/wp.kristdemokraterna.se\\\/norrkoping\\\/files\\\/2014\\\/08\\\/bild-22.jpg\",\"width\":2046,\"height\":1536},{\"@type\":\"BreadcrumbList\",\"@id\":\"https:\\\/\\\/wp.kristdemokraterna.se\\\/norrkoping\\\/mer-utrymme-for-enskilda-och-foretagande\\\/#breadcrumb\",\"itemListElement\":[{\"@type\":\"ListItem\",\"position\":1,\"name\":\"Hem\",\"item\":\"https:\\\/\\\/wp.kristdemokraterna.se\\\/norrkoping\\\/\"},{\"@type\":\"ListItem\",\"position\":2,\"name\":\"F\u00f6r v\u00e4rdig och vettig v\u00e5rd!\"}]},{\"@type\":\"WebSite\",\"@id\":\"https:\\\/\\\/wp.kristdemokraterna.se\\\/norrkoping\\\/#website\",\"url\":\"https:\\\/\\\/wp.kristdemokraterna.se\\\/norrkoping\\\/\",\"name\":\"Norrk\u00f6ping\",\"description\":\"Kristdemokraterna\",\"inLanguage\":\"sv-SE\"},{\"@type\":\"Person\",\"@id\":\"https:\\\/\\\/wp.kristdemokraterna.se\\\/norrkoping\\\/#\\\/schema\\\/person\\\/053ab61aecc405e6e1ac090a6184d5f1\",\"name\":\"norrkoping\",\"image\":{\"@type\":\"ImageObject\",\"inLanguage\":\"sv-SE\",\"@id\":\"https:\\\/\\\/secure.gravatar.com\\\/avatar\\\/5bae255455c24e201554da273cd27d3b84f92cd5111a46f0db8b2ff9e8240e64?s=96&d=mm&r=g\",\"url\":\"https:\\\/\\\/secure.gravatar.com\\\/avatar\\\/5bae255455c24e201554da273cd27d3b84f92cd5111a46f0db8b2ff9e8240e64?s=96&d=mm&r=g\",\"contentUrl\":\"https:\\\/\\\/secure.gravatar.com\\\/avatar\\\/5bae255455c24e201554da273cd27d3b84f92cd5111a46f0db8b2ff9e8240e64?s=96&d=mm&r=g\",\"caption\":\"norrkoping\"},\"description\":\"Kristdemokraterna i Norrk\u00f6ping vill skapa ett Norrk\u00f6ping d\u00e4r ingen h\u00e5lls tillbaka och ingen l\u00e4mnas efter!\",\"url\":\"https:\\\/\\\/wp.kristdemokraterna.se\\\/norrkoping\\\/author\\\/norrkoping\\\/\"}]}<\/script>\n<!-- \/ Yoast SEO plugin. -->","yoast_head_json":{"title":"F\u00f6r v\u00e4rdig och vettig v\u00e5rd! - Norrk\u00f6ping","robots":{"index":"index","follow":"follow","max-snippet":"max-snippet:-1","max-image-preview":"max-image-preview:large","max-video-preview":"max-video-preview:-1"},"canonical":"https:\/\/wp.kristdemokraterna.se\/norrkoping\/mer-utrymme-for-enskilda-och-foretagande\/","og_locale":"sv_SE","og_type":"article","og_title":"F\u00f6r v\u00e4rdig och vettig v\u00e5rd! - Norrk\u00f6ping","og_description":"I f\u00f6rmiddags m\u00f6tte v\u00e5r kommunfullm\u00e4ktigekandidat Eva-Britt Sj\u00f6berg och landstingskandidaten Monica Holtstad Sandberg media f\u00f6r att presentera och svara p\u00e5 fr\u00e5gor kring Kristdemokraterna i Norrk\u00f6pings valmanifest. De talade om vikten av samarbete mellan just kommun och landsting f\u00f6r v\u00e4rdig v\u00e5rd! En person, vare sig patient eller anh\u00f6rig,\u00a0bryr sig inte om ifall det \u00e4r kommunens eller landstingets Read More","og_url":"https:\/\/wp.kristdemokraterna.se\/norrkoping\/mer-utrymme-for-enskilda-och-foretagande\/","og_site_name":"Norrk\u00f6ping","article_publisher":"https:\/\/www.facebook.com\/kdnorrkoping\/","article_published_time":"2014-08-18T13:30:07+00:00","article_modified_time":"2014-08-18T13:30:18+00:00","og_image":[{"url":"http:\/\/wp.kristdemokraterna.se\/norrkoping\/files\/2014\/08\/bild-22-1024x768.jpg","type":"","width":"","height":""}],"author":"norrkoping","twitter_card":"summary_large_image","twitter_misc":{"Skriven av":"norrkoping","Ber\u00e4knad l\u00e4stid":"1 minut"},"schema":{"@context":"https:\/\/schema.org","@graph":[{"@type":"Article","@id":"https:\/\/wp.kristdemokraterna.se\/norrkoping\/mer-utrymme-for-enskilda-och-foretagande\/#article","isPartOf":{"@id":"https:\/\/wp.kristdemokraterna.se\/norrkoping\/mer-utrymme-for-enskilda-och-foretagande\/"},"author":{"name":"norrkoping","@id":"https:\/\/wp.kristdemokraterna.se\/norrkoping\/#\/schema\/person\/053ab61aecc405e6e1ac090a6184d5f1"},"headline":"F\u00f6r v\u00e4rdig och vettig v\u00e5rd!","datePublished":"2014-08-18T13:30:07+00:00","dateModified":"2014-08-18T13:30:18+00:00","mainEntityOfPage":{"@id":"https:\/\/wp.kristdemokraterna.se\/norrkoping\/mer-utrymme-for-enskilda-och-foretagande\/"},"wordCount":285,"image":{"@id":"https:\/\/wp.kristdemokraterna.se\/norrkoping\/mer-utrymme-for-enskilda-och-foretagande\/#primaryimage"},"thumbnailUrl":"http:\/\/wp.kristdemokraterna.se\/norrkoping\/files\/2014\/08\/bild-22-1024x768.jpg","inLanguage":"sv-SE"},{"@type":"WebPage","@id":"https:\/\/wp.kristdemokraterna.se\/norrkoping\/mer-utrymme-for-enskilda-och-foretagande\/","url":"https:\/\/wp.kristdemokraterna.se\/norrkoping\/mer-utrymme-for-enskilda-och-foretagande\/","name":"F\u00f6r v\u00e4rdig och vettig v\u00e5rd! - Norrk\u00f6ping","isPartOf":{"@id":"https:\/\/wp.kristdemokraterna.se\/norrkoping\/#website"},"primaryImageOfPage":{"@id":"https:\/\/wp.kristdemokraterna.se\/norrkoping\/mer-utrymme-for-enskilda-och-foretagande\/#primaryimage"},"image":{"@id":"https:\/\/wp.kristdemokraterna.se\/norrkoping\/mer-utrymme-for-enskilda-och-foretagande\/#primaryimage"},"thumbnailUrl":"http:\/\/wp.kristdemokraterna.se\/norrkoping\/files\/2014\/08\/bild-22-1024x768.jpg","datePublished":"2014-08-18T13:30:07+00:00","dateModified":"2014-08-18T13:30:18+00:00","author":{"@id":"https:\/\/wp.kristdemokraterna.se\/norrkoping\/#\/schema\/person\/053ab61aecc405e6e1ac090a6184d5f1"},"breadcrumb":{"@id":"https:\/\/wp.kristdemokraterna.se\/norrkoping\/mer-utrymme-for-enskilda-och-foretagande\/#breadcrumb"},"inLanguage":"sv-SE","potentialAction":[{"@type":"ReadAction","target":["https:\/\/wp.kristdemokraterna.se\/norrkoping\/mer-utrymme-for-enskilda-och-foretagande\/"]}]},{"@type":"ImageObject","inLanguage":"sv-SE","@id":"https:\/\/wp.kristdemokraterna.se\/norrkoping\/mer-utrymme-for-enskilda-och-foretagande\/#primaryimage","url":"https:\/\/wp.kristdemokraterna.se\/norrkoping\/files\/2014\/08\/bild-22.jpg","contentUrl":"https:\/\/wp.kristdemokraterna.se\/norrkoping\/files\/2014\/08\/bild-22.jpg","width":2046,"height":1536},{"@type":"BreadcrumbList","@id":"https:\/\/wp.kristdemokraterna.se\/norrkoping\/mer-utrymme-for-enskilda-och-foretagande\/#breadcrumb","itemListElement":[{"@type":"ListItem","position":1,"name":"Hem","item":"https:\/\/wp.kristdemokraterna.se\/norrkoping\/"},{"@type":"ListItem","position":2,"name":"F\u00f6r v\u00e4rdig och vettig v\u00e5rd!"}]},{"@type":"WebSite","@id":"https:\/\/wp.kristdemokraterna.se\/norrkoping\/#website","url":"https:\/\/wp.kristdemokraterna.se\/norrkoping\/","name":"Norrk\u00f6ping","description":"Kristdemokraterna","inLanguage":"sv-SE"},{"@type":"Person","@id":"https:\/\/wp.kristdemokraterna.se\/norrkoping\/#\/schema\/person\/053ab61aecc405e6e1ac090a6184d5f1","name":"norrkoping","image":{"@type":"ImageObject","inLanguage":"sv-SE","@id":"https:\/\/secure.gravatar.com\/avatar\/5bae255455c24e201554da273cd27d3b84f92cd5111a46f0db8b2ff9e8240e64?s=96&d=mm&r=g","url":"https:\/\/secure.gravatar.com\/avatar\/5bae255455c24e201554da273cd27d3b84f92cd5111a46f0db8b2ff9e8240e64?s=96&d=mm&r=g","contentUrl":"https:\/\/secure.gravatar.com\/avatar\/5bae255455c24e201554da273cd27d3b84f92cd5111a46f0db8b2ff9e8240e64?s=96&d=mm&r=g","caption":"norrkoping"},"description":"Kristdemokraterna i Norrk\u00f6ping vill skapa ett Norrk\u00f6ping d\u00e4r ingen h\u00e5lls tillbaka och ingen l\u00e4mnas efter!","url":"https:\/\/wp.kristdemokraterna.se\/norrkoping\/author\/norrkoping\/"}]}},"_links":{"self":[{"href":"https:\/\/wp.kristdemokraterna.se\/norrkoping\/wp-json\/wp\/v2\/posts\/1655","targetHints":{"allow":["GET"]}}],"collection":[{"href":"https:\/\/wp.kristdemokraterna.se\/norrkoping\/wp-json\/wp\/v2\/posts"}],"about":[{"href":"https:\/\/wp.kristdemokraterna.se\/norrkoping\/wp-json\/wp\/v2\/types\/post"}],"author":[{"embeddable":true,"href":"https:\/\/wp.kristdemokraterna.se\/norrkoping\/wp-json\/wp\/v2\/users\/45"}],"replies":[{"embeddable":true,"href":"https:\/\/wp.kristdemokraterna.se\/norrkoping\/wp-json\/wp\/v2\/comments?post=1655"}],"version-history":[{"count":2,"href":"https:\/\/wp.kristdemokraterna.se\/norrkoping\/wp-json\/wp\/v2\/posts\/1655\/revisions"}],"predecessor-version":[{"id":1662,"href":"https:\/\/wp.kristdemokraterna.se\/norrkoping\/wp-json\/wp\/v2\/posts\/1655\/revisions\/1662"}],"wp:attachment":[{"href":"https:\/\/wp.kristdemokraterna.se\/norrkoping\/wp-json\/wp\/v2\/media?parent=1655"}],"wp:term":[{"taxonomy":"category","embeddable":true,"href":"https:\/\/wp.kristdemokraterna.se\/norrkoping\/wp-json\/wp\/v2\/categories?post=1655"},{"taxonomy":"post_tag","embeddable":true,"href":"https:\/\/wp.kristdemokraterna.se\/norrkoping\/wp-json\/wp\/v2\/tags?post=1655"}],"curies":[{"name":"wp","href":"https:\/\/api.w.org\/{rel}","templated":true}]}}