{"id":1852,"date":"2015-02-04T10:29:28","date_gmt":"2015-02-04T09:29:28","guid":{"rendered":"http:\/\/wp.kristdemokraterna.se\/norrkoping\/?p=1852"},"modified":"2015-02-04T10:29:28","modified_gmt":"2015-02-04T09:29:28","slug":"vardnadsbidraget","status":"publish","type":"post","link":"https:\/\/wp.kristdemokraterna.se\/norrkoping\/vardnadsbidraget\/","title":{"rendered":"V\u00e5rdnadsbidraget"},"content":{"rendered":"<p>Av Sveriges 500.000 barnfamiljer \u00e4r det ca 7000 familjer som valt att anv\u00e4nda denna valfrihet f\u00f6r att f\u00e5 m\u00f6jlighet till n\u00e5gra m\u00e5naders l\u00e4ngre tid hemma med sina sm\u00e5 barn. Denna valfrihet vill nu regeringen med hj\u00e4lp av FP ta bort.<\/p>\n<p>Den f\u00f6rsta tre \u00e5ren i ett barns liv \u00e4r en mycket viktig period f\u00f6r anknytning och att d\u00e5 ber\u00f6va de familjer som vill prioritera detta \u00e4r dumsn\u00e5lt och tr\u00e5ngsynt. Vi kristdemokrater anser att f\u00f6r\u00e4ldrarna \u00e4r de som b\u00e4st kan avg\u00f6ra vad som \u00e4r b\u00e4st f\u00f6r deras barn och f\u00f6r sin familj.<\/p>\n<p>L\u00e4s mer om detta p\u00e5 <a href=\"http:\/\/nt.se\/bloggar\/eva-britt-sjoberg-kd\/sveket-mot-valfriheten\/?blog=7604531&amp;entry=10683618\" target=\"_blank\">Eva-Britt Sj\u00f6bergs blogg.<\/a><\/p>\n<p><a href=\"http:\/\/wp.kristdemokraterna.se\/norrkoping\/files\/2014\/09\/eva-britt-sjoberg_kd_2-e1411126030390.jpg\"><img loading=\"lazy\" decoding=\"async\" class=\"aligncenter size-full wp-image-1709\" src=\"http:\/\/wp.kristdemokraterna.se\/norrkoping\/files\/2014\/09\/eva-britt-sjoberg_kd_2-e1411126030390.jpg\" alt=\"Eva-Britt-Sj\u00f6berg_KD_2\" width=\"2818\" height=\"1157\" srcset=\"https:\/\/wp.kristdemokraterna.se\/norrkoping\/files\/2014\/09\/eva-britt-sjoberg_kd_2-e1411126030390.jpg 2818w, https:\/\/wp.kristdemokraterna.se\/norrkoping\/files\/2014\/09\/eva-britt-sjoberg_kd_2-e1411126030390-300x123.jpg 300w, https:\/\/wp.kristdemokraterna.se\/norrkoping\/files\/2014\/09\/eva-britt-sjoberg_kd_2-e1411126030390-1024x420.jpg 1024w, https:\/\/wp.kristdemokraterna.se\/norrkoping\/files\/2014\/09\/eva-britt-sjoberg_kd_2-e1411126030390-576x236.jpg 576w, https:\/\/wp.kristdemokraterna.se\/norrkoping\/files\/2014\/09\/eva-britt-sjoberg_kd_2-e1411126030390-186x76.jpg 186w\" sizes=\"auto, (max-width: 2818px) 100vw, 2818px\" \/><\/a><\/p>\n","protected":false},"excerpt":{"rendered":"<p>Av Sveriges 500.000 barnfamiljer \u00e4r det ca 7000 familjer som valt att anv\u00e4nda denna valfrihet f\u00f6r att f\u00e5 m\u00f6jlighet till n\u00e5gra m\u00e5naders l\u00e4ngre tid hemma med sina sm\u00e5 barn. Denna valfrihet vill nu regeringen med hj\u00e4lp av FP ta bort. Den f\u00f6rsta tre \u00e5ren i ett barns liv \u00e4r en mycket viktig period f\u00f6r anknytning <a class=\"read-more-link\" href=\"https:\/\/wp.kristdemokraterna.se\/norrkoping\/vardnadsbidraget\/\">Read More<\/a><\/p>\n","protected":false},"author":45,"featured_media":0,"comment_status":"closed","ping_status":"closed","sticky":false,"template":"","format":"standard","meta":{"_acf_changed":false,"footnotes":""},"categories":[1],"tags":[],"class_list":["post-1852","post","type-post","status-publish","format-standard","hentry","category-okategoriserade"],"acf":[],"yoast_head":"<!-- This site is optimized with the Yoast SEO plugin v27.5 - https:\/\/yoast.com\/product\/yoast-seo-wordpress\/ -->\n<title>V\u00e5rdnadsbidraget - Norrk\u00f6ping<\/title>\n<meta name=\"robots\" content=\"index, follow, max-snippet:-1, max-image-preview:large, max-video-preview:-1\" \/>\n<link rel=\"canonical\" href=\"https:\/\/wp.kristdemokraterna.se\/norrkoping\/vardnadsbidraget\/\" \/>\n<meta property=\"og:locale\" content=\"sv_SE\" \/>\n<meta property=\"og:type\" content=\"article\" \/>\n<meta property=\"og:title\" content=\"V\u00e5rdnadsbidraget - Norrk\u00f6ping\" \/>\n<meta property=\"og:description\" content=\"Av Sveriges 500.000 barnfamiljer \u00e4r det ca 7000 familjer som valt att anv\u00e4nda denna valfrihet f\u00f6r att f\u00e5 m\u00f6jlighet till n\u00e5gra m\u00e5naders l\u00e4ngre tid hemma med sina sm\u00e5 barn. Denna valfrihet vill nu regeringen med hj\u00e4lp av FP ta bort. Den f\u00f6rsta tre \u00e5ren i ett barns liv \u00e4r en mycket viktig period f\u00f6r anknytning Read More\" \/>\n<meta property=\"og:url\" content=\"https:\/\/wp.kristdemokraterna.se\/norrkoping\/vardnadsbidraget\/\" \/>\n<meta property=\"og:site_name\" content=\"Norrk\u00f6ping\" \/>\n<meta property=\"article:publisher\" content=\"https:\/\/www.facebook.com\/kdnorrkoping\/\" \/>\n<meta property=\"article:published_time\" content=\"2015-02-04T09:29:28+00:00\" \/>\n<meta property=\"og:image\" content=\"http:\/\/wp.kristdemokraterna.se\/norrkoping\/files\/2014\/09\/eva-britt-sjoberg_kd_2-e1411126030390.jpg\" \/>\n<meta name=\"author\" content=\"norrkoping\" \/>\n<meta name=\"twitter:card\" content=\"summary_large_image\" \/>\n<meta name=\"twitter:label1\" content=\"Skriven av\" \/>\n\t<meta name=\"twitter:data1\" content=\"norrkoping\" \/>\n\t<meta name=\"twitter:label2\" content=\"Ber\u00e4knad l\u00e4stid\" \/>\n\t<meta name=\"twitter:data2\" content=\"1 minut\" \/>\n<script type=\"application\/ld+json\" class=\"yoast-schema-graph\">{\"@context\":\"https:\\\/\\\/schema.org\",\"@graph\":[{\"@type\":\"Article\",\"@id\":\"https:\\\/\\\/wp.kristdemokraterna.se\\\/norrkoping\\\/vardnadsbidraget\\\/#article\",\"isPartOf\":{\"@id\":\"https:\\\/\\\/wp.kristdemokraterna.se\\\/norrkoping\\\/vardnadsbidraget\\\/\"},\"author\":{\"name\":\"norrkoping\",\"@id\":\"https:\\\/\\\/wp.kristdemokraterna.se\\\/norrkoping\\\/#\\\/schema\\\/person\\\/053ab61aecc405e6e1ac090a6184d5f1\"},\"headline\":\"V\u00e5rdnadsbidraget\",\"datePublished\":\"2015-02-04T09:29:28+00:00\",\"mainEntityOfPage\":{\"@id\":\"https:\\\/\\\/wp.kristdemokraterna.se\\\/norrkoping\\\/vardnadsbidraget\\\/\"},\"wordCount\":120,\"image\":{\"@id\":\"https:\\\/\\\/wp.kristdemokraterna.se\\\/norrkoping\\\/vardnadsbidraget\\\/#primaryimage\"},\"thumbnailUrl\":\"http:\\\/\\\/wp.kristdemokraterna.se\\\/norrkoping\\\/files\\\/2014\\\/09\\\/eva-britt-sjoberg_kd_2-e1411126030390.jpg\",\"inLanguage\":\"sv-SE\"},{\"@type\":\"WebPage\",\"@id\":\"https:\\\/\\\/wp.kristdemokraterna.se\\\/norrkoping\\\/vardnadsbidraget\\\/\",\"url\":\"https:\\\/\\\/wp.kristdemokraterna.se\\\/norrkoping\\\/vardnadsbidraget\\\/\",\"name\":\"V\u00e5rdnadsbidraget - Norrk\u00f6ping\",\"isPartOf\":{\"@id\":\"https:\\\/\\\/wp.kristdemokraterna.se\\\/norrkoping\\\/#website\"},\"primaryImageOfPage\":{\"@id\":\"https:\\\/\\\/wp.kristdemokraterna.se\\\/norrkoping\\\/vardnadsbidraget\\\/#primaryimage\"},\"image\":{\"@id\":\"https:\\\/\\\/wp.kristdemokraterna.se\\\/norrkoping\\\/vardnadsbidraget\\\/#primaryimage\"},\"thumbnailUrl\":\"http:\\\/\\\/wp.kristdemokraterna.se\\\/norrkoping\\\/files\\\/2014\\\/09\\\/eva-britt-sjoberg_kd_2-e1411126030390.jpg\",\"datePublished\":\"2015-02-04T09:29:28+00:00\",\"author\":{\"@id\":\"https:\\\/\\\/wp.kristdemokraterna.se\\\/norrkoping\\\/#\\\/schema\\\/person\\\/053ab61aecc405e6e1ac090a6184d5f1\"},\"breadcrumb\":{\"@id\":\"https:\\\/\\\/wp.kristdemokraterna.se\\\/norrkoping\\\/vardnadsbidraget\\\/#breadcrumb\"},\"inLanguage\":\"sv-SE\",\"potentialAction\":[{\"@type\":\"ReadAction\",\"target\":[\"https:\\\/\\\/wp.kristdemokraterna.se\\\/norrkoping\\\/vardnadsbidraget\\\/\"]}]},{\"@type\":\"ImageObject\",\"inLanguage\":\"sv-SE\",\"@id\":\"https:\\\/\\\/wp.kristdemokraterna.se\\\/norrkoping\\\/vardnadsbidraget\\\/#primaryimage\",\"url\":\"https:\\\/\\\/wp.kristdemokraterna.se\\\/norrkoping\\\/files\\\/2014\\\/09\\\/eva-britt-sjoberg_kd_2-e1411126030390.jpg\",\"contentUrl\":\"https:\\\/\\\/wp.kristdemokraterna.se\\\/norrkoping\\\/files\\\/2014\\\/09\\\/eva-britt-sjoberg_kd_2-e1411126030390.jpg\",\"width\":2818,\"height\":1157},{\"@type\":\"BreadcrumbList\",\"@id\":\"https:\\\/\\\/wp.kristdemokraterna.se\\\/norrkoping\\\/vardnadsbidraget\\\/#breadcrumb\",\"itemListElement\":[{\"@type\":\"ListItem\",\"position\":1,\"name\":\"Hem\",\"item\":\"https:\\\/\\\/wp.kristdemokraterna.se\\\/norrkoping\\\/\"},{\"@type\":\"ListItem\",\"position\":2,\"name\":\"V\u00e5rdnadsbidraget\"}]},{\"@type\":\"WebSite\",\"@id\":\"https:\\\/\\\/wp.kristdemokraterna.se\\\/norrkoping\\\/#website\",\"url\":\"https:\\\/\\\/wp.kristdemokraterna.se\\\/norrkoping\\\/\",\"name\":\"Norrk\u00f6ping\",\"description\":\"Kristdemokraterna\",\"inLanguage\":\"sv-SE\"},{\"@type\":\"Person\",\"@id\":\"https:\\\/\\\/wp.kristdemokraterna.se\\\/norrkoping\\\/#\\\/schema\\\/person\\\/053ab61aecc405e6e1ac090a6184d5f1\",\"name\":\"norrkoping\",\"image\":{\"@type\":\"ImageObject\",\"inLanguage\":\"sv-SE\",\"@id\":\"https:\\\/\\\/secure.gravatar.com\\\/avatar\\\/5bae255455c24e201554da273cd27d3b84f92cd5111a46f0db8b2ff9e8240e64?s=96&d=mm&r=g\",\"url\":\"https:\\\/\\\/secure.gravatar.com\\\/avatar\\\/5bae255455c24e201554da273cd27d3b84f92cd5111a46f0db8b2ff9e8240e64?s=96&d=mm&r=g\",\"contentUrl\":\"https:\\\/\\\/secure.gravatar.com\\\/avatar\\\/5bae255455c24e201554da273cd27d3b84f92cd5111a46f0db8b2ff9e8240e64?s=96&d=mm&r=g\",\"caption\":\"norrkoping\"},\"description\":\"Kristdemokraterna i Norrk\u00f6ping vill skapa ett Norrk\u00f6ping d\u00e4r ingen h\u00e5lls tillbaka och ingen l\u00e4mnas efter!\",\"url\":\"https:\\\/\\\/wp.kristdemokraterna.se\\\/norrkoping\\\/author\\\/norrkoping\\\/\"}]}<\/script>\n<!-- \/ Yoast SEO plugin. -->","yoast_head_json":{"title":"V\u00e5rdnadsbidraget - Norrk\u00f6ping","robots":{"index":"index","follow":"follow","max-snippet":"max-snippet:-1","max-image-preview":"max-image-preview:large","max-video-preview":"max-video-preview:-1"},"canonical":"https:\/\/wp.kristdemokraterna.se\/norrkoping\/vardnadsbidraget\/","og_locale":"sv_SE","og_type":"article","og_title":"V\u00e5rdnadsbidraget - Norrk\u00f6ping","og_description":"Av Sveriges 500.000 barnfamiljer \u00e4r det ca 7000 familjer som valt att anv\u00e4nda denna valfrihet f\u00f6r att f\u00e5 m\u00f6jlighet till n\u00e5gra m\u00e5naders l\u00e4ngre tid hemma med sina sm\u00e5 barn. Denna valfrihet vill nu regeringen med hj\u00e4lp av FP ta bort. Den f\u00f6rsta tre \u00e5ren i ett barns liv \u00e4r en mycket viktig period f\u00f6r anknytning Read More","og_url":"https:\/\/wp.kristdemokraterna.se\/norrkoping\/vardnadsbidraget\/","og_site_name":"Norrk\u00f6ping","article_publisher":"https:\/\/www.facebook.com\/kdnorrkoping\/","article_published_time":"2015-02-04T09:29:28+00:00","og_image":[{"url":"http:\/\/wp.kristdemokraterna.se\/norrkoping\/files\/2014\/09\/eva-britt-sjoberg_kd_2-e1411126030390.jpg","type":"","width":"","height":""}],"author":"norrkoping","twitter_card":"summary_large_image","twitter_misc":{"Skriven av":"norrkoping","Ber\u00e4knad l\u00e4stid":"1 minut"},"schema":{"@context":"https:\/\/schema.org","@graph":[{"@type":"Article","@id":"https:\/\/wp.kristdemokraterna.se\/norrkoping\/vardnadsbidraget\/#article","isPartOf":{"@id":"https:\/\/wp.kristdemokraterna.se\/norrkoping\/vardnadsbidraget\/"},"author":{"name":"norrkoping","@id":"https:\/\/wp.kristdemokraterna.se\/norrkoping\/#\/schema\/person\/053ab61aecc405e6e1ac090a6184d5f1"},"headline":"V\u00e5rdnadsbidraget","datePublished":"2015-02-04T09:29:28+00:00","mainEntityOfPage":{"@id":"https:\/\/wp.kristdemokraterna.se\/norrkoping\/vardnadsbidraget\/"},"wordCount":120,"image":{"@id":"https:\/\/wp.kristdemokraterna.se\/norrkoping\/vardnadsbidraget\/#primaryimage"},"thumbnailUrl":"http:\/\/wp.kristdemokraterna.se\/norrkoping\/files\/2014\/09\/eva-britt-sjoberg_kd_2-e1411126030390.jpg","inLanguage":"sv-SE"},{"@type":"WebPage","@id":"https:\/\/wp.kristdemokraterna.se\/norrkoping\/vardnadsbidraget\/","url":"https:\/\/wp.kristdemokraterna.se\/norrkoping\/vardnadsbidraget\/","name":"V\u00e5rdnadsbidraget - Norrk\u00f6ping","isPartOf":{"@id":"https:\/\/wp.kristdemokraterna.se\/norrkoping\/#website"},"primaryImageOfPage":{"@id":"https:\/\/wp.kristdemokraterna.se\/norrkoping\/vardnadsbidraget\/#primaryimage"},"image":{"@id":"https:\/\/wp.kristdemokraterna.se\/norrkoping\/vardnadsbidraget\/#primaryimage"},"thumbnailUrl":"http:\/\/wp.kristdemokraterna.se\/norrkoping\/files\/2014\/09\/eva-britt-sjoberg_kd_2-e1411126030390.jpg","datePublished":"2015-02-04T09:29:28+00:00","author":{"@id":"https:\/\/wp.kristdemokraterna.se\/norrkoping\/#\/schema\/person\/053ab61aecc405e6e1ac090a6184d5f1"},"breadcrumb":{"@id":"https:\/\/wp.kristdemokraterna.se\/norrkoping\/vardnadsbidraget\/#breadcrumb"},"inLanguage":"sv-SE","potentialAction":[{"@type":"ReadAction","target":["https:\/\/wp.kristdemokraterna.se\/norrkoping\/vardnadsbidraget\/"]}]},{"@type":"ImageObject","inLanguage":"sv-SE","@id":"https:\/\/wp.kristdemokraterna.se\/norrkoping\/vardnadsbidraget\/#primaryimage","url":"https:\/\/wp.kristdemokraterna.se\/norrkoping\/files\/2014\/09\/eva-britt-sjoberg_kd_2-e1411126030390.jpg","contentUrl":"https:\/\/wp.kristdemokraterna.se\/norrkoping\/files\/2014\/09\/eva-britt-sjoberg_kd_2-e1411126030390.jpg","width":2818,"height":1157},{"@type":"BreadcrumbList","@id":"https:\/\/wp.kristdemokraterna.se\/norrkoping\/vardnadsbidraget\/#breadcrumb","itemListElement":[{"@type":"ListItem","position":1,"name":"Hem","item":"https:\/\/wp.kristdemokraterna.se\/norrkoping\/"},{"@type":"ListItem","position":2,"name":"V\u00e5rdnadsbidraget"}]},{"@type":"WebSite","@id":"https:\/\/wp.kristdemokraterna.se\/norrkoping\/#website","url":"https:\/\/wp.kristdemokraterna.se\/norrkoping\/","name":"Norrk\u00f6ping","description":"Kristdemokraterna","inLanguage":"sv-SE"},{"@type":"Person","@id":"https:\/\/wp.kristdemokraterna.se\/norrkoping\/#\/schema\/person\/053ab61aecc405e6e1ac090a6184d5f1","name":"norrkoping","image":{"@type":"ImageObject","inLanguage":"sv-SE","@id":"https:\/\/secure.gravatar.com\/avatar\/5bae255455c24e201554da273cd27d3b84f92cd5111a46f0db8b2ff9e8240e64?s=96&d=mm&r=g","url":"https:\/\/secure.gravatar.com\/avatar\/5bae255455c24e201554da273cd27d3b84f92cd5111a46f0db8b2ff9e8240e64?s=96&d=mm&r=g","contentUrl":"https:\/\/secure.gravatar.com\/avatar\/5bae255455c24e201554da273cd27d3b84f92cd5111a46f0db8b2ff9e8240e64?s=96&d=mm&r=g","caption":"norrkoping"},"description":"Kristdemokraterna i Norrk\u00f6ping vill skapa ett Norrk\u00f6ping d\u00e4r ingen h\u00e5lls tillbaka och ingen l\u00e4mnas efter!","url":"https:\/\/wp.kristdemokraterna.se\/norrkoping\/author\/norrkoping\/"}]}},"_links":{"self":[{"href":"https:\/\/wp.kristdemokraterna.se\/norrkoping\/wp-json\/wp\/v2\/posts\/1852","targetHints":{"allow":["GET"]}}],"collection":[{"href":"https:\/\/wp.kristdemokraterna.se\/norrkoping\/wp-json\/wp\/v2\/posts"}],"about":[{"href":"https:\/\/wp.kristdemokraterna.se\/norrkoping\/wp-json\/wp\/v2\/types\/post"}],"author":[{"embeddable":true,"href":"https:\/\/wp.kristdemokraterna.se\/norrkoping\/wp-json\/wp\/v2\/users\/45"}],"replies":[{"embeddable":true,"href":"https:\/\/wp.kristdemokraterna.se\/norrkoping\/wp-json\/wp\/v2\/comments?post=1852"}],"version-history":[{"count":1,"href":"https:\/\/wp.kristdemokraterna.se\/norrkoping\/wp-json\/wp\/v2\/posts\/1852\/revisions"}],"predecessor-version":[{"id":1853,"href":"https:\/\/wp.kristdemokraterna.se\/norrkoping\/wp-json\/wp\/v2\/posts\/1852\/revisions\/1853"}],"wp:attachment":[{"href":"https:\/\/wp.kristdemokraterna.se\/norrkoping\/wp-json\/wp\/v2\/media?parent=1852"}],"wp:term":[{"taxonomy":"category","embeddable":true,"href":"https:\/\/wp.kristdemokraterna.se\/norrkoping\/wp-json\/wp\/v2\/categories?post=1852"},{"taxonomy":"post_tag","embeddable":true,"href":"https:\/\/wp.kristdemokraterna.se\/norrkoping\/wp-json\/wp\/v2\/tags?post=1852"}],"curies":[{"name":"wp","href":"https:\/\/api.w.org\/{rel}","templated":true}]}}