{"id":191,"date":"2012-11-14T19:48:21","date_gmt":"2012-11-14T18:48:21","guid":{"rendered":"http:\/\/wp.kristdemokraterna.se\/norrkoping\/?p=191"},"modified":"2012-11-14T19:48:21","modified_gmt":"2012-11-14T18:48:21","slug":"inspirerade-medlemskvall","status":"publish","type":"post","link":"https:\/\/wp.kristdemokraterna.se\/norrkoping\/inspirerade-medlemskvall\/","title":{"rendered":"Inspirerade medlemskv\u00e4ll"},"content":{"rendered":"<p><a href=\"http:\/\/wp.kristdemokraterna.se\/norrkoping\/files\/2012\/11\/IMG_01521-e1352917868684.jpg\"><img loading=\"lazy\" decoding=\"async\" class=\"alignleft size-large wp-image-194\" src=\"http:\/\/wp.kristdemokraterna.se\/norrkoping\/files\/2012\/11\/IMG_01521-e1352917868684-1024x688.jpg\" alt=\"\" width=\"584\" height=\"392\" srcset=\"https:\/\/wp.kristdemokraterna.se\/norrkoping\/files\/2012\/11\/IMG_01521-e1352917868684-1024x688.jpg 1024w, https:\/\/wp.kristdemokraterna.se\/norrkoping\/files\/2012\/11\/IMG_01521-e1352917868684-300x201.jpg 300w\" sizes=\"auto, (max-width: 584px) 100vw, 584px\" \/><\/a>P\u00e5 medlemskv\u00e4llen den 12 november tr\u00e4ffades ett 20-tal medlemmar i R\u00e5dhusets\u00a0cafeteria. Efter god gemenskap runt sm\u00f6rg\u00e5st\u00e5rta och kaka ber\u00e4ttade Sven Brus om vad som \u00e4r aktuellt p\u00e5 landstingniv\u00e5. Bengt Ekstr\u00f6m gav en rapport om kommunarbetet.<\/p>\n<p>Kv\u00e4llens g\u00e4st var v\u00e5r riksdagskvinna Yvonne Andersson. Hon ber\u00e4ttade om sitt arbete i riksdagen, som varit hennes arbetsplats i snart 16 \u00e5r. Hon ber\u00e4ttade att detta \u00e4r hennes sista period, s\u00e5 inf\u00f6r n\u00e4sta val kommer vi att ha ett annat toppnamn p\u00e5 v\u00e5r lista f\u00f6r \u00d6sterg\u00f6tland. Vi fick ett axplock av de fr\u00e5gor Yvonne har varit med och k\u00e4mpat f\u00f6r under sin tid i riksdagen, d\u00e4ribland yrkesutbildningar &#8211; handens kunskap. \u00c4ven S\u00e4rskolan utveckling har hon varit med och p\u00e5verkat.\u00a0N\u00e5got som verkligen ligger henne varmt om hj\u00e4rtat. Det g\u00e5r att f\u00f6r\u00e4ndra, men man beh\u00f6ver uth\u00e5llighet var hennes budskap.<\/p>\n<p>Med oss var ocks\u00e5 n\u00e5gra representanter fr\u00e5n Valdemarsviks avdelning. En trevlig kv\u00e4ll d\u00e4r vi utbytte\u00a0erfarenheter\u00a0och inspirerade varandra.<\/p>\n","protected":false},"excerpt":{"rendered":"<p>P\u00e5 medlemskv\u00e4llen den 12 november tr\u00e4ffades ett 20-tal medlemmar i R\u00e5dhusets\u00a0cafeteria. Efter god gemenskap runt sm\u00f6rg\u00e5st\u00e5rta och kaka ber\u00e4ttade Sven Brus om vad som \u00e4r aktuellt p\u00e5 landstingniv\u00e5. Bengt Ekstr\u00f6m gav en rapport om kommunarbetet. Kv\u00e4llens g\u00e4st var v\u00e5r riksdagskvinna Yvonne Andersson. Hon ber\u00e4ttade om sitt arbete i riksdagen, som varit hennes arbetsplats i snart <a class=\"read-more-link\" href=\"https:\/\/wp.kristdemokraterna.se\/norrkoping\/inspirerade-medlemskvall\/\">Read More<\/a><\/p>\n","protected":false},"author":45,"featured_media":0,"comment_status":"closed","ping_status":"open","sticky":false,"template":"","format":"standard","meta":{"_acf_changed":false,"footnotes":""},"categories":[1],"tags":[],"class_list":["post-191","post","type-post","status-publish","format-standard","hentry","category-okategoriserade"],"acf":[],"yoast_head":"<!-- This site is optimized with the Yoast SEO plugin v27.5 - https:\/\/yoast.com\/product\/yoast-seo-wordpress\/ -->\n<title>Inspirerade medlemskv\u00e4ll - Norrk\u00f6ping<\/title>\n<meta name=\"robots\" content=\"index, follow, max-snippet:-1, max-image-preview:large, max-video-preview:-1\" \/>\n<link rel=\"canonical\" href=\"https:\/\/wp.kristdemokraterna.se\/norrkoping\/inspirerade-medlemskvall\/\" \/>\n<meta property=\"og:locale\" content=\"sv_SE\" \/>\n<meta property=\"og:type\" content=\"article\" \/>\n<meta property=\"og:title\" content=\"Inspirerade medlemskv\u00e4ll - Norrk\u00f6ping\" \/>\n<meta property=\"og:description\" content=\"P\u00e5 medlemskv\u00e4llen den 12 november tr\u00e4ffades ett 20-tal medlemmar i R\u00e5dhusets\u00a0cafeteria. Efter god gemenskap runt sm\u00f6rg\u00e5st\u00e5rta och kaka ber\u00e4ttade Sven Brus om vad som \u00e4r aktuellt p\u00e5 landstingniv\u00e5. Bengt Ekstr\u00f6m gav en rapport om kommunarbetet. Kv\u00e4llens g\u00e4st var v\u00e5r riksdagskvinna Yvonne Andersson. Hon ber\u00e4ttade om sitt arbete i riksdagen, som varit hennes arbetsplats i snart Read More\" \/>\n<meta property=\"og:url\" content=\"https:\/\/wp.kristdemokraterna.se\/norrkoping\/inspirerade-medlemskvall\/\" \/>\n<meta property=\"og:site_name\" content=\"Norrk\u00f6ping\" \/>\n<meta property=\"article:publisher\" content=\"https:\/\/www.facebook.com\/kdnorrkoping\/\" \/>\n<meta property=\"article:published_time\" content=\"2012-11-14T18:48:21+00:00\" \/>\n<meta property=\"og:image\" content=\"http:\/\/wp.kristdemokraterna.se\/norrkoping\/files\/2012\/11\/IMG_01521-e1352917868684-1024x688.jpg\" \/>\n<meta name=\"author\" content=\"norrkoping\" \/>\n<meta name=\"twitter:card\" content=\"summary_large_image\" \/>\n<meta name=\"twitter:label1\" content=\"Skriven av\" \/>\n\t<meta name=\"twitter:data1\" content=\"norrkoping\" \/>\n\t<meta name=\"twitter:label2\" content=\"Ber\u00e4knad l\u00e4stid\" \/>\n\t<meta name=\"twitter:data2\" content=\"1 minut\" \/>\n<script type=\"application\/ld+json\" class=\"yoast-schema-graph\">{\"@context\":\"https:\\\/\\\/schema.org\",\"@graph\":[{\"@type\":\"Article\",\"@id\":\"https:\\\/\\\/wp.kristdemokraterna.se\\\/norrkoping\\\/inspirerade-medlemskvall\\\/#article\",\"isPartOf\":{\"@id\":\"https:\\\/\\\/wp.kristdemokraterna.se\\\/norrkoping\\\/inspirerade-medlemskvall\\\/\"},\"author\":{\"name\":\"norrkoping\",\"@id\":\"https:\\\/\\\/wp.kristdemokraterna.se\\\/norrkoping\\\/#\\\/schema\\\/person\\\/053ab61aecc405e6e1ac090a6184d5f1\"},\"headline\":\"Inspirerade medlemskv\u00e4ll\",\"datePublished\":\"2012-11-14T18:48:21+00:00\",\"mainEntityOfPage\":{\"@id\":\"https:\\\/\\\/wp.kristdemokraterna.se\\\/norrkoping\\\/inspirerade-medlemskvall\\\/\"},\"wordCount\":189,\"image\":{\"@id\":\"https:\\\/\\\/wp.kristdemokraterna.se\\\/norrkoping\\\/inspirerade-medlemskvall\\\/#primaryimage\"},\"thumbnailUrl\":\"http:\\\/\\\/wp.kristdemokraterna.se\\\/norrkoping\\\/files\\\/2012\\\/11\\\/IMG_01521-e1352917868684-1024x688.jpg\",\"inLanguage\":\"sv-SE\"},{\"@type\":\"WebPage\",\"@id\":\"https:\\\/\\\/wp.kristdemokraterna.se\\\/norrkoping\\\/inspirerade-medlemskvall\\\/\",\"url\":\"https:\\\/\\\/wp.kristdemokraterna.se\\\/norrkoping\\\/inspirerade-medlemskvall\\\/\",\"name\":\"Inspirerade medlemskv\u00e4ll - Norrk\u00f6ping\",\"isPartOf\":{\"@id\":\"https:\\\/\\\/wp.kristdemokraterna.se\\\/norrkoping\\\/#website\"},\"primaryImageOfPage\":{\"@id\":\"https:\\\/\\\/wp.kristdemokraterna.se\\\/norrkoping\\\/inspirerade-medlemskvall\\\/#primaryimage\"},\"image\":{\"@id\":\"https:\\\/\\\/wp.kristdemokraterna.se\\\/norrkoping\\\/inspirerade-medlemskvall\\\/#primaryimage\"},\"thumbnailUrl\":\"http:\\\/\\\/wp.kristdemokraterna.se\\\/norrkoping\\\/files\\\/2012\\\/11\\\/IMG_01521-e1352917868684-1024x688.jpg\",\"datePublished\":\"2012-11-14T18:48:21+00:00\",\"author\":{\"@id\":\"https:\\\/\\\/wp.kristdemokraterna.se\\\/norrkoping\\\/#\\\/schema\\\/person\\\/053ab61aecc405e6e1ac090a6184d5f1\"},\"breadcrumb\":{\"@id\":\"https:\\\/\\\/wp.kristdemokraterna.se\\\/norrkoping\\\/inspirerade-medlemskvall\\\/#breadcrumb\"},\"inLanguage\":\"sv-SE\",\"potentialAction\":[{\"@type\":\"ReadAction\",\"target\":[\"https:\\\/\\\/wp.kristdemokraterna.se\\\/norrkoping\\\/inspirerade-medlemskvall\\\/\"]}]},{\"@type\":\"ImageObject\",\"inLanguage\":\"sv-SE\",\"@id\":\"https:\\\/\\\/wp.kristdemokraterna.se\\\/norrkoping\\\/inspirerade-medlemskvall\\\/#primaryimage\",\"url\":\"https:\\\/\\\/wp.kristdemokraterna.se\\\/norrkoping\\\/files\\\/2012\\\/11\\\/IMG_01521-e1352917868684.jpg\",\"contentUrl\":\"https:\\\/\\\/wp.kristdemokraterna.se\\\/norrkoping\\\/files\\\/2012\\\/11\\\/IMG_01521-e1352917868684.jpg\",\"width\":\"2839\",\"height\":\"1909\"},{\"@type\":\"BreadcrumbList\",\"@id\":\"https:\\\/\\\/wp.kristdemokraterna.se\\\/norrkoping\\\/inspirerade-medlemskvall\\\/#breadcrumb\",\"itemListElement\":[{\"@type\":\"ListItem\",\"position\":1,\"name\":\"Hem\",\"item\":\"https:\\\/\\\/wp.kristdemokraterna.se\\\/norrkoping\\\/\"},{\"@type\":\"ListItem\",\"position\":2,\"name\":\"Inspirerade medlemskv\u00e4ll\"}]},{\"@type\":\"WebSite\",\"@id\":\"https:\\\/\\\/wp.kristdemokraterna.se\\\/norrkoping\\\/#website\",\"url\":\"https:\\\/\\\/wp.kristdemokraterna.se\\\/norrkoping\\\/\",\"name\":\"Norrk\u00f6ping\",\"description\":\"Kristdemokraterna\",\"inLanguage\":\"sv-SE\"},{\"@type\":\"Person\",\"@id\":\"https:\\\/\\\/wp.kristdemokraterna.se\\\/norrkoping\\\/#\\\/schema\\\/person\\\/053ab61aecc405e6e1ac090a6184d5f1\",\"name\":\"norrkoping\",\"image\":{\"@type\":\"ImageObject\",\"inLanguage\":\"sv-SE\",\"@id\":\"https:\\\/\\\/secure.gravatar.com\\\/avatar\\\/5bae255455c24e201554da273cd27d3b84f92cd5111a46f0db8b2ff9e8240e64?s=96&d=mm&r=g\",\"url\":\"https:\\\/\\\/secure.gravatar.com\\\/avatar\\\/5bae255455c24e201554da273cd27d3b84f92cd5111a46f0db8b2ff9e8240e64?s=96&d=mm&r=g\",\"contentUrl\":\"https:\\\/\\\/secure.gravatar.com\\\/avatar\\\/5bae255455c24e201554da273cd27d3b84f92cd5111a46f0db8b2ff9e8240e64?s=96&d=mm&r=g\",\"caption\":\"norrkoping\"},\"description\":\"Kristdemokraterna i Norrk\u00f6ping vill skapa ett Norrk\u00f6ping d\u00e4r ingen h\u00e5lls tillbaka och ingen l\u00e4mnas efter!\",\"url\":\"https:\\\/\\\/wp.kristdemokraterna.se\\\/norrkoping\\\/author\\\/norrkoping\\\/\"}]}<\/script>\n<!-- \/ Yoast SEO plugin. -->","yoast_head_json":{"title":"Inspirerade medlemskv\u00e4ll - Norrk\u00f6ping","robots":{"index":"index","follow":"follow","max-snippet":"max-snippet:-1","max-image-preview":"max-image-preview:large","max-video-preview":"max-video-preview:-1"},"canonical":"https:\/\/wp.kristdemokraterna.se\/norrkoping\/inspirerade-medlemskvall\/","og_locale":"sv_SE","og_type":"article","og_title":"Inspirerade medlemskv\u00e4ll - Norrk\u00f6ping","og_description":"P\u00e5 medlemskv\u00e4llen den 12 november tr\u00e4ffades ett 20-tal medlemmar i R\u00e5dhusets\u00a0cafeteria. Efter god gemenskap runt sm\u00f6rg\u00e5st\u00e5rta och kaka ber\u00e4ttade Sven Brus om vad som \u00e4r aktuellt p\u00e5 landstingniv\u00e5. Bengt Ekstr\u00f6m gav en rapport om kommunarbetet. Kv\u00e4llens g\u00e4st var v\u00e5r riksdagskvinna Yvonne Andersson. Hon ber\u00e4ttade om sitt arbete i riksdagen, som varit hennes arbetsplats i snart Read More","og_url":"https:\/\/wp.kristdemokraterna.se\/norrkoping\/inspirerade-medlemskvall\/","og_site_name":"Norrk\u00f6ping","article_publisher":"https:\/\/www.facebook.com\/kdnorrkoping\/","article_published_time":"2012-11-14T18:48:21+00:00","og_image":[{"url":"http:\/\/wp.kristdemokraterna.se\/norrkoping\/files\/2012\/11\/IMG_01521-e1352917868684-1024x688.jpg","type":"","width":"","height":""}],"author":"norrkoping","twitter_card":"summary_large_image","twitter_misc":{"Skriven av":"norrkoping","Ber\u00e4knad l\u00e4stid":"1 minut"},"schema":{"@context":"https:\/\/schema.org","@graph":[{"@type":"Article","@id":"https:\/\/wp.kristdemokraterna.se\/norrkoping\/inspirerade-medlemskvall\/#article","isPartOf":{"@id":"https:\/\/wp.kristdemokraterna.se\/norrkoping\/inspirerade-medlemskvall\/"},"author":{"name":"norrkoping","@id":"https:\/\/wp.kristdemokraterna.se\/norrkoping\/#\/schema\/person\/053ab61aecc405e6e1ac090a6184d5f1"},"headline":"Inspirerade medlemskv\u00e4ll","datePublished":"2012-11-14T18:48:21+00:00","mainEntityOfPage":{"@id":"https:\/\/wp.kristdemokraterna.se\/norrkoping\/inspirerade-medlemskvall\/"},"wordCount":189,"image":{"@id":"https:\/\/wp.kristdemokraterna.se\/norrkoping\/inspirerade-medlemskvall\/#primaryimage"},"thumbnailUrl":"http:\/\/wp.kristdemokraterna.se\/norrkoping\/files\/2012\/11\/IMG_01521-e1352917868684-1024x688.jpg","inLanguage":"sv-SE"},{"@type":"WebPage","@id":"https:\/\/wp.kristdemokraterna.se\/norrkoping\/inspirerade-medlemskvall\/","url":"https:\/\/wp.kristdemokraterna.se\/norrkoping\/inspirerade-medlemskvall\/","name":"Inspirerade medlemskv\u00e4ll - Norrk\u00f6ping","isPartOf":{"@id":"https:\/\/wp.kristdemokraterna.se\/norrkoping\/#website"},"primaryImageOfPage":{"@id":"https:\/\/wp.kristdemokraterna.se\/norrkoping\/inspirerade-medlemskvall\/#primaryimage"},"image":{"@id":"https:\/\/wp.kristdemokraterna.se\/norrkoping\/inspirerade-medlemskvall\/#primaryimage"},"thumbnailUrl":"http:\/\/wp.kristdemokraterna.se\/norrkoping\/files\/2012\/11\/IMG_01521-e1352917868684-1024x688.jpg","datePublished":"2012-11-14T18:48:21+00:00","author":{"@id":"https:\/\/wp.kristdemokraterna.se\/norrkoping\/#\/schema\/person\/053ab61aecc405e6e1ac090a6184d5f1"},"breadcrumb":{"@id":"https:\/\/wp.kristdemokraterna.se\/norrkoping\/inspirerade-medlemskvall\/#breadcrumb"},"inLanguage":"sv-SE","potentialAction":[{"@type":"ReadAction","target":["https:\/\/wp.kristdemokraterna.se\/norrkoping\/inspirerade-medlemskvall\/"]}]},{"@type":"ImageObject","inLanguage":"sv-SE","@id":"https:\/\/wp.kristdemokraterna.se\/norrkoping\/inspirerade-medlemskvall\/#primaryimage","url":"https:\/\/wp.kristdemokraterna.se\/norrkoping\/files\/2012\/11\/IMG_01521-e1352917868684.jpg","contentUrl":"https:\/\/wp.kristdemokraterna.se\/norrkoping\/files\/2012\/11\/IMG_01521-e1352917868684.jpg","width":"2839","height":"1909"},{"@type":"BreadcrumbList","@id":"https:\/\/wp.kristdemokraterna.se\/norrkoping\/inspirerade-medlemskvall\/#breadcrumb","itemListElement":[{"@type":"ListItem","position":1,"name":"Hem","item":"https:\/\/wp.kristdemokraterna.se\/norrkoping\/"},{"@type":"ListItem","position":2,"name":"Inspirerade medlemskv\u00e4ll"}]},{"@type":"WebSite","@id":"https:\/\/wp.kristdemokraterna.se\/norrkoping\/#website","url":"https:\/\/wp.kristdemokraterna.se\/norrkoping\/","name":"Norrk\u00f6ping","description":"Kristdemokraterna","inLanguage":"sv-SE"},{"@type":"Person","@id":"https:\/\/wp.kristdemokraterna.se\/norrkoping\/#\/schema\/person\/053ab61aecc405e6e1ac090a6184d5f1","name":"norrkoping","image":{"@type":"ImageObject","inLanguage":"sv-SE","@id":"https:\/\/secure.gravatar.com\/avatar\/5bae255455c24e201554da273cd27d3b84f92cd5111a46f0db8b2ff9e8240e64?s=96&d=mm&r=g","url":"https:\/\/secure.gravatar.com\/avatar\/5bae255455c24e201554da273cd27d3b84f92cd5111a46f0db8b2ff9e8240e64?s=96&d=mm&r=g","contentUrl":"https:\/\/secure.gravatar.com\/avatar\/5bae255455c24e201554da273cd27d3b84f92cd5111a46f0db8b2ff9e8240e64?s=96&d=mm&r=g","caption":"norrkoping"},"description":"Kristdemokraterna i Norrk\u00f6ping vill skapa ett Norrk\u00f6ping d\u00e4r ingen h\u00e5lls tillbaka och ingen l\u00e4mnas efter!","url":"https:\/\/wp.kristdemokraterna.se\/norrkoping\/author\/norrkoping\/"}]}},"_links":{"self":[{"href":"https:\/\/wp.kristdemokraterna.se\/norrkoping\/wp-json\/wp\/v2\/posts\/191","targetHints":{"allow":["GET"]}}],"collection":[{"href":"https:\/\/wp.kristdemokraterna.se\/norrkoping\/wp-json\/wp\/v2\/posts"}],"about":[{"href":"https:\/\/wp.kristdemokraterna.se\/norrkoping\/wp-json\/wp\/v2\/types\/post"}],"author":[{"embeddable":true,"href":"https:\/\/wp.kristdemokraterna.se\/norrkoping\/wp-json\/wp\/v2\/users\/45"}],"replies":[{"embeddable":true,"href":"https:\/\/wp.kristdemokraterna.se\/norrkoping\/wp-json\/wp\/v2\/comments?post=191"}],"version-history":[{"count":8,"href":"https:\/\/wp.kristdemokraterna.se\/norrkoping\/wp-json\/wp\/v2\/posts\/191\/revisions"}],"predecessor-version":[{"id":201,"href":"https:\/\/wp.kristdemokraterna.se\/norrkoping\/wp-json\/wp\/v2\/posts\/191\/revisions\/201"}],"wp:attachment":[{"href":"https:\/\/wp.kristdemokraterna.se\/norrkoping\/wp-json\/wp\/v2\/media?parent=191"}],"wp:term":[{"taxonomy":"category","embeddable":true,"href":"https:\/\/wp.kristdemokraterna.se\/norrkoping\/wp-json\/wp\/v2\/categories?post=191"},{"taxonomy":"post_tag","embeddable":true,"href":"https:\/\/wp.kristdemokraterna.se\/norrkoping\/wp-json\/wp\/v2\/tags?post=191"}],"curies":[{"name":"wp","href":"https:\/\/api.w.org\/{rel}","templated":true}]}}