{"id":2242,"date":"2016-03-13T13:04:20","date_gmt":"2016-03-13T12:04:20","guid":{"rendered":"http:\/\/wp.kristdemokraterna.se\/norrkoping\/?p=2242"},"modified":"2016-03-13T13:04:48","modified_gmt":"2016-03-13T12:04:48","slug":"del-4-i-utbildningsserien","status":"publish","type":"post","link":"https:\/\/wp.kristdemokraterna.se\/norrkoping\/del-4-i-utbildningsserien\/","title":{"rendered":"Del 4 i utbildningsserien"},"content":{"rendered":"<p>P\u00e5 m\u00e5ndag den 14 mars \u00e4r det dags f\u00f6r den fj\u00e4rde delen i Kristdemokraternas utbildningsserie Nyfiken p\u00e5 politik?!. Det \u00e4r den sista delen innan avslutningsresan som b\u00e4r av till Stockholm och riksdagshuset. P\u00e5 m\u00e5ndag kommer vi att prata om politiska ideologier och vi g\u00e4stas av politikern och l\u00e4raren Magnus Engstr\u00f6m fr\u00e5n Link\u00f6ping. <\/p>\n<p><strong>N\u00e4r:<\/strong> M\u00e5ndag den 14 mars kl.18.30<br \/>\n<strong>Var:<\/strong> R\u00e5dhuset i Norrk\u00f6ping<\/p>\n<p>Det \u00e4r endast f\u00f6r kursanm\u00e4lda deltagare men \u00e4r du ocks\u00e5 nyfiken p\u00e5 politik och vill veta mer om den h\u00e4r utbildningen kan du kontakta Eva-Britt Sj\u00f6berg som \u00e4r kommunalr\u00e5d i Norrk\u00f6pings kommun, du hittar kontaktuppgifter <a href=\"http:\/\/wp.kristdemokraterna.se\/norrkoping\/vara-politiker\/kontakter\/\" target=\"_blank\">h\u00e4r.<\/a><\/p>\n<p>H\u00e4r \u00e4r en bild fr\u00e5n f\u00f6rra utbildningstillf\u00e4llet d\u00e5 vi g\u00e4stades av Sven Brus, tidigare riksdagsledamot och kommunalr\u00e5d, som ber\u00e4ttade om politikerrollen och hur det \u00e4r att vara f\u00f6rtroendevald, som det kallas.<\/p>\n<p><img loading=\"lazy\" decoding=\"async\" src=\"http:\/\/wp.kristdemokraterna.se\/norrkoping\/files\/2016\/03\/12472829_988993737837766_5130720220865416739_n.jpg\" alt=\"12472829_988993737837766_5130720220865416739_n\" width=\"960\" height=\"720\" class=\"aligncenter size-full wp-image-2243\" srcset=\"https:\/\/wp.kristdemokraterna.se\/norrkoping\/files\/2016\/03\/12472829_988993737837766_5130720220865416739_n.jpg 960w, https:\/\/wp.kristdemokraterna.se\/norrkoping\/files\/2016\/03\/12472829_988993737837766_5130720220865416739_n-300x225.jpg 300w, https:\/\/wp.kristdemokraterna.se\/norrkoping\/files\/2016\/03\/12472829_988993737837766_5130720220865416739_n-768x576.jpg 768w, https:\/\/wp.kristdemokraterna.se\/norrkoping\/files\/2016\/03\/12472829_988993737837766_5130720220865416739_n-461x346.jpg 461w, https:\/\/wp.kristdemokraterna.se\/norrkoping\/files\/2016\/03\/12472829_988993737837766_5130720220865416739_n-149x112.jpg 149w\" sizes=\"auto, (max-width: 960px) 100vw, 960px\" \/><\/p>\n","protected":false},"excerpt":{"rendered":"<p>P\u00e5 m\u00e5ndag den 14 mars \u00e4r det dags f\u00f6r den fj\u00e4rde delen i Kristdemokraternas utbildningsserie Nyfiken p\u00e5 politik?!. Det \u00e4r den sista delen innan avslutningsresan som b\u00e4r av till Stockholm och riksdagshuset. P\u00e5 m\u00e5ndag kommer vi att prata om politiska ideologier och vi g\u00e4stas av politikern och l\u00e4raren Magnus Engstr\u00f6m fr\u00e5n Link\u00f6ping. N\u00e4r: M\u00e5ndag den <a class=\"read-more-link\" href=\"https:\/\/wp.kristdemokraterna.se\/norrkoping\/del-4-i-utbildningsserien\/\">Read More<\/a><\/p>\n","protected":false},"author":45,"featured_media":0,"comment_status":"closed","ping_status":"closed","sticky":false,"template":"","format":"standard","meta":{"_acf_changed":false,"footnotes":""},"categories":[1],"tags":[],"class_list":["post-2242","post","type-post","status-publish","format-standard","hentry","category-okategoriserade"],"acf":[],"yoast_head":"<!-- This site is optimized with the Yoast SEO plugin v27.4 - https:\/\/yoast.com\/product\/yoast-seo-wordpress\/ -->\n<title>Del 4 i utbildningsserien - Norrk\u00f6ping<\/title>\n<meta name=\"robots\" content=\"index, follow, max-snippet:-1, max-image-preview:large, max-video-preview:-1\" \/>\n<link rel=\"canonical\" href=\"https:\/\/wp.kristdemokraterna.se\/norrkoping\/del-4-i-utbildningsserien\/\" \/>\n<meta property=\"og:locale\" content=\"sv_SE\" \/>\n<meta property=\"og:type\" content=\"article\" \/>\n<meta property=\"og:title\" content=\"Del 4 i utbildningsserien - Norrk\u00f6ping\" \/>\n<meta property=\"og:description\" content=\"P\u00e5 m\u00e5ndag den 14 mars \u00e4r det dags f\u00f6r den fj\u00e4rde delen i Kristdemokraternas utbildningsserie Nyfiken p\u00e5 politik?!. Det \u00e4r den sista delen innan avslutningsresan som b\u00e4r av till Stockholm och riksdagshuset. P\u00e5 m\u00e5ndag kommer vi att prata om politiska ideologier och vi g\u00e4stas av politikern och l\u00e4raren Magnus Engstr\u00f6m fr\u00e5n Link\u00f6ping. N\u00e4r: M\u00e5ndag den Read More\" \/>\n<meta property=\"og:url\" content=\"https:\/\/wp.kristdemokraterna.se\/norrkoping\/del-4-i-utbildningsserien\/\" \/>\n<meta property=\"og:site_name\" content=\"Norrk\u00f6ping\" \/>\n<meta property=\"article:publisher\" content=\"https:\/\/www.facebook.com\/kdnorrkoping\/\" \/>\n<meta property=\"article:published_time\" content=\"2016-03-13T12:04:20+00:00\" \/>\n<meta property=\"article:modified_time\" content=\"2016-03-13T12:04:48+00:00\" \/>\n<meta property=\"og:image\" content=\"http:\/\/wp.kristdemokraterna.se\/norrkoping\/files\/2016\/03\/12472829_988993737837766_5130720220865416739_n.jpg\" \/>\n<meta name=\"author\" content=\"norrkoping\" \/>\n<meta name=\"twitter:card\" content=\"summary_large_image\" \/>\n<meta name=\"twitter:label1\" content=\"Skriven av\" \/>\n\t<meta name=\"twitter:data1\" content=\"norrkoping\" \/>\n\t<meta name=\"twitter:label2\" content=\"Ber\u00e4knad l\u00e4stid\" \/>\n\t<meta name=\"twitter:data2\" content=\"1 minut\" \/>\n<script type=\"application\/ld+json\" class=\"yoast-schema-graph\">{\"@context\":\"https:\\\/\\\/schema.org\",\"@graph\":[{\"@type\":\"Article\",\"@id\":\"https:\\\/\\\/wp.kristdemokraterna.se\\\/norrkoping\\\/del-4-i-utbildningsserien\\\/#article\",\"isPartOf\":{\"@id\":\"https:\\\/\\\/wp.kristdemokraterna.se\\\/norrkoping\\\/del-4-i-utbildningsserien\\\/\"},\"author\":{\"name\":\"norrkoping\",\"@id\":\"https:\\\/\\\/wp.kristdemokraterna.se\\\/norrkoping\\\/#\\\/schema\\\/person\\\/053ab61aecc405e6e1ac090a6184d5f1\"},\"headline\":\"Del 4 i utbildningsserien\",\"datePublished\":\"2016-03-13T12:04:20+00:00\",\"dateModified\":\"2016-03-13T12:04:48+00:00\",\"mainEntityOfPage\":{\"@id\":\"https:\\\/\\\/wp.kristdemokraterna.se\\\/norrkoping\\\/del-4-i-utbildningsserien\\\/\"},\"wordCount\":159,\"image\":{\"@id\":\"https:\\\/\\\/wp.kristdemokraterna.se\\\/norrkoping\\\/del-4-i-utbildningsserien\\\/#primaryimage\"},\"thumbnailUrl\":\"http:\\\/\\\/wp.kristdemokraterna.se\\\/norrkoping\\\/files\\\/2016\\\/03\\\/12472829_988993737837766_5130720220865416739_n.jpg\",\"inLanguage\":\"sv-SE\"},{\"@type\":\"WebPage\",\"@id\":\"https:\\\/\\\/wp.kristdemokraterna.se\\\/norrkoping\\\/del-4-i-utbildningsserien\\\/\",\"url\":\"https:\\\/\\\/wp.kristdemokraterna.se\\\/norrkoping\\\/del-4-i-utbildningsserien\\\/\",\"name\":\"Del 4 i utbildningsserien - Norrk\u00f6ping\",\"isPartOf\":{\"@id\":\"https:\\\/\\\/wp.kristdemokraterna.se\\\/norrkoping\\\/#website\"},\"primaryImageOfPage\":{\"@id\":\"https:\\\/\\\/wp.kristdemokraterna.se\\\/norrkoping\\\/del-4-i-utbildningsserien\\\/#primaryimage\"},\"image\":{\"@id\":\"https:\\\/\\\/wp.kristdemokraterna.se\\\/norrkoping\\\/del-4-i-utbildningsserien\\\/#primaryimage\"},\"thumbnailUrl\":\"http:\\\/\\\/wp.kristdemokraterna.se\\\/norrkoping\\\/files\\\/2016\\\/03\\\/12472829_988993737837766_5130720220865416739_n.jpg\",\"datePublished\":\"2016-03-13T12:04:20+00:00\",\"dateModified\":\"2016-03-13T12:04:48+00:00\",\"author\":{\"@id\":\"https:\\\/\\\/wp.kristdemokraterna.se\\\/norrkoping\\\/#\\\/schema\\\/person\\\/053ab61aecc405e6e1ac090a6184d5f1\"},\"breadcrumb\":{\"@id\":\"https:\\\/\\\/wp.kristdemokraterna.se\\\/norrkoping\\\/del-4-i-utbildningsserien\\\/#breadcrumb\"},\"inLanguage\":\"sv-SE\",\"potentialAction\":[{\"@type\":\"ReadAction\",\"target\":[\"https:\\\/\\\/wp.kristdemokraterna.se\\\/norrkoping\\\/del-4-i-utbildningsserien\\\/\"]}]},{\"@type\":\"ImageObject\",\"inLanguage\":\"sv-SE\",\"@id\":\"https:\\\/\\\/wp.kristdemokraterna.se\\\/norrkoping\\\/del-4-i-utbildningsserien\\\/#primaryimage\",\"url\":\"https:\\\/\\\/wp.kristdemokraterna.se\\\/norrkoping\\\/files\\\/2016\\\/03\\\/12472829_988993737837766_5130720220865416739_n.jpg\",\"contentUrl\":\"https:\\\/\\\/wp.kristdemokraterna.se\\\/norrkoping\\\/files\\\/2016\\\/03\\\/12472829_988993737837766_5130720220865416739_n.jpg\",\"width\":960,\"height\":720},{\"@type\":\"BreadcrumbList\",\"@id\":\"https:\\\/\\\/wp.kristdemokraterna.se\\\/norrkoping\\\/del-4-i-utbildningsserien\\\/#breadcrumb\",\"itemListElement\":[{\"@type\":\"ListItem\",\"position\":1,\"name\":\"Hem\",\"item\":\"https:\\\/\\\/wp.kristdemokraterna.se\\\/norrkoping\\\/\"},{\"@type\":\"ListItem\",\"position\":2,\"name\":\"Del 4 i utbildningsserien\"}]},{\"@type\":\"WebSite\",\"@id\":\"https:\\\/\\\/wp.kristdemokraterna.se\\\/norrkoping\\\/#website\",\"url\":\"https:\\\/\\\/wp.kristdemokraterna.se\\\/norrkoping\\\/\",\"name\":\"Norrk\u00f6ping\",\"description\":\"Kristdemokraterna\",\"inLanguage\":\"sv-SE\"},{\"@type\":\"Person\",\"@id\":\"https:\\\/\\\/wp.kristdemokraterna.se\\\/norrkoping\\\/#\\\/schema\\\/person\\\/053ab61aecc405e6e1ac090a6184d5f1\",\"name\":\"norrkoping\",\"image\":{\"@type\":\"ImageObject\",\"inLanguage\":\"sv-SE\",\"@id\":\"https:\\\/\\\/secure.gravatar.com\\\/avatar\\\/5bae255455c24e201554da273cd27d3b84f92cd5111a46f0db8b2ff9e8240e64?s=96&d=mm&r=g\",\"url\":\"https:\\\/\\\/secure.gravatar.com\\\/avatar\\\/5bae255455c24e201554da273cd27d3b84f92cd5111a46f0db8b2ff9e8240e64?s=96&d=mm&r=g\",\"contentUrl\":\"https:\\\/\\\/secure.gravatar.com\\\/avatar\\\/5bae255455c24e201554da273cd27d3b84f92cd5111a46f0db8b2ff9e8240e64?s=96&d=mm&r=g\",\"caption\":\"norrkoping\"},\"description\":\"Kristdemokraterna i Norrk\u00f6ping vill skapa ett Norrk\u00f6ping d\u00e4r ingen h\u00e5lls tillbaka och ingen l\u00e4mnas efter!\",\"url\":\"https:\\\/\\\/wp.kristdemokraterna.se\\\/norrkoping\\\/author\\\/norrkoping\\\/\"}]}<\/script>\n<!-- \/ Yoast SEO plugin. -->","yoast_head_json":{"title":"Del 4 i utbildningsserien - Norrk\u00f6ping","robots":{"index":"index","follow":"follow","max-snippet":"max-snippet:-1","max-image-preview":"max-image-preview:large","max-video-preview":"max-video-preview:-1"},"canonical":"https:\/\/wp.kristdemokraterna.se\/norrkoping\/del-4-i-utbildningsserien\/","og_locale":"sv_SE","og_type":"article","og_title":"Del 4 i utbildningsserien - Norrk\u00f6ping","og_description":"P\u00e5 m\u00e5ndag den 14 mars \u00e4r det dags f\u00f6r den fj\u00e4rde delen i Kristdemokraternas utbildningsserie Nyfiken p\u00e5 politik?!. Det \u00e4r den sista delen innan avslutningsresan som b\u00e4r av till Stockholm och riksdagshuset. P\u00e5 m\u00e5ndag kommer vi att prata om politiska ideologier och vi g\u00e4stas av politikern och l\u00e4raren Magnus Engstr\u00f6m fr\u00e5n Link\u00f6ping. N\u00e4r: M\u00e5ndag den Read More","og_url":"https:\/\/wp.kristdemokraterna.se\/norrkoping\/del-4-i-utbildningsserien\/","og_site_name":"Norrk\u00f6ping","article_publisher":"https:\/\/www.facebook.com\/kdnorrkoping\/","article_published_time":"2016-03-13T12:04:20+00:00","article_modified_time":"2016-03-13T12:04:48+00:00","og_image":[{"url":"http:\/\/wp.kristdemokraterna.se\/norrkoping\/files\/2016\/03\/12472829_988993737837766_5130720220865416739_n.jpg","type":"","width":"","height":""}],"author":"norrkoping","twitter_card":"summary_large_image","twitter_misc":{"Skriven av":"norrkoping","Ber\u00e4knad l\u00e4stid":"1 minut"},"schema":{"@context":"https:\/\/schema.org","@graph":[{"@type":"Article","@id":"https:\/\/wp.kristdemokraterna.se\/norrkoping\/del-4-i-utbildningsserien\/#article","isPartOf":{"@id":"https:\/\/wp.kristdemokraterna.se\/norrkoping\/del-4-i-utbildningsserien\/"},"author":{"name":"norrkoping","@id":"https:\/\/wp.kristdemokraterna.se\/norrkoping\/#\/schema\/person\/053ab61aecc405e6e1ac090a6184d5f1"},"headline":"Del 4 i utbildningsserien","datePublished":"2016-03-13T12:04:20+00:00","dateModified":"2016-03-13T12:04:48+00:00","mainEntityOfPage":{"@id":"https:\/\/wp.kristdemokraterna.se\/norrkoping\/del-4-i-utbildningsserien\/"},"wordCount":159,"image":{"@id":"https:\/\/wp.kristdemokraterna.se\/norrkoping\/del-4-i-utbildningsserien\/#primaryimage"},"thumbnailUrl":"http:\/\/wp.kristdemokraterna.se\/norrkoping\/files\/2016\/03\/12472829_988993737837766_5130720220865416739_n.jpg","inLanguage":"sv-SE"},{"@type":"WebPage","@id":"https:\/\/wp.kristdemokraterna.se\/norrkoping\/del-4-i-utbildningsserien\/","url":"https:\/\/wp.kristdemokraterna.se\/norrkoping\/del-4-i-utbildningsserien\/","name":"Del 4 i utbildningsserien - Norrk\u00f6ping","isPartOf":{"@id":"https:\/\/wp.kristdemokraterna.se\/norrkoping\/#website"},"primaryImageOfPage":{"@id":"https:\/\/wp.kristdemokraterna.se\/norrkoping\/del-4-i-utbildningsserien\/#primaryimage"},"image":{"@id":"https:\/\/wp.kristdemokraterna.se\/norrkoping\/del-4-i-utbildningsserien\/#primaryimage"},"thumbnailUrl":"http:\/\/wp.kristdemokraterna.se\/norrkoping\/files\/2016\/03\/12472829_988993737837766_5130720220865416739_n.jpg","datePublished":"2016-03-13T12:04:20+00:00","dateModified":"2016-03-13T12:04:48+00:00","author":{"@id":"https:\/\/wp.kristdemokraterna.se\/norrkoping\/#\/schema\/person\/053ab61aecc405e6e1ac090a6184d5f1"},"breadcrumb":{"@id":"https:\/\/wp.kristdemokraterna.se\/norrkoping\/del-4-i-utbildningsserien\/#breadcrumb"},"inLanguage":"sv-SE","potentialAction":[{"@type":"ReadAction","target":["https:\/\/wp.kristdemokraterna.se\/norrkoping\/del-4-i-utbildningsserien\/"]}]},{"@type":"ImageObject","inLanguage":"sv-SE","@id":"https:\/\/wp.kristdemokraterna.se\/norrkoping\/del-4-i-utbildningsserien\/#primaryimage","url":"https:\/\/wp.kristdemokraterna.se\/norrkoping\/files\/2016\/03\/12472829_988993737837766_5130720220865416739_n.jpg","contentUrl":"https:\/\/wp.kristdemokraterna.se\/norrkoping\/files\/2016\/03\/12472829_988993737837766_5130720220865416739_n.jpg","width":960,"height":720},{"@type":"BreadcrumbList","@id":"https:\/\/wp.kristdemokraterna.se\/norrkoping\/del-4-i-utbildningsserien\/#breadcrumb","itemListElement":[{"@type":"ListItem","position":1,"name":"Hem","item":"https:\/\/wp.kristdemokraterna.se\/norrkoping\/"},{"@type":"ListItem","position":2,"name":"Del 4 i utbildningsserien"}]},{"@type":"WebSite","@id":"https:\/\/wp.kristdemokraterna.se\/norrkoping\/#website","url":"https:\/\/wp.kristdemokraterna.se\/norrkoping\/","name":"Norrk\u00f6ping","description":"Kristdemokraterna","inLanguage":"sv-SE"},{"@type":"Person","@id":"https:\/\/wp.kristdemokraterna.se\/norrkoping\/#\/schema\/person\/053ab61aecc405e6e1ac090a6184d5f1","name":"norrkoping","image":{"@type":"ImageObject","inLanguage":"sv-SE","@id":"https:\/\/secure.gravatar.com\/avatar\/5bae255455c24e201554da273cd27d3b84f92cd5111a46f0db8b2ff9e8240e64?s=96&d=mm&r=g","url":"https:\/\/secure.gravatar.com\/avatar\/5bae255455c24e201554da273cd27d3b84f92cd5111a46f0db8b2ff9e8240e64?s=96&d=mm&r=g","contentUrl":"https:\/\/secure.gravatar.com\/avatar\/5bae255455c24e201554da273cd27d3b84f92cd5111a46f0db8b2ff9e8240e64?s=96&d=mm&r=g","caption":"norrkoping"},"description":"Kristdemokraterna i Norrk\u00f6ping vill skapa ett Norrk\u00f6ping d\u00e4r ingen h\u00e5lls tillbaka och ingen l\u00e4mnas efter!","url":"https:\/\/wp.kristdemokraterna.se\/norrkoping\/author\/norrkoping\/"}]}},"_links":{"self":[{"href":"https:\/\/wp.kristdemokraterna.se\/norrkoping\/wp-json\/wp\/v2\/posts\/2242","targetHints":{"allow":["GET"]}}],"collection":[{"href":"https:\/\/wp.kristdemokraterna.se\/norrkoping\/wp-json\/wp\/v2\/posts"}],"about":[{"href":"https:\/\/wp.kristdemokraterna.se\/norrkoping\/wp-json\/wp\/v2\/types\/post"}],"author":[{"embeddable":true,"href":"https:\/\/wp.kristdemokraterna.se\/norrkoping\/wp-json\/wp\/v2\/users\/45"}],"replies":[{"embeddable":true,"href":"https:\/\/wp.kristdemokraterna.se\/norrkoping\/wp-json\/wp\/v2\/comments?post=2242"}],"version-history":[{"count":2,"href":"https:\/\/wp.kristdemokraterna.se\/norrkoping\/wp-json\/wp\/v2\/posts\/2242\/revisions"}],"predecessor-version":[{"id":2245,"href":"https:\/\/wp.kristdemokraterna.se\/norrkoping\/wp-json\/wp\/v2\/posts\/2242\/revisions\/2245"}],"wp:attachment":[{"href":"https:\/\/wp.kristdemokraterna.se\/norrkoping\/wp-json\/wp\/v2\/media?parent=2242"}],"wp:term":[{"taxonomy":"category","embeddable":true,"href":"https:\/\/wp.kristdemokraterna.se\/norrkoping\/wp-json\/wp\/v2\/categories?post=2242"},{"taxonomy":"post_tag","embeddable":true,"href":"https:\/\/wp.kristdemokraterna.se\/norrkoping\/wp-json\/wp\/v2\/tags?post=2242"}],"curies":[{"name":"wp","href":"https:\/\/api.w.org\/{rel}","templated":true}]}}