{"id":2260,"date":"2016-04-25T17:13:14","date_gmt":"2016-04-25T15:13:14","guid":{"rendered":"http:\/\/wp.kristdemokraterna.se\/norrkoping\/?p=2260"},"modified":"2016-04-25T17:14:37","modified_gmt":"2016-04-25T15:14:37","slug":"2260-2","status":"publish","type":"post","link":"https:\/\/wp.kristdemokraterna.se\/norrkoping\/2260-2\/","title":{"rendered":"Politiska h\u00e4ndelser f\u00f6rsta \u00e5ret"},"content":{"rendered":"<p><i>Den 25 april sammantr\u00e4dde kommunfullm\u00e4ktige f\u00f6r att bland annat debattera \u00e5rsredovisningen och bokslutet. Du hittar \u00e5rsredovisningen och webbs\u00e4ndningen kommunens hemsida. H\u00e4r f\u00e5r du m\u00f6jlighet att l\u00e4sa det som Eva-Britt Sj\u00f6berg lyfte i debatten. <\/i><\/p>\n<p><b>Lagen om valfrihet<\/b><\/p>\n<p>Under 2015 tog vi stora steg f\u00f6r\u00a0en valfrihetsreform i Norrk\u00f6ping. Det formella beslutet hanns inte med f\u00f6re \u00e5rsskiftet, men arbetet som lade grunden f\u00f6r att p\u00e5 kommunfullm\u00e4kitge\u00a0i januari 2016 skulle kunna ta beslutet om att inf\u00f6ra LOV gjordes 2015. Det var inte framf\u00f6rallt en politisk framg\u00e5ng utan en framg\u00e5ng f\u00f6r v\u00e5ra medborgare som genom detta beslut kommer att f\u00e5 st\u00f6rre m\u00f6jlighet att p\u00e5verka sin vardag, men naturligtvis en tydlig markering att vi nu har en ny kommunledning i Norrk\u00f6ping som t\u00e4nker annorlunda och prioriterar annorlunda.<\/p>\n<p><b>Fler korttidsplatser<\/b><\/p>\n<p>P\u00e5 temat prioritera annorlunda mot tidigare kommunledning \u00f6ppnade vi fler korttidsplatser i b\u00f6rjan av 2015, som har lett till att vi har haft betydligt f\u00e4rre utskrivningsklara personer kvar p\u00e5 sjukhuset \u00e4n \u00e5ret innan. Under ett antal m\u00e5nader var det inga personer alls.<\/p>\n<p><b>Bryter negativ trend, bygger S\u00c4BO<\/b><\/p>\n<p>Vi antog ocks\u00e5, under 2015, en utbyggnadsplan av s\u00e4rskilda boendeplatser som nu leder till att vi bryter trenden av nedl\u00e4ggningar och \u00f6ppnar m\u00e5nga nya platser redan i b\u00f6rjan av perioden. Detta kommer att leda till att vi snabbare kan m\u00f6ta behovet av s\u00e4rskilda boendeplatser och f\u00e5 bort v\u00e5r k\u00f6.<\/p>\n<p><b>Personalfr\u00e5gor, sammanh\u00e5llen arbetstid<\/b><br \/>\nPersonalen i VONs verksamheter har gjort miljontals insatser under 2015 inom funktionshinderomr\u00e5det, hemtj\u00e4nst och s\u00e4rskilt boende. V\u00e5ra \u00f6ver 3 500 anst\u00e4llda har m\u00f6tt or\u00e4kneliga behov och gjort fantastiska insatser. Att arbeta inom v\u00e5rd och omsorg kr\u00e4ver en stor flexibilitet eftersom man beh\u00f6ver hantera snabba f\u00f6r\u00e4ndringar b\u00e5de vad det g\u00e4ller antalet insatser och vilken sorts insats. Den kommunala verksamheten kan inte st\u00e4nga ner n\u00e5gon del pga avsaknad av personal, s\u00e5som Regionen kan. Vi m\u00e5ste l\u00f6sa situationen.<\/p>\n<p>Jag skulle vilja p\u00e5st\u00e5 att det \u00e4r denna attityd; vi ska l\u00f6sa det, som gjorde att man i praktiken p\u00e5 n\u00e5gra m\u00e5nader lyckades med att ta bort alla delade turer f\u00f6r v\u00e5ra anst\u00e4llda. Det tog naturligtvis mycket tid och kraft f\u00f6r att genomf\u00f6ra detta men man fixade det. Helt otroligt! Tyv\u00e4rr fick det konsekvensen att m\u00e5nga anst\u00e4llda inte k\u00e4nde att de hann vara med i processen och att de f\u00f6rsta schemana inte blev s\u00e5 bra som m\u00e5nga hoppats p\u00e5. Vi har \u00e4nnu en bit kvar men n\u00e4r det v\u00e4l landat tror jag att alla kommer att vara tacksamma f\u00f6r denna arbetsmilj\u00f6satsning.<\/p>\n<p>Hanteringen av inf\u00f6randet av sammanh\u00e5llen arbetstid \u00e4r en av de delar som revisionen gett oss i VON kritik f\u00f6r, och som vi i efterhand inser att vi skulle hanterat annorlunda p\u00e5 m\u00e5nga s\u00e4tt om vi skulle gjort om det. Att f\u00f6rb\u00e4ttra arbetsvillkoren f\u00f6r v\u00e5ra anst\u00e4llda \u00e4r naturligtvis angel\u00e4get men f\u00f6r\u00e4ndringar beh\u00f6ver g\u00f6ras med st\u00f6rre delaktighet f\u00f6r att bli bra fr\u00e5n b\u00f6rjan.<\/p>\n<p><b>Annat som h\u00e4nt inom v\u00e5rd och omsorg under 2015<\/b><br \/>\n&#8211; \u00d6ppnat ytterligare ett LSS-boende<br \/>\n&#8211; Hemg\u00e5ngsteam i ordinarie verksamhet<br \/>\n&#8211; Verksamhetsutvecklare f\u00f6r v\u00e5ra tr\u00e4ffpunkter<br \/>\n&#8211; Utredningar med f\u00f6rslag p\u00e5 utveckling av daglig verksamhet, v\u00e5rdplanering och h\u00e4lso o sjukv\u00e5rdsorganisationen<\/p>\n<p><b>\u00d6verf\u00f6rmyndarn\u00e4mnden<\/b><br \/>\nJag blir v\u00e4ldigt glad n\u00e4r jag ser utvecklingen som skett inom \u00f6verf\u00f6rmyndarverksamheten de<br \/>\nsenaste \u00e5ren. 2015 var f\u00f6rsta \u00e5ret f\u00f6r v\u00e5r \u00f6verf\u00f6rmyndarn\u00e4mnd, tidigare var det organiserat p\u00e5 annat s\u00e4tt utifr\u00e5n en utsedd \u00f6verf\u00f6rmyndare. Kontoret har f\u00e5tt f\u00f6rst\u00e4rkning och det i kombination med att de har organiserat sig p\u00e5 ett mer flexibelt s\u00e4tt har gjort att de har kunnat \u00f6ka b\u00e5de servicen och r\u00e4ttss\u00e4kerheten.<br \/>\nF\u00f6rra \u00e5rets flyktingstr\u00f6mmar med ett stort antal ensamkommande flyktingbarn har inneburit en ytterligare utmaning f\u00f6r kontoret. Som ni ser i \u00e5rsredovisning var det vid \u00e5rsskiftet brist p\u00e5 gode m\u00e4n men nu ser det betydligt b\u00e4ttre ut. Vi har t o m gode m\u00e4n som v\u00e4ntar p\u00e5 uppdrag. \u00d6FNs strukturerade arbete i kombination med den villighet som Norrk\u00f6pings inv\u00e5nare visat i engagemang f\u00f6r ensamkommande flyktingbarn \u00e4r fantastisk.<br \/>\nDetta engagemang fr\u00e5n medborgarna sticker ut gent emot \u00f6vriga landet enligt\u00f6verf\u00f6rmyndarkontoret. Det \u00e4r n\u00e5got vi kan vara stolta \u00f6ver.<\/p>\n<p><b>Socialn\u00e4mnden<\/b><br \/>\nSocialn\u00e4mnden ansvarar bl a f\u00f6r mottagandet av ensamkommande barn och unga. Fram till maj 2015 var det ett hundratal ensamkommande men mot slutet av \u00e5ret var den siffran uppe i ca 500. \u00c4ven om kostnaderna f\u00f6r barnen \u00e5ters\u00f6ks hos Migrationsverket \u00e4r det en kolossal arbetsinsats som socialkontoret gjort som rott i hamn allt det praktiska. De \u00e4r v\u00e4rda en stor eloge f\u00f6r detta.<br \/>\nDetta samtidigt som all annan verksamhet ska rulla p\u00e5 som vanligt.<br \/>\nJag l\u00e5ter Roger K\u00e4lls l\u00e4gga ut texten mer om SN.<\/p>\n<p><b>F\u00f6rebyggande arbete fram\u00e5t<\/b><\/p>\n<p>N\u00e4r jag allm\u00e4nt ser fram\u00e5t n\u00e4r det g\u00e4ller den sociala sektorn \u00e4r jag som kristdemokrat fortfarande \u00f6vertygad att de \u00e4r de tidiga insatserna f\u00f6r barn med behov och st\u00f6d till f\u00f6r\u00e4ldrar och familjer som \u00e4r den viktigaste och b\u00e4sta investering vi kan g\u00f6ra f\u00f6r framtiden. Trygga familjer ger trygga barn. Trygga barn l\u00e4r sig b\u00e4ttre. Det ger b\u00e4ttre f\u00f6ruts\u00e4ttningar att klara skolan och d\u00e4rmed m\u00f6jligheten att f\u00e5 ett arbete. D\u00e4rf\u00f6r ser jag framf\u00f6r mig fler id\u00e9er och metoder som utvecklas med hj\u00e4lp av sociala investeringsfonden och social impact bonds som sedan implementeras i v\u00e5ra ordinarie verksamheter.<\/p>\n<blockquote><p>Vi m\u00e5ste b\u00f6rja fr\u00e5n b\u00f6rjan med v\u00e5ra barn f\u00f6r att f\u00f6rebygga oh\u00e4lsa och f\u00f6r att f\u00f6rb\u00e4ttra skolresultat.<\/p><\/blockquote>\n<p><i>Eva-Britt Sj\u00f6berg (KD), kommunalr\u00e5d i Norrk\u00f6pings kommun<\/i><\/p>\n<p><img loading=\"lazy\" decoding=\"async\" class=\"aligncenter size-full wp-image-1560\" src=\"http:\/\/wp.kristdemokraterna.se\/norrkoping\/files\/2014\/02\/k1_eva-britt_sjoberg.jpg\" alt=\"K1_Eva-Britt_Sj\u00f6berg\" width=\"4288\" height=\"2848\" \/><\/p>\n<p>&nbsp;<\/p>\n","protected":false},"excerpt":{"rendered":"<p>Den 25 april sammantr\u00e4dde kommunfullm\u00e4ktige f\u00f6r att bland annat debattera \u00e5rsredovisningen och bokslutet. Du hittar \u00e5rsredovisningen och webbs\u00e4ndningen kommunens hemsida. H\u00e4r f\u00e5r du m\u00f6jlighet att l\u00e4sa det som Eva-Britt Sj\u00f6berg lyfte i debatten. Lagen om valfrihet Under 2015 tog vi stora steg f\u00f6r\u00a0en valfrihetsreform i Norrk\u00f6ping. Det formella beslutet hanns inte med f\u00f6re \u00e5rsskiftet, men <a class=\"read-more-link\" href=\"https:\/\/wp.kristdemokraterna.se\/norrkoping\/2260-2\/\">Read More<\/a><\/p>\n","protected":false},"author":45,"featured_media":0,"comment_status":"closed","ping_status":"closed","sticky":false,"template":"","format":"standard","meta":{"_acf_changed":false,"footnotes":""},"categories":[1],"tags":[],"class_list":["post-2260","post","type-post","status-publish","format-standard","hentry","category-okategoriserade"],"acf":[],"yoast_head":"<!-- This site is optimized with the Yoast SEO plugin v27.5 - https:\/\/yoast.com\/product\/yoast-seo-wordpress\/ -->\n<title>Politiska h\u00e4ndelser f\u00f6rsta \u00e5ret - Norrk\u00f6ping<\/title>\n<meta name=\"robots\" content=\"index, follow, max-snippet:-1, max-image-preview:large, max-video-preview:-1\" \/>\n<link rel=\"canonical\" href=\"https:\/\/wp.kristdemokraterna.se\/norrkoping\/2260-2\/\" \/>\n<meta property=\"og:locale\" content=\"sv_SE\" \/>\n<meta property=\"og:type\" content=\"article\" \/>\n<meta property=\"og:title\" content=\"Politiska h\u00e4ndelser f\u00f6rsta \u00e5ret - Norrk\u00f6ping\" \/>\n<meta property=\"og:description\" content=\"Den 25 april sammantr\u00e4dde kommunfullm\u00e4ktige f\u00f6r att bland annat debattera \u00e5rsredovisningen och bokslutet. Du hittar \u00e5rsredovisningen och webbs\u00e4ndningen kommunens hemsida. H\u00e4r f\u00e5r du m\u00f6jlighet att l\u00e4sa det som Eva-Britt Sj\u00f6berg lyfte i debatten. Lagen om valfrihet Under 2015 tog vi stora steg f\u00f6r\u00a0en valfrihetsreform i Norrk\u00f6ping. Det formella beslutet hanns inte med f\u00f6re \u00e5rsskiftet, men Read More\" \/>\n<meta property=\"og:url\" content=\"https:\/\/wp.kristdemokraterna.se\/norrkoping\/2260-2\/\" \/>\n<meta property=\"og:site_name\" content=\"Norrk\u00f6ping\" \/>\n<meta property=\"article:publisher\" content=\"https:\/\/www.facebook.com\/kdnorrkoping\/\" \/>\n<meta property=\"article:published_time\" content=\"2016-04-25T15:13:14+00:00\" \/>\n<meta property=\"article:modified_time\" content=\"2016-04-25T15:14:37+00:00\" \/>\n<meta property=\"og:image\" content=\"http:\/\/wp.kristdemokraterna.se\/norrkoping\/files\/2014\/02\/k1_eva-britt_sjoberg.jpg\" \/>\n<meta name=\"author\" content=\"norrkoping\" \/>\n<meta name=\"twitter:card\" content=\"summary_large_image\" \/>\n<meta name=\"twitter:label1\" content=\"Skriven av\" \/>\n\t<meta name=\"twitter:data1\" content=\"norrkoping\" \/>\n\t<meta name=\"twitter:label2\" content=\"Ber\u00e4knad l\u00e4stid\" \/>\n\t<meta name=\"twitter:data2\" content=\"5 minuter\" \/>\n<script type=\"application\/ld+json\" class=\"yoast-schema-graph\">{\"@context\":\"https:\\\/\\\/schema.org\",\"@graph\":[{\"@type\":\"Article\",\"@id\":\"https:\\\/\\\/wp.kristdemokraterna.se\\\/norrkoping\\\/2260-2\\\/#article\",\"isPartOf\":{\"@id\":\"https:\\\/\\\/wp.kristdemokraterna.se\\\/norrkoping\\\/2260-2\\\/\"},\"author\":{\"name\":\"norrkoping\",\"@id\":\"https:\\\/\\\/wp.kristdemokraterna.se\\\/norrkoping\\\/#\\\/schema\\\/person\\\/053ab61aecc405e6e1ac090a6184d5f1\"},\"headline\":\"Politiska h\u00e4ndelser f\u00f6rsta \u00e5ret\",\"datePublished\":\"2016-04-25T15:13:14+00:00\",\"dateModified\":\"2016-04-25T15:14:37+00:00\",\"mainEntityOfPage\":{\"@id\":\"https:\\\/\\\/wp.kristdemokraterna.se\\\/norrkoping\\\/2260-2\\\/\"},\"wordCount\":1040,\"image\":{\"@id\":\"https:\\\/\\\/wp.kristdemokraterna.se\\\/norrkoping\\\/2260-2\\\/#primaryimage\"},\"thumbnailUrl\":\"http:\\\/\\\/wp.kristdemokraterna.se\\\/norrkoping\\\/files\\\/2014\\\/02\\\/k1_eva-britt_sjoberg.jpg\",\"inLanguage\":\"sv-SE\"},{\"@type\":\"WebPage\",\"@id\":\"https:\\\/\\\/wp.kristdemokraterna.se\\\/norrkoping\\\/2260-2\\\/\",\"url\":\"https:\\\/\\\/wp.kristdemokraterna.se\\\/norrkoping\\\/2260-2\\\/\",\"name\":\"Politiska h\u00e4ndelser f\u00f6rsta \u00e5ret - Norrk\u00f6ping\",\"isPartOf\":{\"@id\":\"https:\\\/\\\/wp.kristdemokraterna.se\\\/norrkoping\\\/#website\"},\"primaryImageOfPage\":{\"@id\":\"https:\\\/\\\/wp.kristdemokraterna.se\\\/norrkoping\\\/2260-2\\\/#primaryimage\"},\"image\":{\"@id\":\"https:\\\/\\\/wp.kristdemokraterna.se\\\/norrkoping\\\/2260-2\\\/#primaryimage\"},\"thumbnailUrl\":\"http:\\\/\\\/wp.kristdemokraterna.se\\\/norrkoping\\\/files\\\/2014\\\/02\\\/k1_eva-britt_sjoberg.jpg\",\"datePublished\":\"2016-04-25T15:13:14+00:00\",\"dateModified\":\"2016-04-25T15:14:37+00:00\",\"author\":{\"@id\":\"https:\\\/\\\/wp.kristdemokraterna.se\\\/norrkoping\\\/#\\\/schema\\\/person\\\/053ab61aecc405e6e1ac090a6184d5f1\"},\"breadcrumb\":{\"@id\":\"https:\\\/\\\/wp.kristdemokraterna.se\\\/norrkoping\\\/2260-2\\\/#breadcrumb\"},\"inLanguage\":\"sv-SE\",\"potentialAction\":[{\"@type\":\"ReadAction\",\"target\":[\"https:\\\/\\\/wp.kristdemokraterna.se\\\/norrkoping\\\/2260-2\\\/\"]}]},{\"@type\":\"ImageObject\",\"inLanguage\":\"sv-SE\",\"@id\":\"https:\\\/\\\/wp.kristdemokraterna.se\\\/norrkoping\\\/2260-2\\\/#primaryimage\",\"url\":\"http:\\\/\\\/wp.kristdemokraterna.se\\\/norrkoping\\\/files\\\/2014\\\/02\\\/k1_eva-britt_sjoberg.jpg\",\"contentUrl\":\"http:\\\/\\\/wp.kristdemokraterna.se\\\/norrkoping\\\/files\\\/2014\\\/02\\\/k1_eva-britt_sjoberg.jpg\"},{\"@type\":\"BreadcrumbList\",\"@id\":\"https:\\\/\\\/wp.kristdemokraterna.se\\\/norrkoping\\\/2260-2\\\/#breadcrumb\",\"itemListElement\":[{\"@type\":\"ListItem\",\"position\":1,\"name\":\"Hem\",\"item\":\"https:\\\/\\\/wp.kristdemokraterna.se\\\/norrkoping\\\/\"},{\"@type\":\"ListItem\",\"position\":2,\"name\":\"Politiska h\u00e4ndelser f\u00f6rsta \u00e5ret\"}]},{\"@type\":\"WebSite\",\"@id\":\"https:\\\/\\\/wp.kristdemokraterna.se\\\/norrkoping\\\/#website\",\"url\":\"https:\\\/\\\/wp.kristdemokraterna.se\\\/norrkoping\\\/\",\"name\":\"Norrk\u00f6ping\",\"description\":\"Kristdemokraterna\",\"inLanguage\":\"sv-SE\"},{\"@type\":\"Person\",\"@id\":\"https:\\\/\\\/wp.kristdemokraterna.se\\\/norrkoping\\\/#\\\/schema\\\/person\\\/053ab61aecc405e6e1ac090a6184d5f1\",\"name\":\"norrkoping\",\"image\":{\"@type\":\"ImageObject\",\"inLanguage\":\"sv-SE\",\"@id\":\"https:\\\/\\\/secure.gravatar.com\\\/avatar\\\/5bae255455c24e201554da273cd27d3b84f92cd5111a46f0db8b2ff9e8240e64?s=96&d=mm&r=g\",\"url\":\"https:\\\/\\\/secure.gravatar.com\\\/avatar\\\/5bae255455c24e201554da273cd27d3b84f92cd5111a46f0db8b2ff9e8240e64?s=96&d=mm&r=g\",\"contentUrl\":\"https:\\\/\\\/secure.gravatar.com\\\/avatar\\\/5bae255455c24e201554da273cd27d3b84f92cd5111a46f0db8b2ff9e8240e64?s=96&d=mm&r=g\",\"caption\":\"norrkoping\"},\"description\":\"Kristdemokraterna i Norrk\u00f6ping vill skapa ett Norrk\u00f6ping d\u00e4r ingen h\u00e5lls tillbaka och ingen l\u00e4mnas efter!\",\"url\":\"https:\\\/\\\/wp.kristdemokraterna.se\\\/norrkoping\\\/author\\\/norrkoping\\\/\"}]}<\/script>\n<!-- \/ Yoast SEO plugin. -->","yoast_head_json":{"title":"Politiska h\u00e4ndelser f\u00f6rsta \u00e5ret - Norrk\u00f6ping","robots":{"index":"index","follow":"follow","max-snippet":"max-snippet:-1","max-image-preview":"max-image-preview:large","max-video-preview":"max-video-preview:-1"},"canonical":"https:\/\/wp.kristdemokraterna.se\/norrkoping\/2260-2\/","og_locale":"sv_SE","og_type":"article","og_title":"Politiska h\u00e4ndelser f\u00f6rsta \u00e5ret - Norrk\u00f6ping","og_description":"Den 25 april sammantr\u00e4dde kommunfullm\u00e4ktige f\u00f6r att bland annat debattera \u00e5rsredovisningen och bokslutet. Du hittar \u00e5rsredovisningen och webbs\u00e4ndningen kommunens hemsida. H\u00e4r f\u00e5r du m\u00f6jlighet att l\u00e4sa det som Eva-Britt Sj\u00f6berg lyfte i debatten. Lagen om valfrihet Under 2015 tog vi stora steg f\u00f6r\u00a0en valfrihetsreform i Norrk\u00f6ping. Det formella beslutet hanns inte med f\u00f6re \u00e5rsskiftet, men Read More","og_url":"https:\/\/wp.kristdemokraterna.se\/norrkoping\/2260-2\/","og_site_name":"Norrk\u00f6ping","article_publisher":"https:\/\/www.facebook.com\/kdnorrkoping\/","article_published_time":"2016-04-25T15:13:14+00:00","article_modified_time":"2016-04-25T15:14:37+00:00","og_image":[{"url":"http:\/\/wp.kristdemokraterna.se\/norrkoping\/files\/2014\/02\/k1_eva-britt_sjoberg.jpg","type":"","width":"","height":""}],"author":"norrkoping","twitter_card":"summary_large_image","twitter_misc":{"Skriven av":"norrkoping","Ber\u00e4knad l\u00e4stid":"5 minuter"},"schema":{"@context":"https:\/\/schema.org","@graph":[{"@type":"Article","@id":"https:\/\/wp.kristdemokraterna.se\/norrkoping\/2260-2\/#article","isPartOf":{"@id":"https:\/\/wp.kristdemokraterna.se\/norrkoping\/2260-2\/"},"author":{"name":"norrkoping","@id":"https:\/\/wp.kristdemokraterna.se\/norrkoping\/#\/schema\/person\/053ab61aecc405e6e1ac090a6184d5f1"},"headline":"Politiska h\u00e4ndelser f\u00f6rsta \u00e5ret","datePublished":"2016-04-25T15:13:14+00:00","dateModified":"2016-04-25T15:14:37+00:00","mainEntityOfPage":{"@id":"https:\/\/wp.kristdemokraterna.se\/norrkoping\/2260-2\/"},"wordCount":1040,"image":{"@id":"https:\/\/wp.kristdemokraterna.se\/norrkoping\/2260-2\/#primaryimage"},"thumbnailUrl":"http:\/\/wp.kristdemokraterna.se\/norrkoping\/files\/2014\/02\/k1_eva-britt_sjoberg.jpg","inLanguage":"sv-SE"},{"@type":"WebPage","@id":"https:\/\/wp.kristdemokraterna.se\/norrkoping\/2260-2\/","url":"https:\/\/wp.kristdemokraterna.se\/norrkoping\/2260-2\/","name":"Politiska h\u00e4ndelser f\u00f6rsta \u00e5ret - Norrk\u00f6ping","isPartOf":{"@id":"https:\/\/wp.kristdemokraterna.se\/norrkoping\/#website"},"primaryImageOfPage":{"@id":"https:\/\/wp.kristdemokraterna.se\/norrkoping\/2260-2\/#primaryimage"},"image":{"@id":"https:\/\/wp.kristdemokraterna.se\/norrkoping\/2260-2\/#primaryimage"},"thumbnailUrl":"http:\/\/wp.kristdemokraterna.se\/norrkoping\/files\/2014\/02\/k1_eva-britt_sjoberg.jpg","datePublished":"2016-04-25T15:13:14+00:00","dateModified":"2016-04-25T15:14:37+00:00","author":{"@id":"https:\/\/wp.kristdemokraterna.se\/norrkoping\/#\/schema\/person\/053ab61aecc405e6e1ac090a6184d5f1"},"breadcrumb":{"@id":"https:\/\/wp.kristdemokraterna.se\/norrkoping\/2260-2\/#breadcrumb"},"inLanguage":"sv-SE","potentialAction":[{"@type":"ReadAction","target":["https:\/\/wp.kristdemokraterna.se\/norrkoping\/2260-2\/"]}]},{"@type":"ImageObject","inLanguage":"sv-SE","@id":"https:\/\/wp.kristdemokraterna.se\/norrkoping\/2260-2\/#primaryimage","url":"http:\/\/wp.kristdemokraterna.se\/norrkoping\/files\/2014\/02\/k1_eva-britt_sjoberg.jpg","contentUrl":"http:\/\/wp.kristdemokraterna.se\/norrkoping\/files\/2014\/02\/k1_eva-britt_sjoberg.jpg"},{"@type":"BreadcrumbList","@id":"https:\/\/wp.kristdemokraterna.se\/norrkoping\/2260-2\/#breadcrumb","itemListElement":[{"@type":"ListItem","position":1,"name":"Hem","item":"https:\/\/wp.kristdemokraterna.se\/norrkoping\/"},{"@type":"ListItem","position":2,"name":"Politiska h\u00e4ndelser f\u00f6rsta \u00e5ret"}]},{"@type":"WebSite","@id":"https:\/\/wp.kristdemokraterna.se\/norrkoping\/#website","url":"https:\/\/wp.kristdemokraterna.se\/norrkoping\/","name":"Norrk\u00f6ping","description":"Kristdemokraterna","inLanguage":"sv-SE"},{"@type":"Person","@id":"https:\/\/wp.kristdemokraterna.se\/norrkoping\/#\/schema\/person\/053ab61aecc405e6e1ac090a6184d5f1","name":"norrkoping","image":{"@type":"ImageObject","inLanguage":"sv-SE","@id":"https:\/\/secure.gravatar.com\/avatar\/5bae255455c24e201554da273cd27d3b84f92cd5111a46f0db8b2ff9e8240e64?s=96&d=mm&r=g","url":"https:\/\/secure.gravatar.com\/avatar\/5bae255455c24e201554da273cd27d3b84f92cd5111a46f0db8b2ff9e8240e64?s=96&d=mm&r=g","contentUrl":"https:\/\/secure.gravatar.com\/avatar\/5bae255455c24e201554da273cd27d3b84f92cd5111a46f0db8b2ff9e8240e64?s=96&d=mm&r=g","caption":"norrkoping"},"description":"Kristdemokraterna i Norrk\u00f6ping vill skapa ett Norrk\u00f6ping d\u00e4r ingen h\u00e5lls tillbaka och ingen l\u00e4mnas efter!","url":"https:\/\/wp.kristdemokraterna.se\/norrkoping\/author\/norrkoping\/"}]}},"_links":{"self":[{"href":"https:\/\/wp.kristdemokraterna.se\/norrkoping\/wp-json\/wp\/v2\/posts\/2260","targetHints":{"allow":["GET"]}}],"collection":[{"href":"https:\/\/wp.kristdemokraterna.se\/norrkoping\/wp-json\/wp\/v2\/posts"}],"about":[{"href":"https:\/\/wp.kristdemokraterna.se\/norrkoping\/wp-json\/wp\/v2\/types\/post"}],"author":[{"embeddable":true,"href":"https:\/\/wp.kristdemokraterna.se\/norrkoping\/wp-json\/wp\/v2\/users\/45"}],"replies":[{"embeddable":true,"href":"https:\/\/wp.kristdemokraterna.se\/norrkoping\/wp-json\/wp\/v2\/comments?post=2260"}],"version-history":[{"count":3,"href":"https:\/\/wp.kristdemokraterna.se\/norrkoping\/wp-json\/wp\/v2\/posts\/2260\/revisions"}],"predecessor-version":[{"id":2263,"href":"https:\/\/wp.kristdemokraterna.se\/norrkoping\/wp-json\/wp\/v2\/posts\/2260\/revisions\/2263"}],"wp:attachment":[{"href":"https:\/\/wp.kristdemokraterna.se\/norrkoping\/wp-json\/wp\/v2\/media?parent=2260"}],"wp:term":[{"taxonomy":"category","embeddable":true,"href":"https:\/\/wp.kristdemokraterna.se\/norrkoping\/wp-json\/wp\/v2\/categories?post=2260"},{"taxonomy":"post_tag","embeddable":true,"href":"https:\/\/wp.kristdemokraterna.se\/norrkoping\/wp-json\/wp\/v2\/tags?post=2260"}],"curies":[{"name":"wp","href":"https:\/\/api.w.org\/{rel}","templated":true}]}}