{"id":2265,"date":"2017-02-16T10:00:34","date_gmt":"2017-02-16T09:00:34","guid":{"rendered":"http:\/\/wp.kristdemokraterna.se\/norrkoping\/?p=2265"},"modified":"2017-02-16T10:08:43","modified_gmt":"2017-02-16T09:08:43","slug":"manatligt-kd-mote","status":"publish","type":"post","link":"https:\/\/wp.kristdemokraterna.se\/norrkoping\/manatligt-kd-mote\/","title":{"rendered":"M\u00e5natligt KD-m\u00f6te 20 februari"},"content":{"rendered":"<p style=\"text-align: center\">\n<p style=\"text-align: center\"><strong>V\u00e4lkomna alla KD-medlemmar p\u00e5 v\u00e5rt m\u00e5natliga KD-m\u00f6te nu p\u00e5 m\u00e5ndag!<\/strong><\/p>\n<p><strong>N\u00e4r:<\/strong> 20 februari kl.18.30<br \/>\n<strong>Var:<\/strong> R\u00e5dhuset, Norrk\u00f6ping<\/p>\n<p>En g\u00e5ng i m\u00e5naden tr\u00e4ffas f\u00f6rtroendevalda kristdemokrater f\u00f6r att diskutera aktuell politik och besluten som ska tas p\u00e5 kommunfullm\u00e4ktige.<\/p>\n<p>Medlemmar utan f\u00f6rtroendeuppdrag \u00e4r ocks\u00e5 varmt v\u00e4lkomna p\u00e5 dessa m\u00f6ten.<\/p>\n<p>Se kalendariet f\u00f6r fler datum och anm\u00e4l dig till v\u00e5r politiska sekreterare Elvira Wibeck (elvira.wibeck@kristdemokraterna.se) innan s\u00e5 f\u00e5r du fika ocks\u00e5.<\/p>\n<p><img loading=\"lazy\" decoding=\"async\" class=\"aligncenter size-full wp-image-2269\" src=\"http:\/\/wp.kristdemokraterna.se\/norrkoping\/files\/2016\/05\/image-1.jpeg\" alt=\"image\" width=\"2048\" height=\"1100\" srcset=\"https:\/\/wp.kristdemokraterna.se\/norrkoping\/files\/2016\/05\/image-1.jpeg 2048w, https:\/\/wp.kristdemokraterna.se\/norrkoping\/files\/2016\/05\/image-1-300x161.jpeg 300w, https:\/\/wp.kristdemokraterna.se\/norrkoping\/files\/2016\/05\/image-1-768x413.jpeg 768w, https:\/\/wp.kristdemokraterna.se\/norrkoping\/files\/2016\/05\/image-1-1024x550.jpeg 1024w, https:\/\/wp.kristdemokraterna.se\/norrkoping\/files\/2016\/05\/image-1-576x309.jpeg 576w, https:\/\/wp.kristdemokraterna.se\/norrkoping\/files\/2016\/05\/image-1-186x100.jpeg 186w\" sizes=\"auto, (max-width: 2048px) 100vw, 2048px\" \/><\/p>\n","protected":false},"excerpt":{"rendered":"<p>V\u00e4lkomna alla KD-medlemmar p\u00e5 v\u00e5rt m\u00e5natliga KD-m\u00f6te nu p\u00e5 m\u00e5ndag! N\u00e4r: 20 februari kl.18.30 Var: R\u00e5dhuset, Norrk\u00f6ping En g\u00e5ng i m\u00e5naden tr\u00e4ffas f\u00f6rtroendevalda kristdemokrater f\u00f6r att diskutera aktuell politik och besluten som ska tas p\u00e5 kommunfullm\u00e4ktige. Medlemmar utan f\u00f6rtroendeuppdrag \u00e4r ocks\u00e5 varmt v\u00e4lkomna p\u00e5 dessa m\u00f6ten. Se kalendariet f\u00f6r fler datum och anm\u00e4l dig till <a class=\"read-more-link\" href=\"https:\/\/wp.kristdemokraterna.se\/norrkoping\/manatligt-kd-mote\/\">Read More<\/a><\/p>\n","protected":false},"author":45,"featured_media":0,"comment_status":"closed","ping_status":"closed","sticky":false,"template":"","format":"standard","meta":{"_acf_changed":false,"footnotes":""},"categories":[1],"tags":[],"class_list":["post-2265","post","type-post","status-publish","format-standard","hentry","category-okategoriserade"],"acf":[],"yoast_head":"<!-- This site is optimized with the Yoast SEO plugin v27.5 - https:\/\/yoast.com\/product\/yoast-seo-wordpress\/ -->\n<title>M\u00e5natligt KD-m\u00f6te 20 februari - Norrk\u00f6ping<\/title>\n<meta name=\"robots\" content=\"index, follow, max-snippet:-1, max-image-preview:large, max-video-preview:-1\" \/>\n<link rel=\"canonical\" href=\"https:\/\/wp.kristdemokraterna.se\/norrkoping\/manatligt-kd-mote\/\" \/>\n<meta property=\"og:locale\" content=\"sv_SE\" \/>\n<meta property=\"og:type\" content=\"article\" \/>\n<meta property=\"og:title\" content=\"M\u00e5natligt KD-m\u00f6te 20 februari - Norrk\u00f6ping\" \/>\n<meta property=\"og:description\" content=\"V\u00e4lkomna alla KD-medlemmar p\u00e5 v\u00e5rt m\u00e5natliga KD-m\u00f6te nu p\u00e5 m\u00e5ndag! N\u00e4r: 20 februari kl.18.30 Var: R\u00e5dhuset, Norrk\u00f6ping En g\u00e5ng i m\u00e5naden tr\u00e4ffas f\u00f6rtroendevalda kristdemokrater f\u00f6r att diskutera aktuell politik och besluten som ska tas p\u00e5 kommunfullm\u00e4ktige. Medlemmar utan f\u00f6rtroendeuppdrag \u00e4r ocks\u00e5 varmt v\u00e4lkomna p\u00e5 dessa m\u00f6ten. Se kalendariet f\u00f6r fler datum och anm\u00e4l dig till Read More\" \/>\n<meta property=\"og:url\" content=\"https:\/\/wp.kristdemokraterna.se\/norrkoping\/manatligt-kd-mote\/\" \/>\n<meta property=\"og:site_name\" content=\"Norrk\u00f6ping\" \/>\n<meta property=\"article:publisher\" content=\"https:\/\/www.facebook.com\/kdnorrkoping\/\" \/>\n<meta property=\"article:published_time\" content=\"2017-02-16T09:00:34+00:00\" \/>\n<meta property=\"article:modified_time\" content=\"2017-02-16T09:08:43+00:00\" \/>\n<meta property=\"og:image\" content=\"http:\/\/wp.kristdemokraterna.se\/norrkoping\/files\/2016\/05\/image-1.jpeg\" \/>\n<meta name=\"author\" content=\"norrkoping\" \/>\n<meta name=\"twitter:card\" content=\"summary_large_image\" \/>\n<meta name=\"twitter:label1\" content=\"Skriven av\" \/>\n\t<meta name=\"twitter:data1\" content=\"norrkoping\" \/>\n<script type=\"application\/ld+json\" class=\"yoast-schema-graph\">{\"@context\":\"https:\\\/\\\/schema.org\",\"@graph\":[{\"@type\":\"Article\",\"@id\":\"https:\\\/\\\/wp.kristdemokraterna.se\\\/norrkoping\\\/manatligt-kd-mote\\\/#article\",\"isPartOf\":{\"@id\":\"https:\\\/\\\/wp.kristdemokraterna.se\\\/norrkoping\\\/manatligt-kd-mote\\\/\"},\"author\":{\"name\":\"norrkoping\",\"@id\":\"https:\\\/\\\/wp.kristdemokraterna.se\\\/norrkoping\\\/#\\\/schema\\\/person\\\/053ab61aecc405e6e1ac090a6184d5f1\"},\"headline\":\"M\u00e5natligt KD-m\u00f6te 20 februari\",\"datePublished\":\"2017-02-16T09:00:34+00:00\",\"dateModified\":\"2017-02-16T09:08:43+00:00\",\"mainEntityOfPage\":{\"@id\":\"https:\\\/\\\/wp.kristdemokraterna.se\\\/norrkoping\\\/manatligt-kd-mote\\\/\"},\"wordCount\":95,\"image\":{\"@id\":\"https:\\\/\\\/wp.kristdemokraterna.se\\\/norrkoping\\\/manatligt-kd-mote\\\/#primaryimage\"},\"thumbnailUrl\":\"http:\\\/\\\/wp.kristdemokraterna.se\\\/norrkoping\\\/files\\\/2016\\\/05\\\/image-1.jpeg\",\"inLanguage\":\"sv-SE\"},{\"@type\":\"WebPage\",\"@id\":\"https:\\\/\\\/wp.kristdemokraterna.se\\\/norrkoping\\\/manatligt-kd-mote\\\/\",\"url\":\"https:\\\/\\\/wp.kristdemokraterna.se\\\/norrkoping\\\/manatligt-kd-mote\\\/\",\"name\":\"M\u00e5natligt KD-m\u00f6te 20 februari - Norrk\u00f6ping\",\"isPartOf\":{\"@id\":\"https:\\\/\\\/wp.kristdemokraterna.se\\\/norrkoping\\\/#website\"},\"primaryImageOfPage\":{\"@id\":\"https:\\\/\\\/wp.kristdemokraterna.se\\\/norrkoping\\\/manatligt-kd-mote\\\/#primaryimage\"},\"image\":{\"@id\":\"https:\\\/\\\/wp.kristdemokraterna.se\\\/norrkoping\\\/manatligt-kd-mote\\\/#primaryimage\"},\"thumbnailUrl\":\"http:\\\/\\\/wp.kristdemokraterna.se\\\/norrkoping\\\/files\\\/2016\\\/05\\\/image-1.jpeg\",\"datePublished\":\"2017-02-16T09:00:34+00:00\",\"dateModified\":\"2017-02-16T09:08:43+00:00\",\"author\":{\"@id\":\"https:\\\/\\\/wp.kristdemokraterna.se\\\/norrkoping\\\/#\\\/schema\\\/person\\\/053ab61aecc405e6e1ac090a6184d5f1\"},\"breadcrumb\":{\"@id\":\"https:\\\/\\\/wp.kristdemokraterna.se\\\/norrkoping\\\/manatligt-kd-mote\\\/#breadcrumb\"},\"inLanguage\":\"sv-SE\",\"potentialAction\":[{\"@type\":\"ReadAction\",\"target\":[\"https:\\\/\\\/wp.kristdemokraterna.se\\\/norrkoping\\\/manatligt-kd-mote\\\/\"]}]},{\"@type\":\"ImageObject\",\"inLanguage\":\"sv-SE\",\"@id\":\"https:\\\/\\\/wp.kristdemokraterna.se\\\/norrkoping\\\/manatligt-kd-mote\\\/#primaryimage\",\"url\":\"https:\\\/\\\/wp.kristdemokraterna.se\\\/norrkoping\\\/files\\\/2016\\\/05\\\/image-1.jpeg\",\"contentUrl\":\"https:\\\/\\\/wp.kristdemokraterna.se\\\/norrkoping\\\/files\\\/2016\\\/05\\\/image-1.jpeg\",\"width\":2048,\"height\":1100},{\"@type\":\"BreadcrumbList\",\"@id\":\"https:\\\/\\\/wp.kristdemokraterna.se\\\/norrkoping\\\/manatligt-kd-mote\\\/#breadcrumb\",\"itemListElement\":[{\"@type\":\"ListItem\",\"position\":1,\"name\":\"Hem\",\"item\":\"https:\\\/\\\/wp.kristdemokraterna.se\\\/norrkoping\\\/\"},{\"@type\":\"ListItem\",\"position\":2,\"name\":\"M\u00e5natligt KD-m\u00f6te 20 februari\"}]},{\"@type\":\"WebSite\",\"@id\":\"https:\\\/\\\/wp.kristdemokraterna.se\\\/norrkoping\\\/#website\",\"url\":\"https:\\\/\\\/wp.kristdemokraterna.se\\\/norrkoping\\\/\",\"name\":\"Norrk\u00f6ping\",\"description\":\"Kristdemokraterna\",\"inLanguage\":\"sv-SE\"},{\"@type\":\"Person\",\"@id\":\"https:\\\/\\\/wp.kristdemokraterna.se\\\/norrkoping\\\/#\\\/schema\\\/person\\\/053ab61aecc405e6e1ac090a6184d5f1\",\"name\":\"norrkoping\",\"image\":{\"@type\":\"ImageObject\",\"inLanguage\":\"sv-SE\",\"@id\":\"https:\\\/\\\/secure.gravatar.com\\\/avatar\\\/5bae255455c24e201554da273cd27d3b84f92cd5111a46f0db8b2ff9e8240e64?s=96&d=mm&r=g\",\"url\":\"https:\\\/\\\/secure.gravatar.com\\\/avatar\\\/5bae255455c24e201554da273cd27d3b84f92cd5111a46f0db8b2ff9e8240e64?s=96&d=mm&r=g\",\"contentUrl\":\"https:\\\/\\\/secure.gravatar.com\\\/avatar\\\/5bae255455c24e201554da273cd27d3b84f92cd5111a46f0db8b2ff9e8240e64?s=96&d=mm&r=g\",\"caption\":\"norrkoping\"},\"description\":\"Kristdemokraterna i Norrk\u00f6ping vill skapa ett Norrk\u00f6ping d\u00e4r ingen h\u00e5lls tillbaka och ingen l\u00e4mnas efter!\",\"url\":\"https:\\\/\\\/wp.kristdemokraterna.se\\\/norrkoping\\\/author\\\/norrkoping\\\/\"}]}<\/script>\n<!-- \/ Yoast SEO plugin. -->","yoast_head_json":{"title":"M\u00e5natligt KD-m\u00f6te 20 februari - Norrk\u00f6ping","robots":{"index":"index","follow":"follow","max-snippet":"max-snippet:-1","max-image-preview":"max-image-preview:large","max-video-preview":"max-video-preview:-1"},"canonical":"https:\/\/wp.kristdemokraterna.se\/norrkoping\/manatligt-kd-mote\/","og_locale":"sv_SE","og_type":"article","og_title":"M\u00e5natligt KD-m\u00f6te 20 februari - Norrk\u00f6ping","og_description":"V\u00e4lkomna alla KD-medlemmar p\u00e5 v\u00e5rt m\u00e5natliga KD-m\u00f6te nu p\u00e5 m\u00e5ndag! N\u00e4r: 20 februari kl.18.30 Var: R\u00e5dhuset, Norrk\u00f6ping En g\u00e5ng i m\u00e5naden tr\u00e4ffas f\u00f6rtroendevalda kristdemokrater f\u00f6r att diskutera aktuell politik och besluten som ska tas p\u00e5 kommunfullm\u00e4ktige. Medlemmar utan f\u00f6rtroendeuppdrag \u00e4r ocks\u00e5 varmt v\u00e4lkomna p\u00e5 dessa m\u00f6ten. Se kalendariet f\u00f6r fler datum och anm\u00e4l dig till Read More","og_url":"https:\/\/wp.kristdemokraterna.se\/norrkoping\/manatligt-kd-mote\/","og_site_name":"Norrk\u00f6ping","article_publisher":"https:\/\/www.facebook.com\/kdnorrkoping\/","article_published_time":"2017-02-16T09:00:34+00:00","article_modified_time":"2017-02-16T09:08:43+00:00","og_image":[{"url":"http:\/\/wp.kristdemokraterna.se\/norrkoping\/files\/2016\/05\/image-1.jpeg","type":"","width":"","height":""}],"author":"norrkoping","twitter_card":"summary_large_image","twitter_misc":{"Skriven av":"norrkoping"},"schema":{"@context":"https:\/\/schema.org","@graph":[{"@type":"Article","@id":"https:\/\/wp.kristdemokraterna.se\/norrkoping\/manatligt-kd-mote\/#article","isPartOf":{"@id":"https:\/\/wp.kristdemokraterna.se\/norrkoping\/manatligt-kd-mote\/"},"author":{"name":"norrkoping","@id":"https:\/\/wp.kristdemokraterna.se\/norrkoping\/#\/schema\/person\/053ab61aecc405e6e1ac090a6184d5f1"},"headline":"M\u00e5natligt KD-m\u00f6te 20 februari","datePublished":"2017-02-16T09:00:34+00:00","dateModified":"2017-02-16T09:08:43+00:00","mainEntityOfPage":{"@id":"https:\/\/wp.kristdemokraterna.se\/norrkoping\/manatligt-kd-mote\/"},"wordCount":95,"image":{"@id":"https:\/\/wp.kristdemokraterna.se\/norrkoping\/manatligt-kd-mote\/#primaryimage"},"thumbnailUrl":"http:\/\/wp.kristdemokraterna.se\/norrkoping\/files\/2016\/05\/image-1.jpeg","inLanguage":"sv-SE"},{"@type":"WebPage","@id":"https:\/\/wp.kristdemokraterna.se\/norrkoping\/manatligt-kd-mote\/","url":"https:\/\/wp.kristdemokraterna.se\/norrkoping\/manatligt-kd-mote\/","name":"M\u00e5natligt KD-m\u00f6te 20 februari - Norrk\u00f6ping","isPartOf":{"@id":"https:\/\/wp.kristdemokraterna.se\/norrkoping\/#website"},"primaryImageOfPage":{"@id":"https:\/\/wp.kristdemokraterna.se\/norrkoping\/manatligt-kd-mote\/#primaryimage"},"image":{"@id":"https:\/\/wp.kristdemokraterna.se\/norrkoping\/manatligt-kd-mote\/#primaryimage"},"thumbnailUrl":"http:\/\/wp.kristdemokraterna.se\/norrkoping\/files\/2016\/05\/image-1.jpeg","datePublished":"2017-02-16T09:00:34+00:00","dateModified":"2017-02-16T09:08:43+00:00","author":{"@id":"https:\/\/wp.kristdemokraterna.se\/norrkoping\/#\/schema\/person\/053ab61aecc405e6e1ac090a6184d5f1"},"breadcrumb":{"@id":"https:\/\/wp.kristdemokraterna.se\/norrkoping\/manatligt-kd-mote\/#breadcrumb"},"inLanguage":"sv-SE","potentialAction":[{"@type":"ReadAction","target":["https:\/\/wp.kristdemokraterna.se\/norrkoping\/manatligt-kd-mote\/"]}]},{"@type":"ImageObject","inLanguage":"sv-SE","@id":"https:\/\/wp.kristdemokraterna.se\/norrkoping\/manatligt-kd-mote\/#primaryimage","url":"https:\/\/wp.kristdemokraterna.se\/norrkoping\/files\/2016\/05\/image-1.jpeg","contentUrl":"https:\/\/wp.kristdemokraterna.se\/norrkoping\/files\/2016\/05\/image-1.jpeg","width":2048,"height":1100},{"@type":"BreadcrumbList","@id":"https:\/\/wp.kristdemokraterna.se\/norrkoping\/manatligt-kd-mote\/#breadcrumb","itemListElement":[{"@type":"ListItem","position":1,"name":"Hem","item":"https:\/\/wp.kristdemokraterna.se\/norrkoping\/"},{"@type":"ListItem","position":2,"name":"M\u00e5natligt KD-m\u00f6te 20 februari"}]},{"@type":"WebSite","@id":"https:\/\/wp.kristdemokraterna.se\/norrkoping\/#website","url":"https:\/\/wp.kristdemokraterna.se\/norrkoping\/","name":"Norrk\u00f6ping","description":"Kristdemokraterna","inLanguage":"sv-SE"},{"@type":"Person","@id":"https:\/\/wp.kristdemokraterna.se\/norrkoping\/#\/schema\/person\/053ab61aecc405e6e1ac090a6184d5f1","name":"norrkoping","image":{"@type":"ImageObject","inLanguage":"sv-SE","@id":"https:\/\/secure.gravatar.com\/avatar\/5bae255455c24e201554da273cd27d3b84f92cd5111a46f0db8b2ff9e8240e64?s=96&d=mm&r=g","url":"https:\/\/secure.gravatar.com\/avatar\/5bae255455c24e201554da273cd27d3b84f92cd5111a46f0db8b2ff9e8240e64?s=96&d=mm&r=g","contentUrl":"https:\/\/secure.gravatar.com\/avatar\/5bae255455c24e201554da273cd27d3b84f92cd5111a46f0db8b2ff9e8240e64?s=96&d=mm&r=g","caption":"norrkoping"},"description":"Kristdemokraterna i Norrk\u00f6ping vill skapa ett Norrk\u00f6ping d\u00e4r ingen h\u00e5lls tillbaka och ingen l\u00e4mnas efter!","url":"https:\/\/wp.kristdemokraterna.se\/norrkoping\/author\/norrkoping\/"}]}},"_links":{"self":[{"href":"https:\/\/wp.kristdemokraterna.se\/norrkoping\/wp-json\/wp\/v2\/posts\/2265","targetHints":{"allow":["GET"]}}],"collection":[{"href":"https:\/\/wp.kristdemokraterna.se\/norrkoping\/wp-json\/wp\/v2\/posts"}],"about":[{"href":"https:\/\/wp.kristdemokraterna.se\/norrkoping\/wp-json\/wp\/v2\/types\/post"}],"author":[{"embeddable":true,"href":"https:\/\/wp.kristdemokraterna.se\/norrkoping\/wp-json\/wp\/v2\/users\/45"}],"replies":[{"embeddable":true,"href":"https:\/\/wp.kristdemokraterna.se\/norrkoping\/wp-json\/wp\/v2\/comments?post=2265"}],"version-history":[{"count":9,"href":"https:\/\/wp.kristdemokraterna.se\/norrkoping\/wp-json\/wp\/v2\/posts\/2265\/revisions"}],"predecessor-version":[{"id":2328,"href":"https:\/\/wp.kristdemokraterna.se\/norrkoping\/wp-json\/wp\/v2\/posts\/2265\/revisions\/2328"}],"wp:attachment":[{"href":"https:\/\/wp.kristdemokraterna.se\/norrkoping\/wp-json\/wp\/v2\/media?parent=2265"}],"wp:term":[{"taxonomy":"category","embeddable":true,"href":"https:\/\/wp.kristdemokraterna.se\/norrkoping\/wp-json\/wp\/v2\/categories?post=2265"},{"taxonomy":"post_tag","embeddable":true,"href":"https:\/\/wp.kristdemokraterna.se\/norrkoping\/wp-json\/wp\/v2\/tags?post=2265"}],"curies":[{"name":"wp","href":"https:\/\/api.w.org\/{rel}","templated":true}]}}