{"id":2348,"date":"2017-03-06T10:13:02","date_gmt":"2017-03-06T09:13:02","guid":{"rendered":"http:\/\/wp.kristdemokraterna.se\/norrkoping\/?p=2348"},"modified":"2017-03-06T10:13:02","modified_gmt":"2017-03-06T09:13:02","slug":"framtidsbildardagen","status":"publish","type":"post","link":"https:\/\/wp.kristdemokraterna.se\/norrkoping\/framtidsbildardagen\/","title":{"rendered":"Framtidsbildardagen"},"content":{"rendered":"<p>I l\u00f6rdags h\u00f6ll Framtidsbildarna en utbildningsdag i ideologi, prioriterade politiska omr\u00e5den och hur man arbetar fram en framg\u00e5ngsrik kristdemokratisk kommunpolitik. Bes\u00f6k av Patrick Vigren, Andreas Carlsson, Lennart Bondesson och Sofie Drake.<\/p>\n<p>H\u00e4r kommer bilder fr\u00e5n dagen.<\/p>\n<p><a href=\"http:\/\/wp.kristdemokraterna.se\/norrkoping\/framtidsbildardagen\/framtidsbildardagen2\/\" rel=\"attachment wp-att-2350\"><img loading=\"lazy\" decoding=\"async\" class=\"aligncenter size-full wp-image-2350\" src=\"http:\/\/wp.kristdemokraterna.se\/norrkoping\/files\/2017\/03\/framtidsbildardagen2.jpg\" alt=\"\" width=\"960\" height=\"824\" srcset=\"https:\/\/wp.kristdemokraterna.se\/norrkoping\/files\/2017\/03\/framtidsbildardagen2.jpg 960w, https:\/\/wp.kristdemokraterna.se\/norrkoping\/files\/2017\/03\/framtidsbildardagen2-300x258.jpg 300w, https:\/\/wp.kristdemokraterna.se\/norrkoping\/files\/2017\/03\/framtidsbildardagen2-768x659.jpg 768w, https:\/\/wp.kristdemokraterna.se\/norrkoping\/files\/2017\/03\/framtidsbildardagen2-403x346.jpg 403w, https:\/\/wp.kristdemokraterna.se\/norrkoping\/files\/2017\/03\/framtidsbildardagen2-130x112.jpg 130w\" sizes=\"auto, (max-width: 960px) 100vw, 960px\" \/><\/a> <a href=\"http:\/\/wp.kristdemokraterna.se\/norrkoping\/framtidsbildardagen\/framtidsbildardagen3\/\" rel=\"attachment wp-att-2351\"><img loading=\"lazy\" decoding=\"async\" class=\"aligncenter size-full wp-image-2351\" src=\"http:\/\/wp.kristdemokraterna.se\/norrkoping\/files\/2017\/03\/framtidsbildardagen3.jpg\" alt=\"\" width=\"960\" height=\"930\" srcset=\"https:\/\/wp.kristdemokraterna.se\/norrkoping\/files\/2017\/03\/framtidsbildardagen3.jpg 960w, https:\/\/wp.kristdemokraterna.se\/norrkoping\/files\/2017\/03\/framtidsbildardagen3-300x291.jpg 300w, https:\/\/wp.kristdemokraterna.se\/norrkoping\/files\/2017\/03\/framtidsbildardagen3-768x744.jpg 768w, https:\/\/wp.kristdemokraterna.se\/norrkoping\/files\/2017\/03\/framtidsbildardagen3-357x346.jpg 357w, https:\/\/wp.kristdemokraterna.se\/norrkoping\/files\/2017\/03\/framtidsbildardagen3-116x112.jpg 116w\" sizes=\"auto, (max-width: 960px) 100vw, 960px\" \/><\/a> <a href=\"http:\/\/wp.kristdemokraterna.se\/norrkoping\/framtidsbildardagen\/framtidsbildardagen4\/\" rel=\"attachment wp-att-2352\"><img loading=\"lazy\" decoding=\"async\" class=\"aligncenter size-full wp-image-2352\" src=\"http:\/\/wp.kristdemokraterna.se\/norrkoping\/files\/2017\/03\/framtidsbildardagen4.jpg\" alt=\"\" width=\"960\" height=\"822\" srcset=\"https:\/\/wp.kristdemokraterna.se\/norrkoping\/files\/2017\/03\/framtidsbildardagen4.jpg 960w, https:\/\/wp.kristdemokraterna.se\/norrkoping\/files\/2017\/03\/framtidsbildardagen4-300x257.jpg 300w, https:\/\/wp.kristdemokraterna.se\/norrkoping\/files\/2017\/03\/framtidsbildardagen4-768x658.jpg 768w, https:\/\/wp.kristdemokraterna.se\/norrkoping\/files\/2017\/03\/framtidsbildardagen4-404x346.jpg 404w, https:\/\/wp.kristdemokraterna.se\/norrkoping\/files\/2017\/03\/framtidsbildardagen4-131x112.jpg 131w\" sizes=\"auto, (max-width: 960px) 100vw, 960px\" \/><\/a> <a href=\"http:\/\/wp.kristdemokraterna.se\/norrkoping\/framtidsbildardagen\/framtidsbildardagen\/\" rel=\"attachment wp-att-2349\"><img loading=\"lazy\" decoding=\"async\" class=\"aligncenter size-full wp-image-2349\" src=\"http:\/\/wp.kristdemokraterna.se\/norrkoping\/files\/2017\/03\/framtidsbildardagen.jpg\" alt=\"\" width=\"960\" height=\"558\" srcset=\"https:\/\/wp.kristdemokraterna.se\/norrkoping\/files\/2017\/03\/framtidsbildardagen.jpg 960w, https:\/\/wp.kristdemokraterna.se\/norrkoping\/files\/2017\/03\/framtidsbildardagen-300x174.jpg 300w, https:\/\/wp.kristdemokraterna.se\/norrkoping\/files\/2017\/03\/framtidsbildardagen-768x446.jpg 768w, https:\/\/wp.kristdemokraterna.se\/norrkoping\/files\/2017\/03\/framtidsbildardagen-576x335.jpg 576w, https:\/\/wp.kristdemokraterna.se\/norrkoping\/files\/2017\/03\/framtidsbildardagen-186x108.jpg 186w\" sizes=\"auto, (max-width: 960px) 100vw, 960px\" \/><\/a><\/p>\n","protected":false},"excerpt":{"rendered":"<p>I l\u00f6rdags h\u00f6ll Framtidsbildarna en utbildningsdag i ideologi, prioriterade politiska omr\u00e5den och hur man arbetar fram en framg\u00e5ngsrik kristdemokratisk kommunpolitik. Bes\u00f6k av Patrick Vigren, Andreas Carlsson, Lennart Bondesson och Sofie Drake. H\u00e4r kommer bilder fr\u00e5n dagen.<\/p>\n","protected":false},"author":45,"featured_media":0,"comment_status":"closed","ping_status":"closed","sticky":false,"template":"","format":"standard","meta":{"_acf_changed":false,"footnotes":""},"categories":[1],"tags":[],"class_list":["post-2348","post","type-post","status-publish","format-standard","hentry","category-okategoriserade"],"acf":[],"yoast_head":"<!-- This site is optimized with the Yoast SEO plugin v27.5 - https:\/\/yoast.com\/product\/yoast-seo-wordpress\/ -->\n<title>Framtidsbildardagen - Norrk\u00f6ping<\/title>\n<meta name=\"robots\" content=\"index, follow, max-snippet:-1, max-image-preview:large, max-video-preview:-1\" \/>\n<link rel=\"canonical\" href=\"https:\/\/wp.kristdemokraterna.se\/norrkoping\/framtidsbildardagen\/\" \/>\n<meta property=\"og:locale\" content=\"sv_SE\" \/>\n<meta property=\"og:type\" content=\"article\" \/>\n<meta property=\"og:title\" content=\"Framtidsbildardagen - Norrk\u00f6ping\" \/>\n<meta property=\"og:description\" content=\"I l\u00f6rdags h\u00f6ll Framtidsbildarna en utbildningsdag i ideologi, prioriterade politiska omr\u00e5den och hur man arbetar fram en framg\u00e5ngsrik kristdemokratisk kommunpolitik. Bes\u00f6k av Patrick Vigren, Andreas Carlsson, Lennart Bondesson och Sofie Drake. H\u00e4r kommer bilder fr\u00e5n dagen.\" \/>\n<meta property=\"og:url\" content=\"https:\/\/wp.kristdemokraterna.se\/norrkoping\/framtidsbildardagen\/\" \/>\n<meta property=\"og:site_name\" content=\"Norrk\u00f6ping\" \/>\n<meta property=\"article:publisher\" content=\"https:\/\/www.facebook.com\/kdnorrkoping\/\" \/>\n<meta property=\"article:published_time\" content=\"2017-03-06T09:13:02+00:00\" \/>\n<meta property=\"og:image\" content=\"http:\/\/wp.kristdemokraterna.se\/norrkoping\/files\/2017\/03\/framtidsbildardagen2.jpg\" \/>\n<meta name=\"author\" content=\"norrkoping\" \/>\n<meta name=\"twitter:card\" content=\"summary_large_image\" \/>\n<meta name=\"twitter:label1\" content=\"Skriven av\" \/>\n\t<meta name=\"twitter:data1\" content=\"norrkoping\" \/>\n<script type=\"application\/ld+json\" class=\"yoast-schema-graph\">{\"@context\":\"https:\\\/\\\/schema.org\",\"@graph\":[{\"@type\":\"Article\",\"@id\":\"https:\\\/\\\/wp.kristdemokraterna.se\\\/norrkoping\\\/framtidsbildardagen\\\/#article\",\"isPartOf\":{\"@id\":\"https:\\\/\\\/wp.kristdemokraterna.se\\\/norrkoping\\\/framtidsbildardagen\\\/\"},\"author\":{\"name\":\"norrkoping\",\"@id\":\"https:\\\/\\\/wp.kristdemokraterna.se\\\/norrkoping\\\/#\\\/schema\\\/person\\\/053ab61aecc405e6e1ac090a6184d5f1\"},\"headline\":\"Framtidsbildardagen\",\"datePublished\":\"2017-03-06T09:13:02+00:00\",\"mainEntityOfPage\":{\"@id\":\"https:\\\/\\\/wp.kristdemokraterna.se\\\/norrkoping\\\/framtidsbildardagen\\\/\"},\"wordCount\":44,\"image\":{\"@id\":\"https:\\\/\\\/wp.kristdemokraterna.se\\\/norrkoping\\\/framtidsbildardagen\\\/#primaryimage\"},\"thumbnailUrl\":\"http:\\\/\\\/wp.kristdemokraterna.se\\\/norrkoping\\\/files\\\/2017\\\/03\\\/framtidsbildardagen2.jpg\",\"inLanguage\":\"sv-SE\"},{\"@type\":\"WebPage\",\"@id\":\"https:\\\/\\\/wp.kristdemokraterna.se\\\/norrkoping\\\/framtidsbildardagen\\\/\",\"url\":\"https:\\\/\\\/wp.kristdemokraterna.se\\\/norrkoping\\\/framtidsbildardagen\\\/\",\"name\":\"Framtidsbildardagen - Norrk\u00f6ping\",\"isPartOf\":{\"@id\":\"https:\\\/\\\/wp.kristdemokraterna.se\\\/norrkoping\\\/#website\"},\"primaryImageOfPage\":{\"@id\":\"https:\\\/\\\/wp.kristdemokraterna.se\\\/norrkoping\\\/framtidsbildardagen\\\/#primaryimage\"},\"image\":{\"@id\":\"https:\\\/\\\/wp.kristdemokraterna.se\\\/norrkoping\\\/framtidsbildardagen\\\/#primaryimage\"},\"thumbnailUrl\":\"http:\\\/\\\/wp.kristdemokraterna.se\\\/norrkoping\\\/files\\\/2017\\\/03\\\/framtidsbildardagen2.jpg\",\"datePublished\":\"2017-03-06T09:13:02+00:00\",\"author\":{\"@id\":\"https:\\\/\\\/wp.kristdemokraterna.se\\\/norrkoping\\\/#\\\/schema\\\/person\\\/053ab61aecc405e6e1ac090a6184d5f1\"},\"breadcrumb\":{\"@id\":\"https:\\\/\\\/wp.kristdemokraterna.se\\\/norrkoping\\\/framtidsbildardagen\\\/#breadcrumb\"},\"inLanguage\":\"sv-SE\",\"potentialAction\":[{\"@type\":\"ReadAction\",\"target\":[\"https:\\\/\\\/wp.kristdemokraterna.se\\\/norrkoping\\\/framtidsbildardagen\\\/\"]}]},{\"@type\":\"ImageObject\",\"inLanguage\":\"sv-SE\",\"@id\":\"https:\\\/\\\/wp.kristdemokraterna.se\\\/norrkoping\\\/framtidsbildardagen\\\/#primaryimage\",\"url\":\"https:\\\/\\\/wp.kristdemokraterna.se\\\/norrkoping\\\/files\\\/2017\\\/03\\\/framtidsbildardagen2.jpg\",\"contentUrl\":\"https:\\\/\\\/wp.kristdemokraterna.se\\\/norrkoping\\\/files\\\/2017\\\/03\\\/framtidsbildardagen2.jpg\",\"width\":960,\"height\":824},{\"@type\":\"BreadcrumbList\",\"@id\":\"https:\\\/\\\/wp.kristdemokraterna.se\\\/norrkoping\\\/framtidsbildardagen\\\/#breadcrumb\",\"itemListElement\":[{\"@type\":\"ListItem\",\"position\":1,\"name\":\"Hem\",\"item\":\"https:\\\/\\\/wp.kristdemokraterna.se\\\/norrkoping\\\/\"},{\"@type\":\"ListItem\",\"position\":2,\"name\":\"Framtidsbildardagen\"}]},{\"@type\":\"WebSite\",\"@id\":\"https:\\\/\\\/wp.kristdemokraterna.se\\\/norrkoping\\\/#website\",\"url\":\"https:\\\/\\\/wp.kristdemokraterna.se\\\/norrkoping\\\/\",\"name\":\"Norrk\u00f6ping\",\"description\":\"Kristdemokraterna\",\"inLanguage\":\"sv-SE\"},{\"@type\":\"Person\",\"@id\":\"https:\\\/\\\/wp.kristdemokraterna.se\\\/norrkoping\\\/#\\\/schema\\\/person\\\/053ab61aecc405e6e1ac090a6184d5f1\",\"name\":\"norrkoping\",\"image\":{\"@type\":\"ImageObject\",\"inLanguage\":\"sv-SE\",\"@id\":\"https:\\\/\\\/secure.gravatar.com\\\/avatar\\\/5bae255455c24e201554da273cd27d3b84f92cd5111a46f0db8b2ff9e8240e64?s=96&d=mm&r=g\",\"url\":\"https:\\\/\\\/secure.gravatar.com\\\/avatar\\\/5bae255455c24e201554da273cd27d3b84f92cd5111a46f0db8b2ff9e8240e64?s=96&d=mm&r=g\",\"contentUrl\":\"https:\\\/\\\/secure.gravatar.com\\\/avatar\\\/5bae255455c24e201554da273cd27d3b84f92cd5111a46f0db8b2ff9e8240e64?s=96&d=mm&r=g\",\"caption\":\"norrkoping\"},\"description\":\"Kristdemokraterna i Norrk\u00f6ping vill skapa ett Norrk\u00f6ping d\u00e4r ingen h\u00e5lls tillbaka och ingen l\u00e4mnas efter!\",\"url\":\"https:\\\/\\\/wp.kristdemokraterna.se\\\/norrkoping\\\/author\\\/norrkoping\\\/\"}]}<\/script>\n<!-- \/ Yoast SEO plugin. -->","yoast_head_json":{"title":"Framtidsbildardagen - Norrk\u00f6ping","robots":{"index":"index","follow":"follow","max-snippet":"max-snippet:-1","max-image-preview":"max-image-preview:large","max-video-preview":"max-video-preview:-1"},"canonical":"https:\/\/wp.kristdemokraterna.se\/norrkoping\/framtidsbildardagen\/","og_locale":"sv_SE","og_type":"article","og_title":"Framtidsbildardagen - Norrk\u00f6ping","og_description":"I l\u00f6rdags h\u00f6ll Framtidsbildarna en utbildningsdag i ideologi, prioriterade politiska omr\u00e5den och hur man arbetar fram en framg\u00e5ngsrik kristdemokratisk kommunpolitik. Bes\u00f6k av Patrick Vigren, Andreas Carlsson, Lennart Bondesson och Sofie Drake. H\u00e4r kommer bilder fr\u00e5n dagen.","og_url":"https:\/\/wp.kristdemokraterna.se\/norrkoping\/framtidsbildardagen\/","og_site_name":"Norrk\u00f6ping","article_publisher":"https:\/\/www.facebook.com\/kdnorrkoping\/","article_published_time":"2017-03-06T09:13:02+00:00","og_image":[{"url":"http:\/\/wp.kristdemokraterna.se\/norrkoping\/files\/2017\/03\/framtidsbildardagen2.jpg","type":"","width":"","height":""}],"author":"norrkoping","twitter_card":"summary_large_image","twitter_misc":{"Skriven av":"norrkoping"},"schema":{"@context":"https:\/\/schema.org","@graph":[{"@type":"Article","@id":"https:\/\/wp.kristdemokraterna.se\/norrkoping\/framtidsbildardagen\/#article","isPartOf":{"@id":"https:\/\/wp.kristdemokraterna.se\/norrkoping\/framtidsbildardagen\/"},"author":{"name":"norrkoping","@id":"https:\/\/wp.kristdemokraterna.se\/norrkoping\/#\/schema\/person\/053ab61aecc405e6e1ac090a6184d5f1"},"headline":"Framtidsbildardagen","datePublished":"2017-03-06T09:13:02+00:00","mainEntityOfPage":{"@id":"https:\/\/wp.kristdemokraterna.se\/norrkoping\/framtidsbildardagen\/"},"wordCount":44,"image":{"@id":"https:\/\/wp.kristdemokraterna.se\/norrkoping\/framtidsbildardagen\/#primaryimage"},"thumbnailUrl":"http:\/\/wp.kristdemokraterna.se\/norrkoping\/files\/2017\/03\/framtidsbildardagen2.jpg","inLanguage":"sv-SE"},{"@type":"WebPage","@id":"https:\/\/wp.kristdemokraterna.se\/norrkoping\/framtidsbildardagen\/","url":"https:\/\/wp.kristdemokraterna.se\/norrkoping\/framtidsbildardagen\/","name":"Framtidsbildardagen - Norrk\u00f6ping","isPartOf":{"@id":"https:\/\/wp.kristdemokraterna.se\/norrkoping\/#website"},"primaryImageOfPage":{"@id":"https:\/\/wp.kristdemokraterna.se\/norrkoping\/framtidsbildardagen\/#primaryimage"},"image":{"@id":"https:\/\/wp.kristdemokraterna.se\/norrkoping\/framtidsbildardagen\/#primaryimage"},"thumbnailUrl":"http:\/\/wp.kristdemokraterna.se\/norrkoping\/files\/2017\/03\/framtidsbildardagen2.jpg","datePublished":"2017-03-06T09:13:02+00:00","author":{"@id":"https:\/\/wp.kristdemokraterna.se\/norrkoping\/#\/schema\/person\/053ab61aecc405e6e1ac090a6184d5f1"},"breadcrumb":{"@id":"https:\/\/wp.kristdemokraterna.se\/norrkoping\/framtidsbildardagen\/#breadcrumb"},"inLanguage":"sv-SE","potentialAction":[{"@type":"ReadAction","target":["https:\/\/wp.kristdemokraterna.se\/norrkoping\/framtidsbildardagen\/"]}]},{"@type":"ImageObject","inLanguage":"sv-SE","@id":"https:\/\/wp.kristdemokraterna.se\/norrkoping\/framtidsbildardagen\/#primaryimage","url":"https:\/\/wp.kristdemokraterna.se\/norrkoping\/files\/2017\/03\/framtidsbildardagen2.jpg","contentUrl":"https:\/\/wp.kristdemokraterna.se\/norrkoping\/files\/2017\/03\/framtidsbildardagen2.jpg","width":960,"height":824},{"@type":"BreadcrumbList","@id":"https:\/\/wp.kristdemokraterna.se\/norrkoping\/framtidsbildardagen\/#breadcrumb","itemListElement":[{"@type":"ListItem","position":1,"name":"Hem","item":"https:\/\/wp.kristdemokraterna.se\/norrkoping\/"},{"@type":"ListItem","position":2,"name":"Framtidsbildardagen"}]},{"@type":"WebSite","@id":"https:\/\/wp.kristdemokraterna.se\/norrkoping\/#website","url":"https:\/\/wp.kristdemokraterna.se\/norrkoping\/","name":"Norrk\u00f6ping","description":"Kristdemokraterna","inLanguage":"sv-SE"},{"@type":"Person","@id":"https:\/\/wp.kristdemokraterna.se\/norrkoping\/#\/schema\/person\/053ab61aecc405e6e1ac090a6184d5f1","name":"norrkoping","image":{"@type":"ImageObject","inLanguage":"sv-SE","@id":"https:\/\/secure.gravatar.com\/avatar\/5bae255455c24e201554da273cd27d3b84f92cd5111a46f0db8b2ff9e8240e64?s=96&d=mm&r=g","url":"https:\/\/secure.gravatar.com\/avatar\/5bae255455c24e201554da273cd27d3b84f92cd5111a46f0db8b2ff9e8240e64?s=96&d=mm&r=g","contentUrl":"https:\/\/secure.gravatar.com\/avatar\/5bae255455c24e201554da273cd27d3b84f92cd5111a46f0db8b2ff9e8240e64?s=96&d=mm&r=g","caption":"norrkoping"},"description":"Kristdemokraterna i Norrk\u00f6ping vill skapa ett Norrk\u00f6ping d\u00e4r ingen h\u00e5lls tillbaka och ingen l\u00e4mnas efter!","url":"https:\/\/wp.kristdemokraterna.se\/norrkoping\/author\/norrkoping\/"}]}},"_links":{"self":[{"href":"https:\/\/wp.kristdemokraterna.se\/norrkoping\/wp-json\/wp\/v2\/posts\/2348","targetHints":{"allow":["GET"]}}],"collection":[{"href":"https:\/\/wp.kristdemokraterna.se\/norrkoping\/wp-json\/wp\/v2\/posts"}],"about":[{"href":"https:\/\/wp.kristdemokraterna.se\/norrkoping\/wp-json\/wp\/v2\/types\/post"}],"author":[{"embeddable":true,"href":"https:\/\/wp.kristdemokraterna.se\/norrkoping\/wp-json\/wp\/v2\/users\/45"}],"replies":[{"embeddable":true,"href":"https:\/\/wp.kristdemokraterna.se\/norrkoping\/wp-json\/wp\/v2\/comments?post=2348"}],"version-history":[{"count":2,"href":"https:\/\/wp.kristdemokraterna.se\/norrkoping\/wp-json\/wp\/v2\/posts\/2348\/revisions"}],"predecessor-version":[{"id":2354,"href":"https:\/\/wp.kristdemokraterna.se\/norrkoping\/wp-json\/wp\/v2\/posts\/2348\/revisions\/2354"}],"wp:attachment":[{"href":"https:\/\/wp.kristdemokraterna.se\/norrkoping\/wp-json\/wp\/v2\/media?parent=2348"}],"wp:term":[{"taxonomy":"category","embeddable":true,"href":"https:\/\/wp.kristdemokraterna.se\/norrkoping\/wp-json\/wp\/v2\/categories?post=2348"},{"taxonomy":"post_tag","embeddable":true,"href":"https:\/\/wp.kristdemokraterna.se\/norrkoping\/wp-json\/wp\/v2\/tags?post=2348"}],"curies":[{"name":"wp","href":"https:\/\/api.w.org\/{rel}","templated":true}]}}