{"id":2379,"date":"2017-04-24T18:31:38","date_gmt":"2017-04-24T16:31:38","guid":{"rendered":"http:\/\/wp.kristdemokraterna.se\/norrkoping\/?p=2379"},"modified":"2017-04-24T18:31:38","modified_gmt":"2017-04-24T16:31:38","slug":"fakta-och-alternativa-fakta-i-kvallens-debatt","status":"publish","type":"post","link":"https:\/\/wp.kristdemokraterna.se\/norrkoping\/fakta-och-alternativa-fakta-i-kvallens-debatt\/","title":{"rendered":"Fakta och alternativa fakta i kv\u00e4llens debatt"},"content":{"rendered":"<p><strong>NORRK\u00d6PING<\/strong> Jag har s\u00e4llan h\u00f6rt ett mer faktal\u00f6st inl\u00e4gg i kommunfullm\u00e4ktige \u00e4n ikv\u00e4ll. Sverigedemokraternas gruppledare staplade l\u00f6sa p\u00e5st\u00e5ende p\u00e5 varandra d\u00e4r han h\u00e4vdade att han minsann visste hur allt ligger till. Det mest oroande \u00e4r att jag misst\u00e4nker att det inte bara \u00e4r retorik utan att gruppledaren tror p\u00e5 sina egna ord.<\/p>\n<p>En bit in i kv\u00e4llens bokslutsdebatt var det min tur att ber\u00e4tta en del av vad som h\u00e4nt 2016:<\/p>\n<p>&#8221;Jag \u00e4r fullt medveten om att vi fortfarande har m\u00e5nga och stor utmaningar framf\u00f6r oss. Inte minst med allt f\u00f6r h\u00f6g arbetsl\u00f6shet och allt f\u00f6r l\u00e5ga skolresultat. Inom v\u00e5rd och omsorg \u00e4r v\u00e5r st\u00f6rsta utmaning kompetensf\u00f6rs\u00f6rjningen.<br \/>\nTrots dessa utmaningar t\u00e4nker jag, denna \u00e5rsredovisningsdag, \u00e4gna en stund \u00e5t att ber\u00e4tta en del av allt det positiva som trots allt h\u00e4nt 2016:<\/p>\n<p>2016 skrev vi historiska genom att bryta en m\u00e5ng\u00e5rig trend av att st\u00e4ndigt minska antalet \u00e4ldreboendeplatser(s\u00e4bo-platser).<br \/>\nVi \u00f6ppnade 88 nya platser under \u00e5ret!<br \/>\nDen tidigare l\u00e5nga k\u00f6n \u00e4r nu s\u00e5 kort att behovet av platser vid \u00e5rsskiftet var i balans.(det tar lite tid med in- och utflytt)<br \/>\nM\u00e5nga platser \u00e4ndrades ocks\u00e5 under \u00e5ret inriktning, till demensplatser som inneb\u00e4r \u00f6kad bemanning.<\/p>\n<p>Vi har \u00f6ppnat ett nytt LSSboende, 15 platser i boende med s\u00e4rskild service f\u00f6r personer med funktionsneds\u00e4ttning, i gr\u00f6n milj\u00f6 p\u00e5 Leonadsberg d\u00e4r det ocks\u00e5 kommer att vara daglig verksamhet med gr\u00f6n inriktning.<\/p>\n<p>Vi har arbetat intensivt med att f\u00f6lja upp v\u00e5ra kostnader s\u00e5 att vi nu har b\u00e4ttre ekonomikontroll \u00e4n n\u00e5gonsin genom m\u00e5natliga rapporter och redovisning utifr\u00e5n nyckeltal f\u00f6r att kunna f\u00f6lja behoven. Vi har tagit till oss revisorernas kritik och \u00f6kat m\u00e5luppfyllelsen j\u00e4mf\u00f6rt med 2015 s\u00e5 att revisorernas bed\u00f6mning g\u00e5tt fr\u00e5n gult, r\u00f6tt, gult till gr\u00f6n, gr\u00f6n, gult<\/p>\n<p>F\u00f6r att att st\u00f6dja och utveckla v\u00e5rden i livets slutskede startade vi arbetet med ett palliativt team<\/p>\n<p>Utvecklingsarbetet med tr\u00e4ffpunkterna b\u00f6rjade f\u00f6r att n\u00e5 fler och f\u00f6r att \u00f6ka delaktigheten d\u00e4r.<\/p>\n<p>Fortsatt \u00f6kad samverkan med Regionen vilket lett till b\u00e4ttre omh\u00e4ndertagande f\u00f6r den enskilde i \u00f6verg\u00e5ngen mellan huvudm\u00e4nnen. Kostnaden f\u00f6r medicinskt f\u00e4rdigbehandlade personer p\u00e5 ViN fors\u00e4tter minska \u00e5r f\u00f6r \u00e5r sedan 2014 och \u00e4r nu nere p\u00e5 samma siffror som 2012.<\/p>\n<p>Smartoteket som visar v\u00e4lf\u00e4rdsteknologi i vardagen \u00f6ppnades p\u00e5 Drottninggatan Vi beslutade att Testmilj\u00f6 Norrk\u00f6ping som varit projekt i tre \u00e5r f\u00f6r att bl a med hj\u00e4lp av \u00e4ldre i testpanel testa nya produkter f\u00f6r \u00f6kat st\u00f6d och sj\u00e4lvst\u00e4ndighet i vardagen skulle bli permanent verksamhet.<\/p>\n<p>Vi har haft en m\u00e5ltidsinspirat\u00f6r hos oss hela \u00e5ret f\u00f6r \u00f6kat fokus p\u00e5 hela matsituationen och f\u00f6r att h\u00f6ja kompetensen och inspirationen hos personalen. Och vi har avsatt extra medel f\u00f6r ekologisk och n\u00e4rodlad mat.<\/p>\n<p>Vi \u00e4r snart f\u00e4rdiga med att byta ut analoga trygghetslarm till digitala larm. Vi har inf\u00f6rt tid och insatsregistrering f\u00f6r att kvalitetss\u00e4kra v\u00e5ra insatser.<\/p>\n<p>Vi har kunna ge m\u00e5nga personer inom LSS som tidigare placerats utanf\u00f6r kommunens gr\u00e4nser hj\u00e4lp p\u00e5 boende inom kommunen. Vi har gjort NP-center till ordinarie verksamhet efter avslutat projekt f\u00f6r att kunna ge b\u00e4ttre st\u00f6d till personer med neuropsykiatriska funktionshinder.<\/p>\n<p>Vi har hj\u00e4lpt \u00f6ver 7000 personer dagligen i v\u00e5ra verksamheter och vi tagit emot ca 1000 personer v f\u00f6r olika former av praktik inom v\u00e5rd och omsorg under \u00e5ret.<\/p>\n<p>Och sist men inte minst har ett intensivt arbete p\u00e5g\u00e5tt hela \u00e5ret f\u00f6r att f\u00f6rbereda organisationen inf\u00f6r inf\u00f6randet av eget val inom hemtj\u00e4nst genom LOV. Inte bara v\u00e5rd och omsorgskontoret har varit inblandande utan ocks\u00e5 GIS-enheten, IT-enheten, kommunikationsavdelningen och n\u00e4ringslivsavdelningen. Den politisk arbetsgruppen har st\u00f6tt och bl\u00f6tt f\u00f6rslag till premisser runt egenvalet och n\u00e4sta m\u00e5nad kommer vi att ta beslut om detta i n\u00e4mnden.<\/p>\n<p>S\u00e5 l\u00e5ngt v\u00e5rd och omsorgsn\u00e4mnden!<\/p>\n<p>N\u00e4r det g\u00e4ller socialn\u00e4mnden \u00e4r jag speciellt glad f\u00f6r att vi kunnat ut\u00f6ka st\u00f6det p\u00e5 hemmaplan s\u00e5 att behovet av externa placeringar har minskat, fr\u00e4mst inom vuxenv\u00e5rden men ocks\u00e5 f\u00f6r ungdomar.<\/p>\n<p>Arbetet med Team Nystart har startat bra. Det \u00e4r ett projekt genom sk social impact bonds f\u00f6r att ge b\u00e4ttre st\u00f6d till placerade barn s\u00e5 att b\u00e5de insatsen och hemkomsten lyckas b\u00e4ttre.<\/p>\n<p>Dessutom \u00f6ppnades under v\u00e5ren en integrerad mottagning f\u00f6r missbruksv\u00e5rd tillsammans med Regionen.<\/p>\n<p>Vi forts\u00e4tter att fokusera p\u00e5 tidiga insatser och genom sociala investeringsfonden har vi startat ett projekt f\u00f6r ett utvecklat f\u00f6r\u00e4ldrast\u00f6d<\/p>\n<p>Den \u00f6kade samverkan med civilsamh\u00e4llet, dvs ideella f\u00f6reningar och organisationer, \u00e4r gl\u00e4djande. Det engagemang som finns i den ideella sektorn \u00e4r en kraft att ta vara p\u00e5. Och det gjorde vi 2016 bl.a. genom den sk integrationsfonden d\u00e4r f\u00f6reningar och organisationer som hade bra id\u00e9er om hur de kunde bidra till \u00f6kad integration kunde ans\u00f6ka om st\u00f6d f\u00f6r detta arbete. En hel del insatser gjordes under sommaren men har ocks\u00e5 fortsatt under l\u00e4s\u00e5ret. Behoven av integrationsinsatser kvarst\u00e5r och jag \u00e4r d\u00e4rf\u00f6r glad att vi kan ta en del av det \u00f6verskott som blev i kommunen som helhet 2016 och avs\u00e4tta ytterligare 5 miljoner till fonden enligt liggande f\u00f6rslag.<\/p>\n<p>Detta var bara ett axplock av allt positivt som h\u00e4nde 2016 inom de omr\u00e5den jag \u00e4r direkt involverad i. Med f\u00f6rtroende f\u00f6r varandra och i ett gott samarbete i Kvartetten har vi kunnat \u00e5stadkomma mycket b\u00e5de i dessa n\u00e4mnder och i \u00f6vriga.<\/p>\n<p>Jag \u00e4r glad och stolt \u00f6ver att vi kristdemokrater har kunnat vara med och bidra till detta, och yrkar bifall till liggande f\u00f6rslag.&#8221;<\/p>\n<p><a href=\"http:\/\/wp.kristdemokraterna.se\/norrkoping\/fakta-och-alternativa-fakta-i-kvallens-debatt\/img-0243\/\" rel=\"attachment wp-att-2380\"><img loading=\"lazy\" decoding=\"async\" class=\"aligncenter size-full wp-image-2380\" src=\"http:\/\/wp.kristdemokraterna.se\/norrkoping\/files\/2017\/04\/img_0243.jpg\" alt=\"\" width=\"842\" height=\"595\" srcset=\"https:\/\/wp.kristdemokraterna.se\/norrkoping\/files\/2017\/04\/img_0243.jpg 842w, https:\/\/wp.kristdemokraterna.se\/norrkoping\/files\/2017\/04\/img_0243-300x212.jpg 300w, https:\/\/wp.kristdemokraterna.se\/norrkoping\/files\/2017\/04\/img_0243-768x543.jpg 768w, https:\/\/wp.kristdemokraterna.se\/norrkoping\/files\/2017\/04\/img_0243-490x346.jpg 490w, https:\/\/wp.kristdemokraterna.se\/norrkoping\/files\/2017\/04\/img_0243-158x112.jpg 158w\" sizes=\"auto, (max-width: 842px) 100vw, 842px\" \/><\/a><\/p>\n","protected":false},"excerpt":{"rendered":"<p>NORRK\u00d6PING Jag har s\u00e4llan h\u00f6rt ett mer faktal\u00f6st inl\u00e4gg i kommunfullm\u00e4ktige \u00e4n ikv\u00e4ll. Sverigedemokraternas gruppledare staplade l\u00f6sa p\u00e5st\u00e5ende p\u00e5 varandra d\u00e4r han h\u00e4vdade att han minsann visste hur allt ligger till. Det mest oroande \u00e4r att jag misst\u00e4nker att det inte bara \u00e4r retorik utan att gruppledaren tror p\u00e5 sina egna ord. En bit in <a class=\"read-more-link\" href=\"https:\/\/wp.kristdemokraterna.se\/norrkoping\/fakta-och-alternativa-fakta-i-kvallens-debatt\/\">Read More<\/a><\/p>\n","protected":false},"author":45,"featured_media":0,"comment_status":"closed","ping_status":"closed","sticky":false,"template":"","format":"standard","meta":{"_acf_changed":false,"footnotes":""},"categories":[1],"tags":[],"class_list":["post-2379","post","type-post","status-publish","format-standard","hentry","category-okategoriserade"],"acf":[],"yoast_head":"<!-- This site is optimized with the Yoast SEO plugin v27.5 - https:\/\/yoast.com\/product\/yoast-seo-wordpress\/ -->\n<title>Fakta och alternativa fakta i kv\u00e4llens debatt - Norrk\u00f6ping<\/title>\n<meta name=\"robots\" content=\"index, follow, max-snippet:-1, max-image-preview:large, max-video-preview:-1\" \/>\n<link rel=\"canonical\" href=\"https:\/\/wp.kristdemokraterna.se\/norrkoping\/fakta-och-alternativa-fakta-i-kvallens-debatt\/\" \/>\n<meta property=\"og:locale\" content=\"sv_SE\" \/>\n<meta property=\"og:type\" content=\"article\" \/>\n<meta property=\"og:title\" content=\"Fakta och alternativa fakta i kv\u00e4llens debatt - Norrk\u00f6ping\" \/>\n<meta property=\"og:description\" content=\"NORRK\u00d6PING Jag har s\u00e4llan h\u00f6rt ett mer faktal\u00f6st inl\u00e4gg i kommunfullm\u00e4ktige \u00e4n ikv\u00e4ll. Sverigedemokraternas gruppledare staplade l\u00f6sa p\u00e5st\u00e5ende p\u00e5 varandra d\u00e4r han h\u00e4vdade att han minsann visste hur allt ligger till. Det mest oroande \u00e4r att jag misst\u00e4nker att det inte bara \u00e4r retorik utan att gruppledaren tror p\u00e5 sina egna ord. En bit in Read More\" \/>\n<meta property=\"og:url\" content=\"https:\/\/wp.kristdemokraterna.se\/norrkoping\/fakta-och-alternativa-fakta-i-kvallens-debatt\/\" \/>\n<meta property=\"og:site_name\" content=\"Norrk\u00f6ping\" \/>\n<meta property=\"article:publisher\" content=\"https:\/\/www.facebook.com\/kdnorrkoping\/\" \/>\n<meta property=\"article:published_time\" content=\"2017-04-24T16:31:38+00:00\" \/>\n<meta property=\"og:image\" content=\"http:\/\/wp.kristdemokraterna.se\/norrkoping\/files\/2017\/04\/img_0243.jpg\" \/>\n<meta name=\"author\" content=\"norrkoping\" \/>\n<meta name=\"twitter:card\" content=\"summary_large_image\" \/>\n<meta name=\"twitter:label1\" content=\"Skriven av\" \/>\n\t<meta name=\"twitter:data1\" content=\"norrkoping\" \/>\n\t<meta name=\"twitter:label2\" content=\"Ber\u00e4knad l\u00e4stid\" \/>\n\t<meta name=\"twitter:data2\" content=\"5 minuter\" \/>\n<script type=\"application\/ld+json\" class=\"yoast-schema-graph\">{\"@context\":\"https:\\\/\\\/schema.org\",\"@graph\":[{\"@type\":\"Article\",\"@id\":\"https:\\\/\\\/wp.kristdemokraterna.se\\\/norrkoping\\\/fakta-och-alternativa-fakta-i-kvallens-debatt\\\/#article\",\"isPartOf\":{\"@id\":\"https:\\\/\\\/wp.kristdemokraterna.se\\\/norrkoping\\\/fakta-och-alternativa-fakta-i-kvallens-debatt\\\/\"},\"author\":{\"name\":\"norrkoping\",\"@id\":\"https:\\\/\\\/wp.kristdemokraterna.se\\\/norrkoping\\\/#\\\/schema\\\/person\\\/053ab61aecc405e6e1ac090a6184d5f1\"},\"headline\":\"Fakta och alternativa fakta i kv\u00e4llens debatt\",\"datePublished\":\"2017-04-24T16:31:38+00:00\",\"mainEntityOfPage\":{\"@id\":\"https:\\\/\\\/wp.kristdemokraterna.se\\\/norrkoping\\\/fakta-och-alternativa-fakta-i-kvallens-debatt\\\/\"},\"wordCount\":1032,\"image\":{\"@id\":\"https:\\\/\\\/wp.kristdemokraterna.se\\\/norrkoping\\\/fakta-och-alternativa-fakta-i-kvallens-debatt\\\/#primaryimage\"},\"thumbnailUrl\":\"http:\\\/\\\/wp.kristdemokraterna.se\\\/norrkoping\\\/files\\\/2017\\\/04\\\/img_0243.jpg\",\"inLanguage\":\"sv-SE\"},{\"@type\":\"WebPage\",\"@id\":\"https:\\\/\\\/wp.kristdemokraterna.se\\\/norrkoping\\\/fakta-och-alternativa-fakta-i-kvallens-debatt\\\/\",\"url\":\"https:\\\/\\\/wp.kristdemokraterna.se\\\/norrkoping\\\/fakta-och-alternativa-fakta-i-kvallens-debatt\\\/\",\"name\":\"Fakta och alternativa fakta i kv\u00e4llens debatt - Norrk\u00f6ping\",\"isPartOf\":{\"@id\":\"https:\\\/\\\/wp.kristdemokraterna.se\\\/norrkoping\\\/#website\"},\"primaryImageOfPage\":{\"@id\":\"https:\\\/\\\/wp.kristdemokraterna.se\\\/norrkoping\\\/fakta-och-alternativa-fakta-i-kvallens-debatt\\\/#primaryimage\"},\"image\":{\"@id\":\"https:\\\/\\\/wp.kristdemokraterna.se\\\/norrkoping\\\/fakta-och-alternativa-fakta-i-kvallens-debatt\\\/#primaryimage\"},\"thumbnailUrl\":\"http:\\\/\\\/wp.kristdemokraterna.se\\\/norrkoping\\\/files\\\/2017\\\/04\\\/img_0243.jpg\",\"datePublished\":\"2017-04-24T16:31:38+00:00\",\"author\":{\"@id\":\"https:\\\/\\\/wp.kristdemokraterna.se\\\/norrkoping\\\/#\\\/schema\\\/person\\\/053ab61aecc405e6e1ac090a6184d5f1\"},\"breadcrumb\":{\"@id\":\"https:\\\/\\\/wp.kristdemokraterna.se\\\/norrkoping\\\/fakta-och-alternativa-fakta-i-kvallens-debatt\\\/#breadcrumb\"},\"inLanguage\":\"sv-SE\",\"potentialAction\":[{\"@type\":\"ReadAction\",\"target\":[\"https:\\\/\\\/wp.kristdemokraterna.se\\\/norrkoping\\\/fakta-och-alternativa-fakta-i-kvallens-debatt\\\/\"]}]},{\"@type\":\"ImageObject\",\"inLanguage\":\"sv-SE\",\"@id\":\"https:\\\/\\\/wp.kristdemokraterna.se\\\/norrkoping\\\/fakta-och-alternativa-fakta-i-kvallens-debatt\\\/#primaryimage\",\"url\":\"https:\\\/\\\/wp.kristdemokraterna.se\\\/norrkoping\\\/files\\\/2017\\\/04\\\/img_0243.jpg\",\"contentUrl\":\"https:\\\/\\\/wp.kristdemokraterna.se\\\/norrkoping\\\/files\\\/2017\\\/04\\\/img_0243.jpg\",\"width\":842,\"height\":595},{\"@type\":\"BreadcrumbList\",\"@id\":\"https:\\\/\\\/wp.kristdemokraterna.se\\\/norrkoping\\\/fakta-och-alternativa-fakta-i-kvallens-debatt\\\/#breadcrumb\",\"itemListElement\":[{\"@type\":\"ListItem\",\"position\":1,\"name\":\"Hem\",\"item\":\"https:\\\/\\\/wp.kristdemokraterna.se\\\/norrkoping\\\/\"},{\"@type\":\"ListItem\",\"position\":2,\"name\":\"Fakta och alternativa fakta i kv\u00e4llens debatt\"}]},{\"@type\":\"WebSite\",\"@id\":\"https:\\\/\\\/wp.kristdemokraterna.se\\\/norrkoping\\\/#website\",\"url\":\"https:\\\/\\\/wp.kristdemokraterna.se\\\/norrkoping\\\/\",\"name\":\"Norrk\u00f6ping\",\"description\":\"Kristdemokraterna\",\"inLanguage\":\"sv-SE\"},{\"@type\":\"Person\",\"@id\":\"https:\\\/\\\/wp.kristdemokraterna.se\\\/norrkoping\\\/#\\\/schema\\\/person\\\/053ab61aecc405e6e1ac090a6184d5f1\",\"name\":\"norrkoping\",\"image\":{\"@type\":\"ImageObject\",\"inLanguage\":\"sv-SE\",\"@id\":\"https:\\\/\\\/secure.gravatar.com\\\/avatar\\\/5bae255455c24e201554da273cd27d3b84f92cd5111a46f0db8b2ff9e8240e64?s=96&d=mm&r=g\",\"url\":\"https:\\\/\\\/secure.gravatar.com\\\/avatar\\\/5bae255455c24e201554da273cd27d3b84f92cd5111a46f0db8b2ff9e8240e64?s=96&d=mm&r=g\",\"contentUrl\":\"https:\\\/\\\/secure.gravatar.com\\\/avatar\\\/5bae255455c24e201554da273cd27d3b84f92cd5111a46f0db8b2ff9e8240e64?s=96&d=mm&r=g\",\"caption\":\"norrkoping\"},\"description\":\"Kristdemokraterna i Norrk\u00f6ping vill skapa ett Norrk\u00f6ping d\u00e4r ingen h\u00e5lls tillbaka och ingen l\u00e4mnas efter!\",\"url\":\"https:\\\/\\\/wp.kristdemokraterna.se\\\/norrkoping\\\/author\\\/norrkoping\\\/\"}]}<\/script>\n<!-- \/ Yoast SEO plugin. -->","yoast_head_json":{"title":"Fakta och alternativa fakta i kv\u00e4llens debatt - Norrk\u00f6ping","robots":{"index":"index","follow":"follow","max-snippet":"max-snippet:-1","max-image-preview":"max-image-preview:large","max-video-preview":"max-video-preview:-1"},"canonical":"https:\/\/wp.kristdemokraterna.se\/norrkoping\/fakta-och-alternativa-fakta-i-kvallens-debatt\/","og_locale":"sv_SE","og_type":"article","og_title":"Fakta och alternativa fakta i kv\u00e4llens debatt - Norrk\u00f6ping","og_description":"NORRK\u00d6PING Jag har s\u00e4llan h\u00f6rt ett mer faktal\u00f6st inl\u00e4gg i kommunfullm\u00e4ktige \u00e4n ikv\u00e4ll. Sverigedemokraternas gruppledare staplade l\u00f6sa p\u00e5st\u00e5ende p\u00e5 varandra d\u00e4r han h\u00e4vdade att han minsann visste hur allt ligger till. Det mest oroande \u00e4r att jag misst\u00e4nker att det inte bara \u00e4r retorik utan att gruppledaren tror p\u00e5 sina egna ord. En bit in Read More","og_url":"https:\/\/wp.kristdemokraterna.se\/norrkoping\/fakta-och-alternativa-fakta-i-kvallens-debatt\/","og_site_name":"Norrk\u00f6ping","article_publisher":"https:\/\/www.facebook.com\/kdnorrkoping\/","article_published_time":"2017-04-24T16:31:38+00:00","og_image":[{"url":"http:\/\/wp.kristdemokraterna.se\/norrkoping\/files\/2017\/04\/img_0243.jpg","type":"","width":"","height":""}],"author":"norrkoping","twitter_card":"summary_large_image","twitter_misc":{"Skriven av":"norrkoping","Ber\u00e4knad l\u00e4stid":"5 minuter"},"schema":{"@context":"https:\/\/schema.org","@graph":[{"@type":"Article","@id":"https:\/\/wp.kristdemokraterna.se\/norrkoping\/fakta-och-alternativa-fakta-i-kvallens-debatt\/#article","isPartOf":{"@id":"https:\/\/wp.kristdemokraterna.se\/norrkoping\/fakta-och-alternativa-fakta-i-kvallens-debatt\/"},"author":{"name":"norrkoping","@id":"https:\/\/wp.kristdemokraterna.se\/norrkoping\/#\/schema\/person\/053ab61aecc405e6e1ac090a6184d5f1"},"headline":"Fakta och alternativa fakta i kv\u00e4llens debatt","datePublished":"2017-04-24T16:31:38+00:00","mainEntityOfPage":{"@id":"https:\/\/wp.kristdemokraterna.se\/norrkoping\/fakta-och-alternativa-fakta-i-kvallens-debatt\/"},"wordCount":1032,"image":{"@id":"https:\/\/wp.kristdemokraterna.se\/norrkoping\/fakta-och-alternativa-fakta-i-kvallens-debatt\/#primaryimage"},"thumbnailUrl":"http:\/\/wp.kristdemokraterna.se\/norrkoping\/files\/2017\/04\/img_0243.jpg","inLanguage":"sv-SE"},{"@type":"WebPage","@id":"https:\/\/wp.kristdemokraterna.se\/norrkoping\/fakta-och-alternativa-fakta-i-kvallens-debatt\/","url":"https:\/\/wp.kristdemokraterna.se\/norrkoping\/fakta-och-alternativa-fakta-i-kvallens-debatt\/","name":"Fakta och alternativa fakta i kv\u00e4llens debatt - Norrk\u00f6ping","isPartOf":{"@id":"https:\/\/wp.kristdemokraterna.se\/norrkoping\/#website"},"primaryImageOfPage":{"@id":"https:\/\/wp.kristdemokraterna.se\/norrkoping\/fakta-och-alternativa-fakta-i-kvallens-debatt\/#primaryimage"},"image":{"@id":"https:\/\/wp.kristdemokraterna.se\/norrkoping\/fakta-och-alternativa-fakta-i-kvallens-debatt\/#primaryimage"},"thumbnailUrl":"http:\/\/wp.kristdemokraterna.se\/norrkoping\/files\/2017\/04\/img_0243.jpg","datePublished":"2017-04-24T16:31:38+00:00","author":{"@id":"https:\/\/wp.kristdemokraterna.se\/norrkoping\/#\/schema\/person\/053ab61aecc405e6e1ac090a6184d5f1"},"breadcrumb":{"@id":"https:\/\/wp.kristdemokraterna.se\/norrkoping\/fakta-och-alternativa-fakta-i-kvallens-debatt\/#breadcrumb"},"inLanguage":"sv-SE","potentialAction":[{"@type":"ReadAction","target":["https:\/\/wp.kristdemokraterna.se\/norrkoping\/fakta-och-alternativa-fakta-i-kvallens-debatt\/"]}]},{"@type":"ImageObject","inLanguage":"sv-SE","@id":"https:\/\/wp.kristdemokraterna.se\/norrkoping\/fakta-och-alternativa-fakta-i-kvallens-debatt\/#primaryimage","url":"https:\/\/wp.kristdemokraterna.se\/norrkoping\/files\/2017\/04\/img_0243.jpg","contentUrl":"https:\/\/wp.kristdemokraterna.se\/norrkoping\/files\/2017\/04\/img_0243.jpg","width":842,"height":595},{"@type":"BreadcrumbList","@id":"https:\/\/wp.kristdemokraterna.se\/norrkoping\/fakta-och-alternativa-fakta-i-kvallens-debatt\/#breadcrumb","itemListElement":[{"@type":"ListItem","position":1,"name":"Hem","item":"https:\/\/wp.kristdemokraterna.se\/norrkoping\/"},{"@type":"ListItem","position":2,"name":"Fakta och alternativa fakta i kv\u00e4llens debatt"}]},{"@type":"WebSite","@id":"https:\/\/wp.kristdemokraterna.se\/norrkoping\/#website","url":"https:\/\/wp.kristdemokraterna.se\/norrkoping\/","name":"Norrk\u00f6ping","description":"Kristdemokraterna","inLanguage":"sv-SE"},{"@type":"Person","@id":"https:\/\/wp.kristdemokraterna.se\/norrkoping\/#\/schema\/person\/053ab61aecc405e6e1ac090a6184d5f1","name":"norrkoping","image":{"@type":"ImageObject","inLanguage":"sv-SE","@id":"https:\/\/secure.gravatar.com\/avatar\/5bae255455c24e201554da273cd27d3b84f92cd5111a46f0db8b2ff9e8240e64?s=96&d=mm&r=g","url":"https:\/\/secure.gravatar.com\/avatar\/5bae255455c24e201554da273cd27d3b84f92cd5111a46f0db8b2ff9e8240e64?s=96&d=mm&r=g","contentUrl":"https:\/\/secure.gravatar.com\/avatar\/5bae255455c24e201554da273cd27d3b84f92cd5111a46f0db8b2ff9e8240e64?s=96&d=mm&r=g","caption":"norrkoping"},"description":"Kristdemokraterna i Norrk\u00f6ping vill skapa ett Norrk\u00f6ping d\u00e4r ingen h\u00e5lls tillbaka och ingen l\u00e4mnas efter!","url":"https:\/\/wp.kristdemokraterna.se\/norrkoping\/author\/norrkoping\/"}]}},"_links":{"self":[{"href":"https:\/\/wp.kristdemokraterna.se\/norrkoping\/wp-json\/wp\/v2\/posts\/2379","targetHints":{"allow":["GET"]}}],"collection":[{"href":"https:\/\/wp.kristdemokraterna.se\/norrkoping\/wp-json\/wp\/v2\/posts"}],"about":[{"href":"https:\/\/wp.kristdemokraterna.se\/norrkoping\/wp-json\/wp\/v2\/types\/post"}],"author":[{"embeddable":true,"href":"https:\/\/wp.kristdemokraterna.se\/norrkoping\/wp-json\/wp\/v2\/users\/45"}],"replies":[{"embeddable":true,"href":"https:\/\/wp.kristdemokraterna.se\/norrkoping\/wp-json\/wp\/v2\/comments?post=2379"}],"version-history":[{"count":2,"href":"https:\/\/wp.kristdemokraterna.se\/norrkoping\/wp-json\/wp\/v2\/posts\/2379\/revisions"}],"predecessor-version":[{"id":2382,"href":"https:\/\/wp.kristdemokraterna.se\/norrkoping\/wp-json\/wp\/v2\/posts\/2379\/revisions\/2382"}],"wp:attachment":[{"href":"https:\/\/wp.kristdemokraterna.se\/norrkoping\/wp-json\/wp\/v2\/media?parent=2379"}],"wp:term":[{"taxonomy":"category","embeddable":true,"href":"https:\/\/wp.kristdemokraterna.se\/norrkoping\/wp-json\/wp\/v2\/categories?post=2379"},{"taxonomy":"post_tag","embeddable":true,"href":"https:\/\/wp.kristdemokraterna.se\/norrkoping\/wp-json\/wp\/v2\/tags?post=2379"}],"curies":[{"name":"wp","href":"https:\/\/api.w.org\/{rel}","templated":true}]}}