{"id":2400,"date":"2017-06-05T16:01:09","date_gmt":"2017-06-05T14:01:09","guid":{"rendered":"http:\/\/wp.kristdemokraterna.se\/norrkoping\/?p=2400"},"modified":"2017-06-06T16:04:45","modified_gmt":"2017-06-06T14:04:45","slug":"valkomna-pa-kp-grupp","status":"publish","type":"post","link":"https:\/\/wp.kristdemokraterna.se\/norrkoping\/valkomna-pa-kp-grupp\/","title":{"rendered":"V\u00e4lkomna p\u00e5 KP-grupp 12 juni"},"content":{"rendered":"<p>Varje m\u00e5nad tr\u00e4ffas KD-politikerna i Norrk\u00f6ping f\u00f6r att diskutera aktuella politiska fr\u00e5gor inf\u00f6r kommunfullm\u00e4ktige. Medlemmar utan politiska uppdrag \u00e4r ocks\u00e5 varmt v\u00e4lkomna! <\/p>\n<p>N\u00e4sta m\u00f6te \u00e4r den 12 juni och d\u00e5 passar vi p\u00e5 att grilla ihop ocks\u00e5. <\/p>\n<p>Anm\u00e4lan kr\u00e4vs, senast den 9 juni till <a href=\"mailto:elvira.wibeck@kristdemokraterna.se\">elvira.wibeck@kristdemokraterna.se<\/a> <\/p>\n<p><a href=\"http:\/\/wp.kristdemokraterna.se\/norrkoping\/valkomna-pa-kp-grupp\/12-juni\/\" rel=\"attachment wp-att-2401\"><img loading=\"lazy\" decoding=\"async\" src=\"http:\/\/wp.kristdemokraterna.se\/norrkoping\/files\/2017\/06\/12-juni.jpg\" alt=\"\" width=\"842\" height=\"595\" class=\"aligncenter size-full wp-image-2401\" srcset=\"https:\/\/wp.kristdemokraterna.se\/norrkoping\/files\/2017\/06\/12-juni.jpg 842w, https:\/\/wp.kristdemokraterna.se\/norrkoping\/files\/2017\/06\/12-juni-300x212.jpg 300w, https:\/\/wp.kristdemokraterna.se\/norrkoping\/files\/2017\/06\/12-juni-768x543.jpg 768w, https:\/\/wp.kristdemokraterna.se\/norrkoping\/files\/2017\/06\/12-juni-490x346.jpg 490w, https:\/\/wp.kristdemokraterna.se\/norrkoping\/files\/2017\/06\/12-juni-158x112.jpg 158w\" sizes=\"auto, (max-width: 842px) 100vw, 842px\" \/><\/a><\/p>\n","protected":false},"excerpt":{"rendered":"<p>Varje m\u00e5nad tr\u00e4ffas KD-politikerna i Norrk\u00f6ping f\u00f6r att diskutera aktuella politiska fr\u00e5gor inf\u00f6r kommunfullm\u00e4ktige. Medlemmar utan politiska uppdrag \u00e4r ocks\u00e5 varmt v\u00e4lkomna! N\u00e4sta m\u00f6te \u00e4r den 12 juni och d\u00e5 passar vi p\u00e5 att grilla ihop ocks\u00e5. Anm\u00e4lan kr\u00e4vs, senast den 9 juni till elvira.wibeck@kristdemokraterna.se<\/p>\n","protected":false},"author":45,"featured_media":0,"comment_status":"closed","ping_status":"closed","sticky":false,"template":"","format":"standard","meta":{"_acf_changed":false,"footnotes":""},"categories":[1],"tags":[],"class_list":["post-2400","post","type-post","status-publish","format-standard","hentry","category-okategoriserade"],"acf":[],"yoast_head":"<!-- This site is optimized with the Yoast SEO plugin v27.5 - https:\/\/yoast.com\/product\/yoast-seo-wordpress\/ -->\n<title>V\u00e4lkomna p\u00e5 KP-grupp 12 juni - Norrk\u00f6ping<\/title>\n<meta name=\"robots\" content=\"index, follow, max-snippet:-1, max-image-preview:large, max-video-preview:-1\" \/>\n<link rel=\"canonical\" href=\"https:\/\/wp.kristdemokraterna.se\/norrkoping\/valkomna-pa-kp-grupp\/\" \/>\n<meta property=\"og:locale\" content=\"sv_SE\" \/>\n<meta property=\"og:type\" content=\"article\" \/>\n<meta property=\"og:title\" content=\"V\u00e4lkomna p\u00e5 KP-grupp 12 juni - Norrk\u00f6ping\" \/>\n<meta property=\"og:description\" content=\"Varje m\u00e5nad tr\u00e4ffas KD-politikerna i Norrk\u00f6ping f\u00f6r att diskutera aktuella politiska fr\u00e5gor inf\u00f6r kommunfullm\u00e4ktige. Medlemmar utan politiska uppdrag \u00e4r ocks\u00e5 varmt v\u00e4lkomna! N\u00e4sta m\u00f6te \u00e4r den 12 juni och d\u00e5 passar vi p\u00e5 att grilla ihop ocks\u00e5. Anm\u00e4lan kr\u00e4vs, senast den 9 juni till elvira.wibeck@kristdemokraterna.se\" \/>\n<meta property=\"og:url\" content=\"https:\/\/wp.kristdemokraterna.se\/norrkoping\/valkomna-pa-kp-grupp\/\" \/>\n<meta property=\"og:site_name\" content=\"Norrk\u00f6ping\" \/>\n<meta property=\"article:publisher\" content=\"https:\/\/www.facebook.com\/kdnorrkoping\/\" \/>\n<meta property=\"article:published_time\" content=\"2017-06-05T14:01:09+00:00\" \/>\n<meta property=\"article:modified_time\" content=\"2017-06-06T14:04:45+00:00\" \/>\n<meta property=\"og:image\" content=\"http:\/\/wp.kristdemokraterna.se\/norrkoping\/files\/2017\/06\/12-juni.jpg\" \/>\n<meta name=\"author\" content=\"norrkoping\" \/>\n<meta name=\"twitter:card\" content=\"summary_large_image\" \/>\n<meta name=\"twitter:label1\" content=\"Skriven av\" \/>\n\t<meta name=\"twitter:data1\" content=\"norrkoping\" \/>\n<script type=\"application\/ld+json\" class=\"yoast-schema-graph\">{\"@context\":\"https:\\\/\\\/schema.org\",\"@graph\":[{\"@type\":\"Article\",\"@id\":\"https:\\\/\\\/wp.kristdemokraterna.se\\\/norrkoping\\\/valkomna-pa-kp-grupp\\\/#article\",\"isPartOf\":{\"@id\":\"https:\\\/\\\/wp.kristdemokraterna.se\\\/norrkoping\\\/valkomna-pa-kp-grupp\\\/\"},\"author\":{\"name\":\"norrkoping\",\"@id\":\"https:\\\/\\\/wp.kristdemokraterna.se\\\/norrkoping\\\/#\\\/schema\\\/person\\\/053ab61aecc405e6e1ac090a6184d5f1\"},\"headline\":\"V\u00e4lkomna p\u00e5 KP-grupp 12 juni\",\"datePublished\":\"2017-06-05T14:01:09+00:00\",\"dateModified\":\"2017-06-06T14:04:45+00:00\",\"mainEntityOfPage\":{\"@id\":\"https:\\\/\\\/wp.kristdemokraterna.se\\\/norrkoping\\\/valkomna-pa-kp-grupp\\\/\"},\"wordCount\":63,\"image\":{\"@id\":\"https:\\\/\\\/wp.kristdemokraterna.se\\\/norrkoping\\\/valkomna-pa-kp-grupp\\\/#primaryimage\"},\"thumbnailUrl\":\"http:\\\/\\\/wp.kristdemokraterna.se\\\/norrkoping\\\/files\\\/2017\\\/06\\\/12-juni.jpg\",\"inLanguage\":\"sv-SE\"},{\"@type\":\"WebPage\",\"@id\":\"https:\\\/\\\/wp.kristdemokraterna.se\\\/norrkoping\\\/valkomna-pa-kp-grupp\\\/\",\"url\":\"https:\\\/\\\/wp.kristdemokraterna.se\\\/norrkoping\\\/valkomna-pa-kp-grupp\\\/\",\"name\":\"V\u00e4lkomna p\u00e5 KP-grupp 12 juni - Norrk\u00f6ping\",\"isPartOf\":{\"@id\":\"https:\\\/\\\/wp.kristdemokraterna.se\\\/norrkoping\\\/#website\"},\"primaryImageOfPage\":{\"@id\":\"https:\\\/\\\/wp.kristdemokraterna.se\\\/norrkoping\\\/valkomna-pa-kp-grupp\\\/#primaryimage\"},\"image\":{\"@id\":\"https:\\\/\\\/wp.kristdemokraterna.se\\\/norrkoping\\\/valkomna-pa-kp-grupp\\\/#primaryimage\"},\"thumbnailUrl\":\"http:\\\/\\\/wp.kristdemokraterna.se\\\/norrkoping\\\/files\\\/2017\\\/06\\\/12-juni.jpg\",\"datePublished\":\"2017-06-05T14:01:09+00:00\",\"dateModified\":\"2017-06-06T14:04:45+00:00\",\"author\":{\"@id\":\"https:\\\/\\\/wp.kristdemokraterna.se\\\/norrkoping\\\/#\\\/schema\\\/person\\\/053ab61aecc405e6e1ac090a6184d5f1\"},\"breadcrumb\":{\"@id\":\"https:\\\/\\\/wp.kristdemokraterna.se\\\/norrkoping\\\/valkomna-pa-kp-grupp\\\/#breadcrumb\"},\"inLanguage\":\"sv-SE\",\"potentialAction\":[{\"@type\":\"ReadAction\",\"target\":[\"https:\\\/\\\/wp.kristdemokraterna.se\\\/norrkoping\\\/valkomna-pa-kp-grupp\\\/\"]}]},{\"@type\":\"ImageObject\",\"inLanguage\":\"sv-SE\",\"@id\":\"https:\\\/\\\/wp.kristdemokraterna.se\\\/norrkoping\\\/valkomna-pa-kp-grupp\\\/#primaryimage\",\"url\":\"https:\\\/\\\/wp.kristdemokraterna.se\\\/norrkoping\\\/files\\\/2017\\\/06\\\/12-juni.jpg\",\"contentUrl\":\"https:\\\/\\\/wp.kristdemokraterna.se\\\/norrkoping\\\/files\\\/2017\\\/06\\\/12-juni.jpg\",\"width\":842,\"height\":595},{\"@type\":\"BreadcrumbList\",\"@id\":\"https:\\\/\\\/wp.kristdemokraterna.se\\\/norrkoping\\\/valkomna-pa-kp-grupp\\\/#breadcrumb\",\"itemListElement\":[{\"@type\":\"ListItem\",\"position\":1,\"name\":\"Hem\",\"item\":\"https:\\\/\\\/wp.kristdemokraterna.se\\\/norrkoping\\\/\"},{\"@type\":\"ListItem\",\"position\":2,\"name\":\"V\u00e4lkomna p\u00e5 KP-grupp 12 juni\"}]},{\"@type\":\"WebSite\",\"@id\":\"https:\\\/\\\/wp.kristdemokraterna.se\\\/norrkoping\\\/#website\",\"url\":\"https:\\\/\\\/wp.kristdemokraterna.se\\\/norrkoping\\\/\",\"name\":\"Norrk\u00f6ping\",\"description\":\"Kristdemokraterna\",\"inLanguage\":\"sv-SE\"},{\"@type\":\"Person\",\"@id\":\"https:\\\/\\\/wp.kristdemokraterna.se\\\/norrkoping\\\/#\\\/schema\\\/person\\\/053ab61aecc405e6e1ac090a6184d5f1\",\"name\":\"norrkoping\",\"image\":{\"@type\":\"ImageObject\",\"inLanguage\":\"sv-SE\",\"@id\":\"https:\\\/\\\/secure.gravatar.com\\\/avatar\\\/5bae255455c24e201554da273cd27d3b84f92cd5111a46f0db8b2ff9e8240e64?s=96&d=mm&r=g\",\"url\":\"https:\\\/\\\/secure.gravatar.com\\\/avatar\\\/5bae255455c24e201554da273cd27d3b84f92cd5111a46f0db8b2ff9e8240e64?s=96&d=mm&r=g\",\"contentUrl\":\"https:\\\/\\\/secure.gravatar.com\\\/avatar\\\/5bae255455c24e201554da273cd27d3b84f92cd5111a46f0db8b2ff9e8240e64?s=96&d=mm&r=g\",\"caption\":\"norrkoping\"},\"description\":\"Kristdemokraterna i Norrk\u00f6ping vill skapa ett Norrk\u00f6ping d\u00e4r ingen h\u00e5lls tillbaka och ingen l\u00e4mnas efter!\",\"url\":\"https:\\\/\\\/wp.kristdemokraterna.se\\\/norrkoping\\\/author\\\/norrkoping\\\/\"}]}<\/script>\n<!-- \/ Yoast SEO plugin. -->","yoast_head_json":{"title":"V\u00e4lkomna p\u00e5 KP-grupp 12 juni - Norrk\u00f6ping","robots":{"index":"index","follow":"follow","max-snippet":"max-snippet:-1","max-image-preview":"max-image-preview:large","max-video-preview":"max-video-preview:-1"},"canonical":"https:\/\/wp.kristdemokraterna.se\/norrkoping\/valkomna-pa-kp-grupp\/","og_locale":"sv_SE","og_type":"article","og_title":"V\u00e4lkomna p\u00e5 KP-grupp 12 juni - Norrk\u00f6ping","og_description":"Varje m\u00e5nad tr\u00e4ffas KD-politikerna i Norrk\u00f6ping f\u00f6r att diskutera aktuella politiska fr\u00e5gor inf\u00f6r kommunfullm\u00e4ktige. Medlemmar utan politiska uppdrag \u00e4r ocks\u00e5 varmt v\u00e4lkomna! N\u00e4sta m\u00f6te \u00e4r den 12 juni och d\u00e5 passar vi p\u00e5 att grilla ihop ocks\u00e5. Anm\u00e4lan kr\u00e4vs, senast den 9 juni till elvira.wibeck@kristdemokraterna.se","og_url":"https:\/\/wp.kristdemokraterna.se\/norrkoping\/valkomna-pa-kp-grupp\/","og_site_name":"Norrk\u00f6ping","article_publisher":"https:\/\/www.facebook.com\/kdnorrkoping\/","article_published_time":"2017-06-05T14:01:09+00:00","article_modified_time":"2017-06-06T14:04:45+00:00","og_image":[{"url":"http:\/\/wp.kristdemokraterna.se\/norrkoping\/files\/2017\/06\/12-juni.jpg","type":"","width":"","height":""}],"author":"norrkoping","twitter_card":"summary_large_image","twitter_misc":{"Skriven av":"norrkoping"},"schema":{"@context":"https:\/\/schema.org","@graph":[{"@type":"Article","@id":"https:\/\/wp.kristdemokraterna.se\/norrkoping\/valkomna-pa-kp-grupp\/#article","isPartOf":{"@id":"https:\/\/wp.kristdemokraterna.se\/norrkoping\/valkomna-pa-kp-grupp\/"},"author":{"name":"norrkoping","@id":"https:\/\/wp.kristdemokraterna.se\/norrkoping\/#\/schema\/person\/053ab61aecc405e6e1ac090a6184d5f1"},"headline":"V\u00e4lkomna p\u00e5 KP-grupp 12 juni","datePublished":"2017-06-05T14:01:09+00:00","dateModified":"2017-06-06T14:04:45+00:00","mainEntityOfPage":{"@id":"https:\/\/wp.kristdemokraterna.se\/norrkoping\/valkomna-pa-kp-grupp\/"},"wordCount":63,"image":{"@id":"https:\/\/wp.kristdemokraterna.se\/norrkoping\/valkomna-pa-kp-grupp\/#primaryimage"},"thumbnailUrl":"http:\/\/wp.kristdemokraterna.se\/norrkoping\/files\/2017\/06\/12-juni.jpg","inLanguage":"sv-SE"},{"@type":"WebPage","@id":"https:\/\/wp.kristdemokraterna.se\/norrkoping\/valkomna-pa-kp-grupp\/","url":"https:\/\/wp.kristdemokraterna.se\/norrkoping\/valkomna-pa-kp-grupp\/","name":"V\u00e4lkomna p\u00e5 KP-grupp 12 juni - Norrk\u00f6ping","isPartOf":{"@id":"https:\/\/wp.kristdemokraterna.se\/norrkoping\/#website"},"primaryImageOfPage":{"@id":"https:\/\/wp.kristdemokraterna.se\/norrkoping\/valkomna-pa-kp-grupp\/#primaryimage"},"image":{"@id":"https:\/\/wp.kristdemokraterna.se\/norrkoping\/valkomna-pa-kp-grupp\/#primaryimage"},"thumbnailUrl":"http:\/\/wp.kristdemokraterna.se\/norrkoping\/files\/2017\/06\/12-juni.jpg","datePublished":"2017-06-05T14:01:09+00:00","dateModified":"2017-06-06T14:04:45+00:00","author":{"@id":"https:\/\/wp.kristdemokraterna.se\/norrkoping\/#\/schema\/person\/053ab61aecc405e6e1ac090a6184d5f1"},"breadcrumb":{"@id":"https:\/\/wp.kristdemokraterna.se\/norrkoping\/valkomna-pa-kp-grupp\/#breadcrumb"},"inLanguage":"sv-SE","potentialAction":[{"@type":"ReadAction","target":["https:\/\/wp.kristdemokraterna.se\/norrkoping\/valkomna-pa-kp-grupp\/"]}]},{"@type":"ImageObject","inLanguage":"sv-SE","@id":"https:\/\/wp.kristdemokraterna.se\/norrkoping\/valkomna-pa-kp-grupp\/#primaryimage","url":"https:\/\/wp.kristdemokraterna.se\/norrkoping\/files\/2017\/06\/12-juni.jpg","contentUrl":"https:\/\/wp.kristdemokraterna.se\/norrkoping\/files\/2017\/06\/12-juni.jpg","width":842,"height":595},{"@type":"BreadcrumbList","@id":"https:\/\/wp.kristdemokraterna.se\/norrkoping\/valkomna-pa-kp-grupp\/#breadcrumb","itemListElement":[{"@type":"ListItem","position":1,"name":"Hem","item":"https:\/\/wp.kristdemokraterna.se\/norrkoping\/"},{"@type":"ListItem","position":2,"name":"V\u00e4lkomna p\u00e5 KP-grupp 12 juni"}]},{"@type":"WebSite","@id":"https:\/\/wp.kristdemokraterna.se\/norrkoping\/#website","url":"https:\/\/wp.kristdemokraterna.se\/norrkoping\/","name":"Norrk\u00f6ping","description":"Kristdemokraterna","inLanguage":"sv-SE"},{"@type":"Person","@id":"https:\/\/wp.kristdemokraterna.se\/norrkoping\/#\/schema\/person\/053ab61aecc405e6e1ac090a6184d5f1","name":"norrkoping","image":{"@type":"ImageObject","inLanguage":"sv-SE","@id":"https:\/\/secure.gravatar.com\/avatar\/5bae255455c24e201554da273cd27d3b84f92cd5111a46f0db8b2ff9e8240e64?s=96&d=mm&r=g","url":"https:\/\/secure.gravatar.com\/avatar\/5bae255455c24e201554da273cd27d3b84f92cd5111a46f0db8b2ff9e8240e64?s=96&d=mm&r=g","contentUrl":"https:\/\/secure.gravatar.com\/avatar\/5bae255455c24e201554da273cd27d3b84f92cd5111a46f0db8b2ff9e8240e64?s=96&d=mm&r=g","caption":"norrkoping"},"description":"Kristdemokraterna i Norrk\u00f6ping vill skapa ett Norrk\u00f6ping d\u00e4r ingen h\u00e5lls tillbaka och ingen l\u00e4mnas efter!","url":"https:\/\/wp.kristdemokraterna.se\/norrkoping\/author\/norrkoping\/"}]}},"_links":{"self":[{"href":"https:\/\/wp.kristdemokraterna.se\/norrkoping\/wp-json\/wp\/v2\/posts\/2400","targetHints":{"allow":["GET"]}}],"collection":[{"href":"https:\/\/wp.kristdemokraterna.se\/norrkoping\/wp-json\/wp\/v2\/posts"}],"about":[{"href":"https:\/\/wp.kristdemokraterna.se\/norrkoping\/wp-json\/wp\/v2\/types\/post"}],"author":[{"embeddable":true,"href":"https:\/\/wp.kristdemokraterna.se\/norrkoping\/wp-json\/wp\/v2\/users\/45"}],"replies":[{"embeddable":true,"href":"https:\/\/wp.kristdemokraterna.se\/norrkoping\/wp-json\/wp\/v2\/comments?post=2400"}],"version-history":[{"count":3,"href":"https:\/\/wp.kristdemokraterna.se\/norrkoping\/wp-json\/wp\/v2\/posts\/2400\/revisions"}],"predecessor-version":[{"id":2404,"href":"https:\/\/wp.kristdemokraterna.se\/norrkoping\/wp-json\/wp\/v2\/posts\/2400\/revisions\/2404"}],"wp:attachment":[{"href":"https:\/\/wp.kristdemokraterna.se\/norrkoping\/wp-json\/wp\/v2\/media?parent=2400"}],"wp:term":[{"taxonomy":"category","embeddable":true,"href":"https:\/\/wp.kristdemokraterna.se\/norrkoping\/wp-json\/wp\/v2\/categories?post=2400"},{"taxonomy":"post_tag","embeddable":true,"href":"https:\/\/wp.kristdemokraterna.se\/norrkoping\/wp-json\/wp\/v2\/tags?post=2400"}],"curies":[{"name":"wp","href":"https:\/\/api.w.org\/{rel}","templated":true}]}}