{"id":2405,"date":"2017-07-25T10:51:41","date_gmt":"2017-07-25T08:51:41","guid":{"rendered":"http:\/\/wp.kristdemokraterna.se\/norrkoping\/?p=2405"},"modified":"2017-07-25T10:52:53","modified_gmt":"2017-07-25T08:52:53","slug":"dags-att-nominera-till-kommunvalsedeln","status":"publish","type":"post","link":"https:\/\/wp.kristdemokraterna.se\/norrkoping\/dags-att-nominera-till-kommunvalsedeln\/","title":{"rendered":"Dags att nominera till kommunvalsedeln"},"content":{"rendered":"<p><a href=\"https:\/\/goo.gl\/forms\/qk203aDiPzvico9l2\" rel=\"attachment wp-att-2408\"><img loading=\"lazy\" decoding=\"async\" class=\"aligncenter wp-image-2418 size-full\" src=\"http:\/\/wp.kristdemokraterna.se\/norrkoping\/files\/2017\/06\/nomineringwp-1.jpg\" alt=\"\" width=\"686\" height=\"315\" srcset=\"https:\/\/wp.kristdemokraterna.se\/norrkoping\/files\/2017\/06\/nomineringwp-1.jpg 686w, https:\/\/wp.kristdemokraterna.se\/norrkoping\/files\/2017\/06\/nomineringwp-1-300x138.jpg 300w, https:\/\/wp.kristdemokraterna.se\/norrkoping\/files\/2017\/06\/nomineringwp-1-576x264.jpg 576w, https:\/\/wp.kristdemokraterna.se\/norrkoping\/files\/2017\/06\/nomineringwp-1-186x85.jpg 186w\" sizes=\"auto, (max-width: 686px) 100vw, 686px\" \/><\/a><\/p>\n<h1>Hej alla kristdemokrater i Norrk\u00f6pings kommun!<\/h1>\n<p>Nu kan du kandidera och nominera till Norrk\u00f6pings kommunvalsedel.<\/p>\n<p>I september 2018 \u00e4r det \u00e5terigen dags f\u00f6r kommunval och nu b\u00f6rjar nomineringstiden f\u00f6r Kristdemokraterna i Norrk\u00f6ping.<\/p>\n<p>K\u00e4nner du n\u00e5gon som skulle vara l\u00e4mplig att st\u00e5 med p\u00e5 Kristdemokraternas valsedel f\u00f6r Norrk\u00f6pings kommunfullm\u00e4ktige eller vill du sj\u00e4lv kandidera? Den du k\u00e4nner beh\u00f6ver dela de kristdemokratiska v\u00e4rderingarna men beh\u00f6ver \u00e4nnu inte vara medlem.<\/p>\n<p>Du kan nominera genom att fylla i\u00a0<a href=\"https:\/\/goo.gl\/forms\/qk203aDiPzvico9l2\" target=\"_blank\" rel=\"noopener\">detta formul\u00e4r<\/a>.<br \/>\neller maila dina nomineringar till elvira.wibeck@kristdemokraterna.se<\/p>\n<p>Nomineringstiden p\u00e5g\u00e5r till den sista oktober 2017 och valsedeln fastst\u00e4lls p\u00e5 partiavdelningens \u00e5rsm\u00f6te i februari 2018.<\/p>\n<p>Klicka p\u00e5 <a href=\"https:\/\/goo.gl\/forms\/qk203aDiPzvico9l2\" target=\"_blank\" rel=\"noopener\">h\u00e4r<\/a> f\u00f6r att nominera.<\/p>\n<p>Med v\u00e4nlig h\u00e4lsning fr\u00e5n Nomineringskommitt\u00e9en<br \/>\nElvira Wibeck<br \/>\nLars-G\u00f6ran Arvidsson<br \/>\nGunnar Nilsson<br \/>\nMonica Holtstad Sandberg<br \/>\nJenny Lisiderius<\/p>\n<p>KD Norrk\u00f6ping<\/p>\n","protected":false},"excerpt":{"rendered":"<p>Hej alla kristdemokrater i Norrk\u00f6pings kommun! Nu kan du kandidera och nominera till Norrk\u00f6pings kommunvalsedel. I september 2018 \u00e4r det \u00e5terigen dags f\u00f6r kommunval och nu b\u00f6rjar nomineringstiden f\u00f6r Kristdemokraterna i Norrk\u00f6ping. K\u00e4nner du n\u00e5gon som skulle vara l\u00e4mplig att st\u00e5 med p\u00e5 Kristdemokraternas valsedel f\u00f6r Norrk\u00f6pings kommunfullm\u00e4ktige eller vill du sj\u00e4lv kandidera? Den du <a class=\"read-more-link\" href=\"https:\/\/wp.kristdemokraterna.se\/norrkoping\/dags-att-nominera-till-kommunvalsedeln\/\">Read More<\/a><\/p>\n","protected":false},"author":45,"featured_media":0,"comment_status":"closed","ping_status":"closed","sticky":false,"template":"","format":"standard","meta":{"_acf_changed":false,"footnotes":""},"categories":[1],"tags":[],"class_list":["post-2405","post","type-post","status-publish","format-standard","hentry","category-okategoriserade"],"acf":[],"yoast_head":"<!-- This site is optimized with the Yoast SEO plugin v27.4 - https:\/\/yoast.com\/product\/yoast-seo-wordpress\/ -->\n<title>Dags att nominera till kommunvalsedeln - Norrk\u00f6ping<\/title>\n<meta name=\"robots\" content=\"index, follow, max-snippet:-1, max-image-preview:large, max-video-preview:-1\" \/>\n<link rel=\"canonical\" href=\"https:\/\/wp.kristdemokraterna.se\/norrkoping\/dags-att-nominera-till-kommunvalsedeln\/\" \/>\n<meta property=\"og:locale\" content=\"sv_SE\" \/>\n<meta property=\"og:type\" content=\"article\" \/>\n<meta property=\"og:title\" content=\"Dags att nominera till kommunvalsedeln - Norrk\u00f6ping\" \/>\n<meta property=\"og:description\" content=\"Hej alla kristdemokrater i Norrk\u00f6pings kommun! Nu kan du kandidera och nominera till Norrk\u00f6pings kommunvalsedel. I september 2018 \u00e4r det \u00e5terigen dags f\u00f6r kommunval och nu b\u00f6rjar nomineringstiden f\u00f6r Kristdemokraterna i Norrk\u00f6ping. K\u00e4nner du n\u00e5gon som skulle vara l\u00e4mplig att st\u00e5 med p\u00e5 Kristdemokraternas valsedel f\u00f6r Norrk\u00f6pings kommunfullm\u00e4ktige eller vill du sj\u00e4lv kandidera? Den du Read More\" \/>\n<meta property=\"og:url\" content=\"https:\/\/wp.kristdemokraterna.se\/norrkoping\/dags-att-nominera-till-kommunvalsedeln\/\" \/>\n<meta property=\"og:site_name\" content=\"Norrk\u00f6ping\" \/>\n<meta property=\"article:publisher\" content=\"https:\/\/www.facebook.com\/kdnorrkoping\/\" \/>\n<meta property=\"article:published_time\" content=\"2017-07-25T08:51:41+00:00\" \/>\n<meta property=\"article:modified_time\" content=\"2017-07-25T08:52:53+00:00\" \/>\n<meta property=\"og:image\" content=\"http:\/\/wp.kristdemokraterna.se\/norrkoping\/files\/2017\/06\/nomineringwp-1.jpg\" \/>\n<meta name=\"author\" content=\"norrkoping\" \/>\n<meta name=\"twitter:card\" content=\"summary_large_image\" \/>\n<meta name=\"twitter:label1\" content=\"Skriven av\" \/>\n\t<meta name=\"twitter:data1\" content=\"norrkoping\" \/>\n\t<meta name=\"twitter:label2\" content=\"Ber\u00e4knad l\u00e4stid\" \/>\n\t<meta name=\"twitter:data2\" content=\"1 minut\" \/>\n<script type=\"application\/ld+json\" class=\"yoast-schema-graph\">{\"@context\":\"https:\\\/\\\/schema.org\",\"@graph\":[{\"@type\":\"Article\",\"@id\":\"https:\\\/\\\/wp.kristdemokraterna.se\\\/norrkoping\\\/dags-att-nominera-till-kommunvalsedeln\\\/#article\",\"isPartOf\":{\"@id\":\"https:\\\/\\\/wp.kristdemokraterna.se\\\/norrkoping\\\/dags-att-nominera-till-kommunvalsedeln\\\/\"},\"author\":{\"name\":\"norrkoping\",\"@id\":\"https:\\\/\\\/wp.kristdemokraterna.se\\\/norrkoping\\\/#\\\/schema\\\/person\\\/053ab61aecc405e6e1ac090a6184d5f1\"},\"headline\":\"Dags att nominera till kommunvalsedeln\",\"datePublished\":\"2017-07-25T08:51:41+00:00\",\"dateModified\":\"2017-07-25T08:52:53+00:00\",\"mainEntityOfPage\":{\"@id\":\"https:\\\/\\\/wp.kristdemokraterna.se\\\/norrkoping\\\/dags-att-nominera-till-kommunvalsedeln\\\/\"},\"wordCount\":157,\"image\":{\"@id\":\"https:\\\/\\\/wp.kristdemokraterna.se\\\/norrkoping\\\/dags-att-nominera-till-kommunvalsedeln\\\/#primaryimage\"},\"thumbnailUrl\":\"http:\\\/\\\/wp.kristdemokraterna.se\\\/norrkoping\\\/files\\\/2017\\\/06\\\/nomineringwp-1.jpg\",\"inLanguage\":\"sv-SE\"},{\"@type\":\"WebPage\",\"@id\":\"https:\\\/\\\/wp.kristdemokraterna.se\\\/norrkoping\\\/dags-att-nominera-till-kommunvalsedeln\\\/\",\"url\":\"https:\\\/\\\/wp.kristdemokraterna.se\\\/norrkoping\\\/dags-att-nominera-till-kommunvalsedeln\\\/\",\"name\":\"Dags att nominera till kommunvalsedeln - Norrk\u00f6ping\",\"isPartOf\":{\"@id\":\"https:\\\/\\\/wp.kristdemokraterna.se\\\/norrkoping\\\/#website\"},\"primaryImageOfPage\":{\"@id\":\"https:\\\/\\\/wp.kristdemokraterna.se\\\/norrkoping\\\/dags-att-nominera-till-kommunvalsedeln\\\/#primaryimage\"},\"image\":{\"@id\":\"https:\\\/\\\/wp.kristdemokraterna.se\\\/norrkoping\\\/dags-att-nominera-till-kommunvalsedeln\\\/#primaryimage\"},\"thumbnailUrl\":\"http:\\\/\\\/wp.kristdemokraterna.se\\\/norrkoping\\\/files\\\/2017\\\/06\\\/nomineringwp-1.jpg\",\"datePublished\":\"2017-07-25T08:51:41+00:00\",\"dateModified\":\"2017-07-25T08:52:53+00:00\",\"author\":{\"@id\":\"https:\\\/\\\/wp.kristdemokraterna.se\\\/norrkoping\\\/#\\\/schema\\\/person\\\/053ab61aecc405e6e1ac090a6184d5f1\"},\"breadcrumb\":{\"@id\":\"https:\\\/\\\/wp.kristdemokraterna.se\\\/norrkoping\\\/dags-att-nominera-till-kommunvalsedeln\\\/#breadcrumb\"},\"inLanguage\":\"sv-SE\",\"potentialAction\":[{\"@type\":\"ReadAction\",\"target\":[\"https:\\\/\\\/wp.kristdemokraterna.se\\\/norrkoping\\\/dags-att-nominera-till-kommunvalsedeln\\\/\"]}]},{\"@type\":\"ImageObject\",\"inLanguage\":\"sv-SE\",\"@id\":\"https:\\\/\\\/wp.kristdemokraterna.se\\\/norrkoping\\\/dags-att-nominera-till-kommunvalsedeln\\\/#primaryimage\",\"url\":\"https:\\\/\\\/wp.kristdemokraterna.se\\\/norrkoping\\\/files\\\/2017\\\/06\\\/nomineringwp-1.jpg\",\"contentUrl\":\"https:\\\/\\\/wp.kristdemokraterna.se\\\/norrkoping\\\/files\\\/2017\\\/06\\\/nomineringwp-1.jpg\",\"width\":686,\"height\":315},{\"@type\":\"BreadcrumbList\",\"@id\":\"https:\\\/\\\/wp.kristdemokraterna.se\\\/norrkoping\\\/dags-att-nominera-till-kommunvalsedeln\\\/#breadcrumb\",\"itemListElement\":[{\"@type\":\"ListItem\",\"position\":1,\"name\":\"Hem\",\"item\":\"https:\\\/\\\/wp.kristdemokraterna.se\\\/norrkoping\\\/\"},{\"@type\":\"ListItem\",\"position\":2,\"name\":\"Dags att nominera till kommunvalsedeln\"}]},{\"@type\":\"WebSite\",\"@id\":\"https:\\\/\\\/wp.kristdemokraterna.se\\\/norrkoping\\\/#website\",\"url\":\"https:\\\/\\\/wp.kristdemokraterna.se\\\/norrkoping\\\/\",\"name\":\"Norrk\u00f6ping\",\"description\":\"Kristdemokraterna\",\"inLanguage\":\"sv-SE\"},{\"@type\":\"Person\",\"@id\":\"https:\\\/\\\/wp.kristdemokraterna.se\\\/norrkoping\\\/#\\\/schema\\\/person\\\/053ab61aecc405e6e1ac090a6184d5f1\",\"name\":\"norrkoping\",\"image\":{\"@type\":\"ImageObject\",\"inLanguage\":\"sv-SE\",\"@id\":\"https:\\\/\\\/secure.gravatar.com\\\/avatar\\\/5bae255455c24e201554da273cd27d3b84f92cd5111a46f0db8b2ff9e8240e64?s=96&d=mm&r=g\",\"url\":\"https:\\\/\\\/secure.gravatar.com\\\/avatar\\\/5bae255455c24e201554da273cd27d3b84f92cd5111a46f0db8b2ff9e8240e64?s=96&d=mm&r=g\",\"contentUrl\":\"https:\\\/\\\/secure.gravatar.com\\\/avatar\\\/5bae255455c24e201554da273cd27d3b84f92cd5111a46f0db8b2ff9e8240e64?s=96&d=mm&r=g\",\"caption\":\"norrkoping\"},\"description\":\"Kristdemokraterna i Norrk\u00f6ping vill skapa ett Norrk\u00f6ping d\u00e4r ingen h\u00e5lls tillbaka och ingen l\u00e4mnas efter!\",\"url\":\"https:\\\/\\\/wp.kristdemokraterna.se\\\/norrkoping\\\/author\\\/norrkoping\\\/\"}]}<\/script>\n<!-- \/ Yoast SEO plugin. -->","yoast_head_json":{"title":"Dags att nominera till kommunvalsedeln - Norrk\u00f6ping","robots":{"index":"index","follow":"follow","max-snippet":"max-snippet:-1","max-image-preview":"max-image-preview:large","max-video-preview":"max-video-preview:-1"},"canonical":"https:\/\/wp.kristdemokraterna.se\/norrkoping\/dags-att-nominera-till-kommunvalsedeln\/","og_locale":"sv_SE","og_type":"article","og_title":"Dags att nominera till kommunvalsedeln - Norrk\u00f6ping","og_description":"Hej alla kristdemokrater i Norrk\u00f6pings kommun! Nu kan du kandidera och nominera till Norrk\u00f6pings kommunvalsedel. I september 2018 \u00e4r det \u00e5terigen dags f\u00f6r kommunval och nu b\u00f6rjar nomineringstiden f\u00f6r Kristdemokraterna i Norrk\u00f6ping. K\u00e4nner du n\u00e5gon som skulle vara l\u00e4mplig att st\u00e5 med p\u00e5 Kristdemokraternas valsedel f\u00f6r Norrk\u00f6pings kommunfullm\u00e4ktige eller vill du sj\u00e4lv kandidera? Den du Read More","og_url":"https:\/\/wp.kristdemokraterna.se\/norrkoping\/dags-att-nominera-till-kommunvalsedeln\/","og_site_name":"Norrk\u00f6ping","article_publisher":"https:\/\/www.facebook.com\/kdnorrkoping\/","article_published_time":"2017-07-25T08:51:41+00:00","article_modified_time":"2017-07-25T08:52:53+00:00","og_image":[{"url":"http:\/\/wp.kristdemokraterna.se\/norrkoping\/files\/2017\/06\/nomineringwp-1.jpg","type":"","width":"","height":""}],"author":"norrkoping","twitter_card":"summary_large_image","twitter_misc":{"Skriven av":"norrkoping","Ber\u00e4knad l\u00e4stid":"1 minut"},"schema":{"@context":"https:\/\/schema.org","@graph":[{"@type":"Article","@id":"https:\/\/wp.kristdemokraterna.se\/norrkoping\/dags-att-nominera-till-kommunvalsedeln\/#article","isPartOf":{"@id":"https:\/\/wp.kristdemokraterna.se\/norrkoping\/dags-att-nominera-till-kommunvalsedeln\/"},"author":{"name":"norrkoping","@id":"https:\/\/wp.kristdemokraterna.se\/norrkoping\/#\/schema\/person\/053ab61aecc405e6e1ac090a6184d5f1"},"headline":"Dags att nominera till kommunvalsedeln","datePublished":"2017-07-25T08:51:41+00:00","dateModified":"2017-07-25T08:52:53+00:00","mainEntityOfPage":{"@id":"https:\/\/wp.kristdemokraterna.se\/norrkoping\/dags-att-nominera-till-kommunvalsedeln\/"},"wordCount":157,"image":{"@id":"https:\/\/wp.kristdemokraterna.se\/norrkoping\/dags-att-nominera-till-kommunvalsedeln\/#primaryimage"},"thumbnailUrl":"http:\/\/wp.kristdemokraterna.se\/norrkoping\/files\/2017\/06\/nomineringwp-1.jpg","inLanguage":"sv-SE"},{"@type":"WebPage","@id":"https:\/\/wp.kristdemokraterna.se\/norrkoping\/dags-att-nominera-till-kommunvalsedeln\/","url":"https:\/\/wp.kristdemokraterna.se\/norrkoping\/dags-att-nominera-till-kommunvalsedeln\/","name":"Dags att nominera till kommunvalsedeln - Norrk\u00f6ping","isPartOf":{"@id":"https:\/\/wp.kristdemokraterna.se\/norrkoping\/#website"},"primaryImageOfPage":{"@id":"https:\/\/wp.kristdemokraterna.se\/norrkoping\/dags-att-nominera-till-kommunvalsedeln\/#primaryimage"},"image":{"@id":"https:\/\/wp.kristdemokraterna.se\/norrkoping\/dags-att-nominera-till-kommunvalsedeln\/#primaryimage"},"thumbnailUrl":"http:\/\/wp.kristdemokraterna.se\/norrkoping\/files\/2017\/06\/nomineringwp-1.jpg","datePublished":"2017-07-25T08:51:41+00:00","dateModified":"2017-07-25T08:52:53+00:00","author":{"@id":"https:\/\/wp.kristdemokraterna.se\/norrkoping\/#\/schema\/person\/053ab61aecc405e6e1ac090a6184d5f1"},"breadcrumb":{"@id":"https:\/\/wp.kristdemokraterna.se\/norrkoping\/dags-att-nominera-till-kommunvalsedeln\/#breadcrumb"},"inLanguage":"sv-SE","potentialAction":[{"@type":"ReadAction","target":["https:\/\/wp.kristdemokraterna.se\/norrkoping\/dags-att-nominera-till-kommunvalsedeln\/"]}]},{"@type":"ImageObject","inLanguage":"sv-SE","@id":"https:\/\/wp.kristdemokraterna.se\/norrkoping\/dags-att-nominera-till-kommunvalsedeln\/#primaryimage","url":"https:\/\/wp.kristdemokraterna.se\/norrkoping\/files\/2017\/06\/nomineringwp-1.jpg","contentUrl":"https:\/\/wp.kristdemokraterna.se\/norrkoping\/files\/2017\/06\/nomineringwp-1.jpg","width":686,"height":315},{"@type":"BreadcrumbList","@id":"https:\/\/wp.kristdemokraterna.se\/norrkoping\/dags-att-nominera-till-kommunvalsedeln\/#breadcrumb","itemListElement":[{"@type":"ListItem","position":1,"name":"Hem","item":"https:\/\/wp.kristdemokraterna.se\/norrkoping\/"},{"@type":"ListItem","position":2,"name":"Dags att nominera till kommunvalsedeln"}]},{"@type":"WebSite","@id":"https:\/\/wp.kristdemokraterna.se\/norrkoping\/#website","url":"https:\/\/wp.kristdemokraterna.se\/norrkoping\/","name":"Norrk\u00f6ping","description":"Kristdemokraterna","inLanguage":"sv-SE"},{"@type":"Person","@id":"https:\/\/wp.kristdemokraterna.se\/norrkoping\/#\/schema\/person\/053ab61aecc405e6e1ac090a6184d5f1","name":"norrkoping","image":{"@type":"ImageObject","inLanguage":"sv-SE","@id":"https:\/\/secure.gravatar.com\/avatar\/5bae255455c24e201554da273cd27d3b84f92cd5111a46f0db8b2ff9e8240e64?s=96&d=mm&r=g","url":"https:\/\/secure.gravatar.com\/avatar\/5bae255455c24e201554da273cd27d3b84f92cd5111a46f0db8b2ff9e8240e64?s=96&d=mm&r=g","contentUrl":"https:\/\/secure.gravatar.com\/avatar\/5bae255455c24e201554da273cd27d3b84f92cd5111a46f0db8b2ff9e8240e64?s=96&d=mm&r=g","caption":"norrkoping"},"description":"Kristdemokraterna i Norrk\u00f6ping vill skapa ett Norrk\u00f6ping d\u00e4r ingen h\u00e5lls tillbaka och ingen l\u00e4mnas efter!","url":"https:\/\/wp.kristdemokraterna.se\/norrkoping\/author\/norrkoping\/"}]}},"_links":{"self":[{"href":"https:\/\/wp.kristdemokraterna.se\/norrkoping\/wp-json\/wp\/v2\/posts\/2405","targetHints":{"allow":["GET"]}}],"collection":[{"href":"https:\/\/wp.kristdemokraterna.se\/norrkoping\/wp-json\/wp\/v2\/posts"}],"about":[{"href":"https:\/\/wp.kristdemokraterna.se\/norrkoping\/wp-json\/wp\/v2\/types\/post"}],"author":[{"embeddable":true,"href":"https:\/\/wp.kristdemokraterna.se\/norrkoping\/wp-json\/wp\/v2\/users\/45"}],"replies":[{"embeddable":true,"href":"https:\/\/wp.kristdemokraterna.se\/norrkoping\/wp-json\/wp\/v2\/comments?post=2405"}],"version-history":[{"count":4,"href":"https:\/\/wp.kristdemokraterna.se\/norrkoping\/wp-json\/wp\/v2\/posts\/2405\/revisions"}],"predecessor-version":[{"id":2420,"href":"https:\/\/wp.kristdemokraterna.se\/norrkoping\/wp-json\/wp\/v2\/posts\/2405\/revisions\/2420"}],"wp:attachment":[{"href":"https:\/\/wp.kristdemokraterna.se\/norrkoping\/wp-json\/wp\/v2\/media?parent=2405"}],"wp:term":[{"taxonomy":"category","embeddable":true,"href":"https:\/\/wp.kristdemokraterna.se\/norrkoping\/wp-json\/wp\/v2\/categories?post=2405"},{"taxonomy":"post_tag","embeddable":true,"href":"https:\/\/wp.kristdemokraterna.se\/norrkoping\/wp-json\/wp\/v2\/tags?post=2405"}],"curies":[{"name":"wp","href":"https:\/\/api.w.org\/{rel}","templated":true}]}}