{"id":2448,"date":"2017-09-25T20:59:31","date_gmt":"2017-09-25T18:59:31","guid":{"rendered":"http:\/\/wp.kristdemokraterna.se\/norrkoping\/?p=2448"},"modified":"2017-09-25T21:00:44","modified_gmt":"2017-09-25T19:00:44","slug":"engagera-dig-du-behovs","status":"publish","type":"post","link":"https:\/\/wp.kristdemokraterna.se\/norrkoping\/engagera-dig-du-behovs\/","title":{"rendered":"Engagera dig &#8211; du beh\u00f6vs!"},"content":{"rendered":"<p>&nbsp;<\/p>\n<p>Har du funderat p\u00e5 om politik \u00e4r n\u00e5got f\u00f6r dig? Den 3 oktober har du m\u00f6jlighet att tr\u00e4ffa \u00d6sterg\u00f6tlands riksdagsledamot, regionr\u00e5d och kommunalr\u00e5d i Norrk\u00f6ping.<\/p>\n<div class=\"page\" title=\"Page 1\">\n<div class=\"section\">\n<div class=\"layoutArea\">\n<div class=\"column\">\n<p>\u00c4r du redan medlem \u2013 ta med en v\u00e4n som \u00e4r nyfiken. \u00c4r du inte redan medlem kan detta vara ett f\u00f6rsta steg till ett samh\u00e4llsengagemang som g\u00f6r skillnad!<\/p>\n<p><strong>Tid:<\/strong> 3 oktober kl. 18.30<br \/>\n<strong>Plats:<\/strong> R\u00e5dhuset, Norrk\u00f6ping, ing\u00e5ng fr\u00e5n innerg\u00e5rden\/parkeringen<\/p>\n<p><strong>Medverkande:<\/strong> Magnus Oscarsson, Per Larsson &amp; Eva- Britt Sj\u00f6berg.<\/p>\n<\/div>\n<\/div>\n<\/div>\n<\/div>\n<p>Vi bjuder p\u00e5 l\u00e4ttare fika. V\u00e4lkommen!<\/p>\n<p><img loading=\"lazy\" decoding=\"async\" class=\"aligncenter size-full wp-image-2449\" src=\"http:\/\/wp.kristdemokraterna.se\/norrkoping\/files\/2017\/09\/engagera-dig.jpg\" alt=\"\" width=\"1200\" height=\"630\" srcset=\"https:\/\/wp.kristdemokraterna.se\/norrkoping\/files\/2017\/09\/engagera-dig.jpg 1200w, https:\/\/wp.kristdemokraterna.se\/norrkoping\/files\/2017\/09\/engagera-dig-300x158.jpg 300w, https:\/\/wp.kristdemokraterna.se\/norrkoping\/files\/2017\/09\/engagera-dig-768x403.jpg 768w, https:\/\/wp.kristdemokraterna.se\/norrkoping\/files\/2017\/09\/engagera-dig-1024x538.jpg 1024w, https:\/\/wp.kristdemokraterna.se\/norrkoping\/files\/2017\/09\/engagera-dig-576x302.jpg 576w, https:\/\/wp.kristdemokraterna.se\/norrkoping\/files\/2017\/09\/engagera-dig-186x98.jpg 186w\" sizes=\"auto, (max-width: 1200px) 100vw, 1200px\" \/><\/p>\n","protected":false},"excerpt":{"rendered":"<p>&nbsp; Har du funderat p\u00e5 om politik \u00e4r n\u00e5got f\u00f6r dig? Den 3 oktober har du m\u00f6jlighet att tr\u00e4ffa \u00d6sterg\u00f6tlands riksdagsledamot, regionr\u00e5d och kommunalr\u00e5d i Norrk\u00f6ping. \u00c4r du redan medlem \u2013 ta med en v\u00e4n som \u00e4r nyfiken. \u00c4r du inte redan medlem kan detta vara ett f\u00f6rsta steg till ett samh\u00e4llsengagemang som g\u00f6r skillnad! <a class=\"read-more-link\" href=\"https:\/\/wp.kristdemokraterna.se\/norrkoping\/engagera-dig-du-behovs\/\">Read More<\/a><\/p>\n","protected":false},"author":45,"featured_media":0,"comment_status":"closed","ping_status":"closed","sticky":false,"template":"","format":"standard","meta":{"_acf_changed":false,"footnotes":""},"categories":[1],"tags":[],"class_list":["post-2448","post","type-post","status-publish","format-standard","hentry","category-okategoriserade"],"acf":[],"yoast_head":"<!-- This site is optimized with the Yoast SEO plugin v27.4 - https:\/\/yoast.com\/product\/yoast-seo-wordpress\/ -->\n<title>Engagera dig - du beh\u00f6vs! - Norrk\u00f6ping<\/title>\n<meta name=\"robots\" content=\"index, follow, max-snippet:-1, max-image-preview:large, max-video-preview:-1\" \/>\n<link rel=\"canonical\" href=\"https:\/\/wp.kristdemokraterna.se\/norrkoping\/engagera-dig-du-behovs\/\" \/>\n<meta property=\"og:locale\" content=\"sv_SE\" \/>\n<meta property=\"og:type\" content=\"article\" \/>\n<meta property=\"og:title\" content=\"Engagera dig - du beh\u00f6vs! - Norrk\u00f6ping\" \/>\n<meta property=\"og:description\" content=\"&nbsp; Har du funderat p\u00e5 om politik \u00e4r n\u00e5got f\u00f6r dig? Den 3 oktober har du m\u00f6jlighet att tr\u00e4ffa \u00d6sterg\u00f6tlands riksdagsledamot, regionr\u00e5d och kommunalr\u00e5d i Norrk\u00f6ping. \u00c4r du redan medlem \u2013 ta med en v\u00e4n som \u00e4r nyfiken. \u00c4r du inte redan medlem kan detta vara ett f\u00f6rsta steg till ett samh\u00e4llsengagemang som g\u00f6r skillnad! Read More\" \/>\n<meta property=\"og:url\" content=\"https:\/\/wp.kristdemokraterna.se\/norrkoping\/engagera-dig-du-behovs\/\" \/>\n<meta property=\"og:site_name\" content=\"Norrk\u00f6ping\" \/>\n<meta property=\"article:publisher\" content=\"https:\/\/www.facebook.com\/kdnorrkoping\/\" \/>\n<meta property=\"article:published_time\" content=\"2017-09-25T18:59:31+00:00\" \/>\n<meta property=\"article:modified_time\" content=\"2017-09-25T19:00:44+00:00\" \/>\n<meta property=\"og:image\" content=\"http:\/\/wp.kristdemokraterna.se\/norrkoping\/files\/2017\/09\/engagera-dig.jpg\" \/>\n<meta name=\"author\" content=\"norrkoping\" \/>\n<meta name=\"twitter:card\" content=\"summary_large_image\" \/>\n<meta name=\"twitter:label1\" content=\"Skriven av\" \/>\n\t<meta name=\"twitter:data1\" content=\"norrkoping\" \/>\n<script type=\"application\/ld+json\" class=\"yoast-schema-graph\">{\"@context\":\"https:\\\/\\\/schema.org\",\"@graph\":[{\"@type\":\"Article\",\"@id\":\"https:\\\/\\\/wp.kristdemokraterna.se\\\/norrkoping\\\/engagera-dig-du-behovs\\\/#article\",\"isPartOf\":{\"@id\":\"https:\\\/\\\/wp.kristdemokraterna.se\\\/norrkoping\\\/engagera-dig-du-behovs\\\/\"},\"author\":{\"name\":\"norrkoping\",\"@id\":\"https:\\\/\\\/wp.kristdemokraterna.se\\\/norrkoping\\\/#\\\/schema\\\/person\\\/053ab61aecc405e6e1ac090a6184d5f1\"},\"headline\":\"Engagera dig &#8211; du beh\u00f6vs!\",\"datePublished\":\"2017-09-25T18:59:31+00:00\",\"dateModified\":\"2017-09-25T19:00:44+00:00\",\"mainEntityOfPage\":{\"@id\":\"https:\\\/\\\/wp.kristdemokraterna.se\\\/norrkoping\\\/engagera-dig-du-behovs\\\/\"},\"wordCount\":104,\"image\":{\"@id\":\"https:\\\/\\\/wp.kristdemokraterna.se\\\/norrkoping\\\/engagera-dig-du-behovs\\\/#primaryimage\"},\"thumbnailUrl\":\"http:\\\/\\\/wp.kristdemokraterna.se\\\/norrkoping\\\/files\\\/2017\\\/09\\\/engagera-dig.jpg\",\"inLanguage\":\"sv-SE\"},{\"@type\":\"WebPage\",\"@id\":\"https:\\\/\\\/wp.kristdemokraterna.se\\\/norrkoping\\\/engagera-dig-du-behovs\\\/\",\"url\":\"https:\\\/\\\/wp.kristdemokraterna.se\\\/norrkoping\\\/engagera-dig-du-behovs\\\/\",\"name\":\"Engagera dig - du beh\u00f6vs! - Norrk\u00f6ping\",\"isPartOf\":{\"@id\":\"https:\\\/\\\/wp.kristdemokraterna.se\\\/norrkoping\\\/#website\"},\"primaryImageOfPage\":{\"@id\":\"https:\\\/\\\/wp.kristdemokraterna.se\\\/norrkoping\\\/engagera-dig-du-behovs\\\/#primaryimage\"},\"image\":{\"@id\":\"https:\\\/\\\/wp.kristdemokraterna.se\\\/norrkoping\\\/engagera-dig-du-behovs\\\/#primaryimage\"},\"thumbnailUrl\":\"http:\\\/\\\/wp.kristdemokraterna.se\\\/norrkoping\\\/files\\\/2017\\\/09\\\/engagera-dig.jpg\",\"datePublished\":\"2017-09-25T18:59:31+00:00\",\"dateModified\":\"2017-09-25T19:00:44+00:00\",\"author\":{\"@id\":\"https:\\\/\\\/wp.kristdemokraterna.se\\\/norrkoping\\\/#\\\/schema\\\/person\\\/053ab61aecc405e6e1ac090a6184d5f1\"},\"breadcrumb\":{\"@id\":\"https:\\\/\\\/wp.kristdemokraterna.se\\\/norrkoping\\\/engagera-dig-du-behovs\\\/#breadcrumb\"},\"inLanguage\":\"sv-SE\",\"potentialAction\":[{\"@type\":\"ReadAction\",\"target\":[\"https:\\\/\\\/wp.kristdemokraterna.se\\\/norrkoping\\\/engagera-dig-du-behovs\\\/\"]}]},{\"@type\":\"ImageObject\",\"inLanguage\":\"sv-SE\",\"@id\":\"https:\\\/\\\/wp.kristdemokraterna.se\\\/norrkoping\\\/engagera-dig-du-behovs\\\/#primaryimage\",\"url\":\"https:\\\/\\\/wp.kristdemokraterna.se\\\/norrkoping\\\/files\\\/2017\\\/09\\\/engagera-dig.jpg\",\"contentUrl\":\"https:\\\/\\\/wp.kristdemokraterna.se\\\/norrkoping\\\/files\\\/2017\\\/09\\\/engagera-dig.jpg\",\"width\":1200,\"height\":630},{\"@type\":\"BreadcrumbList\",\"@id\":\"https:\\\/\\\/wp.kristdemokraterna.se\\\/norrkoping\\\/engagera-dig-du-behovs\\\/#breadcrumb\",\"itemListElement\":[{\"@type\":\"ListItem\",\"position\":1,\"name\":\"Hem\",\"item\":\"https:\\\/\\\/wp.kristdemokraterna.se\\\/norrkoping\\\/\"},{\"@type\":\"ListItem\",\"position\":2,\"name\":\"Engagera dig &#8211; du beh\u00f6vs!\"}]},{\"@type\":\"WebSite\",\"@id\":\"https:\\\/\\\/wp.kristdemokraterna.se\\\/norrkoping\\\/#website\",\"url\":\"https:\\\/\\\/wp.kristdemokraterna.se\\\/norrkoping\\\/\",\"name\":\"Norrk\u00f6ping\",\"description\":\"Kristdemokraterna\",\"inLanguage\":\"sv-SE\"},{\"@type\":\"Person\",\"@id\":\"https:\\\/\\\/wp.kristdemokraterna.se\\\/norrkoping\\\/#\\\/schema\\\/person\\\/053ab61aecc405e6e1ac090a6184d5f1\",\"name\":\"norrkoping\",\"image\":{\"@type\":\"ImageObject\",\"inLanguage\":\"sv-SE\",\"@id\":\"https:\\\/\\\/secure.gravatar.com\\\/avatar\\\/5bae255455c24e201554da273cd27d3b84f92cd5111a46f0db8b2ff9e8240e64?s=96&d=mm&r=g\",\"url\":\"https:\\\/\\\/secure.gravatar.com\\\/avatar\\\/5bae255455c24e201554da273cd27d3b84f92cd5111a46f0db8b2ff9e8240e64?s=96&d=mm&r=g\",\"contentUrl\":\"https:\\\/\\\/secure.gravatar.com\\\/avatar\\\/5bae255455c24e201554da273cd27d3b84f92cd5111a46f0db8b2ff9e8240e64?s=96&d=mm&r=g\",\"caption\":\"norrkoping\"},\"description\":\"Kristdemokraterna i Norrk\u00f6ping vill skapa ett Norrk\u00f6ping d\u00e4r ingen h\u00e5lls tillbaka och ingen l\u00e4mnas efter!\",\"url\":\"https:\\\/\\\/wp.kristdemokraterna.se\\\/norrkoping\\\/author\\\/norrkoping\\\/\"}]}<\/script>\n<!-- \/ Yoast SEO plugin. -->","yoast_head_json":{"title":"Engagera dig - du beh\u00f6vs! - Norrk\u00f6ping","robots":{"index":"index","follow":"follow","max-snippet":"max-snippet:-1","max-image-preview":"max-image-preview:large","max-video-preview":"max-video-preview:-1"},"canonical":"https:\/\/wp.kristdemokraterna.se\/norrkoping\/engagera-dig-du-behovs\/","og_locale":"sv_SE","og_type":"article","og_title":"Engagera dig - du beh\u00f6vs! - Norrk\u00f6ping","og_description":"&nbsp; Har du funderat p\u00e5 om politik \u00e4r n\u00e5got f\u00f6r dig? Den 3 oktober har du m\u00f6jlighet att tr\u00e4ffa \u00d6sterg\u00f6tlands riksdagsledamot, regionr\u00e5d och kommunalr\u00e5d i Norrk\u00f6ping. \u00c4r du redan medlem \u2013 ta med en v\u00e4n som \u00e4r nyfiken. \u00c4r du inte redan medlem kan detta vara ett f\u00f6rsta steg till ett samh\u00e4llsengagemang som g\u00f6r skillnad! Read More","og_url":"https:\/\/wp.kristdemokraterna.se\/norrkoping\/engagera-dig-du-behovs\/","og_site_name":"Norrk\u00f6ping","article_publisher":"https:\/\/www.facebook.com\/kdnorrkoping\/","article_published_time":"2017-09-25T18:59:31+00:00","article_modified_time":"2017-09-25T19:00:44+00:00","og_image":[{"url":"http:\/\/wp.kristdemokraterna.se\/norrkoping\/files\/2017\/09\/engagera-dig.jpg","type":"","width":"","height":""}],"author":"norrkoping","twitter_card":"summary_large_image","twitter_misc":{"Skriven av":"norrkoping"},"schema":{"@context":"https:\/\/schema.org","@graph":[{"@type":"Article","@id":"https:\/\/wp.kristdemokraterna.se\/norrkoping\/engagera-dig-du-behovs\/#article","isPartOf":{"@id":"https:\/\/wp.kristdemokraterna.se\/norrkoping\/engagera-dig-du-behovs\/"},"author":{"name":"norrkoping","@id":"https:\/\/wp.kristdemokraterna.se\/norrkoping\/#\/schema\/person\/053ab61aecc405e6e1ac090a6184d5f1"},"headline":"Engagera dig &#8211; du beh\u00f6vs!","datePublished":"2017-09-25T18:59:31+00:00","dateModified":"2017-09-25T19:00:44+00:00","mainEntityOfPage":{"@id":"https:\/\/wp.kristdemokraterna.se\/norrkoping\/engagera-dig-du-behovs\/"},"wordCount":104,"image":{"@id":"https:\/\/wp.kristdemokraterna.se\/norrkoping\/engagera-dig-du-behovs\/#primaryimage"},"thumbnailUrl":"http:\/\/wp.kristdemokraterna.se\/norrkoping\/files\/2017\/09\/engagera-dig.jpg","inLanguage":"sv-SE"},{"@type":"WebPage","@id":"https:\/\/wp.kristdemokraterna.se\/norrkoping\/engagera-dig-du-behovs\/","url":"https:\/\/wp.kristdemokraterna.se\/norrkoping\/engagera-dig-du-behovs\/","name":"Engagera dig - du beh\u00f6vs! - Norrk\u00f6ping","isPartOf":{"@id":"https:\/\/wp.kristdemokraterna.se\/norrkoping\/#website"},"primaryImageOfPage":{"@id":"https:\/\/wp.kristdemokraterna.se\/norrkoping\/engagera-dig-du-behovs\/#primaryimage"},"image":{"@id":"https:\/\/wp.kristdemokraterna.se\/norrkoping\/engagera-dig-du-behovs\/#primaryimage"},"thumbnailUrl":"http:\/\/wp.kristdemokraterna.se\/norrkoping\/files\/2017\/09\/engagera-dig.jpg","datePublished":"2017-09-25T18:59:31+00:00","dateModified":"2017-09-25T19:00:44+00:00","author":{"@id":"https:\/\/wp.kristdemokraterna.se\/norrkoping\/#\/schema\/person\/053ab61aecc405e6e1ac090a6184d5f1"},"breadcrumb":{"@id":"https:\/\/wp.kristdemokraterna.se\/norrkoping\/engagera-dig-du-behovs\/#breadcrumb"},"inLanguage":"sv-SE","potentialAction":[{"@type":"ReadAction","target":["https:\/\/wp.kristdemokraterna.se\/norrkoping\/engagera-dig-du-behovs\/"]}]},{"@type":"ImageObject","inLanguage":"sv-SE","@id":"https:\/\/wp.kristdemokraterna.se\/norrkoping\/engagera-dig-du-behovs\/#primaryimage","url":"https:\/\/wp.kristdemokraterna.se\/norrkoping\/files\/2017\/09\/engagera-dig.jpg","contentUrl":"https:\/\/wp.kristdemokraterna.se\/norrkoping\/files\/2017\/09\/engagera-dig.jpg","width":1200,"height":630},{"@type":"BreadcrumbList","@id":"https:\/\/wp.kristdemokraterna.se\/norrkoping\/engagera-dig-du-behovs\/#breadcrumb","itemListElement":[{"@type":"ListItem","position":1,"name":"Hem","item":"https:\/\/wp.kristdemokraterna.se\/norrkoping\/"},{"@type":"ListItem","position":2,"name":"Engagera dig &#8211; du beh\u00f6vs!"}]},{"@type":"WebSite","@id":"https:\/\/wp.kristdemokraterna.se\/norrkoping\/#website","url":"https:\/\/wp.kristdemokraterna.se\/norrkoping\/","name":"Norrk\u00f6ping","description":"Kristdemokraterna","inLanguage":"sv-SE"},{"@type":"Person","@id":"https:\/\/wp.kristdemokraterna.se\/norrkoping\/#\/schema\/person\/053ab61aecc405e6e1ac090a6184d5f1","name":"norrkoping","image":{"@type":"ImageObject","inLanguage":"sv-SE","@id":"https:\/\/secure.gravatar.com\/avatar\/5bae255455c24e201554da273cd27d3b84f92cd5111a46f0db8b2ff9e8240e64?s=96&d=mm&r=g","url":"https:\/\/secure.gravatar.com\/avatar\/5bae255455c24e201554da273cd27d3b84f92cd5111a46f0db8b2ff9e8240e64?s=96&d=mm&r=g","contentUrl":"https:\/\/secure.gravatar.com\/avatar\/5bae255455c24e201554da273cd27d3b84f92cd5111a46f0db8b2ff9e8240e64?s=96&d=mm&r=g","caption":"norrkoping"},"description":"Kristdemokraterna i Norrk\u00f6ping vill skapa ett Norrk\u00f6ping d\u00e4r ingen h\u00e5lls tillbaka och ingen l\u00e4mnas efter!","url":"https:\/\/wp.kristdemokraterna.se\/norrkoping\/author\/norrkoping\/"}]}},"_links":{"self":[{"href":"https:\/\/wp.kristdemokraterna.se\/norrkoping\/wp-json\/wp\/v2\/posts\/2448","targetHints":{"allow":["GET"]}}],"collection":[{"href":"https:\/\/wp.kristdemokraterna.se\/norrkoping\/wp-json\/wp\/v2\/posts"}],"about":[{"href":"https:\/\/wp.kristdemokraterna.se\/norrkoping\/wp-json\/wp\/v2\/types\/post"}],"author":[{"embeddable":true,"href":"https:\/\/wp.kristdemokraterna.se\/norrkoping\/wp-json\/wp\/v2\/users\/45"}],"replies":[{"embeddable":true,"href":"https:\/\/wp.kristdemokraterna.se\/norrkoping\/wp-json\/wp\/v2\/comments?post=2448"}],"version-history":[{"count":4,"href":"https:\/\/wp.kristdemokraterna.se\/norrkoping\/wp-json\/wp\/v2\/posts\/2448\/revisions"}],"predecessor-version":[{"id":2453,"href":"https:\/\/wp.kristdemokraterna.se\/norrkoping\/wp-json\/wp\/v2\/posts\/2448\/revisions\/2453"}],"wp:attachment":[{"href":"https:\/\/wp.kristdemokraterna.se\/norrkoping\/wp-json\/wp\/v2\/media?parent=2448"}],"wp:term":[{"taxonomy":"category","embeddable":true,"href":"https:\/\/wp.kristdemokraterna.se\/norrkoping\/wp-json\/wp\/v2\/categories?post=2448"},{"taxonomy":"post_tag","embeddable":true,"href":"https:\/\/wp.kristdemokraterna.se\/norrkoping\/wp-json\/wp\/v2\/tags?post=2448"}],"curies":[{"name":"wp","href":"https:\/\/api.w.org\/{rel}","templated":true}]}}