{"id":2456,"date":"2017-09-28T12:31:21","date_gmt":"2017-09-28T10:31:21","guid":{"rendered":"http:\/\/wp.kristdemokraterna.se\/norrkoping\/?p=2456"},"modified":"2017-10-16T14:29:05","modified_gmt":"2017-10-16T12:29:05","slug":"nyfiken-pa-politik-2","status":"publish","type":"post","link":"https:\/\/wp.kristdemokraterna.se\/norrkoping\/nyfiken-pa-politik-2\/","title":{"rendered":"Nyfiken p\u00e5 politik?!"},"content":{"rendered":"<h1>Kursstart f\u00f6r nyfiken p\u00e5 politik<\/h1>\n<p><img loading=\"lazy\" decoding=\"async\" class=\"aligncenter size-full wp-image-2461\" src=\"http:\/\/wp.kristdemokraterna.se\/norrkoping\/files\/2017\/09\/22092472_10155912702344736_1342392773_o.jpg\" alt=\"\" width=\"1200\" height=\"630\" srcset=\"https:\/\/wp.kristdemokraterna.se\/norrkoping\/files\/2017\/09\/22092472_10155912702344736_1342392773_o.jpg 1200w, https:\/\/wp.kristdemokraterna.se\/norrkoping\/files\/2017\/09\/22092472_10155912702344736_1342392773_o-300x158.jpg 300w, https:\/\/wp.kristdemokraterna.se\/norrkoping\/files\/2017\/09\/22092472_10155912702344736_1342392773_o-768x403.jpg 768w, https:\/\/wp.kristdemokraterna.se\/norrkoping\/files\/2017\/09\/22092472_10155912702344736_1342392773_o-1024x538.jpg 1024w, https:\/\/wp.kristdemokraterna.se\/norrkoping\/files\/2017\/09\/22092472_10155912702344736_1342392773_o-576x302.jpg 576w, https:\/\/wp.kristdemokraterna.se\/norrkoping\/files\/2017\/09\/22092472_10155912702344736_1342392773_o-186x98.jpg 186w\" sizes=\"auto, (max-width: 1200px) 100vw, 1200px\" \/><\/p>\n<p>\u00c4r du nyfiken p\u00e5 politik och kristdemokrati? KD Norrk\u00f6ping anordnar en kurs under h\u00f6sten 2017 med start 6 november. Kursen riktar sig till alla intresserade och \u00e4r f\u00f6rdelad p\u00e5 fyra l\u00e4rorika kursstillf\u00e4llen. Vid sista kursstillf\u00e4llet \u00e5ker vi gemensamt upp till Stockholm och bes\u00f6ker riksdagsledamoten Magnus Oscarsson (KD), landsbygds- och jordbrukspolitisk talesperson, f\u00f6r att l\u00e4ra oss mera om politiken som f\u00f6rs i riksdagshuset.<\/p>\n<p><strong>Information<\/strong><\/p>\n<p>Del 1: 6\/11 kl. 18.30-21.00 Fr\u00e5n id\u00e9 till beslut, s\u00e5 fungerar demokratin.<\/p>\n<p>Del 2: 13\/11 kl. 18.30-21.00 Rollen som politiker och f\u00f6rtroendevald.<\/p>\n<p>Del 3: 4\/12 kl. 18.30-21.00 Kristdemokratiska ideologin och andra demokratiska ideologier.<\/p>\n<p>Del 4: 3\/2 \u00a0Avslutningsresa till Sveriges Riksdag i Stockholm.<\/p>\n<p>Kostnad: 300 kr inklusive studiematerial, fika och studieresa till Riksdagshuset i Stockholm.<\/p>\n<p>Anm\u00e4lan: Senast 6 november till v\u00e5r politiska sekreterare Denise Cassel, antingen p\u00e5 mail denise.cassel@kristdemokraterna.se eller telefon: 0725-74 75 43<\/p>\n<p>Information ang\u00e5ende plats och kursinneh\u00e5ll kommer inom kort. H\u00e5ll utkik h\u00e4r p\u00e5 v\u00e5r hemsida samt v\u00e5r Facebook-sida www.facebook.com\/kdnorrkoping<\/p>\n<p>Hoppas att du anm\u00e4ler dig till utbildningen!<\/p>\n","protected":false},"excerpt":{"rendered":"<p>Kursstart f\u00f6r nyfiken p\u00e5 politik \u00c4r du nyfiken p\u00e5 politik och kristdemokrati? KD Norrk\u00f6ping anordnar en kurs under h\u00f6sten 2017 med start 6 november. Kursen riktar sig till alla intresserade och \u00e4r f\u00f6rdelad p\u00e5 fyra l\u00e4rorika kursstillf\u00e4llen. Vid sista kursstillf\u00e4llet \u00e5ker vi gemensamt upp till Stockholm och bes\u00f6ker riksdagsledamoten Magnus Oscarsson (KD), landsbygds- och jordbrukspolitisk <a class=\"read-more-link\" href=\"https:\/\/wp.kristdemokraterna.se\/norrkoping\/nyfiken-pa-politik-2\/\">Read More<\/a><\/p>\n","protected":false},"author":45,"featured_media":0,"comment_status":"closed","ping_status":"closed","sticky":false,"template":"","format":"standard","meta":{"_acf_changed":false,"footnotes":""},"categories":[1],"tags":[],"class_list":["post-2456","post","type-post","status-publish","format-standard","hentry","category-okategoriserade"],"acf":[],"yoast_head":"<!-- This site is optimized with the Yoast SEO plugin v27.4 - https:\/\/yoast.com\/product\/yoast-seo-wordpress\/ -->\n<title>Nyfiken p\u00e5 politik?! - Norrk\u00f6ping<\/title>\n<meta name=\"robots\" content=\"index, follow, max-snippet:-1, max-image-preview:large, max-video-preview:-1\" \/>\n<link rel=\"canonical\" href=\"https:\/\/wp.kristdemokraterna.se\/norrkoping\/nyfiken-pa-politik-2\/\" \/>\n<meta property=\"og:locale\" content=\"sv_SE\" \/>\n<meta property=\"og:type\" content=\"article\" \/>\n<meta property=\"og:title\" content=\"Nyfiken p\u00e5 politik?! - Norrk\u00f6ping\" \/>\n<meta property=\"og:description\" content=\"Kursstart f\u00f6r nyfiken p\u00e5 politik \u00c4r du nyfiken p\u00e5 politik och kristdemokrati? KD Norrk\u00f6ping anordnar en kurs under h\u00f6sten 2017 med start 6 november. Kursen riktar sig till alla intresserade och \u00e4r f\u00f6rdelad p\u00e5 fyra l\u00e4rorika kursstillf\u00e4llen. Vid sista kursstillf\u00e4llet \u00e5ker vi gemensamt upp till Stockholm och bes\u00f6ker riksdagsledamoten Magnus Oscarsson (KD), landsbygds- och jordbrukspolitisk Read More\" \/>\n<meta property=\"og:url\" content=\"https:\/\/wp.kristdemokraterna.se\/norrkoping\/nyfiken-pa-politik-2\/\" \/>\n<meta property=\"og:site_name\" content=\"Norrk\u00f6ping\" \/>\n<meta property=\"article:publisher\" content=\"https:\/\/www.facebook.com\/kdnorrkoping\/\" \/>\n<meta property=\"article:published_time\" content=\"2017-09-28T10:31:21+00:00\" \/>\n<meta property=\"article:modified_time\" content=\"2017-10-16T12:29:05+00:00\" \/>\n<meta property=\"og:image\" content=\"http:\/\/wp.kristdemokraterna.se\/norrkoping\/files\/2017\/09\/22092472_10155912702344736_1342392773_o.jpg\" \/>\n<meta name=\"author\" content=\"norrkoping\" \/>\n<meta name=\"twitter:card\" content=\"summary_large_image\" \/>\n<meta name=\"twitter:label1\" content=\"Skriven av\" \/>\n\t<meta name=\"twitter:data1\" content=\"norrkoping\" \/>\n\t<meta name=\"twitter:label2\" content=\"Ber\u00e4knad l\u00e4stid\" \/>\n\t<meta name=\"twitter:data2\" content=\"1 minut\" \/>\n<script type=\"application\/ld+json\" class=\"yoast-schema-graph\">{\"@context\":\"https:\\\/\\\/schema.org\",\"@graph\":[{\"@type\":\"Article\",\"@id\":\"https:\\\/\\\/wp.kristdemokraterna.se\\\/norrkoping\\\/nyfiken-pa-politik-2\\\/#article\",\"isPartOf\":{\"@id\":\"https:\\\/\\\/wp.kristdemokraterna.se\\\/norrkoping\\\/nyfiken-pa-politik-2\\\/\"},\"author\":{\"name\":\"norrkoping\",\"@id\":\"https:\\\/\\\/wp.kristdemokraterna.se\\\/norrkoping\\\/#\\\/schema\\\/person\\\/053ab61aecc405e6e1ac090a6184d5f1\"},\"headline\":\"Nyfiken p\u00e5 politik?!\",\"datePublished\":\"2017-09-28T10:31:21+00:00\",\"dateModified\":\"2017-10-16T12:29:05+00:00\",\"mainEntityOfPage\":{\"@id\":\"https:\\\/\\\/wp.kristdemokraterna.se\\\/norrkoping\\\/nyfiken-pa-politik-2\\\/\"},\"wordCount\":183,\"image\":{\"@id\":\"https:\\\/\\\/wp.kristdemokraterna.se\\\/norrkoping\\\/nyfiken-pa-politik-2\\\/#primaryimage\"},\"thumbnailUrl\":\"http:\\\/\\\/wp.kristdemokraterna.se\\\/norrkoping\\\/files\\\/2017\\\/09\\\/22092472_10155912702344736_1342392773_o.jpg\",\"inLanguage\":\"sv-SE\"},{\"@type\":\"WebPage\",\"@id\":\"https:\\\/\\\/wp.kristdemokraterna.se\\\/norrkoping\\\/nyfiken-pa-politik-2\\\/\",\"url\":\"https:\\\/\\\/wp.kristdemokraterna.se\\\/norrkoping\\\/nyfiken-pa-politik-2\\\/\",\"name\":\"Nyfiken p\u00e5 politik?! - Norrk\u00f6ping\",\"isPartOf\":{\"@id\":\"https:\\\/\\\/wp.kristdemokraterna.se\\\/norrkoping\\\/#website\"},\"primaryImageOfPage\":{\"@id\":\"https:\\\/\\\/wp.kristdemokraterna.se\\\/norrkoping\\\/nyfiken-pa-politik-2\\\/#primaryimage\"},\"image\":{\"@id\":\"https:\\\/\\\/wp.kristdemokraterna.se\\\/norrkoping\\\/nyfiken-pa-politik-2\\\/#primaryimage\"},\"thumbnailUrl\":\"http:\\\/\\\/wp.kristdemokraterna.se\\\/norrkoping\\\/files\\\/2017\\\/09\\\/22092472_10155912702344736_1342392773_o.jpg\",\"datePublished\":\"2017-09-28T10:31:21+00:00\",\"dateModified\":\"2017-10-16T12:29:05+00:00\",\"author\":{\"@id\":\"https:\\\/\\\/wp.kristdemokraterna.se\\\/norrkoping\\\/#\\\/schema\\\/person\\\/053ab61aecc405e6e1ac090a6184d5f1\"},\"breadcrumb\":{\"@id\":\"https:\\\/\\\/wp.kristdemokraterna.se\\\/norrkoping\\\/nyfiken-pa-politik-2\\\/#breadcrumb\"},\"inLanguage\":\"sv-SE\",\"potentialAction\":[{\"@type\":\"ReadAction\",\"target\":[\"https:\\\/\\\/wp.kristdemokraterna.se\\\/norrkoping\\\/nyfiken-pa-politik-2\\\/\"]}]},{\"@type\":\"ImageObject\",\"inLanguage\":\"sv-SE\",\"@id\":\"https:\\\/\\\/wp.kristdemokraterna.se\\\/norrkoping\\\/nyfiken-pa-politik-2\\\/#primaryimage\",\"url\":\"https:\\\/\\\/wp.kristdemokraterna.se\\\/norrkoping\\\/files\\\/2017\\\/09\\\/22092472_10155912702344736_1342392773_o.jpg\",\"contentUrl\":\"https:\\\/\\\/wp.kristdemokraterna.se\\\/norrkoping\\\/files\\\/2017\\\/09\\\/22092472_10155912702344736_1342392773_o.jpg\",\"width\":1200,\"height\":630},{\"@type\":\"BreadcrumbList\",\"@id\":\"https:\\\/\\\/wp.kristdemokraterna.se\\\/norrkoping\\\/nyfiken-pa-politik-2\\\/#breadcrumb\",\"itemListElement\":[{\"@type\":\"ListItem\",\"position\":1,\"name\":\"Hem\",\"item\":\"https:\\\/\\\/wp.kristdemokraterna.se\\\/norrkoping\\\/\"},{\"@type\":\"ListItem\",\"position\":2,\"name\":\"Nyfiken p\u00e5 politik?!\"}]},{\"@type\":\"WebSite\",\"@id\":\"https:\\\/\\\/wp.kristdemokraterna.se\\\/norrkoping\\\/#website\",\"url\":\"https:\\\/\\\/wp.kristdemokraterna.se\\\/norrkoping\\\/\",\"name\":\"Norrk\u00f6ping\",\"description\":\"Kristdemokraterna\",\"inLanguage\":\"sv-SE\"},{\"@type\":\"Person\",\"@id\":\"https:\\\/\\\/wp.kristdemokraterna.se\\\/norrkoping\\\/#\\\/schema\\\/person\\\/053ab61aecc405e6e1ac090a6184d5f1\",\"name\":\"norrkoping\",\"image\":{\"@type\":\"ImageObject\",\"inLanguage\":\"sv-SE\",\"@id\":\"https:\\\/\\\/secure.gravatar.com\\\/avatar\\\/5bae255455c24e201554da273cd27d3b84f92cd5111a46f0db8b2ff9e8240e64?s=96&d=mm&r=g\",\"url\":\"https:\\\/\\\/secure.gravatar.com\\\/avatar\\\/5bae255455c24e201554da273cd27d3b84f92cd5111a46f0db8b2ff9e8240e64?s=96&d=mm&r=g\",\"contentUrl\":\"https:\\\/\\\/secure.gravatar.com\\\/avatar\\\/5bae255455c24e201554da273cd27d3b84f92cd5111a46f0db8b2ff9e8240e64?s=96&d=mm&r=g\",\"caption\":\"norrkoping\"},\"description\":\"Kristdemokraterna i Norrk\u00f6ping vill skapa ett Norrk\u00f6ping d\u00e4r ingen h\u00e5lls tillbaka och ingen l\u00e4mnas efter!\",\"url\":\"https:\\\/\\\/wp.kristdemokraterna.se\\\/norrkoping\\\/author\\\/norrkoping\\\/\"}]}<\/script>\n<!-- \/ Yoast SEO plugin. -->","yoast_head_json":{"title":"Nyfiken p\u00e5 politik?! - Norrk\u00f6ping","robots":{"index":"index","follow":"follow","max-snippet":"max-snippet:-1","max-image-preview":"max-image-preview:large","max-video-preview":"max-video-preview:-1"},"canonical":"https:\/\/wp.kristdemokraterna.se\/norrkoping\/nyfiken-pa-politik-2\/","og_locale":"sv_SE","og_type":"article","og_title":"Nyfiken p\u00e5 politik?! - Norrk\u00f6ping","og_description":"Kursstart f\u00f6r nyfiken p\u00e5 politik \u00c4r du nyfiken p\u00e5 politik och kristdemokrati? KD Norrk\u00f6ping anordnar en kurs under h\u00f6sten 2017 med start 6 november. Kursen riktar sig till alla intresserade och \u00e4r f\u00f6rdelad p\u00e5 fyra l\u00e4rorika kursstillf\u00e4llen. Vid sista kursstillf\u00e4llet \u00e5ker vi gemensamt upp till Stockholm och bes\u00f6ker riksdagsledamoten Magnus Oscarsson (KD), landsbygds- och jordbrukspolitisk Read More","og_url":"https:\/\/wp.kristdemokraterna.se\/norrkoping\/nyfiken-pa-politik-2\/","og_site_name":"Norrk\u00f6ping","article_publisher":"https:\/\/www.facebook.com\/kdnorrkoping\/","article_published_time":"2017-09-28T10:31:21+00:00","article_modified_time":"2017-10-16T12:29:05+00:00","og_image":[{"url":"http:\/\/wp.kristdemokraterna.se\/norrkoping\/files\/2017\/09\/22092472_10155912702344736_1342392773_o.jpg","type":"","width":"","height":""}],"author":"norrkoping","twitter_card":"summary_large_image","twitter_misc":{"Skriven av":"norrkoping","Ber\u00e4knad l\u00e4stid":"1 minut"},"schema":{"@context":"https:\/\/schema.org","@graph":[{"@type":"Article","@id":"https:\/\/wp.kristdemokraterna.se\/norrkoping\/nyfiken-pa-politik-2\/#article","isPartOf":{"@id":"https:\/\/wp.kristdemokraterna.se\/norrkoping\/nyfiken-pa-politik-2\/"},"author":{"name":"norrkoping","@id":"https:\/\/wp.kristdemokraterna.se\/norrkoping\/#\/schema\/person\/053ab61aecc405e6e1ac090a6184d5f1"},"headline":"Nyfiken p\u00e5 politik?!","datePublished":"2017-09-28T10:31:21+00:00","dateModified":"2017-10-16T12:29:05+00:00","mainEntityOfPage":{"@id":"https:\/\/wp.kristdemokraterna.se\/norrkoping\/nyfiken-pa-politik-2\/"},"wordCount":183,"image":{"@id":"https:\/\/wp.kristdemokraterna.se\/norrkoping\/nyfiken-pa-politik-2\/#primaryimage"},"thumbnailUrl":"http:\/\/wp.kristdemokraterna.se\/norrkoping\/files\/2017\/09\/22092472_10155912702344736_1342392773_o.jpg","inLanguage":"sv-SE"},{"@type":"WebPage","@id":"https:\/\/wp.kristdemokraterna.se\/norrkoping\/nyfiken-pa-politik-2\/","url":"https:\/\/wp.kristdemokraterna.se\/norrkoping\/nyfiken-pa-politik-2\/","name":"Nyfiken p\u00e5 politik?! - Norrk\u00f6ping","isPartOf":{"@id":"https:\/\/wp.kristdemokraterna.se\/norrkoping\/#website"},"primaryImageOfPage":{"@id":"https:\/\/wp.kristdemokraterna.se\/norrkoping\/nyfiken-pa-politik-2\/#primaryimage"},"image":{"@id":"https:\/\/wp.kristdemokraterna.se\/norrkoping\/nyfiken-pa-politik-2\/#primaryimage"},"thumbnailUrl":"http:\/\/wp.kristdemokraterna.se\/norrkoping\/files\/2017\/09\/22092472_10155912702344736_1342392773_o.jpg","datePublished":"2017-09-28T10:31:21+00:00","dateModified":"2017-10-16T12:29:05+00:00","author":{"@id":"https:\/\/wp.kristdemokraterna.se\/norrkoping\/#\/schema\/person\/053ab61aecc405e6e1ac090a6184d5f1"},"breadcrumb":{"@id":"https:\/\/wp.kristdemokraterna.se\/norrkoping\/nyfiken-pa-politik-2\/#breadcrumb"},"inLanguage":"sv-SE","potentialAction":[{"@type":"ReadAction","target":["https:\/\/wp.kristdemokraterna.se\/norrkoping\/nyfiken-pa-politik-2\/"]}]},{"@type":"ImageObject","inLanguage":"sv-SE","@id":"https:\/\/wp.kristdemokraterna.se\/norrkoping\/nyfiken-pa-politik-2\/#primaryimage","url":"https:\/\/wp.kristdemokraterna.se\/norrkoping\/files\/2017\/09\/22092472_10155912702344736_1342392773_o.jpg","contentUrl":"https:\/\/wp.kristdemokraterna.se\/norrkoping\/files\/2017\/09\/22092472_10155912702344736_1342392773_o.jpg","width":1200,"height":630},{"@type":"BreadcrumbList","@id":"https:\/\/wp.kristdemokraterna.se\/norrkoping\/nyfiken-pa-politik-2\/#breadcrumb","itemListElement":[{"@type":"ListItem","position":1,"name":"Hem","item":"https:\/\/wp.kristdemokraterna.se\/norrkoping\/"},{"@type":"ListItem","position":2,"name":"Nyfiken p\u00e5 politik?!"}]},{"@type":"WebSite","@id":"https:\/\/wp.kristdemokraterna.se\/norrkoping\/#website","url":"https:\/\/wp.kristdemokraterna.se\/norrkoping\/","name":"Norrk\u00f6ping","description":"Kristdemokraterna","inLanguage":"sv-SE"},{"@type":"Person","@id":"https:\/\/wp.kristdemokraterna.se\/norrkoping\/#\/schema\/person\/053ab61aecc405e6e1ac090a6184d5f1","name":"norrkoping","image":{"@type":"ImageObject","inLanguage":"sv-SE","@id":"https:\/\/secure.gravatar.com\/avatar\/5bae255455c24e201554da273cd27d3b84f92cd5111a46f0db8b2ff9e8240e64?s=96&d=mm&r=g","url":"https:\/\/secure.gravatar.com\/avatar\/5bae255455c24e201554da273cd27d3b84f92cd5111a46f0db8b2ff9e8240e64?s=96&d=mm&r=g","contentUrl":"https:\/\/secure.gravatar.com\/avatar\/5bae255455c24e201554da273cd27d3b84f92cd5111a46f0db8b2ff9e8240e64?s=96&d=mm&r=g","caption":"norrkoping"},"description":"Kristdemokraterna i Norrk\u00f6ping vill skapa ett Norrk\u00f6ping d\u00e4r ingen h\u00e5lls tillbaka och ingen l\u00e4mnas efter!","url":"https:\/\/wp.kristdemokraterna.se\/norrkoping\/author\/norrkoping\/"}]}},"_links":{"self":[{"href":"https:\/\/wp.kristdemokraterna.se\/norrkoping\/wp-json\/wp\/v2\/posts\/2456","targetHints":{"allow":["GET"]}}],"collection":[{"href":"https:\/\/wp.kristdemokraterna.se\/norrkoping\/wp-json\/wp\/v2\/posts"}],"about":[{"href":"https:\/\/wp.kristdemokraterna.se\/norrkoping\/wp-json\/wp\/v2\/types\/post"}],"author":[{"embeddable":true,"href":"https:\/\/wp.kristdemokraterna.se\/norrkoping\/wp-json\/wp\/v2\/users\/45"}],"replies":[{"embeddable":true,"href":"https:\/\/wp.kristdemokraterna.se\/norrkoping\/wp-json\/wp\/v2\/comments?post=2456"}],"version-history":[{"count":8,"href":"https:\/\/wp.kristdemokraterna.se\/norrkoping\/wp-json\/wp\/v2\/posts\/2456\/revisions"}],"predecessor-version":[{"id":2467,"href":"https:\/\/wp.kristdemokraterna.se\/norrkoping\/wp-json\/wp\/v2\/posts\/2456\/revisions\/2467"}],"wp:attachment":[{"href":"https:\/\/wp.kristdemokraterna.se\/norrkoping\/wp-json\/wp\/v2\/media?parent=2456"}],"wp:term":[{"taxonomy":"category","embeddable":true,"href":"https:\/\/wp.kristdemokraterna.se\/norrkoping\/wp-json\/wp\/v2\/categories?post=2456"},{"taxonomy":"post_tag","embeddable":true,"href":"https:\/\/wp.kristdemokraterna.se\/norrkoping\/wp-json\/wp\/v2\/tags?post=2456"}],"curies":[{"name":"wp","href":"https:\/\/api.w.org\/{rel}","templated":true}]}}