{"id":2509,"date":"2018-04-23T13:13:01","date_gmt":"2018-04-23T11:13:01","guid":{"rendered":"http:\/\/wp.kristdemokraterna.se\/norrkoping\/?p=2509"},"modified":"2018-04-23T13:13:01","modified_gmt":"2018-04-23T11:13:01","slug":"familjens-dag-traffa-ebba-busch-thor-och-lars-adaktusson","status":"publish","type":"post","link":"https:\/\/wp.kristdemokraterna.se\/norrkoping\/familjens-dag-traffa-ebba-busch-thor-och-lars-adaktusson\/","title":{"rendered":"Familjens dag &#8211; Tr\u00e4ffa Ebba Busch Thor och Lars Adaktusson"},"content":{"rendered":"<h1>V\u00e4lkommen till familjens dag i Norrk\u00f6ping!<\/h1>\n<p>Den 1 maj arrangerar vi en familjefest i Norrk\u00f6ping med bland andra partiledare Ebba Busch Thor och europaparlamentariker Lars Adaktusson.<\/p>\n<p>Vi promenerar tillsammans genom centrala Norrk\u00f6ping till Refvens grund d\u00e4r det blir tal, underh\u00e5llning fr\u00e5n scen, kaffeservering och hoppborg. Promenadt\u00e5get avg\u00e5r 11.30 fr\u00e5n h\u00f6rnet Kungsgatan\/ Norr Tull.<\/p>\n<p>Vi ses 1 maj!<\/p>\n<p>Tider:<br \/>\n11:00 Samling Kungsgatan\/ Norr Tull (i h\u00f6jd med sp\u00e5rvagnsh\u00e5llplatsen)<br \/>\n11:30 Avmarsch<br \/>\n12:00 Tal och musik vid Refvensgrund<\/p>\n<p><a href=\"https:\/\/www.facebook.com\/events\/237019763528341\/\" rel=\"attachment wp-att-2510\"><img loading=\"lazy\" decoding=\"async\" class=\"aligncenter wp-image-2510 size-full\" src=\"http:\/\/wp.kristdemokraterna.se\/norrkoping\/files\/2018\/04\/famdag.jpg\" alt=\"\" width=\"960\" height=\"479\" srcset=\"https:\/\/wp.kristdemokraterna.se\/norrkoping\/files\/2018\/04\/famdag.jpg 960w, https:\/\/wp.kristdemokraterna.se\/norrkoping\/files\/2018\/04\/famdag-300x150.jpg 300w, https:\/\/wp.kristdemokraterna.se\/norrkoping\/files\/2018\/04\/famdag-768x383.jpg 768w, https:\/\/wp.kristdemokraterna.se\/norrkoping\/files\/2018\/04\/famdag-576x287.jpg 576w, https:\/\/wp.kristdemokraterna.se\/norrkoping\/files\/2018\/04\/famdag-186x93.jpg 186w\" sizes=\"auto, (max-width: 960px) 100vw, 960px\" \/><\/a><\/p>\n","protected":false},"excerpt":{"rendered":"<p>V\u00e4lkommen till familjens dag i Norrk\u00f6ping! Den 1 maj arrangerar vi en familjefest i Norrk\u00f6ping med bland andra partiledare Ebba Busch Thor och europaparlamentariker Lars Adaktusson. Vi promenerar tillsammans genom centrala Norrk\u00f6ping till Refvens grund d\u00e4r det blir tal, underh\u00e5llning fr\u00e5n scen, kaffeservering och hoppborg. Promenadt\u00e5get avg\u00e5r 11.30 fr\u00e5n h\u00f6rnet Kungsgatan\/ Norr Tull. Vi ses <a class=\"read-more-link\" href=\"https:\/\/wp.kristdemokraterna.se\/norrkoping\/familjens-dag-traffa-ebba-busch-thor-och-lars-adaktusson\/\">Read More<\/a><\/p>\n","protected":false},"author":45,"featured_media":0,"comment_status":"closed","ping_status":"closed","sticky":false,"template":"","format":"standard","meta":{"_acf_changed":false,"footnotes":""},"categories":[1],"tags":[],"class_list":["post-2509","post","type-post","status-publish","format-standard","hentry","category-okategoriserade"],"acf":[],"yoast_head":"<!-- This site is optimized with the Yoast SEO plugin v27.4 - https:\/\/yoast.com\/product\/yoast-seo-wordpress\/ -->\n<title>Familjens dag - Tr\u00e4ffa Ebba Busch Thor och Lars Adaktusson - Norrk\u00f6ping<\/title>\n<meta name=\"robots\" content=\"index, follow, max-snippet:-1, max-image-preview:large, max-video-preview:-1\" \/>\n<link rel=\"canonical\" href=\"https:\/\/wp.kristdemokraterna.se\/norrkoping\/familjens-dag-traffa-ebba-busch-thor-och-lars-adaktusson\/\" \/>\n<meta property=\"og:locale\" content=\"sv_SE\" \/>\n<meta property=\"og:type\" content=\"article\" \/>\n<meta property=\"og:title\" content=\"Familjens dag - Tr\u00e4ffa Ebba Busch Thor och Lars Adaktusson - Norrk\u00f6ping\" \/>\n<meta property=\"og:description\" content=\"V\u00e4lkommen till familjens dag i Norrk\u00f6ping! Den 1 maj arrangerar vi en familjefest i Norrk\u00f6ping med bland andra partiledare Ebba Busch Thor och europaparlamentariker Lars Adaktusson. Vi promenerar tillsammans genom centrala Norrk\u00f6ping till Refvens grund d\u00e4r det blir tal, underh\u00e5llning fr\u00e5n scen, kaffeservering och hoppborg. Promenadt\u00e5get avg\u00e5r 11.30 fr\u00e5n h\u00f6rnet Kungsgatan\/ Norr Tull. Vi ses Read More\" \/>\n<meta property=\"og:url\" content=\"https:\/\/wp.kristdemokraterna.se\/norrkoping\/familjens-dag-traffa-ebba-busch-thor-och-lars-adaktusson\/\" \/>\n<meta property=\"og:site_name\" content=\"Norrk\u00f6ping\" \/>\n<meta property=\"article:publisher\" content=\"https:\/\/www.facebook.com\/kdnorrkoping\/\" \/>\n<meta property=\"article:published_time\" content=\"2018-04-23T11:13:01+00:00\" \/>\n<meta property=\"og:image\" content=\"http:\/\/wp.kristdemokraterna.se\/norrkoping\/files\/2018\/04\/famdag.jpg\" \/>\n<meta name=\"author\" content=\"norrkoping\" \/>\n<meta name=\"twitter:card\" content=\"summary_large_image\" \/>\n<meta name=\"twitter:label1\" content=\"Skriven av\" \/>\n\t<meta name=\"twitter:data1\" content=\"norrkoping\" \/>\n<script type=\"application\/ld+json\" class=\"yoast-schema-graph\">{\"@context\":\"https:\\\/\\\/schema.org\",\"@graph\":[{\"@type\":\"Article\",\"@id\":\"https:\\\/\\\/wp.kristdemokraterna.se\\\/norrkoping\\\/familjens-dag-traffa-ebba-busch-thor-och-lars-adaktusson\\\/#article\",\"isPartOf\":{\"@id\":\"https:\\\/\\\/wp.kristdemokraterna.se\\\/norrkoping\\\/familjens-dag-traffa-ebba-busch-thor-och-lars-adaktusson\\\/\"},\"author\":{\"name\":\"norrkoping\",\"@id\":\"https:\\\/\\\/wp.kristdemokraterna.se\\\/norrkoping\\\/#\\\/schema\\\/person\\\/053ab61aecc405e6e1ac090a6184d5f1\"},\"headline\":\"Familjens dag &#8211; Tr\u00e4ffa Ebba Busch Thor och Lars Adaktusson\",\"datePublished\":\"2018-04-23T11:13:01+00:00\",\"mainEntityOfPage\":{\"@id\":\"https:\\\/\\\/wp.kristdemokraterna.se\\\/norrkoping\\\/familjens-dag-traffa-ebba-busch-thor-och-lars-adaktusson\\\/\"},\"wordCount\":94,\"image\":{\"@id\":\"https:\\\/\\\/wp.kristdemokraterna.se\\\/norrkoping\\\/familjens-dag-traffa-ebba-busch-thor-och-lars-adaktusson\\\/#primaryimage\"},\"thumbnailUrl\":\"http:\\\/\\\/wp.kristdemokraterna.se\\\/norrkoping\\\/files\\\/2018\\\/04\\\/famdag.jpg\",\"inLanguage\":\"sv-SE\"},{\"@type\":\"WebPage\",\"@id\":\"https:\\\/\\\/wp.kristdemokraterna.se\\\/norrkoping\\\/familjens-dag-traffa-ebba-busch-thor-och-lars-adaktusson\\\/\",\"url\":\"https:\\\/\\\/wp.kristdemokraterna.se\\\/norrkoping\\\/familjens-dag-traffa-ebba-busch-thor-och-lars-adaktusson\\\/\",\"name\":\"Familjens dag - Tr\u00e4ffa Ebba Busch Thor och Lars Adaktusson - Norrk\u00f6ping\",\"isPartOf\":{\"@id\":\"https:\\\/\\\/wp.kristdemokraterna.se\\\/norrkoping\\\/#website\"},\"primaryImageOfPage\":{\"@id\":\"https:\\\/\\\/wp.kristdemokraterna.se\\\/norrkoping\\\/familjens-dag-traffa-ebba-busch-thor-och-lars-adaktusson\\\/#primaryimage\"},\"image\":{\"@id\":\"https:\\\/\\\/wp.kristdemokraterna.se\\\/norrkoping\\\/familjens-dag-traffa-ebba-busch-thor-och-lars-adaktusson\\\/#primaryimage\"},\"thumbnailUrl\":\"http:\\\/\\\/wp.kristdemokraterna.se\\\/norrkoping\\\/files\\\/2018\\\/04\\\/famdag.jpg\",\"datePublished\":\"2018-04-23T11:13:01+00:00\",\"author\":{\"@id\":\"https:\\\/\\\/wp.kristdemokraterna.se\\\/norrkoping\\\/#\\\/schema\\\/person\\\/053ab61aecc405e6e1ac090a6184d5f1\"},\"breadcrumb\":{\"@id\":\"https:\\\/\\\/wp.kristdemokraterna.se\\\/norrkoping\\\/familjens-dag-traffa-ebba-busch-thor-och-lars-adaktusson\\\/#breadcrumb\"},\"inLanguage\":\"sv-SE\",\"potentialAction\":[{\"@type\":\"ReadAction\",\"target\":[\"https:\\\/\\\/wp.kristdemokraterna.se\\\/norrkoping\\\/familjens-dag-traffa-ebba-busch-thor-och-lars-adaktusson\\\/\"]}]},{\"@type\":\"ImageObject\",\"inLanguage\":\"sv-SE\",\"@id\":\"https:\\\/\\\/wp.kristdemokraterna.se\\\/norrkoping\\\/familjens-dag-traffa-ebba-busch-thor-och-lars-adaktusson\\\/#primaryimage\",\"url\":\"https:\\\/\\\/wp.kristdemokraterna.se\\\/norrkoping\\\/files\\\/2018\\\/04\\\/famdag.jpg\",\"contentUrl\":\"https:\\\/\\\/wp.kristdemokraterna.se\\\/norrkoping\\\/files\\\/2018\\\/04\\\/famdag.jpg\",\"width\":960,\"height\":479},{\"@type\":\"BreadcrumbList\",\"@id\":\"https:\\\/\\\/wp.kristdemokraterna.se\\\/norrkoping\\\/familjens-dag-traffa-ebba-busch-thor-och-lars-adaktusson\\\/#breadcrumb\",\"itemListElement\":[{\"@type\":\"ListItem\",\"position\":1,\"name\":\"Hem\",\"item\":\"https:\\\/\\\/wp.kristdemokraterna.se\\\/norrkoping\\\/\"},{\"@type\":\"ListItem\",\"position\":2,\"name\":\"Familjens dag &#8211; Tr\u00e4ffa Ebba Busch Thor och Lars Adaktusson\"}]},{\"@type\":\"WebSite\",\"@id\":\"https:\\\/\\\/wp.kristdemokraterna.se\\\/norrkoping\\\/#website\",\"url\":\"https:\\\/\\\/wp.kristdemokraterna.se\\\/norrkoping\\\/\",\"name\":\"Norrk\u00f6ping\",\"description\":\"Kristdemokraterna\",\"inLanguage\":\"sv-SE\"},{\"@type\":\"Person\",\"@id\":\"https:\\\/\\\/wp.kristdemokraterna.se\\\/norrkoping\\\/#\\\/schema\\\/person\\\/053ab61aecc405e6e1ac090a6184d5f1\",\"name\":\"norrkoping\",\"image\":{\"@type\":\"ImageObject\",\"inLanguage\":\"sv-SE\",\"@id\":\"https:\\\/\\\/secure.gravatar.com\\\/avatar\\\/5bae255455c24e201554da273cd27d3b84f92cd5111a46f0db8b2ff9e8240e64?s=96&d=mm&r=g\",\"url\":\"https:\\\/\\\/secure.gravatar.com\\\/avatar\\\/5bae255455c24e201554da273cd27d3b84f92cd5111a46f0db8b2ff9e8240e64?s=96&d=mm&r=g\",\"contentUrl\":\"https:\\\/\\\/secure.gravatar.com\\\/avatar\\\/5bae255455c24e201554da273cd27d3b84f92cd5111a46f0db8b2ff9e8240e64?s=96&d=mm&r=g\",\"caption\":\"norrkoping\"},\"description\":\"Kristdemokraterna i Norrk\u00f6ping vill skapa ett Norrk\u00f6ping d\u00e4r ingen h\u00e5lls tillbaka och ingen l\u00e4mnas efter!\",\"url\":\"https:\\\/\\\/wp.kristdemokraterna.se\\\/norrkoping\\\/author\\\/norrkoping\\\/\"}]}<\/script>\n<!-- \/ Yoast SEO plugin. -->","yoast_head_json":{"title":"Familjens dag - Tr\u00e4ffa Ebba Busch Thor och Lars Adaktusson - Norrk\u00f6ping","robots":{"index":"index","follow":"follow","max-snippet":"max-snippet:-1","max-image-preview":"max-image-preview:large","max-video-preview":"max-video-preview:-1"},"canonical":"https:\/\/wp.kristdemokraterna.se\/norrkoping\/familjens-dag-traffa-ebba-busch-thor-och-lars-adaktusson\/","og_locale":"sv_SE","og_type":"article","og_title":"Familjens dag - Tr\u00e4ffa Ebba Busch Thor och Lars Adaktusson - Norrk\u00f6ping","og_description":"V\u00e4lkommen till familjens dag i Norrk\u00f6ping! Den 1 maj arrangerar vi en familjefest i Norrk\u00f6ping med bland andra partiledare Ebba Busch Thor och europaparlamentariker Lars Adaktusson. Vi promenerar tillsammans genom centrala Norrk\u00f6ping till Refvens grund d\u00e4r det blir tal, underh\u00e5llning fr\u00e5n scen, kaffeservering och hoppborg. Promenadt\u00e5get avg\u00e5r 11.30 fr\u00e5n h\u00f6rnet Kungsgatan\/ Norr Tull. Vi ses Read More","og_url":"https:\/\/wp.kristdemokraterna.se\/norrkoping\/familjens-dag-traffa-ebba-busch-thor-och-lars-adaktusson\/","og_site_name":"Norrk\u00f6ping","article_publisher":"https:\/\/www.facebook.com\/kdnorrkoping\/","article_published_time":"2018-04-23T11:13:01+00:00","og_image":[{"url":"http:\/\/wp.kristdemokraterna.se\/norrkoping\/files\/2018\/04\/famdag.jpg","type":"","width":"","height":""}],"author":"norrkoping","twitter_card":"summary_large_image","twitter_misc":{"Skriven av":"norrkoping"},"schema":{"@context":"https:\/\/schema.org","@graph":[{"@type":"Article","@id":"https:\/\/wp.kristdemokraterna.se\/norrkoping\/familjens-dag-traffa-ebba-busch-thor-och-lars-adaktusson\/#article","isPartOf":{"@id":"https:\/\/wp.kristdemokraterna.se\/norrkoping\/familjens-dag-traffa-ebba-busch-thor-och-lars-adaktusson\/"},"author":{"name":"norrkoping","@id":"https:\/\/wp.kristdemokraterna.se\/norrkoping\/#\/schema\/person\/053ab61aecc405e6e1ac090a6184d5f1"},"headline":"Familjens dag &#8211; Tr\u00e4ffa Ebba Busch Thor och Lars Adaktusson","datePublished":"2018-04-23T11:13:01+00:00","mainEntityOfPage":{"@id":"https:\/\/wp.kristdemokraterna.se\/norrkoping\/familjens-dag-traffa-ebba-busch-thor-och-lars-adaktusson\/"},"wordCount":94,"image":{"@id":"https:\/\/wp.kristdemokraterna.se\/norrkoping\/familjens-dag-traffa-ebba-busch-thor-och-lars-adaktusson\/#primaryimage"},"thumbnailUrl":"http:\/\/wp.kristdemokraterna.se\/norrkoping\/files\/2018\/04\/famdag.jpg","inLanguage":"sv-SE"},{"@type":"WebPage","@id":"https:\/\/wp.kristdemokraterna.se\/norrkoping\/familjens-dag-traffa-ebba-busch-thor-och-lars-adaktusson\/","url":"https:\/\/wp.kristdemokraterna.se\/norrkoping\/familjens-dag-traffa-ebba-busch-thor-och-lars-adaktusson\/","name":"Familjens dag - Tr\u00e4ffa Ebba Busch Thor och Lars Adaktusson - Norrk\u00f6ping","isPartOf":{"@id":"https:\/\/wp.kristdemokraterna.se\/norrkoping\/#website"},"primaryImageOfPage":{"@id":"https:\/\/wp.kristdemokraterna.se\/norrkoping\/familjens-dag-traffa-ebba-busch-thor-och-lars-adaktusson\/#primaryimage"},"image":{"@id":"https:\/\/wp.kristdemokraterna.se\/norrkoping\/familjens-dag-traffa-ebba-busch-thor-och-lars-adaktusson\/#primaryimage"},"thumbnailUrl":"http:\/\/wp.kristdemokraterna.se\/norrkoping\/files\/2018\/04\/famdag.jpg","datePublished":"2018-04-23T11:13:01+00:00","author":{"@id":"https:\/\/wp.kristdemokraterna.se\/norrkoping\/#\/schema\/person\/053ab61aecc405e6e1ac090a6184d5f1"},"breadcrumb":{"@id":"https:\/\/wp.kristdemokraterna.se\/norrkoping\/familjens-dag-traffa-ebba-busch-thor-och-lars-adaktusson\/#breadcrumb"},"inLanguage":"sv-SE","potentialAction":[{"@type":"ReadAction","target":["https:\/\/wp.kristdemokraterna.se\/norrkoping\/familjens-dag-traffa-ebba-busch-thor-och-lars-adaktusson\/"]}]},{"@type":"ImageObject","inLanguage":"sv-SE","@id":"https:\/\/wp.kristdemokraterna.se\/norrkoping\/familjens-dag-traffa-ebba-busch-thor-och-lars-adaktusson\/#primaryimage","url":"https:\/\/wp.kristdemokraterna.se\/norrkoping\/files\/2018\/04\/famdag.jpg","contentUrl":"https:\/\/wp.kristdemokraterna.se\/norrkoping\/files\/2018\/04\/famdag.jpg","width":960,"height":479},{"@type":"BreadcrumbList","@id":"https:\/\/wp.kristdemokraterna.se\/norrkoping\/familjens-dag-traffa-ebba-busch-thor-och-lars-adaktusson\/#breadcrumb","itemListElement":[{"@type":"ListItem","position":1,"name":"Hem","item":"https:\/\/wp.kristdemokraterna.se\/norrkoping\/"},{"@type":"ListItem","position":2,"name":"Familjens dag &#8211; Tr\u00e4ffa Ebba Busch Thor och Lars Adaktusson"}]},{"@type":"WebSite","@id":"https:\/\/wp.kristdemokraterna.se\/norrkoping\/#website","url":"https:\/\/wp.kristdemokraterna.se\/norrkoping\/","name":"Norrk\u00f6ping","description":"Kristdemokraterna","inLanguage":"sv-SE"},{"@type":"Person","@id":"https:\/\/wp.kristdemokraterna.se\/norrkoping\/#\/schema\/person\/053ab61aecc405e6e1ac090a6184d5f1","name":"norrkoping","image":{"@type":"ImageObject","inLanguage":"sv-SE","@id":"https:\/\/secure.gravatar.com\/avatar\/5bae255455c24e201554da273cd27d3b84f92cd5111a46f0db8b2ff9e8240e64?s=96&d=mm&r=g","url":"https:\/\/secure.gravatar.com\/avatar\/5bae255455c24e201554da273cd27d3b84f92cd5111a46f0db8b2ff9e8240e64?s=96&d=mm&r=g","contentUrl":"https:\/\/secure.gravatar.com\/avatar\/5bae255455c24e201554da273cd27d3b84f92cd5111a46f0db8b2ff9e8240e64?s=96&d=mm&r=g","caption":"norrkoping"},"description":"Kristdemokraterna i Norrk\u00f6ping vill skapa ett Norrk\u00f6ping d\u00e4r ingen h\u00e5lls tillbaka och ingen l\u00e4mnas efter!","url":"https:\/\/wp.kristdemokraterna.se\/norrkoping\/author\/norrkoping\/"}]}},"_links":{"self":[{"href":"https:\/\/wp.kristdemokraterna.se\/norrkoping\/wp-json\/wp\/v2\/posts\/2509","targetHints":{"allow":["GET"]}}],"collection":[{"href":"https:\/\/wp.kristdemokraterna.se\/norrkoping\/wp-json\/wp\/v2\/posts"}],"about":[{"href":"https:\/\/wp.kristdemokraterna.se\/norrkoping\/wp-json\/wp\/v2\/types\/post"}],"author":[{"embeddable":true,"href":"https:\/\/wp.kristdemokraterna.se\/norrkoping\/wp-json\/wp\/v2\/users\/45"}],"replies":[{"embeddable":true,"href":"https:\/\/wp.kristdemokraterna.se\/norrkoping\/wp-json\/wp\/v2\/comments?post=2509"}],"version-history":[{"count":1,"href":"https:\/\/wp.kristdemokraterna.se\/norrkoping\/wp-json\/wp\/v2\/posts\/2509\/revisions"}],"predecessor-version":[{"id":2511,"href":"https:\/\/wp.kristdemokraterna.se\/norrkoping\/wp-json\/wp\/v2\/posts\/2509\/revisions\/2511"}],"wp:attachment":[{"href":"https:\/\/wp.kristdemokraterna.se\/norrkoping\/wp-json\/wp\/v2\/media?parent=2509"}],"wp:term":[{"taxonomy":"category","embeddable":true,"href":"https:\/\/wp.kristdemokraterna.se\/norrkoping\/wp-json\/wp\/v2\/categories?post=2509"},{"taxonomy":"post_tag","embeddable":true,"href":"https:\/\/wp.kristdemokraterna.se\/norrkoping\/wp-json\/wp\/v2\/tags?post=2509"}],"curies":[{"name":"wp","href":"https:\/\/api.w.org\/{rel}","templated":true}]}}