{"id":256,"date":"2012-12-20T17:10:06","date_gmt":"2012-12-20T16:10:06","guid":{"rendered":"http:\/\/wp.kristdemokraterna.se\/norrkoping\/?p=256"},"modified":"2012-12-20T17:10:06","modified_gmt":"2012-12-20T16:10:06","slug":"god-jul-o-gott-nytt-ar","status":"publish","type":"post","link":"https:\/\/wp.kristdemokraterna.se\/norrkoping\/god-jul-o-gott-nytt-ar\/","title":{"rendered":"God Jul o Gott Nytt \u00c5r!"},"content":{"rendered":"<p><a href=\"http:\/\/wp.kristdemokraterna.se\/norrkoping\/?attachment_id=264\" rel=\"attachment wp-att-264\"><img loading=\"lazy\" decoding=\"async\" class=\"alignleft size-full wp-image-264\" alt=\"DSC_0083\" src=\"http:\/\/wp.kristdemokraterna.se\/norrkoping\/files\/2012\/12\/DSC_00831.jpg\" width=\"1146\" height=\"1511\" srcset=\"https:\/\/wp.kristdemokraterna.se\/norrkoping\/files\/2012\/12\/DSC_00831.jpg 1146w, https:\/\/wp.kristdemokraterna.se\/norrkoping\/files\/2012\/12\/DSC_00831-227x300.jpg 227w, https:\/\/wp.kristdemokraterna.se\/norrkoping\/files\/2012\/12\/DSC_00831-776x1024.jpg 776w, https:\/\/wp.kristdemokraterna.se\/norrkoping\/files\/2012\/12\/DSC_00831-262x346.jpg 262w, https:\/\/wp.kristdemokraterna.se\/norrkoping\/files\/2012\/12\/DSC_00831-84x112.jpg 84w\" sizes=\"auto, (max-width: 1146px) 100vw, 1146px\" \/><\/a><a href=\"http:\/\/wp.kristdemokraterna.se\/norrkoping\/god-jul-o-gott-nytt-ar\/dsc_0079-2\/\" rel=\"attachment wp-att-265\"><img loading=\"lazy\" decoding=\"async\" class=\"alignleft size-full wp-image-265\" alt=\"DSC_0079\" src=\"http:\/\/wp.kristdemokraterna.se\/norrkoping\/files\/2012\/12\/DSC_00791.jpg\" width=\"1395\" height=\"1703\" srcset=\"https:\/\/wp.kristdemokraterna.se\/norrkoping\/files\/2012\/12\/DSC_00791.jpg 1395w, https:\/\/wp.kristdemokraterna.se\/norrkoping\/files\/2012\/12\/DSC_00791-245x300.jpg 245w, https:\/\/wp.kristdemokraterna.se\/norrkoping\/files\/2012\/12\/DSC_00791-838x1024.jpg 838w, https:\/\/wp.kristdemokraterna.se\/norrkoping\/files\/2012\/12\/DSC_00791-283x346.jpg 283w, https:\/\/wp.kristdemokraterna.se\/norrkoping\/files\/2012\/12\/DSC_00791-91x112.jpg 91w\" sizes=\"auto, (max-width: 1395px) 100vw, 1395px\" \/><\/a><\/p>\n<p>Trots sn\u00f6yta fanns Kristdemokraterna p\u00e5 stan i julrusningen. Vi \u00f6nskade norrk\u00f6pingsborna GodJul genom att dela ut julkort och bj\u00f6da p\u00e5 gl\u00f6gg o pepparkakor.<\/p>\n<p>P\u00e5 julkorten fanns ocks\u00e5\u00a0en information: &#8221; Tack vare Kristdemokraterna kan du nu g\u00f6ra avdrag i deklarationen n\u00e4r du ger en g\u00e5va till v\u00e4lg\u00f6rande \u00e4ndam\u00e5l. Om du sk\u00e4nker 200kr i m\u00e5naden f\u00e5r du 50kr av dem tillbaka p\u00e5 skatten. L\u00e4s mer om reglerna p\u00e5 www.kristdemokraterna.se\/gavor&#8221;<\/p>\n<p>Nu \u00f6nskar vi dig detsamma:<\/p>\n<p>God Jul och Gott Nytt \u00c5r!<\/p>\n<p>&nbsp;<\/p>\n","protected":false},"excerpt":{"rendered":"<p>Trots sn\u00f6yta fanns Kristdemokraterna p\u00e5 stan i julrusningen. Vi \u00f6nskade norrk\u00f6pingsborna GodJul genom att dela ut julkort och bj\u00f6da p\u00e5 gl\u00f6gg o pepparkakor. P\u00e5 julkorten fanns ocks\u00e5\u00a0en information: &#8221; Tack vare Kristdemokraterna kan du nu g\u00f6ra avdrag i deklarationen n\u00e4r du ger en g\u00e5va till v\u00e4lg\u00f6rande \u00e4ndam\u00e5l. Om du sk\u00e4nker 200kr i m\u00e5naden f\u00e5r du <a class=\"read-more-link\" href=\"https:\/\/wp.kristdemokraterna.se\/norrkoping\/god-jul-o-gott-nytt-ar\/\">Read More<\/a><\/p>\n","protected":false},"author":45,"featured_media":0,"comment_status":"closed","ping_status":"open","sticky":false,"template":"","format":"standard","meta":{"_acf_changed":false,"footnotes":""},"categories":[1],"tags":[],"class_list":["post-256","post","type-post","status-publish","format-standard","hentry","category-okategoriserade"],"acf":[],"yoast_head":"<!-- This site is optimized with the Yoast SEO plugin v27.5 - https:\/\/yoast.com\/product\/yoast-seo-wordpress\/ -->\n<title>God Jul o Gott Nytt \u00c5r! - Norrk\u00f6ping<\/title>\n<meta name=\"robots\" content=\"index, follow, max-snippet:-1, max-image-preview:large, max-video-preview:-1\" \/>\n<link rel=\"canonical\" href=\"https:\/\/wp.kristdemokraterna.se\/norrkoping\/god-jul-o-gott-nytt-ar\/\" \/>\n<meta property=\"og:locale\" content=\"sv_SE\" \/>\n<meta property=\"og:type\" content=\"article\" \/>\n<meta property=\"og:title\" content=\"God Jul o Gott Nytt \u00c5r! - Norrk\u00f6ping\" \/>\n<meta property=\"og:description\" content=\"Trots sn\u00f6yta fanns Kristdemokraterna p\u00e5 stan i julrusningen. Vi \u00f6nskade norrk\u00f6pingsborna GodJul genom att dela ut julkort och bj\u00f6da p\u00e5 gl\u00f6gg o pepparkakor. P\u00e5 julkorten fanns ocks\u00e5\u00a0en information: &#8221; Tack vare Kristdemokraterna kan du nu g\u00f6ra avdrag i deklarationen n\u00e4r du ger en g\u00e5va till v\u00e4lg\u00f6rande \u00e4ndam\u00e5l. Om du sk\u00e4nker 200kr i m\u00e5naden f\u00e5r du Read More\" \/>\n<meta property=\"og:url\" content=\"https:\/\/wp.kristdemokraterna.se\/norrkoping\/god-jul-o-gott-nytt-ar\/\" \/>\n<meta property=\"og:site_name\" content=\"Norrk\u00f6ping\" \/>\n<meta property=\"article:publisher\" content=\"https:\/\/www.facebook.com\/kdnorrkoping\/\" \/>\n<meta property=\"article:published_time\" content=\"2012-12-20T16:10:06+00:00\" \/>\n<meta property=\"og:image\" content=\"http:\/\/wp.kristdemokraterna.se\/norrkoping\/files\/2012\/12\/DSC_00831.jpg\" \/>\n<meta name=\"author\" content=\"norrkoping\" \/>\n<meta name=\"twitter:card\" content=\"summary_large_image\" \/>\n<meta name=\"twitter:label1\" content=\"Skriven av\" \/>\n\t<meta name=\"twitter:data1\" content=\"norrkoping\" \/>\n<script type=\"application\/ld+json\" class=\"yoast-schema-graph\">{\"@context\":\"https:\\\/\\\/schema.org\",\"@graph\":[{\"@type\":\"Article\",\"@id\":\"https:\\\/\\\/wp.kristdemokraterna.se\\\/norrkoping\\\/god-jul-o-gott-nytt-ar\\\/#article\",\"isPartOf\":{\"@id\":\"https:\\\/\\\/wp.kristdemokraterna.se\\\/norrkoping\\\/god-jul-o-gott-nytt-ar\\\/\"},\"author\":{\"name\":\"norrkoping\",\"@id\":\"https:\\\/\\\/wp.kristdemokraterna.se\\\/norrkoping\\\/#\\\/schema\\\/person\\\/053ab61aecc405e6e1ac090a6184d5f1\"},\"headline\":\"God Jul o Gott Nytt \u00c5r!\",\"datePublished\":\"2012-12-20T16:10:06+00:00\",\"mainEntityOfPage\":{\"@id\":\"https:\\\/\\\/wp.kristdemokraterna.se\\\/norrkoping\\\/god-jul-o-gott-nytt-ar\\\/\"},\"wordCount\":102,\"image\":{\"@id\":\"https:\\\/\\\/wp.kristdemokraterna.se\\\/norrkoping\\\/god-jul-o-gott-nytt-ar\\\/#primaryimage\"},\"thumbnailUrl\":\"http:\\\/\\\/wp.kristdemokraterna.se\\\/norrkoping\\\/files\\\/2012\\\/12\\\/DSC_00831.jpg\",\"inLanguage\":\"sv-SE\"},{\"@type\":\"WebPage\",\"@id\":\"https:\\\/\\\/wp.kristdemokraterna.se\\\/norrkoping\\\/god-jul-o-gott-nytt-ar\\\/\",\"url\":\"https:\\\/\\\/wp.kristdemokraterna.se\\\/norrkoping\\\/god-jul-o-gott-nytt-ar\\\/\",\"name\":\"God Jul o Gott Nytt \u00c5r! - Norrk\u00f6ping\",\"isPartOf\":{\"@id\":\"https:\\\/\\\/wp.kristdemokraterna.se\\\/norrkoping\\\/#website\"},\"primaryImageOfPage\":{\"@id\":\"https:\\\/\\\/wp.kristdemokraterna.se\\\/norrkoping\\\/god-jul-o-gott-nytt-ar\\\/#primaryimage\"},\"image\":{\"@id\":\"https:\\\/\\\/wp.kristdemokraterna.se\\\/norrkoping\\\/god-jul-o-gott-nytt-ar\\\/#primaryimage\"},\"thumbnailUrl\":\"http:\\\/\\\/wp.kristdemokraterna.se\\\/norrkoping\\\/files\\\/2012\\\/12\\\/DSC_00831.jpg\",\"datePublished\":\"2012-12-20T16:10:06+00:00\",\"author\":{\"@id\":\"https:\\\/\\\/wp.kristdemokraterna.se\\\/norrkoping\\\/#\\\/schema\\\/person\\\/053ab61aecc405e6e1ac090a6184d5f1\"},\"breadcrumb\":{\"@id\":\"https:\\\/\\\/wp.kristdemokraterna.se\\\/norrkoping\\\/god-jul-o-gott-nytt-ar\\\/#breadcrumb\"},\"inLanguage\":\"sv-SE\",\"potentialAction\":[{\"@type\":\"ReadAction\",\"target\":[\"https:\\\/\\\/wp.kristdemokraterna.se\\\/norrkoping\\\/god-jul-o-gott-nytt-ar\\\/\"]}]},{\"@type\":\"ImageObject\",\"inLanguage\":\"sv-SE\",\"@id\":\"https:\\\/\\\/wp.kristdemokraterna.se\\\/norrkoping\\\/god-jul-o-gott-nytt-ar\\\/#primaryimage\",\"url\":\"https:\\\/\\\/wp.kristdemokraterna.se\\\/norrkoping\\\/files\\\/2012\\\/12\\\/DSC_00831.jpg\",\"contentUrl\":\"https:\\\/\\\/wp.kristdemokraterna.se\\\/norrkoping\\\/files\\\/2012\\\/12\\\/DSC_00831.jpg\",\"width\":1146,\"height\":1511},{\"@type\":\"BreadcrumbList\",\"@id\":\"https:\\\/\\\/wp.kristdemokraterna.se\\\/norrkoping\\\/god-jul-o-gott-nytt-ar\\\/#breadcrumb\",\"itemListElement\":[{\"@type\":\"ListItem\",\"position\":1,\"name\":\"Hem\",\"item\":\"https:\\\/\\\/wp.kristdemokraterna.se\\\/norrkoping\\\/\"},{\"@type\":\"ListItem\",\"position\":2,\"name\":\"God Jul o Gott Nytt \u00c5r!\"}]},{\"@type\":\"WebSite\",\"@id\":\"https:\\\/\\\/wp.kristdemokraterna.se\\\/norrkoping\\\/#website\",\"url\":\"https:\\\/\\\/wp.kristdemokraterna.se\\\/norrkoping\\\/\",\"name\":\"Norrk\u00f6ping\",\"description\":\"Kristdemokraterna\",\"inLanguage\":\"sv-SE\"},{\"@type\":\"Person\",\"@id\":\"https:\\\/\\\/wp.kristdemokraterna.se\\\/norrkoping\\\/#\\\/schema\\\/person\\\/053ab61aecc405e6e1ac090a6184d5f1\",\"name\":\"norrkoping\",\"image\":{\"@type\":\"ImageObject\",\"inLanguage\":\"sv-SE\",\"@id\":\"https:\\\/\\\/secure.gravatar.com\\\/avatar\\\/5bae255455c24e201554da273cd27d3b84f92cd5111a46f0db8b2ff9e8240e64?s=96&d=mm&r=g\",\"url\":\"https:\\\/\\\/secure.gravatar.com\\\/avatar\\\/5bae255455c24e201554da273cd27d3b84f92cd5111a46f0db8b2ff9e8240e64?s=96&d=mm&r=g\",\"contentUrl\":\"https:\\\/\\\/secure.gravatar.com\\\/avatar\\\/5bae255455c24e201554da273cd27d3b84f92cd5111a46f0db8b2ff9e8240e64?s=96&d=mm&r=g\",\"caption\":\"norrkoping\"},\"description\":\"Kristdemokraterna i Norrk\u00f6ping vill skapa ett Norrk\u00f6ping d\u00e4r ingen h\u00e5lls tillbaka och ingen l\u00e4mnas efter!\",\"url\":\"https:\\\/\\\/wp.kristdemokraterna.se\\\/norrkoping\\\/author\\\/norrkoping\\\/\"}]}<\/script>\n<!-- \/ Yoast SEO plugin. -->","yoast_head_json":{"title":"God Jul o Gott Nytt \u00c5r! - Norrk\u00f6ping","robots":{"index":"index","follow":"follow","max-snippet":"max-snippet:-1","max-image-preview":"max-image-preview:large","max-video-preview":"max-video-preview:-1"},"canonical":"https:\/\/wp.kristdemokraterna.se\/norrkoping\/god-jul-o-gott-nytt-ar\/","og_locale":"sv_SE","og_type":"article","og_title":"God Jul o Gott Nytt \u00c5r! - Norrk\u00f6ping","og_description":"Trots sn\u00f6yta fanns Kristdemokraterna p\u00e5 stan i julrusningen. Vi \u00f6nskade norrk\u00f6pingsborna GodJul genom att dela ut julkort och bj\u00f6da p\u00e5 gl\u00f6gg o pepparkakor. P\u00e5 julkorten fanns ocks\u00e5\u00a0en information: &#8221; Tack vare Kristdemokraterna kan du nu g\u00f6ra avdrag i deklarationen n\u00e4r du ger en g\u00e5va till v\u00e4lg\u00f6rande \u00e4ndam\u00e5l. Om du sk\u00e4nker 200kr i m\u00e5naden f\u00e5r du Read More","og_url":"https:\/\/wp.kristdemokraterna.se\/norrkoping\/god-jul-o-gott-nytt-ar\/","og_site_name":"Norrk\u00f6ping","article_publisher":"https:\/\/www.facebook.com\/kdnorrkoping\/","article_published_time":"2012-12-20T16:10:06+00:00","og_image":[{"url":"http:\/\/wp.kristdemokraterna.se\/norrkoping\/files\/2012\/12\/DSC_00831.jpg","type":"","width":"","height":""}],"author":"norrkoping","twitter_card":"summary_large_image","twitter_misc":{"Skriven av":"norrkoping"},"schema":{"@context":"https:\/\/schema.org","@graph":[{"@type":"Article","@id":"https:\/\/wp.kristdemokraterna.se\/norrkoping\/god-jul-o-gott-nytt-ar\/#article","isPartOf":{"@id":"https:\/\/wp.kristdemokraterna.se\/norrkoping\/god-jul-o-gott-nytt-ar\/"},"author":{"name":"norrkoping","@id":"https:\/\/wp.kristdemokraterna.se\/norrkoping\/#\/schema\/person\/053ab61aecc405e6e1ac090a6184d5f1"},"headline":"God Jul o Gott Nytt \u00c5r!","datePublished":"2012-12-20T16:10:06+00:00","mainEntityOfPage":{"@id":"https:\/\/wp.kristdemokraterna.se\/norrkoping\/god-jul-o-gott-nytt-ar\/"},"wordCount":102,"image":{"@id":"https:\/\/wp.kristdemokraterna.se\/norrkoping\/god-jul-o-gott-nytt-ar\/#primaryimage"},"thumbnailUrl":"http:\/\/wp.kristdemokraterna.se\/norrkoping\/files\/2012\/12\/DSC_00831.jpg","inLanguage":"sv-SE"},{"@type":"WebPage","@id":"https:\/\/wp.kristdemokraterna.se\/norrkoping\/god-jul-o-gott-nytt-ar\/","url":"https:\/\/wp.kristdemokraterna.se\/norrkoping\/god-jul-o-gott-nytt-ar\/","name":"God Jul o Gott Nytt \u00c5r! - Norrk\u00f6ping","isPartOf":{"@id":"https:\/\/wp.kristdemokraterna.se\/norrkoping\/#website"},"primaryImageOfPage":{"@id":"https:\/\/wp.kristdemokraterna.se\/norrkoping\/god-jul-o-gott-nytt-ar\/#primaryimage"},"image":{"@id":"https:\/\/wp.kristdemokraterna.se\/norrkoping\/god-jul-o-gott-nytt-ar\/#primaryimage"},"thumbnailUrl":"http:\/\/wp.kristdemokraterna.se\/norrkoping\/files\/2012\/12\/DSC_00831.jpg","datePublished":"2012-12-20T16:10:06+00:00","author":{"@id":"https:\/\/wp.kristdemokraterna.se\/norrkoping\/#\/schema\/person\/053ab61aecc405e6e1ac090a6184d5f1"},"breadcrumb":{"@id":"https:\/\/wp.kristdemokraterna.se\/norrkoping\/god-jul-o-gott-nytt-ar\/#breadcrumb"},"inLanguage":"sv-SE","potentialAction":[{"@type":"ReadAction","target":["https:\/\/wp.kristdemokraterna.se\/norrkoping\/god-jul-o-gott-nytt-ar\/"]}]},{"@type":"ImageObject","inLanguage":"sv-SE","@id":"https:\/\/wp.kristdemokraterna.se\/norrkoping\/god-jul-o-gott-nytt-ar\/#primaryimage","url":"https:\/\/wp.kristdemokraterna.se\/norrkoping\/files\/2012\/12\/DSC_00831.jpg","contentUrl":"https:\/\/wp.kristdemokraterna.se\/norrkoping\/files\/2012\/12\/DSC_00831.jpg","width":1146,"height":1511},{"@type":"BreadcrumbList","@id":"https:\/\/wp.kristdemokraterna.se\/norrkoping\/god-jul-o-gott-nytt-ar\/#breadcrumb","itemListElement":[{"@type":"ListItem","position":1,"name":"Hem","item":"https:\/\/wp.kristdemokraterna.se\/norrkoping\/"},{"@type":"ListItem","position":2,"name":"God Jul o Gott Nytt \u00c5r!"}]},{"@type":"WebSite","@id":"https:\/\/wp.kristdemokraterna.se\/norrkoping\/#website","url":"https:\/\/wp.kristdemokraterna.se\/norrkoping\/","name":"Norrk\u00f6ping","description":"Kristdemokraterna","inLanguage":"sv-SE"},{"@type":"Person","@id":"https:\/\/wp.kristdemokraterna.se\/norrkoping\/#\/schema\/person\/053ab61aecc405e6e1ac090a6184d5f1","name":"norrkoping","image":{"@type":"ImageObject","inLanguage":"sv-SE","@id":"https:\/\/secure.gravatar.com\/avatar\/5bae255455c24e201554da273cd27d3b84f92cd5111a46f0db8b2ff9e8240e64?s=96&d=mm&r=g","url":"https:\/\/secure.gravatar.com\/avatar\/5bae255455c24e201554da273cd27d3b84f92cd5111a46f0db8b2ff9e8240e64?s=96&d=mm&r=g","contentUrl":"https:\/\/secure.gravatar.com\/avatar\/5bae255455c24e201554da273cd27d3b84f92cd5111a46f0db8b2ff9e8240e64?s=96&d=mm&r=g","caption":"norrkoping"},"description":"Kristdemokraterna i Norrk\u00f6ping vill skapa ett Norrk\u00f6ping d\u00e4r ingen h\u00e5lls tillbaka och ingen l\u00e4mnas efter!","url":"https:\/\/wp.kristdemokraterna.se\/norrkoping\/author\/norrkoping\/"}]}},"_links":{"self":[{"href":"https:\/\/wp.kristdemokraterna.se\/norrkoping\/wp-json\/wp\/v2\/posts\/256","targetHints":{"allow":["GET"]}}],"collection":[{"href":"https:\/\/wp.kristdemokraterna.se\/norrkoping\/wp-json\/wp\/v2\/posts"}],"about":[{"href":"https:\/\/wp.kristdemokraterna.se\/norrkoping\/wp-json\/wp\/v2\/types\/post"}],"author":[{"embeddable":true,"href":"https:\/\/wp.kristdemokraterna.se\/norrkoping\/wp-json\/wp\/v2\/users\/45"}],"replies":[{"embeddable":true,"href":"https:\/\/wp.kristdemokraterna.se\/norrkoping\/wp-json\/wp\/v2\/comments?post=256"}],"version-history":[{"count":7,"href":"https:\/\/wp.kristdemokraterna.se\/norrkoping\/wp-json\/wp\/v2\/posts\/256\/revisions"}],"predecessor-version":[{"id":268,"href":"https:\/\/wp.kristdemokraterna.se\/norrkoping\/wp-json\/wp\/v2\/posts\/256\/revisions\/268"}],"wp:attachment":[{"href":"https:\/\/wp.kristdemokraterna.se\/norrkoping\/wp-json\/wp\/v2\/media?parent=256"}],"wp:term":[{"taxonomy":"category","embeddable":true,"href":"https:\/\/wp.kristdemokraterna.se\/norrkoping\/wp-json\/wp\/v2\/categories?post=256"},{"taxonomy":"post_tag","embeddable":true,"href":"https:\/\/wp.kristdemokraterna.se\/norrkoping\/wp-json\/wp\/v2\/tags?post=256"}],"curies":[{"name":"wp","href":"https:\/\/api.w.org\/{rel}","templated":true}]}}