{"id":274,"date":"2013-01-14T15:18:54","date_gmt":"2013-01-14T14:18:54","guid":{"rendered":"http:\/\/wp.kristdemokraterna.se\/norrkoping\/?p=274"},"modified":"2013-01-14T15:20:06","modified_gmt":"2013-01-14T14:20:06","slug":"tack-bengt","status":"publish","type":"post","link":"https:\/\/wp.kristdemokraterna.se\/norrkoping\/tack-bengt\/","title":{"rendered":"Tack Bengt!"},"content":{"rendered":"<p><a href=\"http:\/\/wp.kristdemokraterna.se\/norrkoping\/tack-bengt\/attachment\/178\/\" rel=\"attachment wp-att-277\"><img loading=\"lazy\" decoding=\"async\" class=\"alignleft size-full wp-image-277\" alt=\"178\" src=\"http:\/\/wp.kristdemokraterna.se\/norrkoping\/files\/2013\/01\/178.jpg\" width=\"3264\" height=\"2448\" srcset=\"https:\/\/wp.kristdemokraterna.se\/norrkoping\/files\/2013\/01\/178.jpg 3264w, https:\/\/wp.kristdemokraterna.se\/norrkoping\/files\/2013\/01\/178-300x225.jpg 300w, https:\/\/wp.kristdemokraterna.se\/norrkoping\/files\/2013\/01\/178-1024x768.jpg 1024w, https:\/\/wp.kristdemokraterna.se\/norrkoping\/files\/2013\/01\/178-461x346.jpg 461w, https:\/\/wp.kristdemokraterna.se\/norrkoping\/files\/2013\/01\/178-149x112.jpg 149w\" sizes=\"auto, (max-width: 3264px) 100vw, 3264px\" \/><\/a>V\u00e5r k\u00e4re v\u00e4n och medarbetare Bengt Ekstr\u00f6m avled sent p\u00e5 kv\u00e4llen den 10 januari. D\u00e5 hade han under en l\u00e4ngre tid k\u00e4mpat mot sin cancersjukdom. Han blev 52 \u00e5r.<\/p>\n<p>Bengt var engagerad i kristdemokraterna i m\u00e5nga \u00e5r. F\u00f6rst i Sk\u00e5ne d\u00e4r han har sina r\u00f6tter och sedan 2006 h\u00e4r i Norrk\u00f6ping. Han har\u00a0representerat\u00a0partiet i flera n\u00e4mnder, som politisk sekreterare, och sedan\u00a0senaste\u00a0valet som oppositionsr\u00e5d och andre vice ordf\u00f6rande i distriktet.<\/p>\n<p>Bengt var en helhj\u00e4rtad person med k\u00e4rlek till m\u00e4nniskorna han m\u00f6tte, vem det \u00e4n var.<\/p>\n<p>Hans bergfasta tro p\u00e5 Gud, och att d\u00f6den inte \u00e4r slutet, har burit honom den h\u00e4r sv\u00e5ra tiden.<\/p>\n<p>Saknaden \u00e4r stor och han l\u00e4mnar ett stort tomrum efter sig. V\u00e5ra tankar g\u00e5r n\u00e4rmast till hans fru Annkatrin och barnen Katarina, Fredrik och Annelie.<\/p>\n<p>&nbsp;<\/p>\n","protected":false},"excerpt":{"rendered":"<p>V\u00e5r k\u00e4re v\u00e4n och medarbetare Bengt Ekstr\u00f6m avled sent p\u00e5 kv\u00e4llen den 10 januari. D\u00e5 hade han under en l\u00e4ngre tid k\u00e4mpat mot sin cancersjukdom. Han blev 52 \u00e5r. Bengt var engagerad i kristdemokraterna i m\u00e5nga \u00e5r. F\u00f6rst i Sk\u00e5ne d\u00e4r han har sina r\u00f6tter och sedan 2006 h\u00e4r i Norrk\u00f6ping. Han har\u00a0representerat\u00a0partiet i flera <a class=\"read-more-link\" href=\"https:\/\/wp.kristdemokraterna.se\/norrkoping\/tack-bengt\/\">Read More<\/a><\/p>\n","protected":false},"author":45,"featured_media":0,"comment_status":"closed","ping_status":"open","sticky":false,"template":"","format":"standard","meta":{"_acf_changed":false,"footnotes":""},"categories":[1],"tags":[],"class_list":["post-274","post","type-post","status-publish","format-standard","hentry","category-okategoriserade"],"acf":[],"yoast_head":"<!-- This site is optimized with the Yoast SEO plugin v27.5 - https:\/\/yoast.com\/product\/yoast-seo-wordpress\/ -->\n<title>Tack Bengt! - Norrk\u00f6ping<\/title>\n<meta name=\"robots\" content=\"index, follow, max-snippet:-1, max-image-preview:large, max-video-preview:-1\" \/>\n<link rel=\"canonical\" href=\"https:\/\/wp.kristdemokraterna.se\/norrkoping\/tack-bengt\/\" \/>\n<meta property=\"og:locale\" content=\"sv_SE\" \/>\n<meta property=\"og:type\" content=\"article\" \/>\n<meta property=\"og:title\" content=\"Tack Bengt! - Norrk\u00f6ping\" \/>\n<meta property=\"og:description\" content=\"V\u00e5r k\u00e4re v\u00e4n och medarbetare Bengt Ekstr\u00f6m avled sent p\u00e5 kv\u00e4llen den 10 januari. D\u00e5 hade han under en l\u00e4ngre tid k\u00e4mpat mot sin cancersjukdom. Han blev 52 \u00e5r. Bengt var engagerad i kristdemokraterna i m\u00e5nga \u00e5r. F\u00f6rst i Sk\u00e5ne d\u00e4r han har sina r\u00f6tter och sedan 2006 h\u00e4r i Norrk\u00f6ping. Han har\u00a0representerat\u00a0partiet i flera Read More\" \/>\n<meta property=\"og:url\" content=\"https:\/\/wp.kristdemokraterna.se\/norrkoping\/tack-bengt\/\" \/>\n<meta property=\"og:site_name\" content=\"Norrk\u00f6ping\" \/>\n<meta property=\"article:publisher\" content=\"https:\/\/www.facebook.com\/kdnorrkoping\/\" \/>\n<meta property=\"article:published_time\" content=\"2013-01-14T14:18:54+00:00\" \/>\n<meta property=\"article:modified_time\" content=\"2013-01-14T14:20:06+00:00\" \/>\n<meta property=\"og:image\" content=\"http:\/\/wp.kristdemokraterna.se\/norrkoping\/files\/2013\/01\/178.jpg\" \/>\n<meta name=\"author\" content=\"norrkoping\" \/>\n<meta name=\"twitter:card\" content=\"summary_large_image\" \/>\n<meta name=\"twitter:label1\" content=\"Skriven av\" \/>\n\t<meta name=\"twitter:data1\" content=\"norrkoping\" \/>\n\t<meta name=\"twitter:label2\" content=\"Ber\u00e4knad l\u00e4stid\" \/>\n\t<meta name=\"twitter:data2\" content=\"1 minut\" \/>\n<script type=\"application\/ld+json\" class=\"yoast-schema-graph\">{\"@context\":\"https:\\\/\\\/schema.org\",\"@graph\":[{\"@type\":\"Article\",\"@id\":\"https:\\\/\\\/wp.kristdemokraterna.se\\\/norrkoping\\\/tack-bengt\\\/#article\",\"isPartOf\":{\"@id\":\"https:\\\/\\\/wp.kristdemokraterna.se\\\/norrkoping\\\/tack-bengt\\\/\"},\"author\":{\"name\":\"norrkoping\",\"@id\":\"https:\\\/\\\/wp.kristdemokraterna.se\\\/norrkoping\\\/#\\\/schema\\\/person\\\/053ab61aecc405e6e1ac090a6184d5f1\"},\"headline\":\"Tack Bengt!\",\"datePublished\":\"2013-01-14T14:18:54+00:00\",\"dateModified\":\"2013-01-14T14:20:06+00:00\",\"mainEntityOfPage\":{\"@id\":\"https:\\\/\\\/wp.kristdemokraterna.se\\\/norrkoping\\\/tack-bengt\\\/\"},\"wordCount\":159,\"image\":{\"@id\":\"https:\\\/\\\/wp.kristdemokraterna.se\\\/norrkoping\\\/tack-bengt\\\/#primaryimage\"},\"thumbnailUrl\":\"http:\\\/\\\/wp.kristdemokraterna.se\\\/norrkoping\\\/files\\\/2013\\\/01\\\/178.jpg\",\"inLanguage\":\"sv-SE\"},{\"@type\":\"WebPage\",\"@id\":\"https:\\\/\\\/wp.kristdemokraterna.se\\\/norrkoping\\\/tack-bengt\\\/\",\"url\":\"https:\\\/\\\/wp.kristdemokraterna.se\\\/norrkoping\\\/tack-bengt\\\/\",\"name\":\"Tack Bengt! - Norrk\u00f6ping\",\"isPartOf\":{\"@id\":\"https:\\\/\\\/wp.kristdemokraterna.se\\\/norrkoping\\\/#website\"},\"primaryImageOfPage\":{\"@id\":\"https:\\\/\\\/wp.kristdemokraterna.se\\\/norrkoping\\\/tack-bengt\\\/#primaryimage\"},\"image\":{\"@id\":\"https:\\\/\\\/wp.kristdemokraterna.se\\\/norrkoping\\\/tack-bengt\\\/#primaryimage\"},\"thumbnailUrl\":\"http:\\\/\\\/wp.kristdemokraterna.se\\\/norrkoping\\\/files\\\/2013\\\/01\\\/178.jpg\",\"datePublished\":\"2013-01-14T14:18:54+00:00\",\"dateModified\":\"2013-01-14T14:20:06+00:00\",\"author\":{\"@id\":\"https:\\\/\\\/wp.kristdemokraterna.se\\\/norrkoping\\\/#\\\/schema\\\/person\\\/053ab61aecc405e6e1ac090a6184d5f1\"},\"breadcrumb\":{\"@id\":\"https:\\\/\\\/wp.kristdemokraterna.se\\\/norrkoping\\\/tack-bengt\\\/#breadcrumb\"},\"inLanguage\":\"sv-SE\",\"potentialAction\":[{\"@type\":\"ReadAction\",\"target\":[\"https:\\\/\\\/wp.kristdemokraterna.se\\\/norrkoping\\\/tack-bengt\\\/\"]}]},{\"@type\":\"ImageObject\",\"inLanguage\":\"sv-SE\",\"@id\":\"https:\\\/\\\/wp.kristdemokraterna.se\\\/norrkoping\\\/tack-bengt\\\/#primaryimage\",\"url\":\"https:\\\/\\\/wp.kristdemokraterna.se\\\/norrkoping\\\/files\\\/2013\\\/01\\\/178.jpg\",\"contentUrl\":\"https:\\\/\\\/wp.kristdemokraterna.se\\\/norrkoping\\\/files\\\/2013\\\/01\\\/178.jpg\",\"width\":3264,\"height\":2448},{\"@type\":\"BreadcrumbList\",\"@id\":\"https:\\\/\\\/wp.kristdemokraterna.se\\\/norrkoping\\\/tack-bengt\\\/#breadcrumb\",\"itemListElement\":[{\"@type\":\"ListItem\",\"position\":1,\"name\":\"Hem\",\"item\":\"https:\\\/\\\/wp.kristdemokraterna.se\\\/norrkoping\\\/\"},{\"@type\":\"ListItem\",\"position\":2,\"name\":\"Tack Bengt!\"}]},{\"@type\":\"WebSite\",\"@id\":\"https:\\\/\\\/wp.kristdemokraterna.se\\\/norrkoping\\\/#website\",\"url\":\"https:\\\/\\\/wp.kristdemokraterna.se\\\/norrkoping\\\/\",\"name\":\"Norrk\u00f6ping\",\"description\":\"Kristdemokraterna\",\"inLanguage\":\"sv-SE\"},{\"@type\":\"Person\",\"@id\":\"https:\\\/\\\/wp.kristdemokraterna.se\\\/norrkoping\\\/#\\\/schema\\\/person\\\/053ab61aecc405e6e1ac090a6184d5f1\",\"name\":\"norrkoping\",\"image\":{\"@type\":\"ImageObject\",\"inLanguage\":\"sv-SE\",\"@id\":\"https:\\\/\\\/secure.gravatar.com\\\/avatar\\\/5bae255455c24e201554da273cd27d3b84f92cd5111a46f0db8b2ff9e8240e64?s=96&d=mm&r=g\",\"url\":\"https:\\\/\\\/secure.gravatar.com\\\/avatar\\\/5bae255455c24e201554da273cd27d3b84f92cd5111a46f0db8b2ff9e8240e64?s=96&d=mm&r=g\",\"contentUrl\":\"https:\\\/\\\/secure.gravatar.com\\\/avatar\\\/5bae255455c24e201554da273cd27d3b84f92cd5111a46f0db8b2ff9e8240e64?s=96&d=mm&r=g\",\"caption\":\"norrkoping\"},\"description\":\"Kristdemokraterna i Norrk\u00f6ping vill skapa ett Norrk\u00f6ping d\u00e4r ingen h\u00e5lls tillbaka och ingen l\u00e4mnas efter!\",\"url\":\"https:\\\/\\\/wp.kristdemokraterna.se\\\/norrkoping\\\/author\\\/norrkoping\\\/\"}]}<\/script>\n<!-- \/ Yoast SEO plugin. -->","yoast_head_json":{"title":"Tack Bengt! - Norrk\u00f6ping","robots":{"index":"index","follow":"follow","max-snippet":"max-snippet:-1","max-image-preview":"max-image-preview:large","max-video-preview":"max-video-preview:-1"},"canonical":"https:\/\/wp.kristdemokraterna.se\/norrkoping\/tack-bengt\/","og_locale":"sv_SE","og_type":"article","og_title":"Tack Bengt! - Norrk\u00f6ping","og_description":"V\u00e5r k\u00e4re v\u00e4n och medarbetare Bengt Ekstr\u00f6m avled sent p\u00e5 kv\u00e4llen den 10 januari. D\u00e5 hade han under en l\u00e4ngre tid k\u00e4mpat mot sin cancersjukdom. Han blev 52 \u00e5r. Bengt var engagerad i kristdemokraterna i m\u00e5nga \u00e5r. F\u00f6rst i Sk\u00e5ne d\u00e4r han har sina r\u00f6tter och sedan 2006 h\u00e4r i Norrk\u00f6ping. Han har\u00a0representerat\u00a0partiet i flera Read More","og_url":"https:\/\/wp.kristdemokraterna.se\/norrkoping\/tack-bengt\/","og_site_name":"Norrk\u00f6ping","article_publisher":"https:\/\/www.facebook.com\/kdnorrkoping\/","article_published_time":"2013-01-14T14:18:54+00:00","article_modified_time":"2013-01-14T14:20:06+00:00","og_image":[{"url":"http:\/\/wp.kristdemokraterna.se\/norrkoping\/files\/2013\/01\/178.jpg","type":"","width":"","height":""}],"author":"norrkoping","twitter_card":"summary_large_image","twitter_misc":{"Skriven av":"norrkoping","Ber\u00e4knad l\u00e4stid":"1 minut"},"schema":{"@context":"https:\/\/schema.org","@graph":[{"@type":"Article","@id":"https:\/\/wp.kristdemokraterna.se\/norrkoping\/tack-bengt\/#article","isPartOf":{"@id":"https:\/\/wp.kristdemokraterna.se\/norrkoping\/tack-bengt\/"},"author":{"name":"norrkoping","@id":"https:\/\/wp.kristdemokraterna.se\/norrkoping\/#\/schema\/person\/053ab61aecc405e6e1ac090a6184d5f1"},"headline":"Tack Bengt!","datePublished":"2013-01-14T14:18:54+00:00","dateModified":"2013-01-14T14:20:06+00:00","mainEntityOfPage":{"@id":"https:\/\/wp.kristdemokraterna.se\/norrkoping\/tack-bengt\/"},"wordCount":159,"image":{"@id":"https:\/\/wp.kristdemokraterna.se\/norrkoping\/tack-bengt\/#primaryimage"},"thumbnailUrl":"http:\/\/wp.kristdemokraterna.se\/norrkoping\/files\/2013\/01\/178.jpg","inLanguage":"sv-SE"},{"@type":"WebPage","@id":"https:\/\/wp.kristdemokraterna.se\/norrkoping\/tack-bengt\/","url":"https:\/\/wp.kristdemokraterna.se\/norrkoping\/tack-bengt\/","name":"Tack Bengt! - Norrk\u00f6ping","isPartOf":{"@id":"https:\/\/wp.kristdemokraterna.se\/norrkoping\/#website"},"primaryImageOfPage":{"@id":"https:\/\/wp.kristdemokraterna.se\/norrkoping\/tack-bengt\/#primaryimage"},"image":{"@id":"https:\/\/wp.kristdemokraterna.se\/norrkoping\/tack-bengt\/#primaryimage"},"thumbnailUrl":"http:\/\/wp.kristdemokraterna.se\/norrkoping\/files\/2013\/01\/178.jpg","datePublished":"2013-01-14T14:18:54+00:00","dateModified":"2013-01-14T14:20:06+00:00","author":{"@id":"https:\/\/wp.kristdemokraterna.se\/norrkoping\/#\/schema\/person\/053ab61aecc405e6e1ac090a6184d5f1"},"breadcrumb":{"@id":"https:\/\/wp.kristdemokraterna.se\/norrkoping\/tack-bengt\/#breadcrumb"},"inLanguage":"sv-SE","potentialAction":[{"@type":"ReadAction","target":["https:\/\/wp.kristdemokraterna.se\/norrkoping\/tack-bengt\/"]}]},{"@type":"ImageObject","inLanguage":"sv-SE","@id":"https:\/\/wp.kristdemokraterna.se\/norrkoping\/tack-bengt\/#primaryimage","url":"https:\/\/wp.kristdemokraterna.se\/norrkoping\/files\/2013\/01\/178.jpg","contentUrl":"https:\/\/wp.kristdemokraterna.se\/norrkoping\/files\/2013\/01\/178.jpg","width":3264,"height":2448},{"@type":"BreadcrumbList","@id":"https:\/\/wp.kristdemokraterna.se\/norrkoping\/tack-bengt\/#breadcrumb","itemListElement":[{"@type":"ListItem","position":1,"name":"Hem","item":"https:\/\/wp.kristdemokraterna.se\/norrkoping\/"},{"@type":"ListItem","position":2,"name":"Tack Bengt!"}]},{"@type":"WebSite","@id":"https:\/\/wp.kristdemokraterna.se\/norrkoping\/#website","url":"https:\/\/wp.kristdemokraterna.se\/norrkoping\/","name":"Norrk\u00f6ping","description":"Kristdemokraterna","inLanguage":"sv-SE"},{"@type":"Person","@id":"https:\/\/wp.kristdemokraterna.se\/norrkoping\/#\/schema\/person\/053ab61aecc405e6e1ac090a6184d5f1","name":"norrkoping","image":{"@type":"ImageObject","inLanguage":"sv-SE","@id":"https:\/\/secure.gravatar.com\/avatar\/5bae255455c24e201554da273cd27d3b84f92cd5111a46f0db8b2ff9e8240e64?s=96&d=mm&r=g","url":"https:\/\/secure.gravatar.com\/avatar\/5bae255455c24e201554da273cd27d3b84f92cd5111a46f0db8b2ff9e8240e64?s=96&d=mm&r=g","contentUrl":"https:\/\/secure.gravatar.com\/avatar\/5bae255455c24e201554da273cd27d3b84f92cd5111a46f0db8b2ff9e8240e64?s=96&d=mm&r=g","caption":"norrkoping"},"description":"Kristdemokraterna i Norrk\u00f6ping vill skapa ett Norrk\u00f6ping d\u00e4r ingen h\u00e5lls tillbaka och ingen l\u00e4mnas efter!","url":"https:\/\/wp.kristdemokraterna.se\/norrkoping\/author\/norrkoping\/"}]}},"_links":{"self":[{"href":"https:\/\/wp.kristdemokraterna.se\/norrkoping\/wp-json\/wp\/v2\/posts\/274","targetHints":{"allow":["GET"]}}],"collection":[{"href":"https:\/\/wp.kristdemokraterna.se\/norrkoping\/wp-json\/wp\/v2\/posts"}],"about":[{"href":"https:\/\/wp.kristdemokraterna.se\/norrkoping\/wp-json\/wp\/v2\/types\/post"}],"author":[{"embeddable":true,"href":"https:\/\/wp.kristdemokraterna.se\/norrkoping\/wp-json\/wp\/v2\/users\/45"}],"replies":[{"embeddable":true,"href":"https:\/\/wp.kristdemokraterna.se\/norrkoping\/wp-json\/wp\/v2\/comments?post=274"}],"version-history":[{"count":7,"href":"https:\/\/wp.kristdemokraterna.se\/norrkoping\/wp-json\/wp\/v2\/posts\/274\/revisions"}],"predecessor-version":[{"id":283,"href":"https:\/\/wp.kristdemokraterna.se\/norrkoping\/wp-json\/wp\/v2\/posts\/274\/revisions\/283"}],"wp:attachment":[{"href":"https:\/\/wp.kristdemokraterna.se\/norrkoping\/wp-json\/wp\/v2\/media?parent=274"}],"wp:term":[{"taxonomy":"category","embeddable":true,"href":"https:\/\/wp.kristdemokraterna.se\/norrkoping\/wp-json\/wp\/v2\/categories?post=274"},{"taxonomy":"post_tag","embeddable":true,"href":"https:\/\/wp.kristdemokraterna.se\/norrkoping\/wp-json\/wp\/v2\/tags?post=274"}],"curies":[{"name":"wp","href":"https:\/\/api.w.org\/{rel}","templated":true}]}}