{"id":530,"date":"2013-06-27T11:42:11","date_gmt":"2013-06-27T09:42:11","guid":{"rendered":"http:\/\/wp.kristdemokraterna.se\/norrkoping\/?p=530"},"modified":"2013-06-25T11:45:37","modified_gmt":"2013-06-25T09:45:37","slug":"snart-dags-for-almedalen","status":"publish","type":"post","link":"https:\/\/wp.kristdemokraterna.se\/norrkoping\/snart-dags-for-almedalen\/","title":{"rendered":"Snart dags f\u00f6r Almedalen"},"content":{"rendered":"<p style=\"text-align: center\"><strong>Nu \u00e4r det snart dags f\u00f6r Almedalsveckan igen.<\/strong><br \/>\n<strong>P\u00e5 s\u00f6ndag den 30:e juni drar det hela ig\u00e5ng med Kristdemokraterna i t\u00e4ten.<\/strong><br \/>\n<a href=\"http:\/\/wp.kristdemokraterna.se\/norrkoping\/files\/2013\/06\/Goran_Hagglund_026_b.jpg\"><img loading=\"lazy\" decoding=\"async\" class=\"alignleft size-medium wp-image-531\" alt=\"Goran_Hagglund_026_b\" src=\"http:\/\/wp.kristdemokraterna.se\/norrkoping\/files\/2013\/06\/Goran_Hagglund_026_b-200x300.jpg\" width=\"200\" height=\"300\" srcset=\"https:\/\/wp.kristdemokraterna.se\/norrkoping\/files\/2013\/06\/Goran_Hagglund_026_b-200x300.jpg 200w, https:\/\/wp.kristdemokraterna.se\/norrkoping\/files\/2013\/06\/Goran_Hagglund_026_b-682x1024.jpg 682w, https:\/\/wp.kristdemokraterna.se\/norrkoping\/files\/2013\/06\/Goran_Hagglund_026_b-230x346.jpg 230w, https:\/\/wp.kristdemokraterna.se\/norrkoping\/files\/2013\/06\/Goran_Hagglund_026_b-74x112.jpg 74w\" sizes=\"auto, (max-width: 200px) 100vw, 200px\" \/><\/a><\/p>\n<p style=\"text-align: left\">Kl.19-20 p\u00e5 s\u00f6ndagskv\u00e4llen\u00a0h\u00e5ller socialministern G\u00f6ran H\u00e4gglund partiledartal i Almedalsparken. Det hela kommer att direkts\u00e4ndas p\u00e5 svtplay.se och via Sveriges radio.<\/p>\n<p>&nbsp;<\/p>\n<p>Tips \u00e4r att kolla in <a href=\"http:\/\/www.almedalsveckan.info\/\">hemsidan f\u00f6r Almedalsveckan<\/a>\u00a0d\u00e4r finns all info kring allt som h\u00e4nder och sker under veckan.<\/p>\n<p>&nbsp;<\/p>\n<p>&nbsp;<\/p>\n<p>&nbsp;<\/p>\n<p>S\u00e5 h\u00e4r ser det \u00f6vergripande partischemat ut:<\/p>\n<p><em>S\u00f6ndag 30 juni<\/em><br \/>\n<strong>Kristdemokraterna<\/strong><br \/>\n<em>M\u00e5ndag 1 juli<\/em><br \/>\n<strong>Sverigedemokraterna<\/strong><br \/>\n<em>Tisdag 2 juli<\/em><br \/>\n<strong>Milj\u00f6partiet<\/strong><br \/>\n<em>Onsdag 3 juli<\/em><br \/>\n<strong>Moderaterna<\/strong><br \/>\n<em>Torsdag 4 juli<\/em><br \/>\n<strong>V\u00e4nsterpartiet<\/strong><br \/>\n<em>Fredag 5 juli<\/em><br \/>\n<strong>Folkpartiet<\/strong><br \/>\n<em>L\u00f6rdag 6 juli<\/em><br \/>\n<strong>Centerpartiet<\/strong><br \/>\n<em>S\u00f6ndag 7 juli<\/em><br \/>\n<strong>Socialdemokraterna<\/strong><\/p>\n","protected":false},"excerpt":{"rendered":"<p>Nu \u00e4r det snart dags f\u00f6r Almedalsveckan igen. P\u00e5 s\u00f6ndag den 30:e juni drar det hela ig\u00e5ng med Kristdemokraterna i t\u00e4ten. Kl.19-20 p\u00e5 s\u00f6ndagskv\u00e4llen\u00a0h\u00e5ller socialministern G\u00f6ran H\u00e4gglund partiledartal i Almedalsparken. Det hela kommer att direkts\u00e4ndas p\u00e5 svtplay.se och via Sveriges radio. &nbsp; Tips \u00e4r att kolla in hemsidan f\u00f6r Almedalsveckan\u00a0d\u00e4r finns all info kring allt <a class=\"read-more-link\" href=\"https:\/\/wp.kristdemokraterna.se\/norrkoping\/snart-dags-for-almedalen\/\">Read More<\/a><\/p>\n","protected":false},"author":45,"featured_media":0,"comment_status":"closed","ping_status":"open","sticky":false,"template":"","format":"standard","meta":{"_acf_changed":false,"footnotes":""},"categories":[1],"tags":[],"class_list":["post-530","post","type-post","status-publish","format-standard","hentry","category-okategoriserade"],"acf":[],"yoast_head":"<!-- This site is optimized with the Yoast SEO plugin v27.5 - https:\/\/yoast.com\/product\/yoast-seo-wordpress\/ -->\n<title>Snart dags f\u00f6r Almedalen - Norrk\u00f6ping<\/title>\n<meta name=\"robots\" content=\"index, follow, max-snippet:-1, max-image-preview:large, max-video-preview:-1\" \/>\n<link rel=\"canonical\" href=\"https:\/\/wp.kristdemokraterna.se\/norrkoping\/snart-dags-for-almedalen\/\" \/>\n<meta property=\"og:locale\" content=\"sv_SE\" \/>\n<meta property=\"og:type\" content=\"article\" \/>\n<meta property=\"og:title\" content=\"Snart dags f\u00f6r Almedalen - Norrk\u00f6ping\" \/>\n<meta property=\"og:description\" content=\"Nu \u00e4r det snart dags f\u00f6r Almedalsveckan igen. P\u00e5 s\u00f6ndag den 30:e juni drar det hela ig\u00e5ng med Kristdemokraterna i t\u00e4ten. Kl.19-20 p\u00e5 s\u00f6ndagskv\u00e4llen\u00a0h\u00e5ller socialministern G\u00f6ran H\u00e4gglund partiledartal i Almedalsparken. Det hela kommer att direkts\u00e4ndas p\u00e5 svtplay.se och via Sveriges radio. &nbsp; Tips \u00e4r att kolla in hemsidan f\u00f6r Almedalsveckan\u00a0d\u00e4r finns all info kring allt Read More\" \/>\n<meta property=\"og:url\" content=\"https:\/\/wp.kristdemokraterna.se\/norrkoping\/snart-dags-for-almedalen\/\" \/>\n<meta property=\"og:site_name\" content=\"Norrk\u00f6ping\" \/>\n<meta property=\"article:publisher\" content=\"https:\/\/www.facebook.com\/kdnorrkoping\/\" \/>\n<meta property=\"article:published_time\" content=\"2013-06-27T09:42:11+00:00\" \/>\n<meta property=\"og:image\" content=\"http:\/\/wp.kristdemokraterna.se\/norrkoping\/files\/2013\/06\/Goran_Hagglund_026_b-200x300.jpg\" \/>\n<meta name=\"author\" content=\"norrkoping\" \/>\n<meta name=\"twitter:card\" content=\"summary_large_image\" \/>\n<meta name=\"twitter:label1\" content=\"Skriven av\" \/>\n\t<meta name=\"twitter:data1\" content=\"norrkoping\" \/>\n\t<meta name=\"twitter:label2\" content=\"Ber\u00e4knad l\u00e4stid\" \/>\n\t<meta name=\"twitter:data2\" content=\"1 minut\" \/>\n<script type=\"application\/ld+json\" class=\"yoast-schema-graph\">{\"@context\":\"https:\\\/\\\/schema.org\",\"@graph\":[{\"@type\":\"Article\",\"@id\":\"https:\\\/\\\/wp.kristdemokraterna.se\\\/norrkoping\\\/snart-dags-for-almedalen\\\/#article\",\"isPartOf\":{\"@id\":\"https:\\\/\\\/wp.kristdemokraterna.se\\\/norrkoping\\\/snart-dags-for-almedalen\\\/\"},\"author\":{\"name\":\"norrkoping\",\"@id\":\"https:\\\/\\\/wp.kristdemokraterna.se\\\/norrkoping\\\/#\\\/schema\\\/person\\\/053ab61aecc405e6e1ac090a6184d5f1\"},\"headline\":\"Snart dags f\u00f6r Almedalen\",\"datePublished\":\"2013-06-27T09:42:11+00:00\",\"mainEntityOfPage\":{\"@id\":\"https:\\\/\\\/wp.kristdemokraterna.se\\\/norrkoping\\\/snart-dags-for-almedalen\\\/\"},\"wordCount\":124,\"image\":{\"@id\":\"https:\\\/\\\/wp.kristdemokraterna.se\\\/norrkoping\\\/snart-dags-for-almedalen\\\/#primaryimage\"},\"thumbnailUrl\":\"http:\\\/\\\/wp.kristdemokraterna.se\\\/norrkoping\\\/files\\\/2013\\\/06\\\/Goran_Hagglund_026_b-200x300.jpg\",\"inLanguage\":\"sv-SE\"},{\"@type\":\"WebPage\",\"@id\":\"https:\\\/\\\/wp.kristdemokraterna.se\\\/norrkoping\\\/snart-dags-for-almedalen\\\/\",\"url\":\"https:\\\/\\\/wp.kristdemokraterna.se\\\/norrkoping\\\/snart-dags-for-almedalen\\\/\",\"name\":\"Snart dags f\u00f6r Almedalen - Norrk\u00f6ping\",\"isPartOf\":{\"@id\":\"https:\\\/\\\/wp.kristdemokraterna.se\\\/norrkoping\\\/#website\"},\"primaryImageOfPage\":{\"@id\":\"https:\\\/\\\/wp.kristdemokraterna.se\\\/norrkoping\\\/snart-dags-for-almedalen\\\/#primaryimage\"},\"image\":{\"@id\":\"https:\\\/\\\/wp.kristdemokraterna.se\\\/norrkoping\\\/snart-dags-for-almedalen\\\/#primaryimage\"},\"thumbnailUrl\":\"http:\\\/\\\/wp.kristdemokraterna.se\\\/norrkoping\\\/files\\\/2013\\\/06\\\/Goran_Hagglund_026_b-200x300.jpg\",\"datePublished\":\"2013-06-27T09:42:11+00:00\",\"author\":{\"@id\":\"https:\\\/\\\/wp.kristdemokraterna.se\\\/norrkoping\\\/#\\\/schema\\\/person\\\/053ab61aecc405e6e1ac090a6184d5f1\"},\"breadcrumb\":{\"@id\":\"https:\\\/\\\/wp.kristdemokraterna.se\\\/norrkoping\\\/snart-dags-for-almedalen\\\/#breadcrumb\"},\"inLanguage\":\"sv-SE\",\"potentialAction\":[{\"@type\":\"ReadAction\",\"target\":[\"https:\\\/\\\/wp.kristdemokraterna.se\\\/norrkoping\\\/snart-dags-for-almedalen\\\/\"]}]},{\"@type\":\"ImageObject\",\"inLanguage\":\"sv-SE\",\"@id\":\"https:\\\/\\\/wp.kristdemokraterna.se\\\/norrkoping\\\/snart-dags-for-almedalen\\\/#primaryimage\",\"url\":\"https:\\\/\\\/wp.kristdemokraterna.se\\\/norrkoping\\\/files\\\/2013\\\/06\\\/Goran_Hagglund_026_b.jpg\",\"contentUrl\":\"https:\\\/\\\/wp.kristdemokraterna.se\\\/norrkoping\\\/files\\\/2013\\\/06\\\/Goran_Hagglund_026_b.jpg\",\"width\":2362,\"height\":3543},{\"@type\":\"BreadcrumbList\",\"@id\":\"https:\\\/\\\/wp.kristdemokraterna.se\\\/norrkoping\\\/snart-dags-for-almedalen\\\/#breadcrumb\",\"itemListElement\":[{\"@type\":\"ListItem\",\"position\":1,\"name\":\"Hem\",\"item\":\"https:\\\/\\\/wp.kristdemokraterna.se\\\/norrkoping\\\/\"},{\"@type\":\"ListItem\",\"position\":2,\"name\":\"Snart dags f\u00f6r Almedalen\"}]},{\"@type\":\"WebSite\",\"@id\":\"https:\\\/\\\/wp.kristdemokraterna.se\\\/norrkoping\\\/#website\",\"url\":\"https:\\\/\\\/wp.kristdemokraterna.se\\\/norrkoping\\\/\",\"name\":\"Norrk\u00f6ping\",\"description\":\"Kristdemokraterna\",\"inLanguage\":\"sv-SE\"},{\"@type\":\"Person\",\"@id\":\"https:\\\/\\\/wp.kristdemokraterna.se\\\/norrkoping\\\/#\\\/schema\\\/person\\\/053ab61aecc405e6e1ac090a6184d5f1\",\"name\":\"norrkoping\",\"image\":{\"@type\":\"ImageObject\",\"inLanguage\":\"sv-SE\",\"@id\":\"https:\\\/\\\/secure.gravatar.com\\\/avatar\\\/5bae255455c24e201554da273cd27d3b84f92cd5111a46f0db8b2ff9e8240e64?s=96&d=mm&r=g\",\"url\":\"https:\\\/\\\/secure.gravatar.com\\\/avatar\\\/5bae255455c24e201554da273cd27d3b84f92cd5111a46f0db8b2ff9e8240e64?s=96&d=mm&r=g\",\"contentUrl\":\"https:\\\/\\\/secure.gravatar.com\\\/avatar\\\/5bae255455c24e201554da273cd27d3b84f92cd5111a46f0db8b2ff9e8240e64?s=96&d=mm&r=g\",\"caption\":\"norrkoping\"},\"description\":\"Kristdemokraterna i Norrk\u00f6ping vill skapa ett Norrk\u00f6ping d\u00e4r ingen h\u00e5lls tillbaka och ingen l\u00e4mnas efter!\",\"url\":\"https:\\\/\\\/wp.kristdemokraterna.se\\\/norrkoping\\\/author\\\/norrkoping\\\/\"}]}<\/script>\n<!-- \/ Yoast SEO plugin. -->","yoast_head_json":{"title":"Snart dags f\u00f6r Almedalen - Norrk\u00f6ping","robots":{"index":"index","follow":"follow","max-snippet":"max-snippet:-1","max-image-preview":"max-image-preview:large","max-video-preview":"max-video-preview:-1"},"canonical":"https:\/\/wp.kristdemokraterna.se\/norrkoping\/snart-dags-for-almedalen\/","og_locale":"sv_SE","og_type":"article","og_title":"Snart dags f\u00f6r Almedalen - Norrk\u00f6ping","og_description":"Nu \u00e4r det snart dags f\u00f6r Almedalsveckan igen. P\u00e5 s\u00f6ndag den 30:e juni drar det hela ig\u00e5ng med Kristdemokraterna i t\u00e4ten. Kl.19-20 p\u00e5 s\u00f6ndagskv\u00e4llen\u00a0h\u00e5ller socialministern G\u00f6ran H\u00e4gglund partiledartal i Almedalsparken. Det hela kommer att direkts\u00e4ndas p\u00e5 svtplay.se och via Sveriges radio. &nbsp; Tips \u00e4r att kolla in hemsidan f\u00f6r Almedalsveckan\u00a0d\u00e4r finns all info kring allt Read More","og_url":"https:\/\/wp.kristdemokraterna.se\/norrkoping\/snart-dags-for-almedalen\/","og_site_name":"Norrk\u00f6ping","article_publisher":"https:\/\/www.facebook.com\/kdnorrkoping\/","article_published_time":"2013-06-27T09:42:11+00:00","og_image":[{"url":"http:\/\/wp.kristdemokraterna.se\/norrkoping\/files\/2013\/06\/Goran_Hagglund_026_b-200x300.jpg","type":"","width":"","height":""}],"author":"norrkoping","twitter_card":"summary_large_image","twitter_misc":{"Skriven av":"norrkoping","Ber\u00e4knad l\u00e4stid":"1 minut"},"schema":{"@context":"https:\/\/schema.org","@graph":[{"@type":"Article","@id":"https:\/\/wp.kristdemokraterna.se\/norrkoping\/snart-dags-for-almedalen\/#article","isPartOf":{"@id":"https:\/\/wp.kristdemokraterna.se\/norrkoping\/snart-dags-for-almedalen\/"},"author":{"name":"norrkoping","@id":"https:\/\/wp.kristdemokraterna.se\/norrkoping\/#\/schema\/person\/053ab61aecc405e6e1ac090a6184d5f1"},"headline":"Snart dags f\u00f6r Almedalen","datePublished":"2013-06-27T09:42:11+00:00","mainEntityOfPage":{"@id":"https:\/\/wp.kristdemokraterna.se\/norrkoping\/snart-dags-for-almedalen\/"},"wordCount":124,"image":{"@id":"https:\/\/wp.kristdemokraterna.se\/norrkoping\/snart-dags-for-almedalen\/#primaryimage"},"thumbnailUrl":"http:\/\/wp.kristdemokraterna.se\/norrkoping\/files\/2013\/06\/Goran_Hagglund_026_b-200x300.jpg","inLanguage":"sv-SE"},{"@type":"WebPage","@id":"https:\/\/wp.kristdemokraterna.se\/norrkoping\/snart-dags-for-almedalen\/","url":"https:\/\/wp.kristdemokraterna.se\/norrkoping\/snart-dags-for-almedalen\/","name":"Snart dags f\u00f6r Almedalen - Norrk\u00f6ping","isPartOf":{"@id":"https:\/\/wp.kristdemokraterna.se\/norrkoping\/#website"},"primaryImageOfPage":{"@id":"https:\/\/wp.kristdemokraterna.se\/norrkoping\/snart-dags-for-almedalen\/#primaryimage"},"image":{"@id":"https:\/\/wp.kristdemokraterna.se\/norrkoping\/snart-dags-for-almedalen\/#primaryimage"},"thumbnailUrl":"http:\/\/wp.kristdemokraterna.se\/norrkoping\/files\/2013\/06\/Goran_Hagglund_026_b-200x300.jpg","datePublished":"2013-06-27T09:42:11+00:00","author":{"@id":"https:\/\/wp.kristdemokraterna.se\/norrkoping\/#\/schema\/person\/053ab61aecc405e6e1ac090a6184d5f1"},"breadcrumb":{"@id":"https:\/\/wp.kristdemokraterna.se\/norrkoping\/snart-dags-for-almedalen\/#breadcrumb"},"inLanguage":"sv-SE","potentialAction":[{"@type":"ReadAction","target":["https:\/\/wp.kristdemokraterna.se\/norrkoping\/snart-dags-for-almedalen\/"]}]},{"@type":"ImageObject","inLanguage":"sv-SE","@id":"https:\/\/wp.kristdemokraterna.se\/norrkoping\/snart-dags-for-almedalen\/#primaryimage","url":"https:\/\/wp.kristdemokraterna.se\/norrkoping\/files\/2013\/06\/Goran_Hagglund_026_b.jpg","contentUrl":"https:\/\/wp.kristdemokraterna.se\/norrkoping\/files\/2013\/06\/Goran_Hagglund_026_b.jpg","width":2362,"height":3543},{"@type":"BreadcrumbList","@id":"https:\/\/wp.kristdemokraterna.se\/norrkoping\/snart-dags-for-almedalen\/#breadcrumb","itemListElement":[{"@type":"ListItem","position":1,"name":"Hem","item":"https:\/\/wp.kristdemokraterna.se\/norrkoping\/"},{"@type":"ListItem","position":2,"name":"Snart dags f\u00f6r Almedalen"}]},{"@type":"WebSite","@id":"https:\/\/wp.kristdemokraterna.se\/norrkoping\/#website","url":"https:\/\/wp.kristdemokraterna.se\/norrkoping\/","name":"Norrk\u00f6ping","description":"Kristdemokraterna","inLanguage":"sv-SE"},{"@type":"Person","@id":"https:\/\/wp.kristdemokraterna.se\/norrkoping\/#\/schema\/person\/053ab61aecc405e6e1ac090a6184d5f1","name":"norrkoping","image":{"@type":"ImageObject","inLanguage":"sv-SE","@id":"https:\/\/secure.gravatar.com\/avatar\/5bae255455c24e201554da273cd27d3b84f92cd5111a46f0db8b2ff9e8240e64?s=96&d=mm&r=g","url":"https:\/\/secure.gravatar.com\/avatar\/5bae255455c24e201554da273cd27d3b84f92cd5111a46f0db8b2ff9e8240e64?s=96&d=mm&r=g","contentUrl":"https:\/\/secure.gravatar.com\/avatar\/5bae255455c24e201554da273cd27d3b84f92cd5111a46f0db8b2ff9e8240e64?s=96&d=mm&r=g","caption":"norrkoping"},"description":"Kristdemokraterna i Norrk\u00f6ping vill skapa ett Norrk\u00f6ping d\u00e4r ingen h\u00e5lls tillbaka och ingen l\u00e4mnas efter!","url":"https:\/\/wp.kristdemokraterna.se\/norrkoping\/author\/norrkoping\/"}]}},"_links":{"self":[{"href":"https:\/\/wp.kristdemokraterna.se\/norrkoping\/wp-json\/wp\/v2\/posts\/530","targetHints":{"allow":["GET"]}}],"collection":[{"href":"https:\/\/wp.kristdemokraterna.se\/norrkoping\/wp-json\/wp\/v2\/posts"}],"about":[{"href":"https:\/\/wp.kristdemokraterna.se\/norrkoping\/wp-json\/wp\/v2\/types\/post"}],"author":[{"embeddable":true,"href":"https:\/\/wp.kristdemokraterna.se\/norrkoping\/wp-json\/wp\/v2\/users\/45"}],"replies":[{"embeddable":true,"href":"https:\/\/wp.kristdemokraterna.se\/norrkoping\/wp-json\/wp\/v2\/comments?post=530"}],"version-history":[{"count":7,"href":"https:\/\/wp.kristdemokraterna.se\/norrkoping\/wp-json\/wp\/v2\/posts\/530\/revisions"}],"predecessor-version":[{"id":538,"href":"https:\/\/wp.kristdemokraterna.se\/norrkoping\/wp-json\/wp\/v2\/posts\/530\/revisions\/538"}],"wp:attachment":[{"href":"https:\/\/wp.kristdemokraterna.se\/norrkoping\/wp-json\/wp\/v2\/media?parent=530"}],"wp:term":[{"taxonomy":"category","embeddable":true,"href":"https:\/\/wp.kristdemokraterna.se\/norrkoping\/wp-json\/wp\/v2\/categories?post=530"},{"taxonomy":"post_tag","embeddable":true,"href":"https:\/\/wp.kristdemokraterna.se\/norrkoping\/wp-json\/wp\/v2\/tags?post=530"}],"curies":[{"name":"wp","href":"https:\/\/api.w.org\/{rel}","templated":true}]}}