{"id":76,"date":"2012-10-02T09:42:23","date_gmt":"2012-10-02T07:42:23","guid":{"rendered":"http:\/\/wp.kristdemokraterna.se\/norrkoping\/?p=76"},"modified":"2012-11-01T11:55:00","modified_gmt":"2012-11-01T10:55:00","slug":"ideologidag-lordagen-13-okt","status":"publish","type":"post","link":"https:\/\/wp.kristdemokraterna.se\/norrkoping\/ideologidag-lordagen-13-okt\/","title":{"rendered":"\u00c4ldres kompetens &#8211; till vad?"},"content":{"rendered":"<p><a href=\"http:\/\/wp.kristdemokraterna.se\/norrkoping\/files\/2012\/10\/BildStartsida.jpg\"><img loading=\"lazy\" decoding=\"async\" class=\"size-medium wp-image-110 alignleft\" src=\"http:\/\/wp.kristdemokraterna.se\/norrkoping\/files\/2012\/10\/BildStartsida-300x199.jpg\" alt=\"\" width=\"300\" height=\"199\" srcset=\"https:\/\/wp.kristdemokraterna.se\/norrkoping\/files\/2012\/10\/BildStartsida-300x199.jpg 300w, https:\/\/wp.kristdemokraterna.se\/norrkoping\/files\/2012\/10\/BildStartsida-168x112.jpg 168w, https:\/\/wp.kristdemokraterna.se\/norrkoping\/files\/2012\/10\/BildStartsida.jpg 400w\" sizes=\"auto, (max-width: 300px) 100vw, 300px\" \/><\/a><\/p>\n<p>L\u00f6rdagen den 13 oktober \u00e4r det dag f\u00f6r en\u00a0gemensam\u00a0ideologidag som distriktet arrangerar.<br \/>\nVi samlas i Landstingshuset i Link\u00f6ping kl 10.00-14.00<\/p>\n<p>Temat \u00e4r &#8221;\u00c4ldres kompetens &#8211; till vad?&#8221;<\/p>\n<p>F\u00f6r n\u00e4rmare information klicka p\u00e5 l\u00e4nken<\/p>\n<p><a href=\"http:\/\/wp.kristdemokraterna.se\/norrkoping\/files\/2012\/10\/Ideologidag2012_\u00c4ldresKompetens1.pdf\">Ideologidag2012_\u00c4ldresKompetens<\/a><\/p>\n<p>&nbsp;<\/p>\n","protected":false},"excerpt":{"rendered":"<p>L\u00f6rdagen den 13 oktober \u00e4r det dag f\u00f6r en\u00a0gemensam\u00a0ideologidag som distriktet arrangerar. Vi samlas i Landstingshuset i Link\u00f6ping kl 10.00-14.00 Temat \u00e4r &#8221;\u00c4ldres kompetens &#8211; till vad?&#8221; F\u00f6r n\u00e4rmare information klicka p\u00e5 l\u00e4nken Ideologidag2012_\u00c4ldresKompetens &nbsp;<\/p>\n","protected":false},"author":45,"featured_media":0,"comment_status":"closed","ping_status":"open","sticky":false,"template":"","format":"standard","meta":{"_acf_changed":false,"footnotes":""},"categories":[1],"tags":[],"class_list":["post-76","post","type-post","status-publish","format-standard","hentry","category-okategoriserade"],"acf":[],"yoast_head":"<!-- This site is optimized with the Yoast SEO plugin v27.5 - https:\/\/yoast.com\/product\/yoast-seo-wordpress\/ -->\n<title>\u00c4ldres kompetens - till vad? - Norrk\u00f6ping<\/title>\n<meta name=\"robots\" content=\"index, follow, max-snippet:-1, max-image-preview:large, max-video-preview:-1\" \/>\n<link rel=\"canonical\" href=\"https:\/\/wp.kristdemokraterna.se\/norrkoping\/ideologidag-lordagen-13-okt\/\" \/>\n<meta property=\"og:locale\" content=\"sv_SE\" \/>\n<meta property=\"og:type\" content=\"article\" \/>\n<meta property=\"og:title\" content=\"\u00c4ldres kompetens - till vad? - Norrk\u00f6ping\" \/>\n<meta property=\"og:description\" content=\"L\u00f6rdagen den 13 oktober \u00e4r det dag f\u00f6r en\u00a0gemensam\u00a0ideologidag som distriktet arrangerar. Vi samlas i Landstingshuset i Link\u00f6ping kl 10.00-14.00 Temat \u00e4r &#8221;\u00c4ldres kompetens &#8211; till vad?&#8221; F\u00f6r n\u00e4rmare information klicka p\u00e5 l\u00e4nken Ideologidag2012_\u00c4ldresKompetens &nbsp;\" \/>\n<meta property=\"og:url\" content=\"https:\/\/wp.kristdemokraterna.se\/norrkoping\/ideologidag-lordagen-13-okt\/\" \/>\n<meta property=\"og:site_name\" content=\"Norrk\u00f6ping\" \/>\n<meta property=\"article:publisher\" content=\"https:\/\/www.facebook.com\/kdnorrkoping\/\" \/>\n<meta property=\"article:published_time\" content=\"2012-10-02T07:42:23+00:00\" \/>\n<meta property=\"article:modified_time\" content=\"2012-11-01T10:55:00+00:00\" \/>\n<meta property=\"og:image\" content=\"http:\/\/wp.kristdemokraterna.se\/norrkoping\/files\/2012\/10\/BildStartsida-300x199.jpg\" \/>\n<meta name=\"author\" content=\"norrkoping\" \/>\n<meta name=\"twitter:card\" content=\"summary_large_image\" \/>\n<meta name=\"twitter:label1\" content=\"Skriven av\" \/>\n\t<meta name=\"twitter:data1\" content=\"norrkoping\" \/>\n<script type=\"application\/ld+json\" class=\"yoast-schema-graph\">{\"@context\":\"https:\\\/\\\/schema.org\",\"@graph\":[{\"@type\":\"Article\",\"@id\":\"https:\\\/\\\/wp.kristdemokraterna.se\\\/norrkoping\\\/ideologidag-lordagen-13-okt\\\/#article\",\"isPartOf\":{\"@id\":\"https:\\\/\\\/wp.kristdemokraterna.se\\\/norrkoping\\\/ideologidag-lordagen-13-okt\\\/\"},\"author\":{\"name\":\"norrkoping\",\"@id\":\"https:\\\/\\\/wp.kristdemokraterna.se\\\/norrkoping\\\/#\\\/schema\\\/person\\\/053ab61aecc405e6e1ac090a6184d5f1\"},\"headline\":\"\u00c4ldres kompetens &#8211; till vad?\",\"datePublished\":\"2012-10-02T07:42:23+00:00\",\"dateModified\":\"2012-11-01T10:55:00+00:00\",\"mainEntityOfPage\":{\"@id\":\"https:\\\/\\\/wp.kristdemokraterna.se\\\/norrkoping\\\/ideologidag-lordagen-13-okt\\\/\"},\"wordCount\":48,\"image\":{\"@id\":\"https:\\\/\\\/wp.kristdemokraterna.se\\\/norrkoping\\\/ideologidag-lordagen-13-okt\\\/#primaryimage\"},\"thumbnailUrl\":\"http:\\\/\\\/wp.kristdemokraterna.se\\\/norrkoping\\\/files\\\/2012\\\/10\\\/BildStartsida-300x199.jpg\",\"inLanguage\":\"sv-SE\"},{\"@type\":\"WebPage\",\"@id\":\"https:\\\/\\\/wp.kristdemokraterna.se\\\/norrkoping\\\/ideologidag-lordagen-13-okt\\\/\",\"url\":\"https:\\\/\\\/wp.kristdemokraterna.se\\\/norrkoping\\\/ideologidag-lordagen-13-okt\\\/\",\"name\":\"\u00c4ldres kompetens - till vad? - Norrk\u00f6ping\",\"isPartOf\":{\"@id\":\"https:\\\/\\\/wp.kristdemokraterna.se\\\/norrkoping\\\/#website\"},\"primaryImageOfPage\":{\"@id\":\"https:\\\/\\\/wp.kristdemokraterna.se\\\/norrkoping\\\/ideologidag-lordagen-13-okt\\\/#primaryimage\"},\"image\":{\"@id\":\"https:\\\/\\\/wp.kristdemokraterna.se\\\/norrkoping\\\/ideologidag-lordagen-13-okt\\\/#primaryimage\"},\"thumbnailUrl\":\"http:\\\/\\\/wp.kristdemokraterna.se\\\/norrkoping\\\/files\\\/2012\\\/10\\\/BildStartsida-300x199.jpg\",\"datePublished\":\"2012-10-02T07:42:23+00:00\",\"dateModified\":\"2012-11-01T10:55:00+00:00\",\"author\":{\"@id\":\"https:\\\/\\\/wp.kristdemokraterna.se\\\/norrkoping\\\/#\\\/schema\\\/person\\\/053ab61aecc405e6e1ac090a6184d5f1\"},\"breadcrumb\":{\"@id\":\"https:\\\/\\\/wp.kristdemokraterna.se\\\/norrkoping\\\/ideologidag-lordagen-13-okt\\\/#breadcrumb\"},\"inLanguage\":\"sv-SE\",\"potentialAction\":[{\"@type\":\"ReadAction\",\"target\":[\"https:\\\/\\\/wp.kristdemokraterna.se\\\/norrkoping\\\/ideologidag-lordagen-13-okt\\\/\"]}]},{\"@type\":\"ImageObject\",\"inLanguage\":\"sv-SE\",\"@id\":\"https:\\\/\\\/wp.kristdemokraterna.se\\\/norrkoping\\\/ideologidag-lordagen-13-okt\\\/#primaryimage\",\"url\":\"https:\\\/\\\/wp.kristdemokraterna.se\\\/norrkoping\\\/files\\\/2012\\\/10\\\/BildStartsida.jpg\",\"contentUrl\":\"https:\\\/\\\/wp.kristdemokraterna.se\\\/norrkoping\\\/files\\\/2012\\\/10\\\/BildStartsida.jpg\",\"width\":\"400\",\"height\":\"266\"},{\"@type\":\"BreadcrumbList\",\"@id\":\"https:\\\/\\\/wp.kristdemokraterna.se\\\/norrkoping\\\/ideologidag-lordagen-13-okt\\\/#breadcrumb\",\"itemListElement\":[{\"@type\":\"ListItem\",\"position\":1,\"name\":\"Hem\",\"item\":\"https:\\\/\\\/wp.kristdemokraterna.se\\\/norrkoping\\\/\"},{\"@type\":\"ListItem\",\"position\":2,\"name\":\"\u00c4ldres kompetens &#8211; till vad?\"}]},{\"@type\":\"WebSite\",\"@id\":\"https:\\\/\\\/wp.kristdemokraterna.se\\\/norrkoping\\\/#website\",\"url\":\"https:\\\/\\\/wp.kristdemokraterna.se\\\/norrkoping\\\/\",\"name\":\"Norrk\u00f6ping\",\"description\":\"Kristdemokraterna\",\"inLanguage\":\"sv-SE\"},{\"@type\":\"Person\",\"@id\":\"https:\\\/\\\/wp.kristdemokraterna.se\\\/norrkoping\\\/#\\\/schema\\\/person\\\/053ab61aecc405e6e1ac090a6184d5f1\",\"name\":\"norrkoping\",\"image\":{\"@type\":\"ImageObject\",\"inLanguage\":\"sv-SE\",\"@id\":\"https:\\\/\\\/secure.gravatar.com\\\/avatar\\\/5bae255455c24e201554da273cd27d3b84f92cd5111a46f0db8b2ff9e8240e64?s=96&d=mm&r=g\",\"url\":\"https:\\\/\\\/secure.gravatar.com\\\/avatar\\\/5bae255455c24e201554da273cd27d3b84f92cd5111a46f0db8b2ff9e8240e64?s=96&d=mm&r=g\",\"contentUrl\":\"https:\\\/\\\/secure.gravatar.com\\\/avatar\\\/5bae255455c24e201554da273cd27d3b84f92cd5111a46f0db8b2ff9e8240e64?s=96&d=mm&r=g\",\"caption\":\"norrkoping\"},\"description\":\"Kristdemokraterna i Norrk\u00f6ping vill skapa ett Norrk\u00f6ping d\u00e4r ingen h\u00e5lls tillbaka och ingen l\u00e4mnas efter!\",\"url\":\"https:\\\/\\\/wp.kristdemokraterna.se\\\/norrkoping\\\/author\\\/norrkoping\\\/\"}]}<\/script>\n<!-- \/ Yoast SEO plugin. -->","yoast_head_json":{"title":"\u00c4ldres kompetens - till vad? - Norrk\u00f6ping","robots":{"index":"index","follow":"follow","max-snippet":"max-snippet:-1","max-image-preview":"max-image-preview:large","max-video-preview":"max-video-preview:-1"},"canonical":"https:\/\/wp.kristdemokraterna.se\/norrkoping\/ideologidag-lordagen-13-okt\/","og_locale":"sv_SE","og_type":"article","og_title":"\u00c4ldres kompetens - till vad? - Norrk\u00f6ping","og_description":"L\u00f6rdagen den 13 oktober \u00e4r det dag f\u00f6r en\u00a0gemensam\u00a0ideologidag som distriktet arrangerar. Vi samlas i Landstingshuset i Link\u00f6ping kl 10.00-14.00 Temat \u00e4r &#8221;\u00c4ldres kompetens &#8211; till vad?&#8221; F\u00f6r n\u00e4rmare information klicka p\u00e5 l\u00e4nken Ideologidag2012_\u00c4ldresKompetens &nbsp;","og_url":"https:\/\/wp.kristdemokraterna.se\/norrkoping\/ideologidag-lordagen-13-okt\/","og_site_name":"Norrk\u00f6ping","article_publisher":"https:\/\/www.facebook.com\/kdnorrkoping\/","article_published_time":"2012-10-02T07:42:23+00:00","article_modified_time":"2012-11-01T10:55:00+00:00","og_image":[{"url":"http:\/\/wp.kristdemokraterna.se\/norrkoping\/files\/2012\/10\/BildStartsida-300x199.jpg","type":"","width":"","height":""}],"author":"norrkoping","twitter_card":"summary_large_image","twitter_misc":{"Skriven av":"norrkoping"},"schema":{"@context":"https:\/\/schema.org","@graph":[{"@type":"Article","@id":"https:\/\/wp.kristdemokraterna.se\/norrkoping\/ideologidag-lordagen-13-okt\/#article","isPartOf":{"@id":"https:\/\/wp.kristdemokraterna.se\/norrkoping\/ideologidag-lordagen-13-okt\/"},"author":{"name":"norrkoping","@id":"https:\/\/wp.kristdemokraterna.se\/norrkoping\/#\/schema\/person\/053ab61aecc405e6e1ac090a6184d5f1"},"headline":"\u00c4ldres kompetens &#8211; till vad?","datePublished":"2012-10-02T07:42:23+00:00","dateModified":"2012-11-01T10:55:00+00:00","mainEntityOfPage":{"@id":"https:\/\/wp.kristdemokraterna.se\/norrkoping\/ideologidag-lordagen-13-okt\/"},"wordCount":48,"image":{"@id":"https:\/\/wp.kristdemokraterna.se\/norrkoping\/ideologidag-lordagen-13-okt\/#primaryimage"},"thumbnailUrl":"http:\/\/wp.kristdemokraterna.se\/norrkoping\/files\/2012\/10\/BildStartsida-300x199.jpg","inLanguage":"sv-SE"},{"@type":"WebPage","@id":"https:\/\/wp.kristdemokraterna.se\/norrkoping\/ideologidag-lordagen-13-okt\/","url":"https:\/\/wp.kristdemokraterna.se\/norrkoping\/ideologidag-lordagen-13-okt\/","name":"\u00c4ldres kompetens - till vad? - Norrk\u00f6ping","isPartOf":{"@id":"https:\/\/wp.kristdemokraterna.se\/norrkoping\/#website"},"primaryImageOfPage":{"@id":"https:\/\/wp.kristdemokraterna.se\/norrkoping\/ideologidag-lordagen-13-okt\/#primaryimage"},"image":{"@id":"https:\/\/wp.kristdemokraterna.se\/norrkoping\/ideologidag-lordagen-13-okt\/#primaryimage"},"thumbnailUrl":"http:\/\/wp.kristdemokraterna.se\/norrkoping\/files\/2012\/10\/BildStartsida-300x199.jpg","datePublished":"2012-10-02T07:42:23+00:00","dateModified":"2012-11-01T10:55:00+00:00","author":{"@id":"https:\/\/wp.kristdemokraterna.se\/norrkoping\/#\/schema\/person\/053ab61aecc405e6e1ac090a6184d5f1"},"breadcrumb":{"@id":"https:\/\/wp.kristdemokraterna.se\/norrkoping\/ideologidag-lordagen-13-okt\/#breadcrumb"},"inLanguage":"sv-SE","potentialAction":[{"@type":"ReadAction","target":["https:\/\/wp.kristdemokraterna.se\/norrkoping\/ideologidag-lordagen-13-okt\/"]}]},{"@type":"ImageObject","inLanguage":"sv-SE","@id":"https:\/\/wp.kristdemokraterna.se\/norrkoping\/ideologidag-lordagen-13-okt\/#primaryimage","url":"https:\/\/wp.kristdemokraterna.se\/norrkoping\/files\/2012\/10\/BildStartsida.jpg","contentUrl":"https:\/\/wp.kristdemokraterna.se\/norrkoping\/files\/2012\/10\/BildStartsida.jpg","width":"400","height":"266"},{"@type":"BreadcrumbList","@id":"https:\/\/wp.kristdemokraterna.se\/norrkoping\/ideologidag-lordagen-13-okt\/#breadcrumb","itemListElement":[{"@type":"ListItem","position":1,"name":"Hem","item":"https:\/\/wp.kristdemokraterna.se\/norrkoping\/"},{"@type":"ListItem","position":2,"name":"\u00c4ldres kompetens &#8211; till vad?"}]},{"@type":"WebSite","@id":"https:\/\/wp.kristdemokraterna.se\/norrkoping\/#website","url":"https:\/\/wp.kristdemokraterna.se\/norrkoping\/","name":"Norrk\u00f6ping","description":"Kristdemokraterna","inLanguage":"sv-SE"},{"@type":"Person","@id":"https:\/\/wp.kristdemokraterna.se\/norrkoping\/#\/schema\/person\/053ab61aecc405e6e1ac090a6184d5f1","name":"norrkoping","image":{"@type":"ImageObject","inLanguage":"sv-SE","@id":"https:\/\/secure.gravatar.com\/avatar\/5bae255455c24e201554da273cd27d3b84f92cd5111a46f0db8b2ff9e8240e64?s=96&d=mm&r=g","url":"https:\/\/secure.gravatar.com\/avatar\/5bae255455c24e201554da273cd27d3b84f92cd5111a46f0db8b2ff9e8240e64?s=96&d=mm&r=g","contentUrl":"https:\/\/secure.gravatar.com\/avatar\/5bae255455c24e201554da273cd27d3b84f92cd5111a46f0db8b2ff9e8240e64?s=96&d=mm&r=g","caption":"norrkoping"},"description":"Kristdemokraterna i Norrk\u00f6ping vill skapa ett Norrk\u00f6ping d\u00e4r ingen h\u00e5lls tillbaka och ingen l\u00e4mnas efter!","url":"https:\/\/wp.kristdemokraterna.se\/norrkoping\/author\/norrkoping\/"}]}},"_links":{"self":[{"href":"https:\/\/wp.kristdemokraterna.se\/norrkoping\/wp-json\/wp\/v2\/posts\/76","targetHints":{"allow":["GET"]}}],"collection":[{"href":"https:\/\/wp.kristdemokraterna.se\/norrkoping\/wp-json\/wp\/v2\/posts"}],"about":[{"href":"https:\/\/wp.kristdemokraterna.se\/norrkoping\/wp-json\/wp\/v2\/types\/post"}],"author":[{"embeddable":true,"href":"https:\/\/wp.kristdemokraterna.se\/norrkoping\/wp-json\/wp\/v2\/users\/45"}],"replies":[{"embeddable":true,"href":"https:\/\/wp.kristdemokraterna.se\/norrkoping\/wp-json\/wp\/v2\/comments?post=76"}],"version-history":[{"count":9,"href":"https:\/\/wp.kristdemokraterna.se\/norrkoping\/wp-json\/wp\/v2\/posts\/76\/revisions"}],"predecessor-version":[{"id":164,"href":"https:\/\/wp.kristdemokraterna.se\/norrkoping\/wp-json\/wp\/v2\/posts\/76\/revisions\/164"}],"wp:attachment":[{"href":"https:\/\/wp.kristdemokraterna.se\/norrkoping\/wp-json\/wp\/v2\/media?parent=76"}],"wp:term":[{"taxonomy":"category","embeddable":true,"href":"https:\/\/wp.kristdemokraterna.se\/norrkoping\/wp-json\/wp\/v2\/categories?post=76"},{"taxonomy":"post_tag","embeddable":true,"href":"https:\/\/wp.kristdemokraterna.se\/norrkoping\/wp-json\/wp\/v2\/tags?post=76"}],"curies":[{"name":"wp","href":"https:\/\/api.w.org\/{rel}","templated":true}]}}