{"id":874,"date":"2013-11-04T08:03:30","date_gmt":"2013-11-04T07:03:30","guid":{"rendered":"http:\/\/wp.kristdemokraterna.se\/norrkoping\/?p=874"},"modified":"2013-10-31T22:07:16","modified_gmt":"2013-10-31T21:07:16","slug":"ifk-norrkoping","status":"publish","type":"post","link":"https:\/\/wp.kristdemokraterna.se\/norrkoping\/ifk-norrkoping\/","title":{"rendered":"IFK Norrk\u00f6ping"},"content":{"rendered":"<p>M\u00e5ndagskv\u00e4llar brukar betyda arbetskv\u00e4llar. Antingen \u00e4r det styrelsem\u00f6te, kommunpolitiskt gruppm\u00f6te eller kommunfullm\u00e4ktigesammantr\u00e4de. Helt klart \u00e4r m\u00e5ndagkv\u00e4llar politikfyllda kv\u00e4llar. Men den senaste m\u00e5ndagskv\u00e4llen spenderades p\u00e5 ett n\u00e5got annorlunda s\u00e4tt&#8230; <\/p>\n<p>Kv\u00e4llen gick i politisk anda och visserligen var kommunfulm\u00e4ktiges ledam\u00f6ter p\u00e5 plats, men platsen var inte i Sessionsalen, inte kansliet eller R\u00e5dhuset utan Nya Parken. Vi var inbjudna f\u00f6r att f\u00e5 en genomg\u00e5ng av verksamheten, visionerna fram\u00e5t och barn- och ungasatsningarna. Sedan blev vi bjudna p\u00e5 middag och match. Det var den sista hemmamatchen f\u00f6r IFK Norrk\u00f6ping och slutresultatet blev 1-1. <\/p>\n<p>100% av KD:s ledam\u00f6ter var p\u00e5 plats och utgjorde lite mer \u00e4n 20% av det totala antal politiker som tackat ja till denna intressanta afton. Trevligt att vara s\u00e5 representerade. Slutsats: KD Norrk\u00f6ping bryr sig om f\u00f6reningslivet! <\/p>\n<p><a href=\"http:\/\/wp.kristdemokraterna.se\/norrkoping\/files\/2013\/10\/bild-11.jpg\"><img loading=\"lazy\" decoding=\"async\" src=\"http:\/\/wp.kristdemokraterna.se\/norrkoping\/files\/2013\/10\/bild-11-1024x768.jpg\" alt=\"_bild 1\" width=\"584\" height=\"438\" class=\"aligncenter size-large wp-image-884\" srcset=\"https:\/\/wp.kristdemokraterna.se\/norrkoping\/files\/2013\/10\/bild-11-1024x768.jpg 1024w, https:\/\/wp.kristdemokraterna.se\/norrkoping\/files\/2013\/10\/bild-11-300x225.jpg 300w, https:\/\/wp.kristdemokraterna.se\/norrkoping\/files\/2013\/10\/bild-11-600x450.jpg 600w, https:\/\/wp.kristdemokraterna.se\/norrkoping\/files\/2013\/10\/bild-11-461x346.jpg 461w, https:\/\/wp.kristdemokraterna.se\/norrkoping\/files\/2013\/10\/bild-11-149x112.jpg 149w, https:\/\/wp.kristdemokraterna.se\/norrkoping\/files\/2013\/10\/bild-11.jpg 2048w\" sizes=\"auto, (max-width: 584px) 100vw, 584px\" \/><\/a><\/p>\n<p><a href=\"http:\/\/wp.kristdemokraterna.se\/norrkoping\/files\/2013\/10\/bild-21.jpg\"><img loading=\"lazy\" decoding=\"async\" src=\"http:\/\/wp.kristdemokraterna.se\/norrkoping\/files\/2013\/10\/bild-21-768x1024.jpg\" alt=\"_bild 2\" width=\"584\" height=\"778\" class=\"aligncenter size-large wp-image-885\" srcset=\"https:\/\/wp.kristdemokraterna.se\/norrkoping\/files\/2013\/10\/bild-21-768x1024.jpg 768w, https:\/\/wp.kristdemokraterna.se\/norrkoping\/files\/2013\/10\/bild-21-225x300.jpg 225w, https:\/\/wp.kristdemokraterna.se\/norrkoping\/files\/2013\/10\/bild-21-600x800.jpg 600w, https:\/\/wp.kristdemokraterna.se\/norrkoping\/files\/2013\/10\/bild-21-259x346.jpg 259w, https:\/\/wp.kristdemokraterna.se\/norrkoping\/files\/2013\/10\/bild-21-84x112.jpg 84w, https:\/\/wp.kristdemokraterna.se\/norrkoping\/files\/2013\/10\/bild-21.jpg 1536w\" sizes=\"auto, (max-width: 584px) 100vw, 584px\" \/><\/a><\/p>\n<p><a href=\"http:\/\/wp.kristdemokraterna.se\/norrkoping\/files\/2013\/10\/bild-31.jpg\"><img loading=\"lazy\" decoding=\"async\" src=\"http:\/\/wp.kristdemokraterna.se\/norrkoping\/files\/2013\/10\/bild-31.jpg\" alt=\"_bild 3\" width=\"1024\" height=\"768\" class=\"aligncenter size-full wp-image-886\" srcset=\"https:\/\/wp.kristdemokraterna.se\/norrkoping\/files\/2013\/10\/bild-31.jpg 1024w, https:\/\/wp.kristdemokraterna.se\/norrkoping\/files\/2013\/10\/bild-31-300x225.jpg 300w, https:\/\/wp.kristdemokraterna.se\/norrkoping\/files\/2013\/10\/bild-31-600x450.jpg 600w, https:\/\/wp.kristdemokraterna.se\/norrkoping\/files\/2013\/10\/bild-31-461x346.jpg 461w, https:\/\/wp.kristdemokraterna.se\/norrkoping\/files\/2013\/10\/bild-31-149x112.jpg 149w\" sizes=\"auto, (max-width: 1024px) 100vw, 1024px\" \/><\/a><\/p>\n","protected":false},"excerpt":{"rendered":"<p>M\u00e5ndagskv\u00e4llar brukar betyda arbetskv\u00e4llar. Antingen \u00e4r det styrelsem\u00f6te, kommunpolitiskt gruppm\u00f6te eller kommunfullm\u00e4ktigesammantr\u00e4de. Helt klart \u00e4r m\u00e5ndagkv\u00e4llar politikfyllda kv\u00e4llar. Men den senaste m\u00e5ndagskv\u00e4llen spenderades p\u00e5 ett n\u00e5got annorlunda s\u00e4tt&#8230; Kv\u00e4llen gick i politisk anda och visserligen var kommunfulm\u00e4ktiges ledam\u00f6ter p\u00e5 plats, men platsen var inte i Sessionsalen, inte kansliet eller R\u00e5dhuset utan Nya Parken. Vi var <a class=\"read-more-link\" href=\"https:\/\/wp.kristdemokraterna.se\/norrkoping\/ifk-norrkoping\/\">Read More<\/a><\/p>\n","protected":false},"author":45,"featured_media":0,"comment_status":"closed","ping_status":"open","sticky":false,"template":"","format":"standard","meta":{"_acf_changed":false,"footnotes":""},"categories":[1],"tags":[],"class_list":["post-874","post","type-post","status-publish","format-standard","hentry","category-okategoriserade"],"acf":[],"yoast_head":"<!-- This site is optimized with the Yoast SEO plugin v27.5 - https:\/\/yoast.com\/product\/yoast-seo-wordpress\/ -->\n<title>IFK Norrk\u00f6ping - Norrk\u00f6ping<\/title>\n<meta name=\"robots\" content=\"index, follow, max-snippet:-1, max-image-preview:large, max-video-preview:-1\" \/>\n<link rel=\"canonical\" href=\"https:\/\/wp.kristdemokraterna.se\/norrkoping\/ifk-norrkoping\/\" \/>\n<meta property=\"og:locale\" content=\"sv_SE\" \/>\n<meta property=\"og:type\" content=\"article\" \/>\n<meta property=\"og:title\" content=\"IFK Norrk\u00f6ping - Norrk\u00f6ping\" \/>\n<meta property=\"og:description\" content=\"M\u00e5ndagskv\u00e4llar brukar betyda arbetskv\u00e4llar. Antingen \u00e4r det styrelsem\u00f6te, kommunpolitiskt gruppm\u00f6te eller kommunfullm\u00e4ktigesammantr\u00e4de. Helt klart \u00e4r m\u00e5ndagkv\u00e4llar politikfyllda kv\u00e4llar. Men den senaste m\u00e5ndagskv\u00e4llen spenderades p\u00e5 ett n\u00e5got annorlunda s\u00e4tt&#8230; Kv\u00e4llen gick i politisk anda och visserligen var kommunfulm\u00e4ktiges ledam\u00f6ter p\u00e5 plats, men platsen var inte i Sessionsalen, inte kansliet eller R\u00e5dhuset utan Nya Parken. Vi var Read More\" \/>\n<meta property=\"og:url\" content=\"https:\/\/wp.kristdemokraterna.se\/norrkoping\/ifk-norrkoping\/\" \/>\n<meta property=\"og:site_name\" content=\"Norrk\u00f6ping\" \/>\n<meta property=\"article:publisher\" content=\"https:\/\/www.facebook.com\/kdnorrkoping\/\" \/>\n<meta property=\"article:published_time\" content=\"2013-11-04T07:03:30+00:00\" \/>\n<meta property=\"og:image\" content=\"http:\/\/wp.kristdemokraterna.se\/norrkoping\/files\/2013\/10\/bild-11-1024x768.jpg\" \/>\n<meta name=\"author\" content=\"norrkoping\" \/>\n<meta name=\"twitter:card\" content=\"summary_large_image\" \/>\n<meta name=\"twitter:label1\" content=\"Skriven av\" \/>\n\t<meta name=\"twitter:data1\" content=\"norrkoping\" \/>\n\t<meta name=\"twitter:label2\" content=\"Ber\u00e4knad l\u00e4stid\" \/>\n\t<meta name=\"twitter:data2\" content=\"1 minut\" \/>\n<script type=\"application\/ld+json\" class=\"yoast-schema-graph\">{\"@context\":\"https:\\\/\\\/schema.org\",\"@graph\":[{\"@type\":\"Article\",\"@id\":\"https:\\\/\\\/wp.kristdemokraterna.se\\\/norrkoping\\\/ifk-norrkoping\\\/#article\",\"isPartOf\":{\"@id\":\"https:\\\/\\\/wp.kristdemokraterna.se\\\/norrkoping\\\/ifk-norrkoping\\\/\"},\"author\":{\"name\":\"norrkoping\",\"@id\":\"https:\\\/\\\/wp.kristdemokraterna.se\\\/norrkoping\\\/#\\\/schema\\\/person\\\/053ab61aecc405e6e1ac090a6184d5f1\"},\"headline\":\"IFK Norrk\u00f6ping\",\"datePublished\":\"2013-11-04T07:03:30+00:00\",\"mainEntityOfPage\":{\"@id\":\"https:\\\/\\\/wp.kristdemokraterna.se\\\/norrkoping\\\/ifk-norrkoping\\\/\"},\"wordCount\":154,\"image\":{\"@id\":\"https:\\\/\\\/wp.kristdemokraterna.se\\\/norrkoping\\\/ifk-norrkoping\\\/#primaryimage\"},\"thumbnailUrl\":\"http:\\\/\\\/wp.kristdemokraterna.se\\\/norrkoping\\\/files\\\/2013\\\/10\\\/bild-11-1024x768.jpg\",\"inLanguage\":\"sv-SE\"},{\"@type\":\"WebPage\",\"@id\":\"https:\\\/\\\/wp.kristdemokraterna.se\\\/norrkoping\\\/ifk-norrkoping\\\/\",\"url\":\"https:\\\/\\\/wp.kristdemokraterna.se\\\/norrkoping\\\/ifk-norrkoping\\\/\",\"name\":\"IFK Norrk\u00f6ping - Norrk\u00f6ping\",\"isPartOf\":{\"@id\":\"https:\\\/\\\/wp.kristdemokraterna.se\\\/norrkoping\\\/#website\"},\"primaryImageOfPage\":{\"@id\":\"https:\\\/\\\/wp.kristdemokraterna.se\\\/norrkoping\\\/ifk-norrkoping\\\/#primaryimage\"},\"image\":{\"@id\":\"https:\\\/\\\/wp.kristdemokraterna.se\\\/norrkoping\\\/ifk-norrkoping\\\/#primaryimage\"},\"thumbnailUrl\":\"http:\\\/\\\/wp.kristdemokraterna.se\\\/norrkoping\\\/files\\\/2013\\\/10\\\/bild-11-1024x768.jpg\",\"datePublished\":\"2013-11-04T07:03:30+00:00\",\"author\":{\"@id\":\"https:\\\/\\\/wp.kristdemokraterna.se\\\/norrkoping\\\/#\\\/schema\\\/person\\\/053ab61aecc405e6e1ac090a6184d5f1\"},\"breadcrumb\":{\"@id\":\"https:\\\/\\\/wp.kristdemokraterna.se\\\/norrkoping\\\/ifk-norrkoping\\\/#breadcrumb\"},\"inLanguage\":\"sv-SE\",\"potentialAction\":[{\"@type\":\"ReadAction\",\"target\":[\"https:\\\/\\\/wp.kristdemokraterna.se\\\/norrkoping\\\/ifk-norrkoping\\\/\"]}]},{\"@type\":\"ImageObject\",\"inLanguage\":\"sv-SE\",\"@id\":\"https:\\\/\\\/wp.kristdemokraterna.se\\\/norrkoping\\\/ifk-norrkoping\\\/#primaryimage\",\"url\":\"https:\\\/\\\/wp.kristdemokraterna.se\\\/norrkoping\\\/files\\\/2013\\\/10\\\/bild-11.jpg\",\"contentUrl\":\"https:\\\/\\\/wp.kristdemokraterna.se\\\/norrkoping\\\/files\\\/2013\\\/10\\\/bild-11.jpg\",\"width\":2048,\"height\":1536},{\"@type\":\"BreadcrumbList\",\"@id\":\"https:\\\/\\\/wp.kristdemokraterna.se\\\/norrkoping\\\/ifk-norrkoping\\\/#breadcrumb\",\"itemListElement\":[{\"@type\":\"ListItem\",\"position\":1,\"name\":\"Hem\",\"item\":\"https:\\\/\\\/wp.kristdemokraterna.se\\\/norrkoping\\\/\"},{\"@type\":\"ListItem\",\"position\":2,\"name\":\"IFK Norrk\u00f6ping\"}]},{\"@type\":\"WebSite\",\"@id\":\"https:\\\/\\\/wp.kristdemokraterna.se\\\/norrkoping\\\/#website\",\"url\":\"https:\\\/\\\/wp.kristdemokraterna.se\\\/norrkoping\\\/\",\"name\":\"Norrk\u00f6ping\",\"description\":\"Kristdemokraterna\",\"inLanguage\":\"sv-SE\"},{\"@type\":\"Person\",\"@id\":\"https:\\\/\\\/wp.kristdemokraterna.se\\\/norrkoping\\\/#\\\/schema\\\/person\\\/053ab61aecc405e6e1ac090a6184d5f1\",\"name\":\"norrkoping\",\"image\":{\"@type\":\"ImageObject\",\"inLanguage\":\"sv-SE\",\"@id\":\"https:\\\/\\\/secure.gravatar.com\\\/avatar\\\/5bae255455c24e201554da273cd27d3b84f92cd5111a46f0db8b2ff9e8240e64?s=96&d=mm&r=g\",\"url\":\"https:\\\/\\\/secure.gravatar.com\\\/avatar\\\/5bae255455c24e201554da273cd27d3b84f92cd5111a46f0db8b2ff9e8240e64?s=96&d=mm&r=g\",\"contentUrl\":\"https:\\\/\\\/secure.gravatar.com\\\/avatar\\\/5bae255455c24e201554da273cd27d3b84f92cd5111a46f0db8b2ff9e8240e64?s=96&d=mm&r=g\",\"caption\":\"norrkoping\"},\"description\":\"Kristdemokraterna i Norrk\u00f6ping vill skapa ett Norrk\u00f6ping d\u00e4r ingen h\u00e5lls tillbaka och ingen l\u00e4mnas efter!\",\"url\":\"https:\\\/\\\/wp.kristdemokraterna.se\\\/norrkoping\\\/author\\\/norrkoping\\\/\"}]}<\/script>\n<!-- \/ Yoast SEO plugin. -->","yoast_head_json":{"title":"IFK Norrk\u00f6ping - Norrk\u00f6ping","robots":{"index":"index","follow":"follow","max-snippet":"max-snippet:-1","max-image-preview":"max-image-preview:large","max-video-preview":"max-video-preview:-1"},"canonical":"https:\/\/wp.kristdemokraterna.se\/norrkoping\/ifk-norrkoping\/","og_locale":"sv_SE","og_type":"article","og_title":"IFK Norrk\u00f6ping - Norrk\u00f6ping","og_description":"M\u00e5ndagskv\u00e4llar brukar betyda arbetskv\u00e4llar. Antingen \u00e4r det styrelsem\u00f6te, kommunpolitiskt gruppm\u00f6te eller kommunfullm\u00e4ktigesammantr\u00e4de. Helt klart \u00e4r m\u00e5ndagkv\u00e4llar politikfyllda kv\u00e4llar. Men den senaste m\u00e5ndagskv\u00e4llen spenderades p\u00e5 ett n\u00e5got annorlunda s\u00e4tt&#8230; Kv\u00e4llen gick i politisk anda och visserligen var kommunfulm\u00e4ktiges ledam\u00f6ter p\u00e5 plats, men platsen var inte i Sessionsalen, inte kansliet eller R\u00e5dhuset utan Nya Parken. Vi var Read More","og_url":"https:\/\/wp.kristdemokraterna.se\/norrkoping\/ifk-norrkoping\/","og_site_name":"Norrk\u00f6ping","article_publisher":"https:\/\/www.facebook.com\/kdnorrkoping\/","article_published_time":"2013-11-04T07:03:30+00:00","og_image":[{"url":"http:\/\/wp.kristdemokraterna.se\/norrkoping\/files\/2013\/10\/bild-11-1024x768.jpg","type":"","width":"","height":""}],"author":"norrkoping","twitter_card":"summary_large_image","twitter_misc":{"Skriven av":"norrkoping","Ber\u00e4knad l\u00e4stid":"1 minut"},"schema":{"@context":"https:\/\/schema.org","@graph":[{"@type":"Article","@id":"https:\/\/wp.kristdemokraterna.se\/norrkoping\/ifk-norrkoping\/#article","isPartOf":{"@id":"https:\/\/wp.kristdemokraterna.se\/norrkoping\/ifk-norrkoping\/"},"author":{"name":"norrkoping","@id":"https:\/\/wp.kristdemokraterna.se\/norrkoping\/#\/schema\/person\/053ab61aecc405e6e1ac090a6184d5f1"},"headline":"IFK Norrk\u00f6ping","datePublished":"2013-11-04T07:03:30+00:00","mainEntityOfPage":{"@id":"https:\/\/wp.kristdemokraterna.se\/norrkoping\/ifk-norrkoping\/"},"wordCount":154,"image":{"@id":"https:\/\/wp.kristdemokraterna.se\/norrkoping\/ifk-norrkoping\/#primaryimage"},"thumbnailUrl":"http:\/\/wp.kristdemokraterna.se\/norrkoping\/files\/2013\/10\/bild-11-1024x768.jpg","inLanguage":"sv-SE"},{"@type":"WebPage","@id":"https:\/\/wp.kristdemokraterna.se\/norrkoping\/ifk-norrkoping\/","url":"https:\/\/wp.kristdemokraterna.se\/norrkoping\/ifk-norrkoping\/","name":"IFK Norrk\u00f6ping - Norrk\u00f6ping","isPartOf":{"@id":"https:\/\/wp.kristdemokraterna.se\/norrkoping\/#website"},"primaryImageOfPage":{"@id":"https:\/\/wp.kristdemokraterna.se\/norrkoping\/ifk-norrkoping\/#primaryimage"},"image":{"@id":"https:\/\/wp.kristdemokraterna.se\/norrkoping\/ifk-norrkoping\/#primaryimage"},"thumbnailUrl":"http:\/\/wp.kristdemokraterna.se\/norrkoping\/files\/2013\/10\/bild-11-1024x768.jpg","datePublished":"2013-11-04T07:03:30+00:00","author":{"@id":"https:\/\/wp.kristdemokraterna.se\/norrkoping\/#\/schema\/person\/053ab61aecc405e6e1ac090a6184d5f1"},"breadcrumb":{"@id":"https:\/\/wp.kristdemokraterna.se\/norrkoping\/ifk-norrkoping\/#breadcrumb"},"inLanguage":"sv-SE","potentialAction":[{"@type":"ReadAction","target":["https:\/\/wp.kristdemokraterna.se\/norrkoping\/ifk-norrkoping\/"]}]},{"@type":"ImageObject","inLanguage":"sv-SE","@id":"https:\/\/wp.kristdemokraterna.se\/norrkoping\/ifk-norrkoping\/#primaryimage","url":"https:\/\/wp.kristdemokraterna.se\/norrkoping\/files\/2013\/10\/bild-11.jpg","contentUrl":"https:\/\/wp.kristdemokraterna.se\/norrkoping\/files\/2013\/10\/bild-11.jpg","width":2048,"height":1536},{"@type":"BreadcrumbList","@id":"https:\/\/wp.kristdemokraterna.se\/norrkoping\/ifk-norrkoping\/#breadcrumb","itemListElement":[{"@type":"ListItem","position":1,"name":"Hem","item":"https:\/\/wp.kristdemokraterna.se\/norrkoping\/"},{"@type":"ListItem","position":2,"name":"IFK Norrk\u00f6ping"}]},{"@type":"WebSite","@id":"https:\/\/wp.kristdemokraterna.se\/norrkoping\/#website","url":"https:\/\/wp.kristdemokraterna.se\/norrkoping\/","name":"Norrk\u00f6ping","description":"Kristdemokraterna","inLanguage":"sv-SE"},{"@type":"Person","@id":"https:\/\/wp.kristdemokraterna.se\/norrkoping\/#\/schema\/person\/053ab61aecc405e6e1ac090a6184d5f1","name":"norrkoping","image":{"@type":"ImageObject","inLanguage":"sv-SE","@id":"https:\/\/secure.gravatar.com\/avatar\/5bae255455c24e201554da273cd27d3b84f92cd5111a46f0db8b2ff9e8240e64?s=96&d=mm&r=g","url":"https:\/\/secure.gravatar.com\/avatar\/5bae255455c24e201554da273cd27d3b84f92cd5111a46f0db8b2ff9e8240e64?s=96&d=mm&r=g","contentUrl":"https:\/\/secure.gravatar.com\/avatar\/5bae255455c24e201554da273cd27d3b84f92cd5111a46f0db8b2ff9e8240e64?s=96&d=mm&r=g","caption":"norrkoping"},"description":"Kristdemokraterna i Norrk\u00f6ping vill skapa ett Norrk\u00f6ping d\u00e4r ingen h\u00e5lls tillbaka och ingen l\u00e4mnas efter!","url":"https:\/\/wp.kristdemokraterna.se\/norrkoping\/author\/norrkoping\/"}]}},"_links":{"self":[{"href":"https:\/\/wp.kristdemokraterna.se\/norrkoping\/wp-json\/wp\/v2\/posts\/874","targetHints":{"allow":["GET"]}}],"collection":[{"href":"https:\/\/wp.kristdemokraterna.se\/norrkoping\/wp-json\/wp\/v2\/posts"}],"about":[{"href":"https:\/\/wp.kristdemokraterna.se\/norrkoping\/wp-json\/wp\/v2\/types\/post"}],"author":[{"embeddable":true,"href":"https:\/\/wp.kristdemokraterna.se\/norrkoping\/wp-json\/wp\/v2\/users\/45"}],"replies":[{"embeddable":true,"href":"https:\/\/wp.kristdemokraterna.se\/norrkoping\/wp-json\/wp\/v2\/comments?post=874"}],"version-history":[{"count":4,"href":"https:\/\/wp.kristdemokraterna.se\/norrkoping\/wp-json\/wp\/v2\/posts\/874\/revisions"}],"predecessor-version":[{"id":888,"href":"https:\/\/wp.kristdemokraterna.se\/norrkoping\/wp-json\/wp\/v2\/posts\/874\/revisions\/888"}],"wp:attachment":[{"href":"https:\/\/wp.kristdemokraterna.se\/norrkoping\/wp-json\/wp\/v2\/media?parent=874"}],"wp:term":[{"taxonomy":"category","embeddable":true,"href":"https:\/\/wp.kristdemokraterna.se\/norrkoping\/wp-json\/wp\/v2\/categories?post=874"},{"taxonomy":"post_tag","embeddable":true,"href":"https:\/\/wp.kristdemokraterna.se\/norrkoping\/wp-json\/wp\/v2\/tags?post=874"}],"curies":[{"name":"wp","href":"https:\/\/api.w.org\/{rel}","templated":true}]}}