{"id":703,"date":"2025-12-06T10:45:23","date_gmt":"2025-12-06T09:45:23","guid":{"rendered":"https:\/\/wp.kristdemokraterna.se\/nykoping\/?p=703"},"modified":"2025-12-06T14:37:08","modified_gmt":"2025-12-06T13:37:08","slug":"stark-aldres-ratt-att-utomhus-i-omsorgen","status":"publish","type":"post","link":"https:\/\/wp.kristdemokraterna.se\/nykoping\/stark-aldres-ratt-att-utomhus-i-omsorgen\/","title":{"rendered":"St\u00e4rk \u00e4ldres r\u00e4tt att utomhus i omsorgen"},"content":{"rendered":"<p>Kristdemokraterna ser med oro p\u00e5 att ett regelverk f\u00f6r utomhusvistelse inte finns i Nyk\u00f6pings kommun. Ett s\u00e5dant regelverk skulle h\u00f6ja kvaliteten p\u00e5 v\u00e5ra \u00e4ldreboenden, skriver Maud Wachtmeister (KD) och Marita G\u00f6ransson (KD).<\/p>\n<p>L\u00e4s hela debattartikeln, som publicerades 14 mars 2023 i SN, genom att f\u00f6lja l\u00e4nken nedan:<\/p>\n<p><a href=\"https:\/\/www.sn.se\/debatt\/artikel\/stark-aldres-ratt-att-vara-utomhus-i-omsorgen\/r4dkd00r\">https:\/\/www.sn.se\/debatt\/artikel\/stark-aldres-ratt-att-vara-utomhus-i-omsorgen\/r4dkd00r<\/a><\/p>\n<p>&nbsp;<\/p>\n","protected":false},"excerpt":{"rendered":"<p>Kristdemokraterna ser med oro p\u00e5 att ett regelverk f\u00f6r utomhusvistelse inte finns i Nyk\u00f6pings kommun. Ett s\u00e5dant regelverk skulle h\u00f6ja kvaliteten p\u00e5 v\u00e5ra \u00e4ldreboenden, skriver Maud Wachtmeister (KD) och Marita G\u00f6ransson (KD). L\u00e4s hela debattartikeln, som publicerades 14 mars 2023 i SN, genom att f\u00f6lja l\u00e4nken nedan: https:\/\/www.sn.se\/debatt\/artikel\/stark-aldres-ratt-att-vara-utomhus-i-omsorgen\/r4dkd00r &nbsp;<\/p>\n","protected":false},"author":834,"featured_media":0,"comment_status":"closed","ping_status":"closed","sticky":false,"template":"","format":"standard","meta":{"_acf_changed":false,"footnotes":""},"categories":[16],"tags":[],"class_list":["post-703","post","type-post","status-publish","format-standard","hentry","category-debatt-och-insandare"],"acf":[],"yoast_head":"<!-- This site is optimized with the Yoast SEO plugin v27.4 - https:\/\/yoast.com\/product\/yoast-seo-wordpress\/ -->\n<title>St\u00e4rk \u00e4ldres r\u00e4tt att utomhus i omsorgen - Kristdemokraterna i Nyk\u00f6ping<\/title>\n<meta name=\"robots\" content=\"index, follow, max-snippet:-1, max-image-preview:large, max-video-preview:-1\" \/>\n<link rel=\"canonical\" href=\"https:\/\/wp.kristdemokraterna.se\/nykoping\/stark-aldres-ratt-att-utomhus-i-omsorgen\/\" \/>\n<meta property=\"og:locale\" content=\"sv_SE\" \/>\n<meta property=\"og:type\" content=\"article\" \/>\n<meta property=\"og:title\" content=\"St\u00e4rk \u00e4ldres r\u00e4tt att utomhus i omsorgen - Kristdemokraterna i Nyk\u00f6ping\" \/>\n<meta property=\"og:description\" content=\"Kristdemokraterna ser med oro p\u00e5 att ett regelverk f\u00f6r utomhusvistelse inte finns i Nyk\u00f6pings kommun. Ett s\u00e5dant regelverk skulle h\u00f6ja kvaliteten p\u00e5 v\u00e5ra \u00e4ldreboenden, skriver Maud Wachtmeister (KD) och Marita G\u00f6ransson (KD). L\u00e4s hela debattartikeln, som publicerades 14 mars 2023 i SN, genom att f\u00f6lja l\u00e4nken nedan: https:\/\/www.sn.se\/debatt\/artikel\/stark-aldres-ratt-att-vara-utomhus-i-omsorgen\/r4dkd00r &nbsp;\" \/>\n<meta property=\"og:url\" content=\"https:\/\/wp.kristdemokraterna.se\/nykoping\/stark-aldres-ratt-att-utomhus-i-omsorgen\/\" \/>\n<meta property=\"og:site_name\" content=\"Kristdemokraterna i Nyk\u00f6ping\" \/>\n<meta property=\"article:published_time\" content=\"2025-12-06T09:45:23+00:00\" \/>\n<meta property=\"article:modified_time\" content=\"2025-12-06T13:37:08+00:00\" \/>\n<meta name=\"author\" content=\"Lars Lundqvist\" \/>\n<meta name=\"twitter:card\" content=\"summary_large_image\" \/>\n<meta name=\"twitter:label1\" content=\"Skriven av\" \/>\n\t<meta name=\"twitter:data1\" content=\"Lars Lundqvist\" \/>\n\t<meta name=\"twitter:label2\" content=\"Ber\u00e4knad l\u00e4stid\" \/>\n\t<meta name=\"twitter:data2\" content=\"1 minut\" \/>\n<script type=\"application\/ld+json\" class=\"yoast-schema-graph\">{\"@context\":\"https:\\\/\\\/schema.org\",\"@graph\":[{\"@type\":\"Article\",\"@id\":\"https:\\\/\\\/wp.kristdemokraterna.se\\\/nykoping\\\/stark-aldres-ratt-att-utomhus-i-omsorgen\\\/#article\",\"isPartOf\":{\"@id\":\"https:\\\/\\\/wp.kristdemokraterna.se\\\/nykoping\\\/stark-aldres-ratt-att-utomhus-i-omsorgen\\\/\"},\"author\":{\"name\":\"Lars Lundqvist\",\"@id\":\"https:\\\/\\\/wp.kristdemokraterna.se\\\/nykoping\\\/#\\\/schema\\\/person\\\/c13f6a1f33eee1c7c516a7f0633f1ccf\"},\"headline\":\"St\u00e4rk \u00e4ldres r\u00e4tt att utomhus i omsorgen\",\"datePublished\":\"2025-12-06T09:45:23+00:00\",\"dateModified\":\"2025-12-06T13:37:08+00:00\",\"mainEntityOfPage\":{\"@id\":\"https:\\\/\\\/wp.kristdemokraterna.se\\\/nykoping\\\/stark-aldres-ratt-att-utomhus-i-omsorgen\\\/\"},\"wordCount\":74,\"articleSection\":[\"Debatt\\\/ins\u00e4ndare\"],\"inLanguage\":\"sv-SE\"},{\"@type\":\"WebPage\",\"@id\":\"https:\\\/\\\/wp.kristdemokraterna.se\\\/nykoping\\\/stark-aldres-ratt-att-utomhus-i-omsorgen\\\/\",\"url\":\"https:\\\/\\\/wp.kristdemokraterna.se\\\/nykoping\\\/stark-aldres-ratt-att-utomhus-i-omsorgen\\\/\",\"name\":\"St\u00e4rk \u00e4ldres r\u00e4tt att utomhus i omsorgen - Kristdemokraterna i Nyk\u00f6ping\",\"isPartOf\":{\"@id\":\"https:\\\/\\\/wp.kristdemokraterna.se\\\/nykoping\\\/#website\"},\"datePublished\":\"2025-12-06T09:45:23+00:00\",\"dateModified\":\"2025-12-06T13:37:08+00:00\",\"author\":{\"@id\":\"https:\\\/\\\/wp.kristdemokraterna.se\\\/nykoping\\\/#\\\/schema\\\/person\\\/c13f6a1f33eee1c7c516a7f0633f1ccf\"},\"breadcrumb\":{\"@id\":\"https:\\\/\\\/wp.kristdemokraterna.se\\\/nykoping\\\/stark-aldres-ratt-att-utomhus-i-omsorgen\\\/#breadcrumb\"},\"inLanguage\":\"sv-SE\",\"potentialAction\":[{\"@type\":\"ReadAction\",\"target\":[\"https:\\\/\\\/wp.kristdemokraterna.se\\\/nykoping\\\/stark-aldres-ratt-att-utomhus-i-omsorgen\\\/\"]}]},{\"@type\":\"BreadcrumbList\",\"@id\":\"https:\\\/\\\/wp.kristdemokraterna.se\\\/nykoping\\\/stark-aldres-ratt-att-utomhus-i-omsorgen\\\/#breadcrumb\",\"itemListElement\":[{\"@type\":\"ListItem\",\"position\":1,\"name\":\"Hem\",\"item\":\"https:\\\/\\\/wp.kristdemokraterna.se\\\/nykoping\\\/\"},{\"@type\":\"ListItem\",\"position\":2,\"name\":\"St\u00e4rk \u00e4ldres r\u00e4tt att utomhus i omsorgen\"}]},{\"@type\":\"WebSite\",\"@id\":\"https:\\\/\\\/wp.kristdemokraterna.se\\\/nykoping\\\/#website\",\"url\":\"https:\\\/\\\/wp.kristdemokraterna.se\\\/nykoping\\\/\",\"name\":\"Kristdemokraterna i Nyk\u00f6ping\",\"description\":\"Du ska kunna lita p\u00e5 Sverige\",\"inLanguage\":\"sv-SE\"},{\"@type\":\"Person\",\"@id\":\"https:\\\/\\\/wp.kristdemokraterna.se\\\/nykoping\\\/#\\\/schema\\\/person\\\/c13f6a1f33eee1c7c516a7f0633f1ccf\",\"name\":\"Lars Lundqvist\",\"image\":{\"@type\":\"ImageObject\",\"inLanguage\":\"sv-SE\",\"@id\":\"https:\\\/\\\/secure.gravatar.com\\\/avatar\\\/49d34aaaf51289b16acb2d9fceea57063bb079b97fc3bf1b05de861f087d1528?s=96&d=mm&r=g\",\"url\":\"https:\\\/\\\/secure.gravatar.com\\\/avatar\\\/49d34aaaf51289b16acb2d9fceea57063bb079b97fc3bf1b05de861f087d1528?s=96&d=mm&r=g\",\"contentUrl\":\"https:\\\/\\\/secure.gravatar.com\\\/avatar\\\/49d34aaaf51289b16acb2d9fceea57063bb079b97fc3bf1b05de861f087d1528?s=96&d=mm&r=g\",\"caption\":\"Lars Lundqvist\"},\"url\":\"https:\\\/\\\/wp.kristdemokraterna.se\\\/nykoping\\\/author\\\/lundqvist\\\/\"}]}<\/script>\n<!-- \/ Yoast SEO plugin. -->","yoast_head_json":{"title":"St\u00e4rk \u00e4ldres r\u00e4tt att utomhus i omsorgen - Kristdemokraterna i Nyk\u00f6ping","robots":{"index":"index","follow":"follow","max-snippet":"max-snippet:-1","max-image-preview":"max-image-preview:large","max-video-preview":"max-video-preview:-1"},"canonical":"https:\/\/wp.kristdemokraterna.se\/nykoping\/stark-aldres-ratt-att-utomhus-i-omsorgen\/","og_locale":"sv_SE","og_type":"article","og_title":"St\u00e4rk \u00e4ldres r\u00e4tt att utomhus i omsorgen - Kristdemokraterna i Nyk\u00f6ping","og_description":"Kristdemokraterna ser med oro p\u00e5 att ett regelverk f\u00f6r utomhusvistelse inte finns i Nyk\u00f6pings kommun. Ett s\u00e5dant regelverk skulle h\u00f6ja kvaliteten p\u00e5 v\u00e5ra \u00e4ldreboenden, skriver Maud Wachtmeister (KD) och Marita G\u00f6ransson (KD). L\u00e4s hela debattartikeln, som publicerades 14 mars 2023 i SN, genom att f\u00f6lja l\u00e4nken nedan: https:\/\/www.sn.se\/debatt\/artikel\/stark-aldres-ratt-att-vara-utomhus-i-omsorgen\/r4dkd00r &nbsp;","og_url":"https:\/\/wp.kristdemokraterna.se\/nykoping\/stark-aldres-ratt-att-utomhus-i-omsorgen\/","og_site_name":"Kristdemokraterna i Nyk\u00f6ping","article_published_time":"2025-12-06T09:45:23+00:00","article_modified_time":"2025-12-06T13:37:08+00:00","author":"Lars Lundqvist","twitter_card":"summary_large_image","twitter_misc":{"Skriven av":"Lars Lundqvist","Ber\u00e4knad l\u00e4stid":"1 minut"},"schema":{"@context":"https:\/\/schema.org","@graph":[{"@type":"Article","@id":"https:\/\/wp.kristdemokraterna.se\/nykoping\/stark-aldres-ratt-att-utomhus-i-omsorgen\/#article","isPartOf":{"@id":"https:\/\/wp.kristdemokraterna.se\/nykoping\/stark-aldres-ratt-att-utomhus-i-omsorgen\/"},"author":{"name":"Lars Lundqvist","@id":"https:\/\/wp.kristdemokraterna.se\/nykoping\/#\/schema\/person\/c13f6a1f33eee1c7c516a7f0633f1ccf"},"headline":"St\u00e4rk \u00e4ldres r\u00e4tt att utomhus i omsorgen","datePublished":"2025-12-06T09:45:23+00:00","dateModified":"2025-12-06T13:37:08+00:00","mainEntityOfPage":{"@id":"https:\/\/wp.kristdemokraterna.se\/nykoping\/stark-aldres-ratt-att-utomhus-i-omsorgen\/"},"wordCount":74,"articleSection":["Debatt\/ins\u00e4ndare"],"inLanguage":"sv-SE"},{"@type":"WebPage","@id":"https:\/\/wp.kristdemokraterna.se\/nykoping\/stark-aldres-ratt-att-utomhus-i-omsorgen\/","url":"https:\/\/wp.kristdemokraterna.se\/nykoping\/stark-aldres-ratt-att-utomhus-i-omsorgen\/","name":"St\u00e4rk \u00e4ldres r\u00e4tt att utomhus i omsorgen - Kristdemokraterna i Nyk\u00f6ping","isPartOf":{"@id":"https:\/\/wp.kristdemokraterna.se\/nykoping\/#website"},"datePublished":"2025-12-06T09:45:23+00:00","dateModified":"2025-12-06T13:37:08+00:00","author":{"@id":"https:\/\/wp.kristdemokraterna.se\/nykoping\/#\/schema\/person\/c13f6a1f33eee1c7c516a7f0633f1ccf"},"breadcrumb":{"@id":"https:\/\/wp.kristdemokraterna.se\/nykoping\/stark-aldres-ratt-att-utomhus-i-omsorgen\/#breadcrumb"},"inLanguage":"sv-SE","potentialAction":[{"@type":"ReadAction","target":["https:\/\/wp.kristdemokraterna.se\/nykoping\/stark-aldres-ratt-att-utomhus-i-omsorgen\/"]}]},{"@type":"BreadcrumbList","@id":"https:\/\/wp.kristdemokraterna.se\/nykoping\/stark-aldres-ratt-att-utomhus-i-omsorgen\/#breadcrumb","itemListElement":[{"@type":"ListItem","position":1,"name":"Hem","item":"https:\/\/wp.kristdemokraterna.se\/nykoping\/"},{"@type":"ListItem","position":2,"name":"St\u00e4rk \u00e4ldres r\u00e4tt att utomhus i omsorgen"}]},{"@type":"WebSite","@id":"https:\/\/wp.kristdemokraterna.se\/nykoping\/#website","url":"https:\/\/wp.kristdemokraterna.se\/nykoping\/","name":"Kristdemokraterna i Nyk\u00f6ping","description":"Du ska kunna lita p\u00e5 Sverige","inLanguage":"sv-SE"},{"@type":"Person","@id":"https:\/\/wp.kristdemokraterna.se\/nykoping\/#\/schema\/person\/c13f6a1f33eee1c7c516a7f0633f1ccf","name":"Lars Lundqvist","image":{"@type":"ImageObject","inLanguage":"sv-SE","@id":"https:\/\/secure.gravatar.com\/avatar\/49d34aaaf51289b16acb2d9fceea57063bb079b97fc3bf1b05de861f087d1528?s=96&d=mm&r=g","url":"https:\/\/secure.gravatar.com\/avatar\/49d34aaaf51289b16acb2d9fceea57063bb079b97fc3bf1b05de861f087d1528?s=96&d=mm&r=g","contentUrl":"https:\/\/secure.gravatar.com\/avatar\/49d34aaaf51289b16acb2d9fceea57063bb079b97fc3bf1b05de861f087d1528?s=96&d=mm&r=g","caption":"Lars Lundqvist"},"url":"https:\/\/wp.kristdemokraterna.se\/nykoping\/author\/lundqvist\/"}]}},"_links":{"self":[{"href":"https:\/\/wp.kristdemokraterna.se\/nykoping\/wp-json\/wp\/v2\/posts\/703","targetHints":{"allow":["GET"]}}],"collection":[{"href":"https:\/\/wp.kristdemokraterna.se\/nykoping\/wp-json\/wp\/v2\/posts"}],"about":[{"href":"https:\/\/wp.kristdemokraterna.se\/nykoping\/wp-json\/wp\/v2\/types\/post"}],"author":[{"embeddable":true,"href":"https:\/\/wp.kristdemokraterna.se\/nykoping\/wp-json\/wp\/v2\/users\/834"}],"replies":[{"embeddable":true,"href":"https:\/\/wp.kristdemokraterna.se\/nykoping\/wp-json\/wp\/v2\/comments?post=703"}],"version-history":[{"count":6,"href":"https:\/\/wp.kristdemokraterna.se\/nykoping\/wp-json\/wp\/v2\/posts\/703\/revisions"}],"predecessor-version":[{"id":733,"href":"https:\/\/wp.kristdemokraterna.se\/nykoping\/wp-json\/wp\/v2\/posts\/703\/revisions\/733"}],"wp:attachment":[{"href":"https:\/\/wp.kristdemokraterna.se\/nykoping\/wp-json\/wp\/v2\/media?parent=703"}],"wp:term":[{"taxonomy":"category","embeddable":true,"href":"https:\/\/wp.kristdemokraterna.se\/nykoping\/wp-json\/wp\/v2\/categories?post=703"},{"taxonomy":"post_tag","embeddable":true,"href":"https:\/\/wp.kristdemokraterna.se\/nykoping\/wp-json\/wp\/v2\/tags?post=703"}],"curies":[{"name":"wp","href":"https:\/\/api.w.org\/{rel}","templated":true}]}}