{"id":740,"date":"2025-12-06T15:21:56","date_gmt":"2025-12-06T14:21:56","guid":{"rendered":"https:\/\/wp.kristdemokraterna.se\/nykoping\/?p=740"},"modified":"2025-12-06T15:26:26","modified_gmt":"2025-12-06T14:26:26","slug":"ahmad-och-urban-det-ar-inte-roligt","status":"publish","type":"post","link":"https:\/\/wp.kristdemokraterna.se\/nykoping\/ahmad-och-urban-det-ar-inte-roligt\/","title":{"rendered":"Ahmad och Urban \u2013 det \u00e4r inte roligt"},"content":{"rendered":"<p>&#8221;Kristdemokraterna har l\u00e4nge framf\u00f6rt behovet av en kommunarkitekt. Nu beh\u00f6vs en s\u00e5dan f\u00f6r att de estetiska v\u00e4rdena i och runt v\u00e5r kommun inte skall g\u00e5 f\u00f6rlorade&#8221; skriver ins\u00e4ndarskribenten Maud Waichtmeister.<\/p>\n<p>L\u00e4s hela debattartikeln, som publicerades 29 augusti 2024 i SN, genom att f\u00f6lja l\u00e4nken nedan:<\/p>\n<p><a href=\"https:\/\/www.sn.se\/insandare\/artikel\/ahmad-och-urban-det-ar-inte-roligt\/jow7d58l\">https:\/\/www.sn.se\/insandare\/artikel\/ahmad-och-urban-det-ar-inte-roligt\/jow7d58l<\/a><\/p>\n<p><em>Bilden tagen av Daren Hsu<\/em><\/p>\n","protected":false},"excerpt":{"rendered":"<p>&#8221;Kristdemokraterna har l\u00e4nge framf\u00f6rt behovet av en kommunarkitekt. Nu beh\u00f6vs en s\u00e5dan f\u00f6r att de estetiska v\u00e4rdena i och runt v\u00e5r kommun inte skall g\u00e5 f\u00f6rlorade&#8221; skriver ins\u00e4ndarskribenten Maud Waichtmeister. L\u00e4s hela debattartikeln, som publicerades 29 augusti 2024 i SN, genom att f\u00f6lja l\u00e4nken nedan: https:\/\/www.sn.se\/insandare\/artikel\/ahmad-och-urban-det-ar-inte-roligt\/jow7d58l Bilden tagen av Daren Hsu<\/p>\n","protected":false},"author":834,"featured_media":0,"comment_status":"closed","ping_status":"closed","sticky":false,"template":"","format":"standard","meta":{"_acf_changed":false,"footnotes":""},"categories":[16],"tags":[],"class_list":["post-740","post","type-post","status-publish","format-standard","hentry","category-debatt-och-insandare"],"acf":[],"yoast_head":"<!-- This site is optimized with the Yoast SEO plugin v27.4 - https:\/\/yoast.com\/product\/yoast-seo-wordpress\/ -->\n<title>Ahmad och Urban \u2013 det \u00e4r inte roligt - Kristdemokraterna i Nyk\u00f6ping<\/title>\n<meta name=\"robots\" content=\"index, follow, max-snippet:-1, max-image-preview:large, max-video-preview:-1\" \/>\n<link rel=\"canonical\" href=\"https:\/\/wp.kristdemokraterna.se\/nykoping\/ahmad-och-urban-det-ar-inte-roligt\/\" \/>\n<meta property=\"og:locale\" content=\"sv_SE\" \/>\n<meta property=\"og:type\" content=\"article\" \/>\n<meta property=\"og:title\" content=\"Ahmad och Urban \u2013 det \u00e4r inte roligt - Kristdemokraterna i Nyk\u00f6ping\" \/>\n<meta property=\"og:description\" content=\"&#8221;Kristdemokraterna har l\u00e4nge framf\u00f6rt behovet av en kommunarkitekt. Nu beh\u00f6vs en s\u00e5dan f\u00f6r att de estetiska v\u00e4rdena i och runt v\u00e5r kommun inte skall g\u00e5 f\u00f6rlorade&#8221; skriver ins\u00e4ndarskribenten Maud Waichtmeister. L\u00e4s hela debattartikeln, som publicerades 29 augusti 2024 i SN, genom att f\u00f6lja l\u00e4nken nedan: https:\/\/www.sn.se\/insandare\/artikel\/ahmad-och-urban-det-ar-inte-roligt\/jow7d58l Bilden tagen av Daren Hsu\" \/>\n<meta property=\"og:url\" content=\"https:\/\/wp.kristdemokraterna.se\/nykoping\/ahmad-och-urban-det-ar-inte-roligt\/\" \/>\n<meta property=\"og:site_name\" content=\"Kristdemokraterna i Nyk\u00f6ping\" \/>\n<meta property=\"article:published_time\" content=\"2025-12-06T14:21:56+00:00\" \/>\n<meta property=\"article:modified_time\" content=\"2025-12-06T14:26:26+00:00\" \/>\n<meta name=\"author\" content=\"Lars Lundqvist\" \/>\n<meta name=\"twitter:card\" content=\"summary_large_image\" \/>\n<meta name=\"twitter:label1\" content=\"Skriven av\" \/>\n\t<meta name=\"twitter:data1\" content=\"Lars Lundqvist\" \/>\n\t<meta name=\"twitter:label2\" content=\"Ber\u00e4knad l\u00e4stid\" \/>\n\t<meta name=\"twitter:data2\" content=\"1 minut\" \/>\n<script type=\"application\/ld+json\" class=\"yoast-schema-graph\">{\"@context\":\"https:\\\/\\\/schema.org\",\"@graph\":[{\"@type\":\"Article\",\"@id\":\"https:\\\/\\\/wp.kristdemokraterna.se\\\/nykoping\\\/ahmad-och-urban-det-ar-inte-roligt\\\/#article\",\"isPartOf\":{\"@id\":\"https:\\\/\\\/wp.kristdemokraterna.se\\\/nykoping\\\/ahmad-och-urban-det-ar-inte-roligt\\\/\"},\"author\":{\"name\":\"Lars Lundqvist\",\"@id\":\"https:\\\/\\\/wp.kristdemokraterna.se\\\/nykoping\\\/#\\\/schema\\\/person\\\/c13f6a1f33eee1c7c516a7f0633f1ccf\"},\"headline\":\"Ahmad och Urban \u2013 det \u00e4r inte roligt\",\"datePublished\":\"2025-12-06T14:21:56+00:00\",\"dateModified\":\"2025-12-06T14:26:26+00:00\",\"mainEntityOfPage\":{\"@id\":\"https:\\\/\\\/wp.kristdemokraterna.se\\\/nykoping\\\/ahmad-och-urban-det-ar-inte-roligt\\\/\"},\"wordCount\":77,\"articleSection\":[\"Debatt\\\/ins\u00e4ndare\"],\"inLanguage\":\"sv-SE\"},{\"@type\":\"WebPage\",\"@id\":\"https:\\\/\\\/wp.kristdemokraterna.se\\\/nykoping\\\/ahmad-och-urban-det-ar-inte-roligt\\\/\",\"url\":\"https:\\\/\\\/wp.kristdemokraterna.se\\\/nykoping\\\/ahmad-och-urban-det-ar-inte-roligt\\\/\",\"name\":\"Ahmad och Urban \u2013 det \u00e4r inte roligt - Kristdemokraterna i Nyk\u00f6ping\",\"isPartOf\":{\"@id\":\"https:\\\/\\\/wp.kristdemokraterna.se\\\/nykoping\\\/#website\"},\"datePublished\":\"2025-12-06T14:21:56+00:00\",\"dateModified\":\"2025-12-06T14:26:26+00:00\",\"author\":{\"@id\":\"https:\\\/\\\/wp.kristdemokraterna.se\\\/nykoping\\\/#\\\/schema\\\/person\\\/c13f6a1f33eee1c7c516a7f0633f1ccf\"},\"breadcrumb\":{\"@id\":\"https:\\\/\\\/wp.kristdemokraterna.se\\\/nykoping\\\/ahmad-och-urban-det-ar-inte-roligt\\\/#breadcrumb\"},\"inLanguage\":\"sv-SE\",\"potentialAction\":[{\"@type\":\"ReadAction\",\"target\":[\"https:\\\/\\\/wp.kristdemokraterna.se\\\/nykoping\\\/ahmad-och-urban-det-ar-inte-roligt\\\/\"]}]},{\"@type\":\"BreadcrumbList\",\"@id\":\"https:\\\/\\\/wp.kristdemokraterna.se\\\/nykoping\\\/ahmad-och-urban-det-ar-inte-roligt\\\/#breadcrumb\",\"itemListElement\":[{\"@type\":\"ListItem\",\"position\":1,\"name\":\"Hem\",\"item\":\"https:\\\/\\\/wp.kristdemokraterna.se\\\/nykoping\\\/\"},{\"@type\":\"ListItem\",\"position\":2,\"name\":\"Ahmad och Urban \u2013 det \u00e4r inte roligt\"}]},{\"@type\":\"WebSite\",\"@id\":\"https:\\\/\\\/wp.kristdemokraterna.se\\\/nykoping\\\/#website\",\"url\":\"https:\\\/\\\/wp.kristdemokraterna.se\\\/nykoping\\\/\",\"name\":\"Kristdemokraterna i Nyk\u00f6ping\",\"description\":\"Du ska kunna lita p\u00e5 Sverige\",\"inLanguage\":\"sv-SE\"},{\"@type\":\"Person\",\"@id\":\"https:\\\/\\\/wp.kristdemokraterna.se\\\/nykoping\\\/#\\\/schema\\\/person\\\/c13f6a1f33eee1c7c516a7f0633f1ccf\",\"name\":\"Lars Lundqvist\",\"image\":{\"@type\":\"ImageObject\",\"inLanguage\":\"sv-SE\",\"@id\":\"https:\\\/\\\/secure.gravatar.com\\\/avatar\\\/49d34aaaf51289b16acb2d9fceea57063bb079b97fc3bf1b05de861f087d1528?s=96&d=mm&r=g\",\"url\":\"https:\\\/\\\/secure.gravatar.com\\\/avatar\\\/49d34aaaf51289b16acb2d9fceea57063bb079b97fc3bf1b05de861f087d1528?s=96&d=mm&r=g\",\"contentUrl\":\"https:\\\/\\\/secure.gravatar.com\\\/avatar\\\/49d34aaaf51289b16acb2d9fceea57063bb079b97fc3bf1b05de861f087d1528?s=96&d=mm&r=g\",\"caption\":\"Lars Lundqvist\"},\"url\":\"https:\\\/\\\/wp.kristdemokraterna.se\\\/nykoping\\\/author\\\/lundqvist\\\/\"}]}<\/script>\n<!-- \/ Yoast SEO plugin. -->","yoast_head_json":{"title":"Ahmad och Urban \u2013 det \u00e4r inte roligt - Kristdemokraterna i Nyk\u00f6ping","robots":{"index":"index","follow":"follow","max-snippet":"max-snippet:-1","max-image-preview":"max-image-preview:large","max-video-preview":"max-video-preview:-1"},"canonical":"https:\/\/wp.kristdemokraterna.se\/nykoping\/ahmad-och-urban-det-ar-inte-roligt\/","og_locale":"sv_SE","og_type":"article","og_title":"Ahmad och Urban \u2013 det \u00e4r inte roligt - Kristdemokraterna i Nyk\u00f6ping","og_description":"&#8221;Kristdemokraterna har l\u00e4nge framf\u00f6rt behovet av en kommunarkitekt. Nu beh\u00f6vs en s\u00e5dan f\u00f6r att de estetiska v\u00e4rdena i och runt v\u00e5r kommun inte skall g\u00e5 f\u00f6rlorade&#8221; skriver ins\u00e4ndarskribenten Maud Waichtmeister. L\u00e4s hela debattartikeln, som publicerades 29 augusti 2024 i SN, genom att f\u00f6lja l\u00e4nken nedan: https:\/\/www.sn.se\/insandare\/artikel\/ahmad-och-urban-det-ar-inte-roligt\/jow7d58l Bilden tagen av Daren Hsu","og_url":"https:\/\/wp.kristdemokraterna.se\/nykoping\/ahmad-och-urban-det-ar-inte-roligt\/","og_site_name":"Kristdemokraterna i Nyk\u00f6ping","article_published_time":"2025-12-06T14:21:56+00:00","article_modified_time":"2025-12-06T14:26:26+00:00","author":"Lars Lundqvist","twitter_card":"summary_large_image","twitter_misc":{"Skriven av":"Lars Lundqvist","Ber\u00e4knad l\u00e4stid":"1 minut"},"schema":{"@context":"https:\/\/schema.org","@graph":[{"@type":"Article","@id":"https:\/\/wp.kristdemokraterna.se\/nykoping\/ahmad-och-urban-det-ar-inte-roligt\/#article","isPartOf":{"@id":"https:\/\/wp.kristdemokraterna.se\/nykoping\/ahmad-och-urban-det-ar-inte-roligt\/"},"author":{"name":"Lars Lundqvist","@id":"https:\/\/wp.kristdemokraterna.se\/nykoping\/#\/schema\/person\/c13f6a1f33eee1c7c516a7f0633f1ccf"},"headline":"Ahmad och Urban \u2013 det \u00e4r inte roligt","datePublished":"2025-12-06T14:21:56+00:00","dateModified":"2025-12-06T14:26:26+00:00","mainEntityOfPage":{"@id":"https:\/\/wp.kristdemokraterna.se\/nykoping\/ahmad-och-urban-det-ar-inte-roligt\/"},"wordCount":77,"articleSection":["Debatt\/ins\u00e4ndare"],"inLanguage":"sv-SE"},{"@type":"WebPage","@id":"https:\/\/wp.kristdemokraterna.se\/nykoping\/ahmad-och-urban-det-ar-inte-roligt\/","url":"https:\/\/wp.kristdemokraterna.se\/nykoping\/ahmad-och-urban-det-ar-inte-roligt\/","name":"Ahmad och Urban \u2013 det \u00e4r inte roligt - Kristdemokraterna i Nyk\u00f6ping","isPartOf":{"@id":"https:\/\/wp.kristdemokraterna.se\/nykoping\/#website"},"datePublished":"2025-12-06T14:21:56+00:00","dateModified":"2025-12-06T14:26:26+00:00","author":{"@id":"https:\/\/wp.kristdemokraterna.se\/nykoping\/#\/schema\/person\/c13f6a1f33eee1c7c516a7f0633f1ccf"},"breadcrumb":{"@id":"https:\/\/wp.kristdemokraterna.se\/nykoping\/ahmad-och-urban-det-ar-inte-roligt\/#breadcrumb"},"inLanguage":"sv-SE","potentialAction":[{"@type":"ReadAction","target":["https:\/\/wp.kristdemokraterna.se\/nykoping\/ahmad-och-urban-det-ar-inte-roligt\/"]}]},{"@type":"BreadcrumbList","@id":"https:\/\/wp.kristdemokraterna.se\/nykoping\/ahmad-och-urban-det-ar-inte-roligt\/#breadcrumb","itemListElement":[{"@type":"ListItem","position":1,"name":"Hem","item":"https:\/\/wp.kristdemokraterna.se\/nykoping\/"},{"@type":"ListItem","position":2,"name":"Ahmad och Urban \u2013 det \u00e4r inte roligt"}]},{"@type":"WebSite","@id":"https:\/\/wp.kristdemokraterna.se\/nykoping\/#website","url":"https:\/\/wp.kristdemokraterna.se\/nykoping\/","name":"Kristdemokraterna i Nyk\u00f6ping","description":"Du ska kunna lita p\u00e5 Sverige","inLanguage":"sv-SE"},{"@type":"Person","@id":"https:\/\/wp.kristdemokraterna.se\/nykoping\/#\/schema\/person\/c13f6a1f33eee1c7c516a7f0633f1ccf","name":"Lars Lundqvist","image":{"@type":"ImageObject","inLanguage":"sv-SE","@id":"https:\/\/secure.gravatar.com\/avatar\/49d34aaaf51289b16acb2d9fceea57063bb079b97fc3bf1b05de861f087d1528?s=96&d=mm&r=g","url":"https:\/\/secure.gravatar.com\/avatar\/49d34aaaf51289b16acb2d9fceea57063bb079b97fc3bf1b05de861f087d1528?s=96&d=mm&r=g","contentUrl":"https:\/\/secure.gravatar.com\/avatar\/49d34aaaf51289b16acb2d9fceea57063bb079b97fc3bf1b05de861f087d1528?s=96&d=mm&r=g","caption":"Lars Lundqvist"},"url":"https:\/\/wp.kristdemokraterna.se\/nykoping\/author\/lundqvist\/"}]}},"_links":{"self":[{"href":"https:\/\/wp.kristdemokraterna.se\/nykoping\/wp-json\/wp\/v2\/posts\/740","targetHints":{"allow":["GET"]}}],"collection":[{"href":"https:\/\/wp.kristdemokraterna.se\/nykoping\/wp-json\/wp\/v2\/posts"}],"about":[{"href":"https:\/\/wp.kristdemokraterna.se\/nykoping\/wp-json\/wp\/v2\/types\/post"}],"author":[{"embeddable":true,"href":"https:\/\/wp.kristdemokraterna.se\/nykoping\/wp-json\/wp\/v2\/users\/834"}],"replies":[{"embeddable":true,"href":"https:\/\/wp.kristdemokraterna.se\/nykoping\/wp-json\/wp\/v2\/comments?post=740"}],"version-history":[{"count":4,"href":"https:\/\/wp.kristdemokraterna.se\/nykoping\/wp-json\/wp\/v2\/posts\/740\/revisions"}],"predecessor-version":[{"id":745,"href":"https:\/\/wp.kristdemokraterna.se\/nykoping\/wp-json\/wp\/v2\/posts\/740\/revisions\/745"}],"wp:attachment":[{"href":"https:\/\/wp.kristdemokraterna.se\/nykoping\/wp-json\/wp\/v2\/media?parent=740"}],"wp:term":[{"taxonomy":"category","embeddable":true,"href":"https:\/\/wp.kristdemokraterna.se\/nykoping\/wp-json\/wp\/v2\/categories?post=740"},{"taxonomy":"post_tag","embeddable":true,"href":"https:\/\/wp.kristdemokraterna.se\/nykoping\/wp-json\/wp\/v2\/tags?post=740"}],"curies":[{"name":"wp","href":"https:\/\/api.w.org\/{rel}","templated":true}]}}