{"id":761,"date":"2026-03-27T12:37:48","date_gmt":"2026-03-27T11:37:48","guid":{"rendered":"https:\/\/wp.kristdemokraterna.se\/nykoping\/?p=761"},"modified":"2026-03-27T12:53:22","modified_gmt":"2026-03-27T11:53:22","slug":"nu-racker-det","status":"publish","type":"post","link":"https:\/\/wp.kristdemokraterna.se\/nykoping\/nu-racker-det\/","title":{"rendered":"Nu r\u00e4cker det"},"content":{"rendered":"<p>Att vara s\u00e5 tond\u00f6va och inte f\u00f6rst\u00e5 att skolan har stora problem med systematiska resursbrister \u00e4r oacceptabelt. Ins\u00e4ndare av Maud Wachtmeister, gruppledare Kristdemokraterna i Nyk\u00f6ping.<\/p>\n<p>L\u00e4s hela ins\u00e4ndaren. Klicka p\u00e5 l\u00e4nken.<\/p>\n<p><a href=\"https:\/\/www.sn.se\/insandare\/artikel\/nu-racker-det-\/r14mee6r\">https:\/\/www.sn.se\/insandare\/artikel\/nu-racker-det-\/r14mee6r<\/a><\/p>\n<p>&nbsp;<\/p>\n","protected":false},"excerpt":{"rendered":"<p>Att vara s\u00e5 tond\u00f6va och inte f\u00f6rst\u00e5 att skolan har stora problem med systematiska resursbrister \u00e4r oacceptabelt. Ins\u00e4ndare av Maud Wachtmeister, gruppledare Kristdemokraterna i Nyk\u00f6ping. L\u00e4s hela ins\u00e4ndaren. Klicka p\u00e5 l\u00e4nken. https:\/\/www.sn.se\/insandare\/artikel\/nu-racker-det-\/r14mee6r &nbsp;<\/p>\n","protected":false},"author":834,"featured_media":0,"comment_status":"closed","ping_status":"closed","sticky":false,"template":"","format":"standard","meta":{"_acf_changed":false,"footnotes":""},"categories":[1],"tags":[],"class_list":["post-761","post","type-post","status-publish","format-standard","hentry","category-nyheter"],"acf":[],"yoast_head":"<!-- This site is optimized with the Yoast SEO plugin v27.4 - https:\/\/yoast.com\/product\/yoast-seo-wordpress\/ -->\n<title>Nu r\u00e4cker det - Kristdemokraterna i Nyk\u00f6ping<\/title>\n<meta name=\"robots\" content=\"index, follow, max-snippet:-1, max-image-preview:large, max-video-preview:-1\" \/>\n<link rel=\"canonical\" href=\"https:\/\/wp.kristdemokraterna.se\/nykoping\/nu-racker-det\/\" \/>\n<meta property=\"og:locale\" content=\"sv_SE\" \/>\n<meta property=\"og:type\" content=\"article\" \/>\n<meta property=\"og:title\" content=\"Nu r\u00e4cker det - Kristdemokraterna i Nyk\u00f6ping\" \/>\n<meta property=\"og:description\" content=\"Att vara s\u00e5 tond\u00f6va och inte f\u00f6rst\u00e5 att skolan har stora problem med systematiska resursbrister \u00e4r oacceptabelt. Ins\u00e4ndare av Maud Wachtmeister, gruppledare Kristdemokraterna i Nyk\u00f6ping. L\u00e4s hela ins\u00e4ndaren. Klicka p\u00e5 l\u00e4nken. https:\/\/www.sn.se\/insandare\/artikel\/nu-racker-det-\/r14mee6r &nbsp;\" \/>\n<meta property=\"og:url\" content=\"https:\/\/wp.kristdemokraterna.se\/nykoping\/nu-racker-det\/\" \/>\n<meta property=\"og:site_name\" content=\"Kristdemokraterna i Nyk\u00f6ping\" \/>\n<meta property=\"article:published_time\" content=\"2026-03-27T11:37:48+00:00\" \/>\n<meta property=\"article:modified_time\" content=\"2026-03-27T11:53:22+00:00\" \/>\n<meta name=\"author\" content=\"Lars Lundqvist\" \/>\n<meta name=\"twitter:card\" content=\"summary_large_image\" \/>\n<meta name=\"twitter:label1\" content=\"Skriven av\" \/>\n\t<meta name=\"twitter:data1\" content=\"Lars Lundqvist\" \/>\n\t<meta name=\"twitter:label2\" content=\"Ber\u00e4knad l\u00e4stid\" \/>\n\t<meta name=\"twitter:data2\" content=\"1 minut\" \/>\n<script type=\"application\/ld+json\" class=\"yoast-schema-graph\">{\"@context\":\"https:\\\/\\\/schema.org\",\"@graph\":[{\"@type\":\"Article\",\"@id\":\"https:\\\/\\\/wp.kristdemokraterna.se\\\/nykoping\\\/nu-racker-det\\\/#article\",\"isPartOf\":{\"@id\":\"https:\\\/\\\/wp.kristdemokraterna.se\\\/nykoping\\\/nu-racker-det\\\/\"},\"author\":{\"name\":\"Lars Lundqvist\",\"@id\":\"https:\\\/\\\/wp.kristdemokraterna.se\\\/nykoping\\\/#\\\/schema\\\/person\\\/c13f6a1f33eee1c7c516a7f0633f1ccf\"},\"headline\":\"Nu r\u00e4cker det\",\"datePublished\":\"2026-03-27T11:37:48+00:00\",\"dateModified\":\"2026-03-27T11:53:22+00:00\",\"mainEntityOfPage\":{\"@id\":\"https:\\\/\\\/wp.kristdemokraterna.se\\\/nykoping\\\/nu-racker-det\\\/\"},\"wordCount\":53,\"articleSection\":[\"Nyheter\"],\"inLanguage\":\"sv-SE\"},{\"@type\":\"WebPage\",\"@id\":\"https:\\\/\\\/wp.kristdemokraterna.se\\\/nykoping\\\/nu-racker-det\\\/\",\"url\":\"https:\\\/\\\/wp.kristdemokraterna.se\\\/nykoping\\\/nu-racker-det\\\/\",\"name\":\"Nu r\u00e4cker det - Kristdemokraterna i Nyk\u00f6ping\",\"isPartOf\":{\"@id\":\"https:\\\/\\\/wp.kristdemokraterna.se\\\/nykoping\\\/#website\"},\"datePublished\":\"2026-03-27T11:37:48+00:00\",\"dateModified\":\"2026-03-27T11:53:22+00:00\",\"author\":{\"@id\":\"https:\\\/\\\/wp.kristdemokraterna.se\\\/nykoping\\\/#\\\/schema\\\/person\\\/c13f6a1f33eee1c7c516a7f0633f1ccf\"},\"breadcrumb\":{\"@id\":\"https:\\\/\\\/wp.kristdemokraterna.se\\\/nykoping\\\/nu-racker-det\\\/#breadcrumb\"},\"inLanguage\":\"sv-SE\",\"potentialAction\":[{\"@type\":\"ReadAction\",\"target\":[\"https:\\\/\\\/wp.kristdemokraterna.se\\\/nykoping\\\/nu-racker-det\\\/\"]}]},{\"@type\":\"BreadcrumbList\",\"@id\":\"https:\\\/\\\/wp.kristdemokraterna.se\\\/nykoping\\\/nu-racker-det\\\/#breadcrumb\",\"itemListElement\":[{\"@type\":\"ListItem\",\"position\":1,\"name\":\"Hem\",\"item\":\"https:\\\/\\\/wp.kristdemokraterna.se\\\/nykoping\\\/\"},{\"@type\":\"ListItem\",\"position\":2,\"name\":\"Nu r\u00e4cker det\"}]},{\"@type\":\"WebSite\",\"@id\":\"https:\\\/\\\/wp.kristdemokraterna.se\\\/nykoping\\\/#website\",\"url\":\"https:\\\/\\\/wp.kristdemokraterna.se\\\/nykoping\\\/\",\"name\":\"Kristdemokraterna i Nyk\u00f6ping\",\"description\":\"Du ska kunna lita p\u00e5 Sverige\",\"inLanguage\":\"sv-SE\"},{\"@type\":\"Person\",\"@id\":\"https:\\\/\\\/wp.kristdemokraterna.se\\\/nykoping\\\/#\\\/schema\\\/person\\\/c13f6a1f33eee1c7c516a7f0633f1ccf\",\"name\":\"Lars Lundqvist\",\"image\":{\"@type\":\"ImageObject\",\"inLanguage\":\"sv-SE\",\"@id\":\"https:\\\/\\\/secure.gravatar.com\\\/avatar\\\/49d34aaaf51289b16acb2d9fceea57063bb079b97fc3bf1b05de861f087d1528?s=96&d=mm&r=g\",\"url\":\"https:\\\/\\\/secure.gravatar.com\\\/avatar\\\/49d34aaaf51289b16acb2d9fceea57063bb079b97fc3bf1b05de861f087d1528?s=96&d=mm&r=g\",\"contentUrl\":\"https:\\\/\\\/secure.gravatar.com\\\/avatar\\\/49d34aaaf51289b16acb2d9fceea57063bb079b97fc3bf1b05de861f087d1528?s=96&d=mm&r=g\",\"caption\":\"Lars Lundqvist\"},\"url\":\"https:\\\/\\\/wp.kristdemokraterna.se\\\/nykoping\\\/author\\\/lundqvist\\\/\"}]}<\/script>\n<!-- \/ Yoast SEO plugin. -->","yoast_head_json":{"title":"Nu r\u00e4cker det - Kristdemokraterna i Nyk\u00f6ping","robots":{"index":"index","follow":"follow","max-snippet":"max-snippet:-1","max-image-preview":"max-image-preview:large","max-video-preview":"max-video-preview:-1"},"canonical":"https:\/\/wp.kristdemokraterna.se\/nykoping\/nu-racker-det\/","og_locale":"sv_SE","og_type":"article","og_title":"Nu r\u00e4cker det - Kristdemokraterna i Nyk\u00f6ping","og_description":"Att vara s\u00e5 tond\u00f6va och inte f\u00f6rst\u00e5 att skolan har stora problem med systematiska resursbrister \u00e4r oacceptabelt. Ins\u00e4ndare av Maud Wachtmeister, gruppledare Kristdemokraterna i Nyk\u00f6ping. L\u00e4s hela ins\u00e4ndaren. Klicka p\u00e5 l\u00e4nken. https:\/\/www.sn.se\/insandare\/artikel\/nu-racker-det-\/r14mee6r &nbsp;","og_url":"https:\/\/wp.kristdemokraterna.se\/nykoping\/nu-racker-det\/","og_site_name":"Kristdemokraterna i Nyk\u00f6ping","article_published_time":"2026-03-27T11:37:48+00:00","article_modified_time":"2026-03-27T11:53:22+00:00","author":"Lars Lundqvist","twitter_card":"summary_large_image","twitter_misc":{"Skriven av":"Lars Lundqvist","Ber\u00e4knad l\u00e4stid":"1 minut"},"schema":{"@context":"https:\/\/schema.org","@graph":[{"@type":"Article","@id":"https:\/\/wp.kristdemokraterna.se\/nykoping\/nu-racker-det\/#article","isPartOf":{"@id":"https:\/\/wp.kristdemokraterna.se\/nykoping\/nu-racker-det\/"},"author":{"name":"Lars Lundqvist","@id":"https:\/\/wp.kristdemokraterna.se\/nykoping\/#\/schema\/person\/c13f6a1f33eee1c7c516a7f0633f1ccf"},"headline":"Nu r\u00e4cker det","datePublished":"2026-03-27T11:37:48+00:00","dateModified":"2026-03-27T11:53:22+00:00","mainEntityOfPage":{"@id":"https:\/\/wp.kristdemokraterna.se\/nykoping\/nu-racker-det\/"},"wordCount":53,"articleSection":["Nyheter"],"inLanguage":"sv-SE"},{"@type":"WebPage","@id":"https:\/\/wp.kristdemokraterna.se\/nykoping\/nu-racker-det\/","url":"https:\/\/wp.kristdemokraterna.se\/nykoping\/nu-racker-det\/","name":"Nu r\u00e4cker det - Kristdemokraterna i Nyk\u00f6ping","isPartOf":{"@id":"https:\/\/wp.kristdemokraterna.se\/nykoping\/#website"},"datePublished":"2026-03-27T11:37:48+00:00","dateModified":"2026-03-27T11:53:22+00:00","author":{"@id":"https:\/\/wp.kristdemokraterna.se\/nykoping\/#\/schema\/person\/c13f6a1f33eee1c7c516a7f0633f1ccf"},"breadcrumb":{"@id":"https:\/\/wp.kristdemokraterna.se\/nykoping\/nu-racker-det\/#breadcrumb"},"inLanguage":"sv-SE","potentialAction":[{"@type":"ReadAction","target":["https:\/\/wp.kristdemokraterna.se\/nykoping\/nu-racker-det\/"]}]},{"@type":"BreadcrumbList","@id":"https:\/\/wp.kristdemokraterna.se\/nykoping\/nu-racker-det\/#breadcrumb","itemListElement":[{"@type":"ListItem","position":1,"name":"Hem","item":"https:\/\/wp.kristdemokraterna.se\/nykoping\/"},{"@type":"ListItem","position":2,"name":"Nu r\u00e4cker det"}]},{"@type":"WebSite","@id":"https:\/\/wp.kristdemokraterna.se\/nykoping\/#website","url":"https:\/\/wp.kristdemokraterna.se\/nykoping\/","name":"Kristdemokraterna i Nyk\u00f6ping","description":"Du ska kunna lita p\u00e5 Sverige","inLanguage":"sv-SE"},{"@type":"Person","@id":"https:\/\/wp.kristdemokraterna.se\/nykoping\/#\/schema\/person\/c13f6a1f33eee1c7c516a7f0633f1ccf","name":"Lars Lundqvist","image":{"@type":"ImageObject","inLanguage":"sv-SE","@id":"https:\/\/secure.gravatar.com\/avatar\/49d34aaaf51289b16acb2d9fceea57063bb079b97fc3bf1b05de861f087d1528?s=96&d=mm&r=g","url":"https:\/\/secure.gravatar.com\/avatar\/49d34aaaf51289b16acb2d9fceea57063bb079b97fc3bf1b05de861f087d1528?s=96&d=mm&r=g","contentUrl":"https:\/\/secure.gravatar.com\/avatar\/49d34aaaf51289b16acb2d9fceea57063bb079b97fc3bf1b05de861f087d1528?s=96&d=mm&r=g","caption":"Lars Lundqvist"},"url":"https:\/\/wp.kristdemokraterna.se\/nykoping\/author\/lundqvist\/"}]}},"_links":{"self":[{"href":"https:\/\/wp.kristdemokraterna.se\/nykoping\/wp-json\/wp\/v2\/posts\/761","targetHints":{"allow":["GET"]}}],"collection":[{"href":"https:\/\/wp.kristdemokraterna.se\/nykoping\/wp-json\/wp\/v2\/posts"}],"about":[{"href":"https:\/\/wp.kristdemokraterna.se\/nykoping\/wp-json\/wp\/v2\/types\/post"}],"author":[{"embeddable":true,"href":"https:\/\/wp.kristdemokraterna.se\/nykoping\/wp-json\/wp\/v2\/users\/834"}],"replies":[{"embeddable":true,"href":"https:\/\/wp.kristdemokraterna.se\/nykoping\/wp-json\/wp\/v2\/comments?post=761"}],"version-history":[{"count":4,"href":"https:\/\/wp.kristdemokraterna.se\/nykoping\/wp-json\/wp\/v2\/posts\/761\/revisions"}],"predecessor-version":[{"id":771,"href":"https:\/\/wp.kristdemokraterna.se\/nykoping\/wp-json\/wp\/v2\/posts\/761\/revisions\/771"}],"wp:attachment":[{"href":"https:\/\/wp.kristdemokraterna.se\/nykoping\/wp-json\/wp\/v2\/media?parent=761"}],"wp:term":[{"taxonomy":"category","embeddable":true,"href":"https:\/\/wp.kristdemokraterna.se\/nykoping\/wp-json\/wp\/v2\/categories?post=761"},{"taxonomy":"post_tag","embeddable":true,"href":"https:\/\/wp.kristdemokraterna.se\/nykoping\/wp-json\/wp\/v2\/tags?post=761"}],"curies":[{"name":"wp","href":"https:\/\/api.w.org\/{rel}","templated":true}]}}