{"id":764,"date":"2026-03-27T12:42:20","date_gmt":"2026-03-27T11:42:20","guid":{"rendered":"https:\/\/wp.kristdemokraterna.se\/nykoping\/?p=764"},"modified":"2026-03-27T12:42:20","modified_gmt":"2026-03-27T11:42:20","slug":"hot-mot-politiker-ett-vaxande-problem","status":"publish","type":"post","link":"https:\/\/wp.kristdemokraterna.se\/nykoping\/hot-mot-politiker-ett-vaxande-problem\/","title":{"rendered":"Hot mot politiker, ett v\u00e4xande problem"},"content":{"rendered":"<p>Alltf\u00f6r l\u00e4nge har olika akt\u00f6rer pekat p\u00e5 varandra f\u00f6r att slippa ta ansvar n\u00e4r hotade och trakasserade politiker beh\u00f6ver st\u00f6d. Nu \u00e4r det slut med det. Vid halv\u00e5rsskiftet \u00e4ndras lagen s\u00e5 att kommuner och regioner \u00e4r skyldiga att dels f\u00f6rebygga hot, hat och trakasserier, dels aktivt st\u00f6dja de som blir utsatta&#8221;, skriver representanter fr\u00e5n Kristdemokraterna.<\/p>\n<p>L\u00e4s hela debattartikeln, klicka p\u00e5 l\u00e4nken.<\/p>\n<p><a href=\"https:\/\/www.sn.se\/debatt\/artikel\/hot-mot-politiker-ett-vaxande-problem\/re7mdow\">https:\/\/www.sn.se\/debatt\/artikel\/hot-mot-politiker-ett-vaxande-problem\/re7mdow<\/a>j<\/p>\n","protected":false},"excerpt":{"rendered":"<p>Alltf\u00f6r l\u00e4nge har olika akt\u00f6rer pekat p\u00e5 varandra f\u00f6r att slippa ta ansvar n\u00e4r hotade och trakasserade politiker beh\u00f6ver st\u00f6d. Nu \u00e4r det slut med det. Vid halv\u00e5rsskiftet \u00e4ndras lagen s\u00e5 att kommuner och regioner \u00e4r skyldiga att dels f\u00f6rebygga hot, hat och trakasserier, dels aktivt st\u00f6dja de som blir utsatta&#8221;, skriver representanter fr\u00e5n Kristdemokraterna. <a class=\"read-more-link\" href=\"https:\/\/wp.kristdemokraterna.se\/nykoping\/hot-mot-politiker-ett-vaxande-problem\/\">L\u00e4s mer<\/a><\/p>\n","protected":false},"author":834,"featured_media":0,"comment_status":"closed","ping_status":"closed","sticky":false,"template":"","format":"standard","meta":{"_acf_changed":false,"footnotes":""},"categories":[16],"tags":[],"class_list":["post-764","post","type-post","status-publish","format-standard","hentry","category-debatt-och-insandare"],"acf":[],"yoast_head":"<!-- This site is optimized with the Yoast SEO plugin v27.4 - https:\/\/yoast.com\/product\/yoast-seo-wordpress\/ -->\n<title>Hot mot politiker, ett v\u00e4xande problem - Kristdemokraterna i Nyk\u00f6ping<\/title>\n<meta name=\"robots\" content=\"index, follow, max-snippet:-1, max-image-preview:large, max-video-preview:-1\" \/>\n<link rel=\"canonical\" href=\"https:\/\/wp.kristdemokraterna.se\/nykoping\/hot-mot-politiker-ett-vaxande-problem\/\" \/>\n<meta property=\"og:locale\" content=\"sv_SE\" \/>\n<meta property=\"og:type\" content=\"article\" \/>\n<meta property=\"og:title\" content=\"Hot mot politiker, ett v\u00e4xande problem - Kristdemokraterna i Nyk\u00f6ping\" \/>\n<meta property=\"og:description\" content=\"Alltf\u00f6r l\u00e4nge har olika akt\u00f6rer pekat p\u00e5 varandra f\u00f6r att slippa ta ansvar n\u00e4r hotade och trakasserade politiker beh\u00f6ver st\u00f6d. Nu \u00e4r det slut med det. Vid halv\u00e5rsskiftet \u00e4ndras lagen s\u00e5 att kommuner och regioner \u00e4r skyldiga att dels f\u00f6rebygga hot, hat och trakasserier, dels aktivt st\u00f6dja de som blir utsatta&#8221;, skriver representanter fr\u00e5n Kristdemokraterna. L\u00e4s mer\" \/>\n<meta property=\"og:url\" content=\"https:\/\/wp.kristdemokraterna.se\/nykoping\/hot-mot-politiker-ett-vaxande-problem\/\" \/>\n<meta property=\"og:site_name\" content=\"Kristdemokraterna i Nyk\u00f6ping\" \/>\n<meta property=\"article:published_time\" content=\"2026-03-27T11:42:20+00:00\" \/>\n<meta name=\"author\" content=\"Lars Lundqvist\" \/>\n<meta name=\"twitter:card\" content=\"summary_large_image\" \/>\n<meta name=\"twitter:label1\" content=\"Skriven av\" \/>\n\t<meta name=\"twitter:data1\" content=\"Lars Lundqvist\" \/>\n\t<meta name=\"twitter:label2\" content=\"Ber\u00e4knad l\u00e4stid\" \/>\n\t<meta name=\"twitter:data2\" content=\"1 minut\" \/>\n<script type=\"application\/ld+json\" class=\"yoast-schema-graph\">{\"@context\":\"https:\\\/\\\/schema.org\",\"@graph\":[{\"@type\":\"Article\",\"@id\":\"https:\\\/\\\/wp.kristdemokraterna.se\\\/nykoping\\\/hot-mot-politiker-ett-vaxande-problem\\\/#article\",\"isPartOf\":{\"@id\":\"https:\\\/\\\/wp.kristdemokraterna.se\\\/nykoping\\\/hot-mot-politiker-ett-vaxande-problem\\\/\"},\"author\":{\"name\":\"Lars Lundqvist\",\"@id\":\"https:\\\/\\\/wp.kristdemokraterna.se\\\/nykoping\\\/#\\\/schema\\\/person\\\/c13f6a1f33eee1c7c516a7f0633f1ccf\"},\"headline\":\"Hot mot politiker, ett v\u00e4xande problem\",\"datePublished\":\"2026-03-27T11:42:20+00:00\",\"mainEntityOfPage\":{\"@id\":\"https:\\\/\\\/wp.kristdemokraterna.se\\\/nykoping\\\/hot-mot-politiker-ett-vaxande-problem\\\/\"},\"wordCount\":90,\"articleSection\":[\"Debatt\\\/ins\u00e4ndare\"],\"inLanguage\":\"sv-SE\"},{\"@type\":\"WebPage\",\"@id\":\"https:\\\/\\\/wp.kristdemokraterna.se\\\/nykoping\\\/hot-mot-politiker-ett-vaxande-problem\\\/\",\"url\":\"https:\\\/\\\/wp.kristdemokraterna.se\\\/nykoping\\\/hot-mot-politiker-ett-vaxande-problem\\\/\",\"name\":\"Hot mot politiker, ett v\u00e4xande problem - Kristdemokraterna i Nyk\u00f6ping\",\"isPartOf\":{\"@id\":\"https:\\\/\\\/wp.kristdemokraterna.se\\\/nykoping\\\/#website\"},\"datePublished\":\"2026-03-27T11:42:20+00:00\",\"author\":{\"@id\":\"https:\\\/\\\/wp.kristdemokraterna.se\\\/nykoping\\\/#\\\/schema\\\/person\\\/c13f6a1f33eee1c7c516a7f0633f1ccf\"},\"breadcrumb\":{\"@id\":\"https:\\\/\\\/wp.kristdemokraterna.se\\\/nykoping\\\/hot-mot-politiker-ett-vaxande-problem\\\/#breadcrumb\"},\"inLanguage\":\"sv-SE\",\"potentialAction\":[{\"@type\":\"ReadAction\",\"target\":[\"https:\\\/\\\/wp.kristdemokraterna.se\\\/nykoping\\\/hot-mot-politiker-ett-vaxande-problem\\\/\"]}]},{\"@type\":\"BreadcrumbList\",\"@id\":\"https:\\\/\\\/wp.kristdemokraterna.se\\\/nykoping\\\/hot-mot-politiker-ett-vaxande-problem\\\/#breadcrumb\",\"itemListElement\":[{\"@type\":\"ListItem\",\"position\":1,\"name\":\"Hem\",\"item\":\"https:\\\/\\\/wp.kristdemokraterna.se\\\/nykoping\\\/\"},{\"@type\":\"ListItem\",\"position\":2,\"name\":\"Hot mot politiker, ett v\u00e4xande problem\"}]},{\"@type\":\"WebSite\",\"@id\":\"https:\\\/\\\/wp.kristdemokraterna.se\\\/nykoping\\\/#website\",\"url\":\"https:\\\/\\\/wp.kristdemokraterna.se\\\/nykoping\\\/\",\"name\":\"Kristdemokraterna i Nyk\u00f6ping\",\"description\":\"Du ska kunna lita p\u00e5 Sverige\",\"inLanguage\":\"sv-SE\"},{\"@type\":\"Person\",\"@id\":\"https:\\\/\\\/wp.kristdemokraterna.se\\\/nykoping\\\/#\\\/schema\\\/person\\\/c13f6a1f33eee1c7c516a7f0633f1ccf\",\"name\":\"Lars Lundqvist\",\"image\":{\"@type\":\"ImageObject\",\"inLanguage\":\"sv-SE\",\"@id\":\"https:\\\/\\\/secure.gravatar.com\\\/avatar\\\/49d34aaaf51289b16acb2d9fceea57063bb079b97fc3bf1b05de861f087d1528?s=96&d=mm&r=g\",\"url\":\"https:\\\/\\\/secure.gravatar.com\\\/avatar\\\/49d34aaaf51289b16acb2d9fceea57063bb079b97fc3bf1b05de861f087d1528?s=96&d=mm&r=g\",\"contentUrl\":\"https:\\\/\\\/secure.gravatar.com\\\/avatar\\\/49d34aaaf51289b16acb2d9fceea57063bb079b97fc3bf1b05de861f087d1528?s=96&d=mm&r=g\",\"caption\":\"Lars Lundqvist\"},\"url\":\"https:\\\/\\\/wp.kristdemokraterna.se\\\/nykoping\\\/author\\\/lundqvist\\\/\"}]}<\/script>\n<!-- \/ Yoast SEO plugin. -->","yoast_head_json":{"title":"Hot mot politiker, ett v\u00e4xande problem - Kristdemokraterna i Nyk\u00f6ping","robots":{"index":"index","follow":"follow","max-snippet":"max-snippet:-1","max-image-preview":"max-image-preview:large","max-video-preview":"max-video-preview:-1"},"canonical":"https:\/\/wp.kristdemokraterna.se\/nykoping\/hot-mot-politiker-ett-vaxande-problem\/","og_locale":"sv_SE","og_type":"article","og_title":"Hot mot politiker, ett v\u00e4xande problem - Kristdemokraterna i Nyk\u00f6ping","og_description":"Alltf\u00f6r l\u00e4nge har olika akt\u00f6rer pekat p\u00e5 varandra f\u00f6r att slippa ta ansvar n\u00e4r hotade och trakasserade politiker beh\u00f6ver st\u00f6d. Nu \u00e4r det slut med det. Vid halv\u00e5rsskiftet \u00e4ndras lagen s\u00e5 att kommuner och regioner \u00e4r skyldiga att dels f\u00f6rebygga hot, hat och trakasserier, dels aktivt st\u00f6dja de som blir utsatta&#8221;, skriver representanter fr\u00e5n Kristdemokraterna. L\u00e4s mer","og_url":"https:\/\/wp.kristdemokraterna.se\/nykoping\/hot-mot-politiker-ett-vaxande-problem\/","og_site_name":"Kristdemokraterna i Nyk\u00f6ping","article_published_time":"2026-03-27T11:42:20+00:00","author":"Lars Lundqvist","twitter_card":"summary_large_image","twitter_misc":{"Skriven av":"Lars Lundqvist","Ber\u00e4knad l\u00e4stid":"1 minut"},"schema":{"@context":"https:\/\/schema.org","@graph":[{"@type":"Article","@id":"https:\/\/wp.kristdemokraterna.se\/nykoping\/hot-mot-politiker-ett-vaxande-problem\/#article","isPartOf":{"@id":"https:\/\/wp.kristdemokraterna.se\/nykoping\/hot-mot-politiker-ett-vaxande-problem\/"},"author":{"name":"Lars Lundqvist","@id":"https:\/\/wp.kristdemokraterna.se\/nykoping\/#\/schema\/person\/c13f6a1f33eee1c7c516a7f0633f1ccf"},"headline":"Hot mot politiker, ett v\u00e4xande problem","datePublished":"2026-03-27T11:42:20+00:00","mainEntityOfPage":{"@id":"https:\/\/wp.kristdemokraterna.se\/nykoping\/hot-mot-politiker-ett-vaxande-problem\/"},"wordCount":90,"articleSection":["Debatt\/ins\u00e4ndare"],"inLanguage":"sv-SE"},{"@type":"WebPage","@id":"https:\/\/wp.kristdemokraterna.se\/nykoping\/hot-mot-politiker-ett-vaxande-problem\/","url":"https:\/\/wp.kristdemokraterna.se\/nykoping\/hot-mot-politiker-ett-vaxande-problem\/","name":"Hot mot politiker, ett v\u00e4xande problem - Kristdemokraterna i Nyk\u00f6ping","isPartOf":{"@id":"https:\/\/wp.kristdemokraterna.se\/nykoping\/#website"},"datePublished":"2026-03-27T11:42:20+00:00","author":{"@id":"https:\/\/wp.kristdemokraterna.se\/nykoping\/#\/schema\/person\/c13f6a1f33eee1c7c516a7f0633f1ccf"},"breadcrumb":{"@id":"https:\/\/wp.kristdemokraterna.se\/nykoping\/hot-mot-politiker-ett-vaxande-problem\/#breadcrumb"},"inLanguage":"sv-SE","potentialAction":[{"@type":"ReadAction","target":["https:\/\/wp.kristdemokraterna.se\/nykoping\/hot-mot-politiker-ett-vaxande-problem\/"]}]},{"@type":"BreadcrumbList","@id":"https:\/\/wp.kristdemokraterna.se\/nykoping\/hot-mot-politiker-ett-vaxande-problem\/#breadcrumb","itemListElement":[{"@type":"ListItem","position":1,"name":"Hem","item":"https:\/\/wp.kristdemokraterna.se\/nykoping\/"},{"@type":"ListItem","position":2,"name":"Hot mot politiker, ett v\u00e4xande problem"}]},{"@type":"WebSite","@id":"https:\/\/wp.kristdemokraterna.se\/nykoping\/#website","url":"https:\/\/wp.kristdemokraterna.se\/nykoping\/","name":"Kristdemokraterna i Nyk\u00f6ping","description":"Du ska kunna lita p\u00e5 Sverige","inLanguage":"sv-SE"},{"@type":"Person","@id":"https:\/\/wp.kristdemokraterna.se\/nykoping\/#\/schema\/person\/c13f6a1f33eee1c7c516a7f0633f1ccf","name":"Lars Lundqvist","image":{"@type":"ImageObject","inLanguage":"sv-SE","@id":"https:\/\/secure.gravatar.com\/avatar\/49d34aaaf51289b16acb2d9fceea57063bb079b97fc3bf1b05de861f087d1528?s=96&d=mm&r=g","url":"https:\/\/secure.gravatar.com\/avatar\/49d34aaaf51289b16acb2d9fceea57063bb079b97fc3bf1b05de861f087d1528?s=96&d=mm&r=g","contentUrl":"https:\/\/secure.gravatar.com\/avatar\/49d34aaaf51289b16acb2d9fceea57063bb079b97fc3bf1b05de861f087d1528?s=96&d=mm&r=g","caption":"Lars Lundqvist"},"url":"https:\/\/wp.kristdemokraterna.se\/nykoping\/author\/lundqvist\/"}]}},"_links":{"self":[{"href":"https:\/\/wp.kristdemokraterna.se\/nykoping\/wp-json\/wp\/v2\/posts\/764","targetHints":{"allow":["GET"]}}],"collection":[{"href":"https:\/\/wp.kristdemokraterna.se\/nykoping\/wp-json\/wp\/v2\/posts"}],"about":[{"href":"https:\/\/wp.kristdemokraterna.se\/nykoping\/wp-json\/wp\/v2\/types\/post"}],"author":[{"embeddable":true,"href":"https:\/\/wp.kristdemokraterna.se\/nykoping\/wp-json\/wp\/v2\/users\/834"}],"replies":[{"embeddable":true,"href":"https:\/\/wp.kristdemokraterna.se\/nykoping\/wp-json\/wp\/v2\/comments?post=764"}],"version-history":[{"count":1,"href":"https:\/\/wp.kristdemokraterna.se\/nykoping\/wp-json\/wp\/v2\/posts\/764\/revisions"}],"predecessor-version":[{"id":765,"href":"https:\/\/wp.kristdemokraterna.se\/nykoping\/wp-json\/wp\/v2\/posts\/764\/revisions\/765"}],"wp:attachment":[{"href":"https:\/\/wp.kristdemokraterna.se\/nykoping\/wp-json\/wp\/v2\/media?parent=764"}],"wp:term":[{"taxonomy":"category","embeddable":true,"href":"https:\/\/wp.kristdemokraterna.se\/nykoping\/wp-json\/wp\/v2\/categories?post=764"},{"taxonomy":"post_tag","embeddable":true,"href":"https:\/\/wp.kristdemokraterna.se\/nykoping\/wp-json\/wp\/v2\/tags?post=764"}],"curies":[{"name":"wp","href":"https:\/\/api.w.org\/{rel}","templated":true}]}}