{"id":766,"date":"2026-03-27T12:45:41","date_gmt":"2026-03-27T11:45:41","guid":{"rendered":"https:\/\/wp.kristdemokraterna.se\/nykoping\/?p=766"},"modified":"2026-03-27T12:45:41","modified_gmt":"2026-03-27T11:45:41","slug":"med-kd-s-politik-bryter-vi-ensamheten","status":"publish","type":"post","link":"https:\/\/wp.kristdemokraterna.se\/nykoping\/med-kd-s-politik-bryter-vi-ensamheten\/","title":{"rendered":"Med KD:s politik bryter vi ensamheten"},"content":{"rendered":"<p>En av tre vuxna svenskar upplever besv\u00e4r av ensamhet och isolering och studier har visat att det i v\u00e4rsta fall kan vara en lika stor h\u00e4lsorisk som r\u00f6kning, skriver Maud Wachtmeister gruppledare Kristdemokraterna i Nyk\u00f6ping.<\/p>\n<p>L\u00e4s hela debattartikeln, klicka p\u00e5 l\u00e4nken.<\/p>\n<p><a href=\"https:\/\/www.sn.se\/debatt\/artikel\/med-kds-politik-bryter-vi-ensamheten\/j8e813qj\">https:\/\/www.sn.se\/debatt\/artikel\/med-kds-politik-bryter-vi-ensamheten\/j8e813qj<\/a><\/p>\n","protected":false},"excerpt":{"rendered":"<p>En av tre vuxna svenskar upplever besv\u00e4r av ensamhet och isolering och studier har visat att det i v\u00e4rsta fall kan vara en lika stor h\u00e4lsorisk som r\u00f6kning, skriver Maud Wachtmeister gruppledare Kristdemokraterna i Nyk\u00f6ping. L\u00e4s hela debattartikeln, klicka p\u00e5 l\u00e4nken. https:\/\/www.sn.se\/debatt\/artikel\/med-kds-politik-bryter-vi-ensamheten\/j8e813qj<\/p>\n","protected":false},"author":834,"featured_media":0,"comment_status":"closed","ping_status":"closed","sticky":false,"template":"","format":"standard","meta":{"_acf_changed":false,"footnotes":""},"categories":[16],"tags":[],"class_list":["post-766","post","type-post","status-publish","format-standard","hentry","category-debatt-och-insandare"],"acf":[],"yoast_head":"<!-- This site is optimized with the Yoast SEO plugin v27.4 - https:\/\/yoast.com\/product\/yoast-seo-wordpress\/ -->\n<title>Med KD:s politik bryter vi ensamheten - Kristdemokraterna i Nyk\u00f6ping<\/title>\n<meta name=\"robots\" content=\"index, follow, max-snippet:-1, max-image-preview:large, max-video-preview:-1\" \/>\n<link rel=\"canonical\" href=\"https:\/\/wp.kristdemokraterna.se\/nykoping\/med-kd-s-politik-bryter-vi-ensamheten\/\" \/>\n<meta property=\"og:locale\" content=\"sv_SE\" \/>\n<meta property=\"og:type\" content=\"article\" \/>\n<meta property=\"og:title\" content=\"Med KD:s politik bryter vi ensamheten - Kristdemokraterna i Nyk\u00f6ping\" \/>\n<meta property=\"og:description\" content=\"En av tre vuxna svenskar upplever besv\u00e4r av ensamhet och isolering och studier har visat att det i v\u00e4rsta fall kan vara en lika stor h\u00e4lsorisk som r\u00f6kning, skriver Maud Wachtmeister gruppledare Kristdemokraterna i Nyk\u00f6ping. L\u00e4s hela debattartikeln, klicka p\u00e5 l\u00e4nken. https:\/\/www.sn.se\/debatt\/artikel\/med-kds-politik-bryter-vi-ensamheten\/j8e813qj\" \/>\n<meta property=\"og:url\" content=\"https:\/\/wp.kristdemokraterna.se\/nykoping\/med-kd-s-politik-bryter-vi-ensamheten\/\" \/>\n<meta property=\"og:site_name\" content=\"Kristdemokraterna i Nyk\u00f6ping\" \/>\n<meta property=\"article:published_time\" content=\"2026-03-27T11:45:41+00:00\" \/>\n<meta name=\"author\" content=\"Lars Lundqvist\" \/>\n<meta name=\"twitter:card\" content=\"summary_large_image\" \/>\n<meta name=\"twitter:label1\" content=\"Skriven av\" \/>\n\t<meta name=\"twitter:data1\" content=\"Lars Lundqvist\" \/>\n\t<meta name=\"twitter:label2\" content=\"Ber\u00e4knad l\u00e4stid\" \/>\n\t<meta name=\"twitter:data2\" content=\"1 minut\" \/>\n<script type=\"application\/ld+json\" class=\"yoast-schema-graph\">{\"@context\":\"https:\\\/\\\/schema.org\",\"@graph\":[{\"@type\":\"Article\",\"@id\":\"https:\\\/\\\/wp.kristdemokraterna.se\\\/nykoping\\\/med-kd-s-politik-bryter-vi-ensamheten\\\/#article\",\"isPartOf\":{\"@id\":\"https:\\\/\\\/wp.kristdemokraterna.se\\\/nykoping\\\/med-kd-s-politik-bryter-vi-ensamheten\\\/\"},\"author\":{\"name\":\"Lars Lundqvist\",\"@id\":\"https:\\\/\\\/wp.kristdemokraterna.se\\\/nykoping\\\/#\\\/schema\\\/person\\\/c13f6a1f33eee1c7c516a7f0633f1ccf\"},\"headline\":\"Med KD:s politik bryter vi ensamheten\",\"datePublished\":\"2026-03-27T11:45:41+00:00\",\"mainEntityOfPage\":{\"@id\":\"https:\\\/\\\/wp.kristdemokraterna.se\\\/nykoping\\\/med-kd-s-politik-bryter-vi-ensamheten\\\/\"},\"wordCount\":65,\"articleSection\":[\"Debatt\\\/ins\u00e4ndare\"],\"inLanguage\":\"sv-SE\"},{\"@type\":\"WebPage\",\"@id\":\"https:\\\/\\\/wp.kristdemokraterna.se\\\/nykoping\\\/med-kd-s-politik-bryter-vi-ensamheten\\\/\",\"url\":\"https:\\\/\\\/wp.kristdemokraterna.se\\\/nykoping\\\/med-kd-s-politik-bryter-vi-ensamheten\\\/\",\"name\":\"Med KD:s politik bryter vi ensamheten - Kristdemokraterna i Nyk\u00f6ping\",\"isPartOf\":{\"@id\":\"https:\\\/\\\/wp.kristdemokraterna.se\\\/nykoping\\\/#website\"},\"datePublished\":\"2026-03-27T11:45:41+00:00\",\"author\":{\"@id\":\"https:\\\/\\\/wp.kristdemokraterna.se\\\/nykoping\\\/#\\\/schema\\\/person\\\/c13f6a1f33eee1c7c516a7f0633f1ccf\"},\"breadcrumb\":{\"@id\":\"https:\\\/\\\/wp.kristdemokraterna.se\\\/nykoping\\\/med-kd-s-politik-bryter-vi-ensamheten\\\/#breadcrumb\"},\"inLanguage\":\"sv-SE\",\"potentialAction\":[{\"@type\":\"ReadAction\",\"target\":[\"https:\\\/\\\/wp.kristdemokraterna.se\\\/nykoping\\\/med-kd-s-politik-bryter-vi-ensamheten\\\/\"]}]},{\"@type\":\"BreadcrumbList\",\"@id\":\"https:\\\/\\\/wp.kristdemokraterna.se\\\/nykoping\\\/med-kd-s-politik-bryter-vi-ensamheten\\\/#breadcrumb\",\"itemListElement\":[{\"@type\":\"ListItem\",\"position\":1,\"name\":\"Hem\",\"item\":\"https:\\\/\\\/wp.kristdemokraterna.se\\\/nykoping\\\/\"},{\"@type\":\"ListItem\",\"position\":2,\"name\":\"Med KD:s politik bryter vi ensamheten\"}]},{\"@type\":\"WebSite\",\"@id\":\"https:\\\/\\\/wp.kristdemokraterna.se\\\/nykoping\\\/#website\",\"url\":\"https:\\\/\\\/wp.kristdemokraterna.se\\\/nykoping\\\/\",\"name\":\"Kristdemokraterna i Nyk\u00f6ping\",\"description\":\"Du ska kunna lita p\u00e5 Sverige\",\"inLanguage\":\"sv-SE\"},{\"@type\":\"Person\",\"@id\":\"https:\\\/\\\/wp.kristdemokraterna.se\\\/nykoping\\\/#\\\/schema\\\/person\\\/c13f6a1f33eee1c7c516a7f0633f1ccf\",\"name\":\"Lars Lundqvist\",\"image\":{\"@type\":\"ImageObject\",\"inLanguage\":\"sv-SE\",\"@id\":\"https:\\\/\\\/secure.gravatar.com\\\/avatar\\\/49d34aaaf51289b16acb2d9fceea57063bb079b97fc3bf1b05de861f087d1528?s=96&d=mm&r=g\",\"url\":\"https:\\\/\\\/secure.gravatar.com\\\/avatar\\\/49d34aaaf51289b16acb2d9fceea57063bb079b97fc3bf1b05de861f087d1528?s=96&d=mm&r=g\",\"contentUrl\":\"https:\\\/\\\/secure.gravatar.com\\\/avatar\\\/49d34aaaf51289b16acb2d9fceea57063bb079b97fc3bf1b05de861f087d1528?s=96&d=mm&r=g\",\"caption\":\"Lars Lundqvist\"},\"url\":\"https:\\\/\\\/wp.kristdemokraterna.se\\\/nykoping\\\/author\\\/lundqvist\\\/\"}]}<\/script>\n<!-- \/ Yoast SEO plugin. -->","yoast_head_json":{"title":"Med KD:s politik bryter vi ensamheten - Kristdemokraterna i Nyk\u00f6ping","robots":{"index":"index","follow":"follow","max-snippet":"max-snippet:-1","max-image-preview":"max-image-preview:large","max-video-preview":"max-video-preview:-1"},"canonical":"https:\/\/wp.kristdemokraterna.se\/nykoping\/med-kd-s-politik-bryter-vi-ensamheten\/","og_locale":"sv_SE","og_type":"article","og_title":"Med KD:s politik bryter vi ensamheten - Kristdemokraterna i Nyk\u00f6ping","og_description":"En av tre vuxna svenskar upplever besv\u00e4r av ensamhet och isolering och studier har visat att det i v\u00e4rsta fall kan vara en lika stor h\u00e4lsorisk som r\u00f6kning, skriver Maud Wachtmeister gruppledare Kristdemokraterna i Nyk\u00f6ping. L\u00e4s hela debattartikeln, klicka p\u00e5 l\u00e4nken. https:\/\/www.sn.se\/debatt\/artikel\/med-kds-politik-bryter-vi-ensamheten\/j8e813qj","og_url":"https:\/\/wp.kristdemokraterna.se\/nykoping\/med-kd-s-politik-bryter-vi-ensamheten\/","og_site_name":"Kristdemokraterna i Nyk\u00f6ping","article_published_time":"2026-03-27T11:45:41+00:00","author":"Lars Lundqvist","twitter_card":"summary_large_image","twitter_misc":{"Skriven av":"Lars Lundqvist","Ber\u00e4knad l\u00e4stid":"1 minut"},"schema":{"@context":"https:\/\/schema.org","@graph":[{"@type":"Article","@id":"https:\/\/wp.kristdemokraterna.se\/nykoping\/med-kd-s-politik-bryter-vi-ensamheten\/#article","isPartOf":{"@id":"https:\/\/wp.kristdemokraterna.se\/nykoping\/med-kd-s-politik-bryter-vi-ensamheten\/"},"author":{"name":"Lars Lundqvist","@id":"https:\/\/wp.kristdemokraterna.se\/nykoping\/#\/schema\/person\/c13f6a1f33eee1c7c516a7f0633f1ccf"},"headline":"Med KD:s politik bryter vi ensamheten","datePublished":"2026-03-27T11:45:41+00:00","mainEntityOfPage":{"@id":"https:\/\/wp.kristdemokraterna.se\/nykoping\/med-kd-s-politik-bryter-vi-ensamheten\/"},"wordCount":65,"articleSection":["Debatt\/ins\u00e4ndare"],"inLanguage":"sv-SE"},{"@type":"WebPage","@id":"https:\/\/wp.kristdemokraterna.se\/nykoping\/med-kd-s-politik-bryter-vi-ensamheten\/","url":"https:\/\/wp.kristdemokraterna.se\/nykoping\/med-kd-s-politik-bryter-vi-ensamheten\/","name":"Med KD:s politik bryter vi ensamheten - Kristdemokraterna i Nyk\u00f6ping","isPartOf":{"@id":"https:\/\/wp.kristdemokraterna.se\/nykoping\/#website"},"datePublished":"2026-03-27T11:45:41+00:00","author":{"@id":"https:\/\/wp.kristdemokraterna.se\/nykoping\/#\/schema\/person\/c13f6a1f33eee1c7c516a7f0633f1ccf"},"breadcrumb":{"@id":"https:\/\/wp.kristdemokraterna.se\/nykoping\/med-kd-s-politik-bryter-vi-ensamheten\/#breadcrumb"},"inLanguage":"sv-SE","potentialAction":[{"@type":"ReadAction","target":["https:\/\/wp.kristdemokraterna.se\/nykoping\/med-kd-s-politik-bryter-vi-ensamheten\/"]}]},{"@type":"BreadcrumbList","@id":"https:\/\/wp.kristdemokraterna.se\/nykoping\/med-kd-s-politik-bryter-vi-ensamheten\/#breadcrumb","itemListElement":[{"@type":"ListItem","position":1,"name":"Hem","item":"https:\/\/wp.kristdemokraterna.se\/nykoping\/"},{"@type":"ListItem","position":2,"name":"Med KD:s politik bryter vi ensamheten"}]},{"@type":"WebSite","@id":"https:\/\/wp.kristdemokraterna.se\/nykoping\/#website","url":"https:\/\/wp.kristdemokraterna.se\/nykoping\/","name":"Kristdemokraterna i Nyk\u00f6ping","description":"Du ska kunna lita p\u00e5 Sverige","inLanguage":"sv-SE"},{"@type":"Person","@id":"https:\/\/wp.kristdemokraterna.se\/nykoping\/#\/schema\/person\/c13f6a1f33eee1c7c516a7f0633f1ccf","name":"Lars Lundqvist","image":{"@type":"ImageObject","inLanguage":"sv-SE","@id":"https:\/\/secure.gravatar.com\/avatar\/49d34aaaf51289b16acb2d9fceea57063bb079b97fc3bf1b05de861f087d1528?s=96&d=mm&r=g","url":"https:\/\/secure.gravatar.com\/avatar\/49d34aaaf51289b16acb2d9fceea57063bb079b97fc3bf1b05de861f087d1528?s=96&d=mm&r=g","contentUrl":"https:\/\/secure.gravatar.com\/avatar\/49d34aaaf51289b16acb2d9fceea57063bb079b97fc3bf1b05de861f087d1528?s=96&d=mm&r=g","caption":"Lars Lundqvist"},"url":"https:\/\/wp.kristdemokraterna.se\/nykoping\/author\/lundqvist\/"}]}},"_links":{"self":[{"href":"https:\/\/wp.kristdemokraterna.se\/nykoping\/wp-json\/wp\/v2\/posts\/766","targetHints":{"allow":["GET"]}}],"collection":[{"href":"https:\/\/wp.kristdemokraterna.se\/nykoping\/wp-json\/wp\/v2\/posts"}],"about":[{"href":"https:\/\/wp.kristdemokraterna.se\/nykoping\/wp-json\/wp\/v2\/types\/post"}],"author":[{"embeddable":true,"href":"https:\/\/wp.kristdemokraterna.se\/nykoping\/wp-json\/wp\/v2\/users\/834"}],"replies":[{"embeddable":true,"href":"https:\/\/wp.kristdemokraterna.se\/nykoping\/wp-json\/wp\/v2\/comments?post=766"}],"version-history":[{"count":1,"href":"https:\/\/wp.kristdemokraterna.se\/nykoping\/wp-json\/wp\/v2\/posts\/766\/revisions"}],"predecessor-version":[{"id":767,"href":"https:\/\/wp.kristdemokraterna.se\/nykoping\/wp-json\/wp\/v2\/posts\/766\/revisions\/767"}],"wp:attachment":[{"href":"https:\/\/wp.kristdemokraterna.se\/nykoping\/wp-json\/wp\/v2\/media?parent=766"}],"wp:term":[{"taxonomy":"category","embeddable":true,"href":"https:\/\/wp.kristdemokraterna.se\/nykoping\/wp-json\/wp\/v2\/categories?post=766"},{"taxonomy":"post_tag","embeddable":true,"href":"https:\/\/wp.kristdemokraterna.se\/nykoping\/wp-json\/wp\/v2\/tags?post=766"}],"curies":[{"name":"wp","href":"https:\/\/api.w.org\/{rel}","templated":true}]}}