{"id":371,"date":"2022-08-05T09:57:23","date_gmt":"2022-08-05T07:57:23","guid":{"rendered":"https:\/\/wp.kristdemokraterna.se\/nynashamn\/?p=371"},"modified":"2022-08-05T10:20:02","modified_gmt":"2022-08-05T08:20:02","slug":"valmanifest-2023-2026","status":"publish","type":"post","link":"https:\/\/wp.kristdemokraterna.se\/nynashamn\/valmanifest-2023-2026\/","title":{"rendered":"Valmanifest 2023-2026"},"content":{"rendered":"<h3><a href=\"http:\/\/wp.kristdemokraterna.se\/nynashamn\/files\/2022\/08\/a4-20-sidor-valmanifest-kdnynashamn-2022.pdf\"><strong><span style=\"color: #024b9e\">VI LOVAR INTE ALLT TILL ALLA MEN VI H\u00c5LLER VAD VI LOVAR<\/span><\/strong><\/a><\/h3>\n<p><a href=\"http:\/\/wp.kristdemokraterna.se\/nynashamn\/files\/2022\/08\/kdgrupp_vi-haler-vad-vi-lovar.png\"><img loading=\"lazy\" decoding=\"async\" class=\"alignnone  wp-image-346\" src=\"http:\/\/wp.kristdemokraterna.se\/nynashamn\/files\/2022\/08\/kdgrupp_vi-haler-vad-vi-lovar-150x150.png\" alt=\"\" width=\"135\" height=\"135\" srcset=\"https:\/\/wp.kristdemokraterna.se\/nynashamn\/files\/2022\/08\/kdgrupp_vi-haler-vad-vi-lovar-150x150.png 150w, https:\/\/wp.kristdemokraterna.se\/nynashamn\/files\/2022\/08\/kdgrupp_vi-haler-vad-vi-lovar-90x90.png 90w\" sizes=\"auto, (max-width: 135px) 100vw, 135px\" \/><\/a><\/p>\n<p><a href=\"http:\/\/wp.kristdemokraterna.se\/nynashamn\/files\/2022\/08\/a4-20-sidor-valmanifest-kdnynashamn-2022.pdf\">KD NYN\u00c4SHAMNS VALMANIFEST 2022<\/a><\/p>\n","protected":false},"excerpt":{"rendered":"<p>VI LOVAR INTE ALLT TILL ALLA MEN VI H\u00c5LLER VAD VI LOVAR KD NYN\u00c4SHAMNS VALMANIFEST 2022<\/p>\n","protected":false},"author":54,"featured_media":0,"comment_status":"closed","ping_status":"closed","sticky":false,"template":"","format":"standard","meta":{"_acf_changed":false,"footnotes":""},"categories":[1],"tags":[],"class_list":["post-371","post","type-post","status-publish","format-standard","hentry","category-inlagg"],"acf":[],"yoast_head":"<!-- This site is optimized with the Yoast SEO plugin v27.4 - https:\/\/yoast.com\/product\/yoast-seo-wordpress\/ -->\n<title>Valmanifest 2023-2026 - Kristdemokraterna i Nyn\u00e4shamn<\/title>\n<meta name=\"robots\" content=\"index, follow, max-snippet:-1, max-image-preview:large, max-video-preview:-1\" \/>\n<link rel=\"canonical\" href=\"https:\/\/wp.kristdemokraterna.se\/nynashamn\/valmanifest-2023-2026\/\" \/>\n<meta property=\"og:locale\" content=\"sv_SE\" \/>\n<meta property=\"og:type\" content=\"article\" \/>\n<meta property=\"og:title\" content=\"Valmanifest 2023-2026 - Kristdemokraterna i Nyn\u00e4shamn\" \/>\n<meta property=\"og:description\" content=\"VI LOVAR INTE ALLT TILL ALLA MEN VI H\u00c5LLER VAD VI LOVAR KD NYN\u00c4SHAMNS VALMANIFEST 2022\" \/>\n<meta property=\"og:url\" content=\"https:\/\/wp.kristdemokraterna.se\/nynashamn\/valmanifest-2023-2026\/\" \/>\n<meta property=\"og:site_name\" content=\"Kristdemokraterna i Nyn\u00e4shamn\" \/>\n<meta property=\"article:published_time\" content=\"2022-08-05T07:57:23+00:00\" \/>\n<meta property=\"article:modified_time\" content=\"2022-08-05T08:20:02+00:00\" \/>\n<meta property=\"og:image\" content=\"http:\/\/wp.kristdemokraterna.se\/nynashamn\/files\/2022\/08\/kdgrupp_vi-haler-vad-vi-lovar-150x150.png\" \/>\n<meta name=\"author\" content=\"Antonella Pirrone\" \/>\n<meta name=\"twitter:card\" content=\"summary_large_image\" \/>\n<meta name=\"twitter:label1\" content=\"Skriven av\" \/>\n\t<meta name=\"twitter:data1\" content=\"Antonella Pirrone\" \/>\n\t<meta name=\"twitter:label2\" content=\"Ber\u00e4knad l\u00e4stid\" \/>\n\t<meta name=\"twitter:data2\" content=\"1 minut\" \/>\n<script type=\"application\/ld+json\" class=\"yoast-schema-graph\">{\"@context\":\"https:\\\/\\\/schema.org\",\"@graph\":[{\"@type\":\"Article\",\"@id\":\"https:\\\/\\\/wp.kristdemokraterna.se\\\/nynashamn\\\/valmanifest-2023-2026\\\/#article\",\"isPartOf\":{\"@id\":\"https:\\\/\\\/wp.kristdemokraterna.se\\\/nynashamn\\\/valmanifest-2023-2026\\\/\"},\"author\":{\"name\":\"Antonella Pirrone\",\"@id\":\"https:\\\/\\\/wp.kristdemokraterna.se\\\/nynashamn\\\/#\\\/schema\\\/person\\\/2a6fe6f5b2a96bca42d55b4d6e3c9191\"},\"headline\":\"Valmanifest 2023-2026\",\"datePublished\":\"2022-08-05T07:57:23+00:00\",\"dateModified\":\"2022-08-05T08:20:02+00:00\",\"mainEntityOfPage\":{\"@id\":\"https:\\\/\\\/wp.kristdemokraterna.se\\\/nynashamn\\\/valmanifest-2023-2026\\\/\"},\"wordCount\":19,\"image\":{\"@id\":\"https:\\\/\\\/wp.kristdemokraterna.se\\\/nynashamn\\\/valmanifest-2023-2026\\\/#primaryimage\"},\"thumbnailUrl\":\"http:\\\/\\\/wp.kristdemokraterna.se\\\/nynashamn\\\/files\\\/2022\\\/08\\\/kdgrupp_vi-haler-vad-vi-lovar-150x150.png\",\"articleSection\":[\"inl\u00e4gg\"],\"inLanguage\":\"sv-SE\"},{\"@type\":\"WebPage\",\"@id\":\"https:\\\/\\\/wp.kristdemokraterna.se\\\/nynashamn\\\/valmanifest-2023-2026\\\/\",\"url\":\"https:\\\/\\\/wp.kristdemokraterna.se\\\/nynashamn\\\/valmanifest-2023-2026\\\/\",\"name\":\"Valmanifest 2023-2026 - Kristdemokraterna i Nyn\u00e4shamn\",\"isPartOf\":{\"@id\":\"https:\\\/\\\/wp.kristdemokraterna.se\\\/nynashamn\\\/#website\"},\"primaryImageOfPage\":{\"@id\":\"https:\\\/\\\/wp.kristdemokraterna.se\\\/nynashamn\\\/valmanifest-2023-2026\\\/#primaryimage\"},\"image\":{\"@id\":\"https:\\\/\\\/wp.kristdemokraterna.se\\\/nynashamn\\\/valmanifest-2023-2026\\\/#primaryimage\"},\"thumbnailUrl\":\"http:\\\/\\\/wp.kristdemokraterna.se\\\/nynashamn\\\/files\\\/2022\\\/08\\\/kdgrupp_vi-haler-vad-vi-lovar-150x150.png\",\"datePublished\":\"2022-08-05T07:57:23+00:00\",\"dateModified\":\"2022-08-05T08:20:02+00:00\",\"author\":{\"@id\":\"https:\\\/\\\/wp.kristdemokraterna.se\\\/nynashamn\\\/#\\\/schema\\\/person\\\/2a6fe6f5b2a96bca42d55b4d6e3c9191\"},\"breadcrumb\":{\"@id\":\"https:\\\/\\\/wp.kristdemokraterna.se\\\/nynashamn\\\/valmanifest-2023-2026\\\/#breadcrumb\"},\"inLanguage\":\"sv-SE\",\"potentialAction\":[{\"@type\":\"ReadAction\",\"target\":[\"https:\\\/\\\/wp.kristdemokraterna.se\\\/nynashamn\\\/valmanifest-2023-2026\\\/\"]}]},{\"@type\":\"ImageObject\",\"inLanguage\":\"sv-SE\",\"@id\":\"https:\\\/\\\/wp.kristdemokraterna.se\\\/nynashamn\\\/valmanifest-2023-2026\\\/#primaryimage\",\"url\":\"http:\\\/\\\/wp.kristdemokraterna.se\\\/nynashamn\\\/files\\\/2022\\\/08\\\/kdgrupp_vi-haler-vad-vi-lovar-150x150.png\",\"contentUrl\":\"http:\\\/\\\/wp.kristdemokraterna.se\\\/nynashamn\\\/files\\\/2022\\\/08\\\/kdgrupp_vi-haler-vad-vi-lovar-150x150.png\"},{\"@type\":\"BreadcrumbList\",\"@id\":\"https:\\\/\\\/wp.kristdemokraterna.se\\\/nynashamn\\\/valmanifest-2023-2026\\\/#breadcrumb\",\"itemListElement\":[{\"@type\":\"ListItem\",\"position\":1,\"name\":\"Hem\",\"item\":\"https:\\\/\\\/wp.kristdemokraterna.se\\\/nynashamn\\\/\"},{\"@type\":\"ListItem\",\"position\":2,\"name\":\"Valmanifest 2023-2026\"}]},{\"@type\":\"WebSite\",\"@id\":\"https:\\\/\\\/wp.kristdemokraterna.se\\\/nynashamn\\\/#website\",\"url\":\"https:\\\/\\\/wp.kristdemokraterna.se\\\/nynashamn\\\/\",\"name\":\"Kristdemokraterna i Nyn\u00e4shamn\",\"description\":\"Nyn\u00e4shamn i v\u00e5rt hj\u00e4rta\",\"inLanguage\":\"sv-SE\"},{\"@type\":\"Person\",\"@id\":\"https:\\\/\\\/wp.kristdemokraterna.se\\\/nynashamn\\\/#\\\/schema\\\/person\\\/2a6fe6f5b2a96bca42d55b4d6e3c9191\",\"name\":\"Antonella Pirrone\",\"image\":{\"@type\":\"ImageObject\",\"inLanguage\":\"sv-SE\",\"@id\":\"https:\\\/\\\/secure.gravatar.com\\\/avatar\\\/398f31ae7f555c473bab93faaeb4c4c58355282cf540a321059967d49a0e56b6?s=96&d=mm&r=g\",\"url\":\"https:\\\/\\\/secure.gravatar.com\\\/avatar\\\/398f31ae7f555c473bab93faaeb4c4c58355282cf540a321059967d49a0e56b6?s=96&d=mm&r=g\",\"contentUrl\":\"https:\\\/\\\/secure.gravatar.com\\\/avatar\\\/398f31ae7f555c473bab93faaeb4c4c58355282cf540a321059967d49a0e56b6?s=96&d=mm&r=g\",\"caption\":\"Antonella Pirrone\"},\"url\":\"https:\\\/\\\/wp.kristdemokraterna.se\\\/nynashamn\\\/author\\\/apvarie\\\/\"}]}<\/script>\n<!-- \/ Yoast SEO plugin. -->","yoast_head_json":{"title":"Valmanifest 2023-2026 - Kristdemokraterna i Nyn\u00e4shamn","robots":{"index":"index","follow":"follow","max-snippet":"max-snippet:-1","max-image-preview":"max-image-preview:large","max-video-preview":"max-video-preview:-1"},"canonical":"https:\/\/wp.kristdemokraterna.se\/nynashamn\/valmanifest-2023-2026\/","og_locale":"sv_SE","og_type":"article","og_title":"Valmanifest 2023-2026 - Kristdemokraterna i Nyn\u00e4shamn","og_description":"VI LOVAR INTE ALLT TILL ALLA MEN VI H\u00c5LLER VAD VI LOVAR KD NYN\u00c4SHAMNS VALMANIFEST 2022","og_url":"https:\/\/wp.kristdemokraterna.se\/nynashamn\/valmanifest-2023-2026\/","og_site_name":"Kristdemokraterna i Nyn\u00e4shamn","article_published_time":"2022-08-05T07:57:23+00:00","article_modified_time":"2022-08-05T08:20:02+00:00","og_image":[{"url":"http:\/\/wp.kristdemokraterna.se\/nynashamn\/files\/2022\/08\/kdgrupp_vi-haler-vad-vi-lovar-150x150.png","type":"","width":"","height":""}],"author":"Antonella Pirrone","twitter_card":"summary_large_image","twitter_misc":{"Skriven av":"Antonella Pirrone","Ber\u00e4knad l\u00e4stid":"1 minut"},"schema":{"@context":"https:\/\/schema.org","@graph":[{"@type":"Article","@id":"https:\/\/wp.kristdemokraterna.se\/nynashamn\/valmanifest-2023-2026\/#article","isPartOf":{"@id":"https:\/\/wp.kristdemokraterna.se\/nynashamn\/valmanifest-2023-2026\/"},"author":{"name":"Antonella Pirrone","@id":"https:\/\/wp.kristdemokraterna.se\/nynashamn\/#\/schema\/person\/2a6fe6f5b2a96bca42d55b4d6e3c9191"},"headline":"Valmanifest 2023-2026","datePublished":"2022-08-05T07:57:23+00:00","dateModified":"2022-08-05T08:20:02+00:00","mainEntityOfPage":{"@id":"https:\/\/wp.kristdemokraterna.se\/nynashamn\/valmanifest-2023-2026\/"},"wordCount":19,"image":{"@id":"https:\/\/wp.kristdemokraterna.se\/nynashamn\/valmanifest-2023-2026\/#primaryimage"},"thumbnailUrl":"http:\/\/wp.kristdemokraterna.se\/nynashamn\/files\/2022\/08\/kdgrupp_vi-haler-vad-vi-lovar-150x150.png","articleSection":["inl\u00e4gg"],"inLanguage":"sv-SE"},{"@type":"WebPage","@id":"https:\/\/wp.kristdemokraterna.se\/nynashamn\/valmanifest-2023-2026\/","url":"https:\/\/wp.kristdemokraterna.se\/nynashamn\/valmanifest-2023-2026\/","name":"Valmanifest 2023-2026 - Kristdemokraterna i Nyn\u00e4shamn","isPartOf":{"@id":"https:\/\/wp.kristdemokraterna.se\/nynashamn\/#website"},"primaryImageOfPage":{"@id":"https:\/\/wp.kristdemokraterna.se\/nynashamn\/valmanifest-2023-2026\/#primaryimage"},"image":{"@id":"https:\/\/wp.kristdemokraterna.se\/nynashamn\/valmanifest-2023-2026\/#primaryimage"},"thumbnailUrl":"http:\/\/wp.kristdemokraterna.se\/nynashamn\/files\/2022\/08\/kdgrupp_vi-haler-vad-vi-lovar-150x150.png","datePublished":"2022-08-05T07:57:23+00:00","dateModified":"2022-08-05T08:20:02+00:00","author":{"@id":"https:\/\/wp.kristdemokraterna.se\/nynashamn\/#\/schema\/person\/2a6fe6f5b2a96bca42d55b4d6e3c9191"},"breadcrumb":{"@id":"https:\/\/wp.kristdemokraterna.se\/nynashamn\/valmanifest-2023-2026\/#breadcrumb"},"inLanguage":"sv-SE","potentialAction":[{"@type":"ReadAction","target":["https:\/\/wp.kristdemokraterna.se\/nynashamn\/valmanifest-2023-2026\/"]}]},{"@type":"ImageObject","inLanguage":"sv-SE","@id":"https:\/\/wp.kristdemokraterna.se\/nynashamn\/valmanifest-2023-2026\/#primaryimage","url":"http:\/\/wp.kristdemokraterna.se\/nynashamn\/files\/2022\/08\/kdgrupp_vi-haler-vad-vi-lovar-150x150.png","contentUrl":"http:\/\/wp.kristdemokraterna.se\/nynashamn\/files\/2022\/08\/kdgrupp_vi-haler-vad-vi-lovar-150x150.png"},{"@type":"BreadcrumbList","@id":"https:\/\/wp.kristdemokraterna.se\/nynashamn\/valmanifest-2023-2026\/#breadcrumb","itemListElement":[{"@type":"ListItem","position":1,"name":"Hem","item":"https:\/\/wp.kristdemokraterna.se\/nynashamn\/"},{"@type":"ListItem","position":2,"name":"Valmanifest 2023-2026"}]},{"@type":"WebSite","@id":"https:\/\/wp.kristdemokraterna.se\/nynashamn\/#website","url":"https:\/\/wp.kristdemokraterna.se\/nynashamn\/","name":"Kristdemokraterna i Nyn\u00e4shamn","description":"Nyn\u00e4shamn i v\u00e5rt hj\u00e4rta","inLanguage":"sv-SE"},{"@type":"Person","@id":"https:\/\/wp.kristdemokraterna.se\/nynashamn\/#\/schema\/person\/2a6fe6f5b2a96bca42d55b4d6e3c9191","name":"Antonella Pirrone","image":{"@type":"ImageObject","inLanguage":"sv-SE","@id":"https:\/\/secure.gravatar.com\/avatar\/398f31ae7f555c473bab93faaeb4c4c58355282cf540a321059967d49a0e56b6?s=96&d=mm&r=g","url":"https:\/\/secure.gravatar.com\/avatar\/398f31ae7f555c473bab93faaeb4c4c58355282cf540a321059967d49a0e56b6?s=96&d=mm&r=g","contentUrl":"https:\/\/secure.gravatar.com\/avatar\/398f31ae7f555c473bab93faaeb4c4c58355282cf540a321059967d49a0e56b6?s=96&d=mm&r=g","caption":"Antonella Pirrone"},"url":"https:\/\/wp.kristdemokraterna.se\/nynashamn\/author\/apvarie\/"}]}},"_links":{"self":[{"href":"https:\/\/wp.kristdemokraterna.se\/nynashamn\/wp-json\/wp\/v2\/posts\/371","targetHints":{"allow":["GET"]}}],"collection":[{"href":"https:\/\/wp.kristdemokraterna.se\/nynashamn\/wp-json\/wp\/v2\/posts"}],"about":[{"href":"https:\/\/wp.kristdemokraterna.se\/nynashamn\/wp-json\/wp\/v2\/types\/post"}],"author":[{"embeddable":true,"href":"https:\/\/wp.kristdemokraterna.se\/nynashamn\/wp-json\/wp\/v2\/users\/54"}],"replies":[{"embeddable":true,"href":"https:\/\/wp.kristdemokraterna.se\/nynashamn\/wp-json\/wp\/v2\/comments?post=371"}],"version-history":[{"count":3,"href":"https:\/\/wp.kristdemokraterna.se\/nynashamn\/wp-json\/wp\/v2\/posts\/371\/revisions"}],"predecessor-version":[{"id":381,"href":"https:\/\/wp.kristdemokraterna.se\/nynashamn\/wp-json\/wp\/v2\/posts\/371\/revisions\/381"}],"wp:attachment":[{"href":"https:\/\/wp.kristdemokraterna.se\/nynashamn\/wp-json\/wp\/v2\/media?parent=371"}],"wp:term":[{"taxonomy":"category","embeddable":true,"href":"https:\/\/wp.kristdemokraterna.se\/nynashamn\/wp-json\/wp\/v2\/categories?post=371"},{"taxonomy":"post_tag","embeddable":true,"href":"https:\/\/wp.kristdemokraterna.se\/nynashamn\/wp-json\/wp\/v2\/tags?post=371"}],"curies":[{"name":"wp","href":"https:\/\/api.w.org\/{rel}","templated":true}]}}