{"id":664,"date":"2022-08-25T08:00:05","date_gmt":"2022-08-25T06:00:05","guid":{"rendered":"https:\/\/wp.kristdemokraterna.se\/ockero\/?p=664"},"modified":"2023-01-03T14:39:13","modified_gmt":"2023-01-03T13:39:13","slug":"dina-kandidater-till-ockero-kommunfullmaktige","status":"publish","type":"post","link":"https:\/\/wp.kristdemokraterna.se\/ockero\/dina-kandidater-till-ockero-kommunfullmaktige\/","title":{"rendered":"Kristdemokraternas kandidater till \u00d6cker\u00f6 kommunfullm\u00e4ktige 2022"},"content":{"rendered":"<p><strong>Kristdemokraterna blev st\u00f6rsta parti i \u00d6cker\u00f6 kommun i valet 2022 med ca 25% av r\u00f6sterna. Valresultatet gjorde att KD har 10 ledam\u00f6ter och 5 ers\u00e4ttare i \u00d6cker\u00f6 kommunfullm\u00e4ktige under mandatperioden 2023-2026. S\u00e5 h\u00e4r s\u00e5g kommunlistan ut.<\/strong><\/p>\n<p><a href=\"http:\/\/wp.kristdemokraterna.se\/ockero\/files\/2022\/06\/01-jan-utbult-ockero.jpg\"><img loading=\"lazy\" decoding=\"async\" class=\"alignnone size-full wp-image-672\" src=\"http:\/\/wp.kristdemokraterna.se\/ockero\/files\/2022\/06\/01-jan-utbult-ockero.jpg\" alt=\"Jan Utbult, \u00d6cker\u00f6\" width=\"886\" height=\"886\" srcset=\"https:\/\/wp.kristdemokraterna.se\/ockero\/files\/2022\/06\/01-jan-utbult-ockero.jpg 886w, https:\/\/wp.kristdemokraterna.se\/ockero\/files\/2022\/06\/01-jan-utbult-ockero-300x300.jpg 300w, https:\/\/wp.kristdemokraterna.se\/ockero\/files\/2022\/06\/01-jan-utbult-ockero-150x150.jpg 150w, https:\/\/wp.kristdemokraterna.se\/ockero\/files\/2022\/06\/01-jan-utbult-ockero-768x768.jpg 768w, https:\/\/wp.kristdemokraterna.se\/ockero\/files\/2022\/06\/01-jan-utbult-ockero-200x200.jpg 200w, https:\/\/wp.kristdemokraterna.se\/ockero\/files\/2022\/06\/01-jan-utbult-ockero-370x370.jpg 370w, https:\/\/wp.kristdemokraterna.se\/ockero\/files\/2022\/06\/01-jan-utbult-ockero-90x90.jpg 90w, https:\/\/wp.kristdemokraterna.se\/ockero\/files\/2022\/06\/01-jan-utbult-ockero-770x770.jpg 770w, https:\/\/wp.kristdemokraterna.se\/ockero\/files\/2022\/06\/01-jan-utbult-ockero-450x450.jpg 450w, https:\/\/wp.kristdemokraterna.se\/ockero\/files\/2022\/06\/01-jan-utbult-ockero-280x280.jpg 280w, https:\/\/wp.kristdemokraterna.se\/ockero\/files\/2022\/06\/01-jan-utbult-ockero-340x340.jpg 340w, https:\/\/wp.kristdemokraterna.se\/ockero\/files\/2022\/06\/01-jan-utbult-ockero-56x56.jpg 56w\" sizes=\"auto, (max-width: 886px) 100vw, 886px\" \/><\/a><\/p>\n<p>\u201dOrdning och reda i den kommunala ekonomin skapar goda f\u00f6ruts\u00e4ttningar f\u00f6r framtiden.\u201d<\/p>\n<p>&nbsp;<\/p>\n<p><a href=\"http:\/\/wp.kristdemokraterna.se\/ockero\/files\/2022\/06\/02-eva-wallin-ockero.jpg\"><img loading=\"lazy\" decoding=\"async\" class=\"alignnone size-full wp-image-673\" src=\"http:\/\/wp.kristdemokraterna.se\/ockero\/files\/2022\/06\/02-eva-wallin-ockero.jpg\" alt=\"Eva Wallin, \u00d6cker\u00f6\" width=\"886\" height=\"886\" srcset=\"https:\/\/wp.kristdemokraterna.se\/ockero\/files\/2022\/06\/02-eva-wallin-ockero.jpg 886w, https:\/\/wp.kristdemokraterna.se\/ockero\/files\/2022\/06\/02-eva-wallin-ockero-300x300.jpg 300w, https:\/\/wp.kristdemokraterna.se\/ockero\/files\/2022\/06\/02-eva-wallin-ockero-150x150.jpg 150w, https:\/\/wp.kristdemokraterna.se\/ockero\/files\/2022\/06\/02-eva-wallin-ockero-768x768.jpg 768w, https:\/\/wp.kristdemokraterna.se\/ockero\/files\/2022\/06\/02-eva-wallin-ockero-200x200.jpg 200w, https:\/\/wp.kristdemokraterna.se\/ockero\/files\/2022\/06\/02-eva-wallin-ockero-370x370.jpg 370w, https:\/\/wp.kristdemokraterna.se\/ockero\/files\/2022\/06\/02-eva-wallin-ockero-90x90.jpg 90w, https:\/\/wp.kristdemokraterna.se\/ockero\/files\/2022\/06\/02-eva-wallin-ockero-770x770.jpg 770w, https:\/\/wp.kristdemokraterna.se\/ockero\/files\/2022\/06\/02-eva-wallin-ockero-450x450.jpg 450w, https:\/\/wp.kristdemokraterna.se\/ockero\/files\/2022\/06\/02-eva-wallin-ockero-280x280.jpg 280w, https:\/\/wp.kristdemokraterna.se\/ockero\/files\/2022\/06\/02-eva-wallin-ockero-340x340.jpg 340w, https:\/\/wp.kristdemokraterna.se\/ockero\/files\/2022\/06\/02-eva-wallin-ockero-56x56.jpg 56w\" sizes=\"auto, (max-width: 886px) 100vw, 886px\" \/><\/a><\/p>\n<p>\u201dSkolorna ska ha resurser och studiero s\u00e5 att alla barn kan utvecklas utifr\u00e5n sina f\u00f6ruts\u00e4ttningar. Nolltolerans mot mobbing ska g\u00e4lla.\u201d<\/p>\n<p>&nbsp;<\/p>\n<p><a href=\"http:\/\/wp.kristdemokraterna.se\/ockero\/files\/2022\/06\/03-henrik-karlsson-hono.jpg\"><img loading=\"lazy\" decoding=\"async\" class=\"alignnone size-full wp-image-674\" src=\"http:\/\/wp.kristdemokraterna.se\/ockero\/files\/2022\/06\/03-henrik-karlsson-hono.jpg\" alt=\"Henrik Karlsson, H\u00f6n\u00f6\" width=\"886\" height=\"886\" srcset=\"https:\/\/wp.kristdemokraterna.se\/ockero\/files\/2022\/06\/03-henrik-karlsson-hono.jpg 886w, https:\/\/wp.kristdemokraterna.se\/ockero\/files\/2022\/06\/03-henrik-karlsson-hono-300x300.jpg 300w, https:\/\/wp.kristdemokraterna.se\/ockero\/files\/2022\/06\/03-henrik-karlsson-hono-150x150.jpg 150w, https:\/\/wp.kristdemokraterna.se\/ockero\/files\/2022\/06\/03-henrik-karlsson-hono-768x768.jpg 768w, https:\/\/wp.kristdemokraterna.se\/ockero\/files\/2022\/06\/03-henrik-karlsson-hono-200x200.jpg 200w, https:\/\/wp.kristdemokraterna.se\/ockero\/files\/2022\/06\/03-henrik-karlsson-hono-370x370.jpg 370w, https:\/\/wp.kristdemokraterna.se\/ockero\/files\/2022\/06\/03-henrik-karlsson-hono-90x90.jpg 90w, https:\/\/wp.kristdemokraterna.se\/ockero\/files\/2022\/06\/03-henrik-karlsson-hono-770x770.jpg 770w, https:\/\/wp.kristdemokraterna.se\/ockero\/files\/2022\/06\/03-henrik-karlsson-hono-450x450.jpg 450w, https:\/\/wp.kristdemokraterna.se\/ockero\/files\/2022\/06\/03-henrik-karlsson-hono-280x280.jpg 280w, https:\/\/wp.kristdemokraterna.se\/ockero\/files\/2022\/06\/03-henrik-karlsson-hono-340x340.jpg 340w, https:\/\/wp.kristdemokraterna.se\/ockero\/files\/2022\/06\/03-henrik-karlsson-hono-56x56.jpg 56w\" sizes=\"auto, (max-width: 886px) 100vw, 886px\" \/><\/a><\/p>\n<p>\u201dInv\u00e5narna i \u00d6cker\u00f6 kommun ska forts\u00e4tta k\u00e4nna sig trygga med att politikerna fattar opartiska beslut som inte ger f\u00f6rm\u00e5ner till dem sj\u00e4lva eller deras n\u00e4rst\u00e5ende.\u201d<\/p>\n<p>&nbsp;<\/p>\n<p><a href=\"http:\/\/wp.kristdemokraterna.se\/ockero\/files\/2022\/06\/04-martina-lindqvist-ockero.jpg\"><img loading=\"lazy\" decoding=\"async\" class=\"alignnone size-full wp-image-675\" src=\"http:\/\/wp.kristdemokraterna.se\/ockero\/files\/2022\/06\/04-martina-lindqvist-ockero.jpg\" alt=\"Martina Lindqvist, \u00d6cker\u00f6\" width=\"886\" height=\"886\" srcset=\"https:\/\/wp.kristdemokraterna.se\/ockero\/files\/2022\/06\/04-martina-lindqvist-ockero.jpg 886w, https:\/\/wp.kristdemokraterna.se\/ockero\/files\/2022\/06\/04-martina-lindqvist-ockero-300x300.jpg 300w, https:\/\/wp.kristdemokraterna.se\/ockero\/files\/2022\/06\/04-martina-lindqvist-ockero-150x150.jpg 150w, https:\/\/wp.kristdemokraterna.se\/ockero\/files\/2022\/06\/04-martina-lindqvist-ockero-768x768.jpg 768w, https:\/\/wp.kristdemokraterna.se\/ockero\/files\/2022\/06\/04-martina-lindqvist-ockero-200x200.jpg 200w, https:\/\/wp.kristdemokraterna.se\/ockero\/files\/2022\/06\/04-martina-lindqvist-ockero-370x370.jpg 370w, https:\/\/wp.kristdemokraterna.se\/ockero\/files\/2022\/06\/04-martina-lindqvist-ockero-90x90.jpg 90w, https:\/\/wp.kristdemokraterna.se\/ockero\/files\/2022\/06\/04-martina-lindqvist-ockero-770x770.jpg 770w, https:\/\/wp.kristdemokraterna.se\/ockero\/files\/2022\/06\/04-martina-lindqvist-ockero-450x450.jpg 450w, https:\/\/wp.kristdemokraterna.se\/ockero\/files\/2022\/06\/04-martina-lindqvist-ockero-280x280.jpg 280w, https:\/\/wp.kristdemokraterna.se\/ockero\/files\/2022\/06\/04-martina-lindqvist-ockero-340x340.jpg 340w, https:\/\/wp.kristdemokraterna.se\/ockero\/files\/2022\/06\/04-martina-lindqvist-ockero-56x56.jpg 56w\" sizes=\"auto, (max-width: 886px) 100vw, 886px\" \/><\/a><\/p>\n<p>\u201d\u00d6cker\u00f6 kommun ska ha en \u00e4ldrev\u00e5rd i toppklass. Ensamheten kan minskas genom f\u00f6rebyggande \u00e5tg\u00e4rder, fler aktiviteter och upps\u00f6kande verksamhet.\u201d<\/p>\n<p>&nbsp;<\/p>\n<p><a href=\"http:\/\/wp.kristdemokraterna.se\/ockero\/files\/2022\/06\/05-isak-stromblad-ockero.jpg\"><img loading=\"lazy\" decoding=\"async\" class=\"alignnone size-full wp-image-676\" src=\"http:\/\/wp.kristdemokraterna.se\/ockero\/files\/2022\/06\/05-isak-stromblad-ockero.jpg\" alt=\"Isak Str\u00f6mblad, \u00d6cker\u00f6\" width=\"886\" height=\"886\" srcset=\"https:\/\/wp.kristdemokraterna.se\/ockero\/files\/2022\/06\/05-isak-stromblad-ockero.jpg 886w, https:\/\/wp.kristdemokraterna.se\/ockero\/files\/2022\/06\/05-isak-stromblad-ockero-300x300.jpg 300w, https:\/\/wp.kristdemokraterna.se\/ockero\/files\/2022\/06\/05-isak-stromblad-ockero-150x150.jpg 150w, https:\/\/wp.kristdemokraterna.se\/ockero\/files\/2022\/06\/05-isak-stromblad-ockero-768x768.jpg 768w, https:\/\/wp.kristdemokraterna.se\/ockero\/files\/2022\/06\/05-isak-stromblad-ockero-200x200.jpg 200w, https:\/\/wp.kristdemokraterna.se\/ockero\/files\/2022\/06\/05-isak-stromblad-ockero-370x370.jpg 370w, https:\/\/wp.kristdemokraterna.se\/ockero\/files\/2022\/06\/05-isak-stromblad-ockero-90x90.jpg 90w, https:\/\/wp.kristdemokraterna.se\/ockero\/files\/2022\/06\/05-isak-stromblad-ockero-770x770.jpg 770w, https:\/\/wp.kristdemokraterna.se\/ockero\/files\/2022\/06\/05-isak-stromblad-ockero-450x450.jpg 450w, https:\/\/wp.kristdemokraterna.se\/ockero\/files\/2022\/06\/05-isak-stromblad-ockero-280x280.jpg 280w, https:\/\/wp.kristdemokraterna.se\/ockero\/files\/2022\/06\/05-isak-stromblad-ockero-340x340.jpg 340w, https:\/\/wp.kristdemokraterna.se\/ockero\/files\/2022\/06\/05-isak-stromblad-ockero-56x56.jpg 56w\" sizes=\"auto, (max-width: 886px) 100vw, 886px\" \/><\/a><\/p>\n<p>\u201dFler hyresr\u00e4tter, bostadsr\u00e4tter och radhus ska byggas f\u00f6r ungdomar, barnfamiljer och \u00e4ldre. Nya hus ska vara vackra och sm\u00e4lta in i sk\u00e4rg\u00e5rdsmilj\u00f6n.\u201d<\/p>\n<p>&nbsp;<\/p>\n<p><a href=\"http:\/\/wp.kristdemokraterna.se\/ockero\/files\/2022\/06\/06-maja-ostling-hono.jpg\"><img loading=\"lazy\" decoding=\"async\" class=\"alignnone size-full wp-image-677\" src=\"http:\/\/wp.kristdemokraterna.se\/ockero\/files\/2022\/06\/06-maja-ostling-hono.jpg\" alt=\"Maja \u00d6stling, H\u00f6n\u00f6\" width=\"886\" height=\"886\" srcset=\"https:\/\/wp.kristdemokraterna.se\/ockero\/files\/2022\/06\/06-maja-ostling-hono.jpg 886w, https:\/\/wp.kristdemokraterna.se\/ockero\/files\/2022\/06\/06-maja-ostling-hono-300x300.jpg 300w, https:\/\/wp.kristdemokraterna.se\/ockero\/files\/2022\/06\/06-maja-ostling-hono-150x150.jpg 150w, https:\/\/wp.kristdemokraterna.se\/ockero\/files\/2022\/06\/06-maja-ostling-hono-768x768.jpg 768w, https:\/\/wp.kristdemokraterna.se\/ockero\/files\/2022\/06\/06-maja-ostling-hono-200x200.jpg 200w, https:\/\/wp.kristdemokraterna.se\/ockero\/files\/2022\/06\/06-maja-ostling-hono-370x370.jpg 370w, https:\/\/wp.kristdemokraterna.se\/ockero\/files\/2022\/06\/06-maja-ostling-hono-90x90.jpg 90w, https:\/\/wp.kristdemokraterna.se\/ockero\/files\/2022\/06\/06-maja-ostling-hono-770x770.jpg 770w, https:\/\/wp.kristdemokraterna.se\/ockero\/files\/2022\/06\/06-maja-ostling-hono-450x450.jpg 450w, https:\/\/wp.kristdemokraterna.se\/ockero\/files\/2022\/06\/06-maja-ostling-hono-280x280.jpg 280w, https:\/\/wp.kristdemokraterna.se\/ockero\/files\/2022\/06\/06-maja-ostling-hono-340x340.jpg 340w, https:\/\/wp.kristdemokraterna.se\/ockero\/files\/2022\/06\/06-maja-ostling-hono-56x56.jpg 56w\" sizes=\"auto, (max-width: 886px) 100vw, 886px\" \/><\/a><\/p>\n<p>\u201dVi vill h\u00f6ja f\u00f6reningsbidragen f\u00f6r att st\u00e4rka f\u00f6reningarna och samarbetet i kommunen.\u201d<\/p>\n<p>&nbsp;<\/p>\n<p><a href=\"http:\/\/wp.kristdemokraterna.se\/ockero\/files\/2022\/06\/07-hans-wickstrand-ockero.jpg\"><img loading=\"lazy\" decoding=\"async\" class=\"alignnone size-full wp-image-678\" src=\"http:\/\/wp.kristdemokraterna.se\/ockero\/files\/2022\/06\/07-hans-wickstrand-ockero.jpg\" alt=\"Hans Wickstrand, \u00d6cker\u00f6\" width=\"886\" height=\"886\" srcset=\"https:\/\/wp.kristdemokraterna.se\/ockero\/files\/2022\/06\/07-hans-wickstrand-ockero.jpg 886w, https:\/\/wp.kristdemokraterna.se\/ockero\/files\/2022\/06\/07-hans-wickstrand-ockero-300x300.jpg 300w, https:\/\/wp.kristdemokraterna.se\/ockero\/files\/2022\/06\/07-hans-wickstrand-ockero-150x150.jpg 150w, https:\/\/wp.kristdemokraterna.se\/ockero\/files\/2022\/06\/07-hans-wickstrand-ockero-768x768.jpg 768w, https:\/\/wp.kristdemokraterna.se\/ockero\/files\/2022\/06\/07-hans-wickstrand-ockero-200x200.jpg 200w, https:\/\/wp.kristdemokraterna.se\/ockero\/files\/2022\/06\/07-hans-wickstrand-ockero-370x370.jpg 370w, https:\/\/wp.kristdemokraterna.se\/ockero\/files\/2022\/06\/07-hans-wickstrand-ockero-90x90.jpg 90w, https:\/\/wp.kristdemokraterna.se\/ockero\/files\/2022\/06\/07-hans-wickstrand-ockero-770x770.jpg 770w, https:\/\/wp.kristdemokraterna.se\/ockero\/files\/2022\/06\/07-hans-wickstrand-ockero-450x450.jpg 450w, https:\/\/wp.kristdemokraterna.se\/ockero\/files\/2022\/06\/07-hans-wickstrand-ockero-280x280.jpg 280w, https:\/\/wp.kristdemokraterna.se\/ockero\/files\/2022\/06\/07-hans-wickstrand-ockero-340x340.jpg 340w, https:\/\/wp.kristdemokraterna.se\/ockero\/files\/2022\/06\/07-hans-wickstrand-ockero-56x56.jpg 56w\" sizes=\"auto, (max-width: 886px) 100vw, 886px\" \/><\/a><\/p>\n<p>\u201dStandard och underh\u00e5ll p\u00e5 kommunala v\u00e4gar och v\u00e4gbelysning ska f\u00f6rb\u00e4ttras. Fler g\u00e5ng- och cykelv\u00e4gar beh\u00f6vs, speciellt runt skolorna.\u201d<\/p>\n<p>&nbsp;<\/p>\n<p><a href=\"http:\/\/wp.kristdemokraterna.se\/ockero\/files\/2022\/06\/08-caroline-jornestrand-foto.jpg\"><img loading=\"lazy\" decoding=\"async\" class=\"alignnone size-full wp-image-679\" src=\"http:\/\/wp.kristdemokraterna.se\/ockero\/files\/2022\/06\/08-caroline-jornestrand-foto.jpg\" alt=\"Caroline J\u00f6rnestrand, Fot\u00f6\" width=\"886\" height=\"886\" srcset=\"https:\/\/wp.kristdemokraterna.se\/ockero\/files\/2022\/06\/08-caroline-jornestrand-foto.jpg 886w, https:\/\/wp.kristdemokraterna.se\/ockero\/files\/2022\/06\/08-caroline-jornestrand-foto-300x300.jpg 300w, https:\/\/wp.kristdemokraterna.se\/ockero\/files\/2022\/06\/08-caroline-jornestrand-foto-150x150.jpg 150w, https:\/\/wp.kristdemokraterna.se\/ockero\/files\/2022\/06\/08-caroline-jornestrand-foto-768x768.jpg 768w, https:\/\/wp.kristdemokraterna.se\/ockero\/files\/2022\/06\/08-caroline-jornestrand-foto-200x200.jpg 200w, https:\/\/wp.kristdemokraterna.se\/ockero\/files\/2022\/06\/08-caroline-jornestrand-foto-370x370.jpg 370w, https:\/\/wp.kristdemokraterna.se\/ockero\/files\/2022\/06\/08-caroline-jornestrand-foto-90x90.jpg 90w, https:\/\/wp.kristdemokraterna.se\/ockero\/files\/2022\/06\/08-caroline-jornestrand-foto-770x770.jpg 770w, https:\/\/wp.kristdemokraterna.se\/ockero\/files\/2022\/06\/08-caroline-jornestrand-foto-450x450.jpg 450w, https:\/\/wp.kristdemokraterna.se\/ockero\/files\/2022\/06\/08-caroline-jornestrand-foto-280x280.jpg 280w, https:\/\/wp.kristdemokraterna.se\/ockero\/files\/2022\/06\/08-caroline-jornestrand-foto-340x340.jpg 340w, https:\/\/wp.kristdemokraterna.se\/ockero\/files\/2022\/06\/08-caroline-jornestrand-foto-56x56.jpg 56w\" sizes=\"auto, (max-width: 886px) 100vw, 886px\" \/><\/a><\/p>\n<p>\u201dDet ska vara rent och snyggt i \u00d6cker\u00f6 kommun. V\u00e5ra str\u00e4nder och badplatser ska vara fina. Det ska finnas m\u00f6jlighet att bada \u00e4ven f\u00f6r den som har sv\u00e5rt att g\u00e5.\u201d<\/p>\n<p>&nbsp;<\/p>\n<p><a href=\"http:\/\/wp.kristdemokraterna.se\/ockero\/files\/2022\/06\/09-robertho-settergren-ockero.jpg\"><img loading=\"lazy\" decoding=\"async\" class=\"alignnone size-full wp-image-680\" src=\"http:\/\/wp.kristdemokraterna.se\/ockero\/files\/2022\/06\/09-robertho-settergren-ockero.jpg\" alt=\"Robertho Settergren, \u00d6cker\u00f6\" width=\"886\" height=\"886\" srcset=\"https:\/\/wp.kristdemokraterna.se\/ockero\/files\/2022\/06\/09-robertho-settergren-ockero.jpg 886w, https:\/\/wp.kristdemokraterna.se\/ockero\/files\/2022\/06\/09-robertho-settergren-ockero-300x300.jpg 300w, https:\/\/wp.kristdemokraterna.se\/ockero\/files\/2022\/06\/09-robertho-settergren-ockero-150x150.jpg 150w, https:\/\/wp.kristdemokraterna.se\/ockero\/files\/2022\/06\/09-robertho-settergren-ockero-768x768.jpg 768w, https:\/\/wp.kristdemokraterna.se\/ockero\/files\/2022\/06\/09-robertho-settergren-ockero-200x200.jpg 200w, https:\/\/wp.kristdemokraterna.se\/ockero\/files\/2022\/06\/09-robertho-settergren-ockero-370x370.jpg 370w, https:\/\/wp.kristdemokraterna.se\/ockero\/files\/2022\/06\/09-robertho-settergren-ockero-90x90.jpg 90w, https:\/\/wp.kristdemokraterna.se\/ockero\/files\/2022\/06\/09-robertho-settergren-ockero-770x770.jpg 770w, https:\/\/wp.kristdemokraterna.se\/ockero\/files\/2022\/06\/09-robertho-settergren-ockero-450x450.jpg 450w, https:\/\/wp.kristdemokraterna.se\/ockero\/files\/2022\/06\/09-robertho-settergren-ockero-280x280.jpg 280w, https:\/\/wp.kristdemokraterna.se\/ockero\/files\/2022\/06\/09-robertho-settergren-ockero-340x340.jpg 340w, https:\/\/wp.kristdemokraterna.se\/ockero\/files\/2022\/06\/09-robertho-settergren-ockero-56x56.jpg 56w\" sizes=\"auto, (max-width: 886px) 100vw, 886px\" \/><\/a><\/p>\n<p>\u201dDet ska vara enkelt att starta och driva f\u00f6retag i \u00d6cker\u00f6 kommun. En positiv inst\u00e4llning till f\u00f6retagande och entrepren\u00f6rskap \u00e4r viktig.\u201d<\/p>\n<p>&nbsp;<\/p>\n<p><a href=\"http:\/\/wp.kristdemokraterna.se\/ockero\/files\/2022\/06\/10-annika-mauleon-hono.jpg\"><img loading=\"lazy\" decoding=\"async\" class=\"alignnone size-full wp-image-681\" src=\"http:\/\/wp.kristdemokraterna.se\/ockero\/files\/2022\/06\/10-annika-mauleon-hono.jpg\" alt=\"Annika Maul\u00e9on, H\u00f6n\u00f6\" width=\"886\" height=\"886\" srcset=\"https:\/\/wp.kristdemokraterna.se\/ockero\/files\/2022\/06\/10-annika-mauleon-hono.jpg 886w, https:\/\/wp.kristdemokraterna.se\/ockero\/files\/2022\/06\/10-annika-mauleon-hono-300x300.jpg 300w, https:\/\/wp.kristdemokraterna.se\/ockero\/files\/2022\/06\/10-annika-mauleon-hono-150x150.jpg 150w, https:\/\/wp.kristdemokraterna.se\/ockero\/files\/2022\/06\/10-annika-mauleon-hono-768x768.jpg 768w, https:\/\/wp.kristdemokraterna.se\/ockero\/files\/2022\/06\/10-annika-mauleon-hono-200x200.jpg 200w, https:\/\/wp.kristdemokraterna.se\/ockero\/files\/2022\/06\/10-annika-mauleon-hono-370x370.jpg 370w, https:\/\/wp.kristdemokraterna.se\/ockero\/files\/2022\/06\/10-annika-mauleon-hono-90x90.jpg 90w, https:\/\/wp.kristdemokraterna.se\/ockero\/files\/2022\/06\/10-annika-mauleon-hono-770x770.jpg 770w, https:\/\/wp.kristdemokraterna.se\/ockero\/files\/2022\/06\/10-annika-mauleon-hono-450x450.jpg 450w, https:\/\/wp.kristdemokraterna.se\/ockero\/files\/2022\/06\/10-annika-mauleon-hono-280x280.jpg 280w, https:\/\/wp.kristdemokraterna.se\/ockero\/files\/2022\/06\/10-annika-mauleon-hono-340x340.jpg 340w, https:\/\/wp.kristdemokraterna.se\/ockero\/files\/2022\/06\/10-annika-mauleon-hono-56x56.jpg 56w\" sizes=\"auto, (max-width: 886px) 100vw, 886px\" \/><\/a><\/p>\n<p>\u201dKollektivtrafiken beh\u00f6ver f\u00f6rb\u00e4ttras och bli mer attraktiv. Bytestider mellan bussar och f\u00e4rjor m\u00e5ste bli b\u00e4ttre och kollektivtrafik p\u00e5 vattnet utvecklas.\u201d<\/p>\n<p>&nbsp;<\/p>\n<p><a href=\"http:\/\/wp.kristdemokraterna.se\/ockero\/files\/2022\/06\/11-dan-eliasson-ockero.jpg\"><img loading=\"lazy\" decoding=\"async\" class=\"alignnone size-full wp-image-682\" src=\"http:\/\/wp.kristdemokraterna.se\/ockero\/files\/2022\/06\/11-dan-eliasson-ockero.jpg\" alt=\"Dan Eliasson, \u00d6cker\u00f6\" width=\"886\" height=\"886\" srcset=\"https:\/\/wp.kristdemokraterna.se\/ockero\/files\/2022\/06\/11-dan-eliasson-ockero.jpg 886w, https:\/\/wp.kristdemokraterna.se\/ockero\/files\/2022\/06\/11-dan-eliasson-ockero-300x300.jpg 300w, https:\/\/wp.kristdemokraterna.se\/ockero\/files\/2022\/06\/11-dan-eliasson-ockero-150x150.jpg 150w, https:\/\/wp.kristdemokraterna.se\/ockero\/files\/2022\/06\/11-dan-eliasson-ockero-768x768.jpg 768w, https:\/\/wp.kristdemokraterna.se\/ockero\/files\/2022\/06\/11-dan-eliasson-ockero-200x200.jpg 200w, https:\/\/wp.kristdemokraterna.se\/ockero\/files\/2022\/06\/11-dan-eliasson-ockero-370x370.jpg 370w, https:\/\/wp.kristdemokraterna.se\/ockero\/files\/2022\/06\/11-dan-eliasson-ockero-90x90.jpg 90w, https:\/\/wp.kristdemokraterna.se\/ockero\/files\/2022\/06\/11-dan-eliasson-ockero-770x770.jpg 770w, https:\/\/wp.kristdemokraterna.se\/ockero\/files\/2022\/06\/11-dan-eliasson-ockero-450x450.jpg 450w, https:\/\/wp.kristdemokraterna.se\/ockero\/files\/2022\/06\/11-dan-eliasson-ockero-280x280.jpg 280w, https:\/\/wp.kristdemokraterna.se\/ockero\/files\/2022\/06\/11-dan-eliasson-ockero-340x340.jpg 340w, https:\/\/wp.kristdemokraterna.se\/ockero\/files\/2022\/06\/11-dan-eliasson-ockero-56x56.jpg 56w\" sizes=\"auto, (max-width: 886px) 100vw, 886px\" \/><\/a><\/p>\n<p>\u201d\u00d6cker\u00f6 kommun ska ha en god krisberedskap och ett starkt civilf\u00f6rsvar. Arbetet med skyddsrum, n\u00f6dvatten, utomhuslarm, reservkraftverk och cybers\u00e4kerhet ska prioriteras.\u201d<\/p>\n<p>&nbsp;<\/p>\n<p><a href=\"http:\/\/wp.kristdemokraterna.se\/ockero\/files\/2022\/06\/12-carina-wallhult-ockero.jpg\"><img loading=\"lazy\" decoding=\"async\" class=\"alignnone size-full wp-image-683\" src=\"http:\/\/wp.kristdemokraterna.se\/ockero\/files\/2022\/06\/12-carina-wallhult-ockero.jpg\" alt=\"Carina Wallhult, \u00d6cker\u00f6\" width=\"886\" height=\"886\" srcset=\"https:\/\/wp.kristdemokraterna.se\/ockero\/files\/2022\/06\/12-carina-wallhult-ockero.jpg 886w, https:\/\/wp.kristdemokraterna.se\/ockero\/files\/2022\/06\/12-carina-wallhult-ockero-300x300.jpg 300w, https:\/\/wp.kristdemokraterna.se\/ockero\/files\/2022\/06\/12-carina-wallhult-ockero-150x150.jpg 150w, https:\/\/wp.kristdemokraterna.se\/ockero\/files\/2022\/06\/12-carina-wallhult-ockero-768x768.jpg 768w, https:\/\/wp.kristdemokraterna.se\/ockero\/files\/2022\/06\/12-carina-wallhult-ockero-200x200.jpg 200w, https:\/\/wp.kristdemokraterna.se\/ockero\/files\/2022\/06\/12-carina-wallhult-ockero-370x370.jpg 370w, https:\/\/wp.kristdemokraterna.se\/ockero\/files\/2022\/06\/12-carina-wallhult-ockero-90x90.jpg 90w, https:\/\/wp.kristdemokraterna.se\/ockero\/files\/2022\/06\/12-carina-wallhult-ockero-770x770.jpg 770w, https:\/\/wp.kristdemokraterna.se\/ockero\/files\/2022\/06\/12-carina-wallhult-ockero-450x450.jpg 450w, https:\/\/wp.kristdemokraterna.se\/ockero\/files\/2022\/06\/12-carina-wallhult-ockero-280x280.jpg 280w, https:\/\/wp.kristdemokraterna.se\/ockero\/files\/2022\/06\/12-carina-wallhult-ockero-340x340.jpg 340w, https:\/\/wp.kristdemokraterna.se\/ockero\/files\/2022\/06\/12-carina-wallhult-ockero-56x56.jpg 56w\" sizes=\"auto, (max-width: 886px) 100vw, 886px\" \/><\/a><\/p>\n<p>\u201dV\u00e5ra barn och ungdomar \u00e4r det viktigaste vi har. Tryggheten beh\u00f6ver \u00f6ka genom fokus p\u00e5 f\u00f6r\u00e4ldrast\u00f6d, trafiks\u00e4kerhet, f\u00e4ltassistenter och fler vuxna ute p\u00e5 kv\u00e4llar och helger.<\/p>\n<p>&nbsp;<\/p>\n<p><a href=\"http:\/\/wp.kristdemokraterna.se\/ockero\/files\/2022\/06\/13-emil-beijer-foto.jpg\"><img loading=\"lazy\" decoding=\"async\" class=\"alignnone size-full wp-image-684\" src=\"http:\/\/wp.kristdemokraterna.se\/ockero\/files\/2022\/06\/13-emil-beijer-foto.jpg\" alt=\"Emil Beijer, Fot\u00f6\" width=\"886\" height=\"886\" srcset=\"https:\/\/wp.kristdemokraterna.se\/ockero\/files\/2022\/06\/13-emil-beijer-foto.jpg 886w, https:\/\/wp.kristdemokraterna.se\/ockero\/files\/2022\/06\/13-emil-beijer-foto-300x300.jpg 300w, https:\/\/wp.kristdemokraterna.se\/ockero\/files\/2022\/06\/13-emil-beijer-foto-150x150.jpg 150w, https:\/\/wp.kristdemokraterna.se\/ockero\/files\/2022\/06\/13-emil-beijer-foto-768x768.jpg 768w, https:\/\/wp.kristdemokraterna.se\/ockero\/files\/2022\/06\/13-emil-beijer-foto-200x200.jpg 200w, https:\/\/wp.kristdemokraterna.se\/ockero\/files\/2022\/06\/13-emil-beijer-foto-370x370.jpg 370w, https:\/\/wp.kristdemokraterna.se\/ockero\/files\/2022\/06\/13-emil-beijer-foto-90x90.jpg 90w, https:\/\/wp.kristdemokraterna.se\/ockero\/files\/2022\/06\/13-emil-beijer-foto-770x770.jpg 770w, https:\/\/wp.kristdemokraterna.se\/ockero\/files\/2022\/06\/13-emil-beijer-foto-450x450.jpg 450w, https:\/\/wp.kristdemokraterna.se\/ockero\/files\/2022\/06\/13-emil-beijer-foto-280x280.jpg 280w, https:\/\/wp.kristdemokraterna.se\/ockero\/files\/2022\/06\/13-emil-beijer-foto-340x340.jpg 340w, https:\/\/wp.kristdemokraterna.se\/ockero\/files\/2022\/06\/13-emil-beijer-foto-56x56.jpg 56w\" sizes=\"auto, (max-width: 886px) 100vw, 886px\" \/><\/a><\/p>\n<p><a href=\"http:\/\/wp.kristdemokraterna.se\/ockero\/files\/2022\/06\/14-wilma-olsson-ockero.jpg\"><img loading=\"lazy\" decoding=\"async\" class=\"alignnone size-full wp-image-685\" src=\"http:\/\/wp.kristdemokraterna.se\/ockero\/files\/2022\/06\/14-wilma-olsson-ockero.jpg\" alt=\"Wilma Olsson, \u00d6cker\u00f6\" width=\"886\" height=\"886\" srcset=\"https:\/\/wp.kristdemokraterna.se\/ockero\/files\/2022\/06\/14-wilma-olsson-ockero.jpg 886w, https:\/\/wp.kristdemokraterna.se\/ockero\/files\/2022\/06\/14-wilma-olsson-ockero-300x300.jpg 300w, https:\/\/wp.kristdemokraterna.se\/ockero\/files\/2022\/06\/14-wilma-olsson-ockero-150x150.jpg 150w, https:\/\/wp.kristdemokraterna.se\/ockero\/files\/2022\/06\/14-wilma-olsson-ockero-768x768.jpg 768w, https:\/\/wp.kristdemokraterna.se\/ockero\/files\/2022\/06\/14-wilma-olsson-ockero-200x200.jpg 200w, https:\/\/wp.kristdemokraterna.se\/ockero\/files\/2022\/06\/14-wilma-olsson-ockero-370x370.jpg 370w, https:\/\/wp.kristdemokraterna.se\/ockero\/files\/2022\/06\/14-wilma-olsson-ockero-90x90.jpg 90w, https:\/\/wp.kristdemokraterna.se\/ockero\/files\/2022\/06\/14-wilma-olsson-ockero-770x770.jpg 770w, https:\/\/wp.kristdemokraterna.se\/ockero\/files\/2022\/06\/14-wilma-olsson-ockero-450x450.jpg 450w, https:\/\/wp.kristdemokraterna.se\/ockero\/files\/2022\/06\/14-wilma-olsson-ockero-280x280.jpg 280w, https:\/\/wp.kristdemokraterna.se\/ockero\/files\/2022\/06\/14-wilma-olsson-ockero-340x340.jpg 340w, https:\/\/wp.kristdemokraterna.se\/ockero\/files\/2022\/06\/14-wilma-olsson-ockero-56x56.jpg 56w\" sizes=\"auto, (max-width: 886px) 100vw, 886px\" \/><\/a><\/p>\n<p><a href=\"http:\/\/wp.kristdemokraterna.se\/ockero\/files\/2022\/06\/15-jan-eric-back-foto.jpg\"><img loading=\"lazy\" decoding=\"async\" class=\"alignnone size-full wp-image-686\" src=\"http:\/\/wp.kristdemokraterna.se\/ockero\/files\/2022\/06\/15-jan-eric-back-foto.jpg\" alt=\"Jan-Eric B\u00e4ck, Fot\u00f6\" width=\"886\" height=\"886\" srcset=\"https:\/\/wp.kristdemokraterna.se\/ockero\/files\/2022\/06\/15-jan-eric-back-foto.jpg 886w, https:\/\/wp.kristdemokraterna.se\/ockero\/files\/2022\/06\/15-jan-eric-back-foto-300x300.jpg 300w, https:\/\/wp.kristdemokraterna.se\/ockero\/files\/2022\/06\/15-jan-eric-back-foto-150x150.jpg 150w, https:\/\/wp.kristdemokraterna.se\/ockero\/files\/2022\/06\/15-jan-eric-back-foto-768x768.jpg 768w, https:\/\/wp.kristdemokraterna.se\/ockero\/files\/2022\/06\/15-jan-eric-back-foto-200x200.jpg 200w, https:\/\/wp.kristdemokraterna.se\/ockero\/files\/2022\/06\/15-jan-eric-back-foto-370x370.jpg 370w, https:\/\/wp.kristdemokraterna.se\/ockero\/files\/2022\/06\/15-jan-eric-back-foto-90x90.jpg 90w, https:\/\/wp.kristdemokraterna.se\/ockero\/files\/2022\/06\/15-jan-eric-back-foto-770x770.jpg 770w, https:\/\/wp.kristdemokraterna.se\/ockero\/files\/2022\/06\/15-jan-eric-back-foto-450x450.jpg 450w, https:\/\/wp.kristdemokraterna.se\/ockero\/files\/2022\/06\/15-jan-eric-back-foto-280x280.jpg 280w, https:\/\/wp.kristdemokraterna.se\/ockero\/files\/2022\/06\/15-jan-eric-back-foto-340x340.jpg 340w, https:\/\/wp.kristdemokraterna.se\/ockero\/files\/2022\/06\/15-jan-eric-back-foto-56x56.jpg 56w\" sizes=\"auto, (max-width: 886px) 100vw, 886px\" \/><\/a><\/p>\n<p><a href=\"http:\/\/wp.kristdemokraterna.se\/ockero\/files\/2022\/06\/16-anne-lie-sundling-ockero.jpg\"><img loading=\"lazy\" decoding=\"async\" class=\"alignnone size-full wp-image-687\" src=\"http:\/\/wp.kristdemokraterna.se\/ockero\/files\/2022\/06\/16-anne-lie-sundling-ockero.jpg\" alt=\"Anne-Lie Sundling, \u00d6cker\u00f6\" width=\"886\" height=\"886\" srcset=\"https:\/\/wp.kristdemokraterna.se\/ockero\/files\/2022\/06\/16-anne-lie-sundling-ockero.jpg 886w, https:\/\/wp.kristdemokraterna.se\/ockero\/files\/2022\/06\/16-anne-lie-sundling-ockero-300x300.jpg 300w, https:\/\/wp.kristdemokraterna.se\/ockero\/files\/2022\/06\/16-anne-lie-sundling-ockero-150x150.jpg 150w, https:\/\/wp.kristdemokraterna.se\/ockero\/files\/2022\/06\/16-anne-lie-sundling-ockero-768x768.jpg 768w, https:\/\/wp.kristdemokraterna.se\/ockero\/files\/2022\/06\/16-anne-lie-sundling-ockero-200x200.jpg 200w, https:\/\/wp.kristdemokraterna.se\/ockero\/files\/2022\/06\/16-anne-lie-sundling-ockero-370x370.jpg 370w, https:\/\/wp.kristdemokraterna.se\/ockero\/files\/2022\/06\/16-anne-lie-sundling-ockero-90x90.jpg 90w, https:\/\/wp.kristdemokraterna.se\/ockero\/files\/2022\/06\/16-anne-lie-sundling-ockero-770x770.jpg 770w, https:\/\/wp.kristdemokraterna.se\/ockero\/files\/2022\/06\/16-anne-lie-sundling-ockero-450x450.jpg 450w, https:\/\/wp.kristdemokraterna.se\/ockero\/files\/2022\/06\/16-anne-lie-sundling-ockero-280x280.jpg 280w, https:\/\/wp.kristdemokraterna.se\/ockero\/files\/2022\/06\/16-anne-lie-sundling-ockero-340x340.jpg 340w, https:\/\/wp.kristdemokraterna.se\/ockero\/files\/2022\/06\/16-anne-lie-sundling-ockero-56x56.jpg 56w\" sizes=\"auto, (max-width: 886px) 100vw, 886px\" \/><\/a><\/p>\n<p><a href=\"http:\/\/wp.kristdemokraterna.se\/ockero\/files\/2022\/06\/17-michael-sjogren-ockero.jpg\"><img loading=\"lazy\" decoding=\"async\" class=\"alignnone size-full wp-image-688\" src=\"http:\/\/wp.kristdemokraterna.se\/ockero\/files\/2022\/06\/17-michael-sjogren-ockero.jpg\" alt=\"Michael Sj\u00f6gren, \u00d6cker\u00f6\" width=\"886\" height=\"886\" srcset=\"https:\/\/wp.kristdemokraterna.se\/ockero\/files\/2022\/06\/17-michael-sjogren-ockero.jpg 886w, https:\/\/wp.kristdemokraterna.se\/ockero\/files\/2022\/06\/17-michael-sjogren-ockero-300x300.jpg 300w, https:\/\/wp.kristdemokraterna.se\/ockero\/files\/2022\/06\/17-michael-sjogren-ockero-150x150.jpg 150w, https:\/\/wp.kristdemokraterna.se\/ockero\/files\/2022\/06\/17-michael-sjogren-ockero-768x768.jpg 768w, https:\/\/wp.kristdemokraterna.se\/ockero\/files\/2022\/06\/17-michael-sjogren-ockero-200x200.jpg 200w, https:\/\/wp.kristdemokraterna.se\/ockero\/files\/2022\/06\/17-michael-sjogren-ockero-370x370.jpg 370w, https:\/\/wp.kristdemokraterna.se\/ockero\/files\/2022\/06\/17-michael-sjogren-ockero-90x90.jpg 90w, https:\/\/wp.kristdemokraterna.se\/ockero\/files\/2022\/06\/17-michael-sjogren-ockero-770x770.jpg 770w, https:\/\/wp.kristdemokraterna.se\/ockero\/files\/2022\/06\/17-michael-sjogren-ockero-450x450.jpg 450w, https:\/\/wp.kristdemokraterna.se\/ockero\/files\/2022\/06\/17-michael-sjogren-ockero-280x280.jpg 280w, https:\/\/wp.kristdemokraterna.se\/ockero\/files\/2022\/06\/17-michael-sjogren-ockero-340x340.jpg 340w, https:\/\/wp.kristdemokraterna.se\/ockero\/files\/2022\/06\/17-michael-sjogren-ockero-56x56.jpg 56w\" sizes=\"auto, (max-width: 886px) 100vw, 886px\" \/><\/a><\/p>\n<p><a href=\"http:\/\/wp.kristdemokraterna.se\/ockero\/files\/2022\/06\/18-anna-bertrandsson-littke-roro.jpg\"><img loading=\"lazy\" decoding=\"async\" class=\"alignnone size-full wp-image-689\" src=\"http:\/\/wp.kristdemokraterna.se\/ockero\/files\/2022\/06\/18-anna-bertrandsson-littke-roro.jpg\" alt=\"Anna Bertrandsson Littke, R\u00f6r\u00f6\" width=\"886\" height=\"886\" srcset=\"https:\/\/wp.kristdemokraterna.se\/ockero\/files\/2022\/06\/18-anna-bertrandsson-littke-roro.jpg 886w, https:\/\/wp.kristdemokraterna.se\/ockero\/files\/2022\/06\/18-anna-bertrandsson-littke-roro-300x300.jpg 300w, https:\/\/wp.kristdemokraterna.se\/ockero\/files\/2022\/06\/18-anna-bertrandsson-littke-roro-150x150.jpg 150w, https:\/\/wp.kristdemokraterna.se\/ockero\/files\/2022\/06\/18-anna-bertrandsson-littke-roro-768x768.jpg 768w, https:\/\/wp.kristdemokraterna.se\/ockero\/files\/2022\/06\/18-anna-bertrandsson-littke-roro-200x200.jpg 200w, https:\/\/wp.kristdemokraterna.se\/ockero\/files\/2022\/06\/18-anna-bertrandsson-littke-roro-370x370.jpg 370w, https:\/\/wp.kristdemokraterna.se\/ockero\/files\/2022\/06\/18-anna-bertrandsson-littke-roro-90x90.jpg 90w, https:\/\/wp.kristdemokraterna.se\/ockero\/files\/2022\/06\/18-anna-bertrandsson-littke-roro-770x770.jpg 770w, https:\/\/wp.kristdemokraterna.se\/ockero\/files\/2022\/06\/18-anna-bertrandsson-littke-roro-450x450.jpg 450w, https:\/\/wp.kristdemokraterna.se\/ockero\/files\/2022\/06\/18-anna-bertrandsson-littke-roro-280x280.jpg 280w, https:\/\/wp.kristdemokraterna.se\/ockero\/files\/2022\/06\/18-anna-bertrandsson-littke-roro-340x340.jpg 340w, https:\/\/wp.kristdemokraterna.se\/ockero\/files\/2022\/06\/18-anna-bertrandsson-littke-roro-56x56.jpg 56w\" sizes=\"auto, (max-width: 886px) 100vw, 886px\" \/><\/a><\/p>\n<p><a href=\"http:\/\/wp.kristdemokraterna.se\/ockero\/files\/2022\/06\/19-henrik-borjesson-ockero.jpg\"><img loading=\"lazy\" decoding=\"async\" class=\"alignnone size-full wp-image-690\" src=\"http:\/\/wp.kristdemokraterna.se\/ockero\/files\/2022\/06\/19-henrik-borjesson-ockero.jpg\" alt=\"Henrik B\u00f6rjesson, \u00d6cker\u00f6\" width=\"886\" height=\"886\" srcset=\"https:\/\/wp.kristdemokraterna.se\/ockero\/files\/2022\/06\/19-henrik-borjesson-ockero.jpg 886w, https:\/\/wp.kristdemokraterna.se\/ockero\/files\/2022\/06\/19-henrik-borjesson-ockero-300x300.jpg 300w, https:\/\/wp.kristdemokraterna.se\/ockero\/files\/2022\/06\/19-henrik-borjesson-ockero-150x150.jpg 150w, https:\/\/wp.kristdemokraterna.se\/ockero\/files\/2022\/06\/19-henrik-borjesson-ockero-768x768.jpg 768w, https:\/\/wp.kristdemokraterna.se\/ockero\/files\/2022\/06\/19-henrik-borjesson-ockero-200x200.jpg 200w, https:\/\/wp.kristdemokraterna.se\/ockero\/files\/2022\/06\/19-henrik-borjesson-ockero-370x370.jpg 370w, https:\/\/wp.kristdemokraterna.se\/ockero\/files\/2022\/06\/19-henrik-borjesson-ockero-90x90.jpg 90w, https:\/\/wp.kristdemokraterna.se\/ockero\/files\/2022\/06\/19-henrik-borjesson-ockero-770x770.jpg 770w, https:\/\/wp.kristdemokraterna.se\/ockero\/files\/2022\/06\/19-henrik-borjesson-ockero-450x450.jpg 450w, https:\/\/wp.kristdemokraterna.se\/ockero\/files\/2022\/06\/19-henrik-borjesson-ockero-280x280.jpg 280w, https:\/\/wp.kristdemokraterna.se\/ockero\/files\/2022\/06\/19-henrik-borjesson-ockero-340x340.jpg 340w, https:\/\/wp.kristdemokraterna.se\/ockero\/files\/2022\/06\/19-henrik-borjesson-ockero-56x56.jpg 56w\" sizes=\"auto, (max-width: 886px) 100vw, 886px\" \/><\/a><\/p>\n<p><a href=\"http:\/\/wp.kristdemokraterna.se\/ockero\/files\/2022\/06\/20-erica-tengroth-ockero.jpg\"><img loading=\"lazy\" decoding=\"async\" class=\"alignnone size-full wp-image-691\" src=\"http:\/\/wp.kristdemokraterna.se\/ockero\/files\/2022\/06\/20-erica-tengroth-ockero.jpg\" alt=\"Erica Tengroth, \u00d6cker\u00f6\" width=\"886\" height=\"886\" srcset=\"https:\/\/wp.kristdemokraterna.se\/ockero\/files\/2022\/06\/20-erica-tengroth-ockero.jpg 886w, https:\/\/wp.kristdemokraterna.se\/ockero\/files\/2022\/06\/20-erica-tengroth-ockero-300x300.jpg 300w, https:\/\/wp.kristdemokraterna.se\/ockero\/files\/2022\/06\/20-erica-tengroth-ockero-150x150.jpg 150w, https:\/\/wp.kristdemokraterna.se\/ockero\/files\/2022\/06\/20-erica-tengroth-ockero-768x768.jpg 768w, https:\/\/wp.kristdemokraterna.se\/ockero\/files\/2022\/06\/20-erica-tengroth-ockero-200x200.jpg 200w, https:\/\/wp.kristdemokraterna.se\/ockero\/files\/2022\/06\/20-erica-tengroth-ockero-370x370.jpg 370w, https:\/\/wp.kristdemokraterna.se\/ockero\/files\/2022\/06\/20-erica-tengroth-ockero-90x90.jpg 90w, https:\/\/wp.kristdemokraterna.se\/ockero\/files\/2022\/06\/20-erica-tengroth-ockero-770x770.jpg 770w, https:\/\/wp.kristdemokraterna.se\/ockero\/files\/2022\/06\/20-erica-tengroth-ockero-450x450.jpg 450w, https:\/\/wp.kristdemokraterna.se\/ockero\/files\/2022\/06\/20-erica-tengroth-ockero-280x280.jpg 280w, https:\/\/wp.kristdemokraterna.se\/ockero\/files\/2022\/06\/20-erica-tengroth-ockero-340x340.jpg 340w, https:\/\/wp.kristdemokraterna.se\/ockero\/files\/2022\/06\/20-erica-tengroth-ockero-56x56.jpg 56w\" sizes=\"auto, (max-width: 886px) 100vw, 886px\" \/><\/a><\/p>\n<p><a href=\"http:\/\/wp.kristdemokraterna.se\/ockero\/files\/2022\/06\/21-david-ryman-hono.jpg\"><img loading=\"lazy\" decoding=\"async\" class=\"alignnone size-full wp-image-692\" src=\"http:\/\/wp.kristdemokraterna.se\/ockero\/files\/2022\/06\/21-david-ryman-hono.jpg\" alt=\"David Ryman, H\u00f6n\u00f6\" width=\"886\" height=\"886\" srcset=\"https:\/\/wp.kristdemokraterna.se\/ockero\/files\/2022\/06\/21-david-ryman-hono.jpg 886w, https:\/\/wp.kristdemokraterna.se\/ockero\/files\/2022\/06\/21-david-ryman-hono-300x300.jpg 300w, https:\/\/wp.kristdemokraterna.se\/ockero\/files\/2022\/06\/21-david-ryman-hono-150x150.jpg 150w, https:\/\/wp.kristdemokraterna.se\/ockero\/files\/2022\/06\/21-david-ryman-hono-768x768.jpg 768w, https:\/\/wp.kristdemokraterna.se\/ockero\/files\/2022\/06\/21-david-ryman-hono-200x200.jpg 200w, https:\/\/wp.kristdemokraterna.se\/ockero\/files\/2022\/06\/21-david-ryman-hono-370x370.jpg 370w, https:\/\/wp.kristdemokraterna.se\/ockero\/files\/2022\/06\/21-david-ryman-hono-90x90.jpg 90w, https:\/\/wp.kristdemokraterna.se\/ockero\/files\/2022\/06\/21-david-ryman-hono-770x770.jpg 770w, https:\/\/wp.kristdemokraterna.se\/ockero\/files\/2022\/06\/21-david-ryman-hono-450x450.jpg 450w, https:\/\/wp.kristdemokraterna.se\/ockero\/files\/2022\/06\/21-david-ryman-hono-280x280.jpg 280w, https:\/\/wp.kristdemokraterna.se\/ockero\/files\/2022\/06\/21-david-ryman-hono-340x340.jpg 340w, https:\/\/wp.kristdemokraterna.se\/ockero\/files\/2022\/06\/21-david-ryman-hono-56x56.jpg 56w\" sizes=\"auto, (max-width: 886px) 100vw, 886px\" \/><\/a><\/p>\n<p><a href=\"http:\/\/wp.kristdemokraterna.se\/ockero\/files\/2022\/06\/22-maria-utbult-ockero.jpg\"><img loading=\"lazy\" decoding=\"async\" class=\"alignnone size-full wp-image-693\" src=\"http:\/\/wp.kristdemokraterna.se\/ockero\/files\/2022\/06\/22-maria-utbult-ockero.jpg\" alt=\"Maria Utbult, \u00d6cker\u00f6\" width=\"886\" height=\"886\" srcset=\"https:\/\/wp.kristdemokraterna.se\/ockero\/files\/2022\/06\/22-maria-utbult-ockero.jpg 886w, https:\/\/wp.kristdemokraterna.se\/ockero\/files\/2022\/06\/22-maria-utbult-ockero-300x300.jpg 300w, https:\/\/wp.kristdemokraterna.se\/ockero\/files\/2022\/06\/22-maria-utbult-ockero-150x150.jpg 150w, https:\/\/wp.kristdemokraterna.se\/ockero\/files\/2022\/06\/22-maria-utbult-ockero-768x768.jpg 768w, https:\/\/wp.kristdemokraterna.se\/ockero\/files\/2022\/06\/22-maria-utbult-ockero-200x200.jpg 200w, https:\/\/wp.kristdemokraterna.se\/ockero\/files\/2022\/06\/22-maria-utbult-ockero-370x370.jpg 370w, https:\/\/wp.kristdemokraterna.se\/ockero\/files\/2022\/06\/22-maria-utbult-ockero-90x90.jpg 90w, https:\/\/wp.kristdemokraterna.se\/ockero\/files\/2022\/06\/22-maria-utbult-ockero-770x770.jpg 770w, https:\/\/wp.kristdemokraterna.se\/ockero\/files\/2022\/06\/22-maria-utbult-ockero-450x450.jpg 450w, https:\/\/wp.kristdemokraterna.se\/ockero\/files\/2022\/06\/22-maria-utbult-ockero-280x280.jpg 280w, https:\/\/wp.kristdemokraterna.se\/ockero\/files\/2022\/06\/22-maria-utbult-ockero-340x340.jpg 340w, https:\/\/wp.kristdemokraterna.se\/ockero\/files\/2022\/06\/22-maria-utbult-ockero-56x56.jpg 56w\" sizes=\"auto, (max-width: 886px) 100vw, 886px\" \/><\/a><\/p>\n<p><a href=\"http:\/\/wp.kristdemokraterna.se\/ockero\/files\/2022\/06\/23-hakan-olsson-halso.jpg\"><img loading=\"lazy\" decoding=\"async\" class=\"alignnone size-full wp-image-694\" src=\"http:\/\/wp.kristdemokraterna.se\/ockero\/files\/2022\/06\/23-hakan-olsson-halso.jpg\" alt=\"H\u00e5kan Olsson, H\u00e4ls\u00f6\" width=\"886\" height=\"886\" srcset=\"https:\/\/wp.kristdemokraterna.se\/ockero\/files\/2022\/06\/23-hakan-olsson-halso.jpg 886w, https:\/\/wp.kristdemokraterna.se\/ockero\/files\/2022\/06\/23-hakan-olsson-halso-300x300.jpg 300w, https:\/\/wp.kristdemokraterna.se\/ockero\/files\/2022\/06\/23-hakan-olsson-halso-150x150.jpg 150w, https:\/\/wp.kristdemokraterna.se\/ockero\/files\/2022\/06\/23-hakan-olsson-halso-768x768.jpg 768w, https:\/\/wp.kristdemokraterna.se\/ockero\/files\/2022\/06\/23-hakan-olsson-halso-200x200.jpg 200w, https:\/\/wp.kristdemokraterna.se\/ockero\/files\/2022\/06\/23-hakan-olsson-halso-370x370.jpg 370w, https:\/\/wp.kristdemokraterna.se\/ockero\/files\/2022\/06\/23-hakan-olsson-halso-90x90.jpg 90w, https:\/\/wp.kristdemokraterna.se\/ockero\/files\/2022\/06\/23-hakan-olsson-halso-770x770.jpg 770w, https:\/\/wp.kristdemokraterna.se\/ockero\/files\/2022\/06\/23-hakan-olsson-halso-450x450.jpg 450w, https:\/\/wp.kristdemokraterna.se\/ockero\/files\/2022\/06\/23-hakan-olsson-halso-280x280.jpg 280w, https:\/\/wp.kristdemokraterna.se\/ockero\/files\/2022\/06\/23-hakan-olsson-halso-340x340.jpg 340w, https:\/\/wp.kristdemokraterna.se\/ockero\/files\/2022\/06\/23-hakan-olsson-halso-56x56.jpg 56w\" sizes=\"auto, (max-width: 886px) 100vw, 886px\" \/><\/a><\/p>\n<p><a href=\"http:\/\/wp.kristdemokraterna.se\/ockero\/files\/2022\/06\/24-christina-sundstrom-ockero.jpg\"><img loading=\"lazy\" decoding=\"async\" class=\"alignnone size-full wp-image-695\" src=\"http:\/\/wp.kristdemokraterna.se\/ockero\/files\/2022\/06\/24-christina-sundstrom-ockero.jpg\" alt=\"Christina Sundstr\u00f6m, \u00d6cker\u00f6\" width=\"886\" height=\"886\" srcset=\"https:\/\/wp.kristdemokraterna.se\/ockero\/files\/2022\/06\/24-christina-sundstrom-ockero.jpg 886w, https:\/\/wp.kristdemokraterna.se\/ockero\/files\/2022\/06\/24-christina-sundstrom-ockero-300x300.jpg 300w, https:\/\/wp.kristdemokraterna.se\/ockero\/files\/2022\/06\/24-christina-sundstrom-ockero-150x150.jpg 150w, https:\/\/wp.kristdemokraterna.se\/ockero\/files\/2022\/06\/24-christina-sundstrom-ockero-768x768.jpg 768w, https:\/\/wp.kristdemokraterna.se\/ockero\/files\/2022\/06\/24-christina-sundstrom-ockero-200x200.jpg 200w, https:\/\/wp.kristdemokraterna.se\/ockero\/files\/2022\/06\/24-christina-sundstrom-ockero-370x370.jpg 370w, https:\/\/wp.kristdemokraterna.se\/ockero\/files\/2022\/06\/24-christina-sundstrom-ockero-90x90.jpg 90w, https:\/\/wp.kristdemokraterna.se\/ockero\/files\/2022\/06\/24-christina-sundstrom-ockero-770x770.jpg 770w, https:\/\/wp.kristdemokraterna.se\/ockero\/files\/2022\/06\/24-christina-sundstrom-ockero-450x450.jpg 450w, https:\/\/wp.kristdemokraterna.se\/ockero\/files\/2022\/06\/24-christina-sundstrom-ockero-280x280.jpg 280w, https:\/\/wp.kristdemokraterna.se\/ockero\/files\/2022\/06\/24-christina-sundstrom-ockero-340x340.jpg 340w, https:\/\/wp.kristdemokraterna.se\/ockero\/files\/2022\/06\/24-christina-sundstrom-ockero-56x56.jpg 56w\" sizes=\"auto, (max-width: 886px) 100vw, 886px\" \/><\/a><\/p>\n<p><a href=\"http:\/\/wp.kristdemokraterna.se\/ockero\/files\/2022\/06\/25-hans-klaus-weiler-kalvsund.jpg\"><img loading=\"lazy\" decoding=\"async\" class=\"alignnone size-full wp-image-696\" src=\"http:\/\/wp.kristdemokraterna.se\/ockero\/files\/2022\/06\/25-hans-klaus-weiler-kalvsund.jpg\" alt=\"Hans-Klaus Weiler, Kalvsund\" width=\"886\" height=\"886\" srcset=\"https:\/\/wp.kristdemokraterna.se\/ockero\/files\/2022\/06\/25-hans-klaus-weiler-kalvsund.jpg 886w, https:\/\/wp.kristdemokraterna.se\/ockero\/files\/2022\/06\/25-hans-klaus-weiler-kalvsund-300x300.jpg 300w, https:\/\/wp.kristdemokraterna.se\/ockero\/files\/2022\/06\/25-hans-klaus-weiler-kalvsund-150x150.jpg 150w, https:\/\/wp.kristdemokraterna.se\/ockero\/files\/2022\/06\/25-hans-klaus-weiler-kalvsund-768x768.jpg 768w, https:\/\/wp.kristdemokraterna.se\/ockero\/files\/2022\/06\/25-hans-klaus-weiler-kalvsund-200x200.jpg 200w, https:\/\/wp.kristdemokraterna.se\/ockero\/files\/2022\/06\/25-hans-klaus-weiler-kalvsund-370x370.jpg 370w, https:\/\/wp.kristdemokraterna.se\/ockero\/files\/2022\/06\/25-hans-klaus-weiler-kalvsund-90x90.jpg 90w, https:\/\/wp.kristdemokraterna.se\/ockero\/files\/2022\/06\/25-hans-klaus-weiler-kalvsund-770x770.jpg 770w, https:\/\/wp.kristdemokraterna.se\/ockero\/files\/2022\/06\/25-hans-klaus-weiler-kalvsund-450x450.jpg 450w, https:\/\/wp.kristdemokraterna.se\/ockero\/files\/2022\/06\/25-hans-klaus-weiler-kalvsund-280x280.jpg 280w, https:\/\/wp.kristdemokraterna.se\/ockero\/files\/2022\/06\/25-hans-klaus-weiler-kalvsund-340x340.jpg 340w, https:\/\/wp.kristdemokraterna.se\/ockero\/files\/2022\/06\/25-hans-klaus-weiler-kalvsund-56x56.jpg 56w\" sizes=\"auto, (max-width: 886px) 100vw, 886px\" \/><\/a><\/p>\n<p><a href=\"http:\/\/wp.kristdemokraterna.se\/ockero\/files\/2022\/06\/26-birgith-fahlstedt-ockero.jpg\"><img loading=\"lazy\" decoding=\"async\" class=\"alignnone size-full wp-image-697\" src=\"http:\/\/wp.kristdemokraterna.se\/ockero\/files\/2022\/06\/26-birgith-fahlstedt-ockero.jpg\" alt=\"Birgith Fahlstedt, \u00d6cker\u00f6\" width=\"886\" height=\"886\" srcset=\"https:\/\/wp.kristdemokraterna.se\/ockero\/files\/2022\/06\/26-birgith-fahlstedt-ockero.jpg 886w, https:\/\/wp.kristdemokraterna.se\/ockero\/files\/2022\/06\/26-birgith-fahlstedt-ockero-300x300.jpg 300w, https:\/\/wp.kristdemokraterna.se\/ockero\/files\/2022\/06\/26-birgith-fahlstedt-ockero-150x150.jpg 150w, https:\/\/wp.kristdemokraterna.se\/ockero\/files\/2022\/06\/26-birgith-fahlstedt-ockero-768x768.jpg 768w, https:\/\/wp.kristdemokraterna.se\/ockero\/files\/2022\/06\/26-birgith-fahlstedt-ockero-200x200.jpg 200w, https:\/\/wp.kristdemokraterna.se\/ockero\/files\/2022\/06\/26-birgith-fahlstedt-ockero-370x370.jpg 370w, https:\/\/wp.kristdemokraterna.se\/ockero\/files\/2022\/06\/26-birgith-fahlstedt-ockero-90x90.jpg 90w, https:\/\/wp.kristdemokraterna.se\/ockero\/files\/2022\/06\/26-birgith-fahlstedt-ockero-770x770.jpg 770w, https:\/\/wp.kristdemokraterna.se\/ockero\/files\/2022\/06\/26-birgith-fahlstedt-ockero-450x450.jpg 450w, https:\/\/wp.kristdemokraterna.se\/ockero\/files\/2022\/06\/26-birgith-fahlstedt-ockero-280x280.jpg 280w, https:\/\/wp.kristdemokraterna.se\/ockero\/files\/2022\/06\/26-birgith-fahlstedt-ockero-340x340.jpg 340w, https:\/\/wp.kristdemokraterna.se\/ockero\/files\/2022\/06\/26-birgith-fahlstedt-ockero-56x56.jpg 56w\" sizes=\"auto, (max-width: 886px) 100vw, 886px\" \/><\/a><\/p>\n<p><a href=\"http:\/\/wp.kristdemokraterna.se\/ockero\/files\/2022\/06\/27-johan-hamnebo-hono.jpg\"><img loading=\"lazy\" decoding=\"async\" class=\"alignnone size-full wp-image-698\" src=\"http:\/\/wp.kristdemokraterna.se\/ockero\/files\/2022\/06\/27-johan-hamnebo-hono.jpg\" alt=\"Johan Hamnebo, H\u00f6n\u00f6\" width=\"886\" height=\"886\" srcset=\"https:\/\/wp.kristdemokraterna.se\/ockero\/files\/2022\/06\/27-johan-hamnebo-hono.jpg 886w, https:\/\/wp.kristdemokraterna.se\/ockero\/files\/2022\/06\/27-johan-hamnebo-hono-300x300.jpg 300w, https:\/\/wp.kristdemokraterna.se\/ockero\/files\/2022\/06\/27-johan-hamnebo-hono-150x150.jpg 150w, https:\/\/wp.kristdemokraterna.se\/ockero\/files\/2022\/06\/27-johan-hamnebo-hono-768x768.jpg 768w, https:\/\/wp.kristdemokraterna.se\/ockero\/files\/2022\/06\/27-johan-hamnebo-hono-200x200.jpg 200w, https:\/\/wp.kristdemokraterna.se\/ockero\/files\/2022\/06\/27-johan-hamnebo-hono-370x370.jpg 370w, https:\/\/wp.kristdemokraterna.se\/ockero\/files\/2022\/06\/27-johan-hamnebo-hono-90x90.jpg 90w, https:\/\/wp.kristdemokraterna.se\/ockero\/files\/2022\/06\/27-johan-hamnebo-hono-770x770.jpg 770w, https:\/\/wp.kristdemokraterna.se\/ockero\/files\/2022\/06\/27-johan-hamnebo-hono-450x450.jpg 450w, https:\/\/wp.kristdemokraterna.se\/ockero\/files\/2022\/06\/27-johan-hamnebo-hono-280x280.jpg 280w, https:\/\/wp.kristdemokraterna.se\/ockero\/files\/2022\/06\/27-johan-hamnebo-hono-340x340.jpg 340w, https:\/\/wp.kristdemokraterna.se\/ockero\/files\/2022\/06\/27-johan-hamnebo-hono-56x56.jpg 56w\" sizes=\"auto, (max-width: 886px) 100vw, 886px\" \/><\/a><\/p>\n<p><a href=\"http:\/\/wp.kristdemokraterna.se\/ockero\/files\/2022\/06\/28-jan-thorsson-hono.jpg\"><img loading=\"lazy\" decoding=\"async\" class=\"alignnone size-full wp-image-699\" src=\"http:\/\/wp.kristdemokraterna.se\/ockero\/files\/2022\/06\/28-jan-thorsson-hono.jpg\" alt=\"Jan Thorsson, H\u00f6n\u00f6\" width=\"886\" height=\"886\" srcset=\"https:\/\/wp.kristdemokraterna.se\/ockero\/files\/2022\/06\/28-jan-thorsson-hono.jpg 886w, https:\/\/wp.kristdemokraterna.se\/ockero\/files\/2022\/06\/28-jan-thorsson-hono-300x300.jpg 300w, https:\/\/wp.kristdemokraterna.se\/ockero\/files\/2022\/06\/28-jan-thorsson-hono-150x150.jpg 150w, https:\/\/wp.kristdemokraterna.se\/ockero\/files\/2022\/06\/28-jan-thorsson-hono-768x768.jpg 768w, https:\/\/wp.kristdemokraterna.se\/ockero\/files\/2022\/06\/28-jan-thorsson-hono-200x200.jpg 200w, https:\/\/wp.kristdemokraterna.se\/ockero\/files\/2022\/06\/28-jan-thorsson-hono-370x370.jpg 370w, https:\/\/wp.kristdemokraterna.se\/ockero\/files\/2022\/06\/28-jan-thorsson-hono-90x90.jpg 90w, https:\/\/wp.kristdemokraterna.se\/ockero\/files\/2022\/06\/28-jan-thorsson-hono-770x770.jpg 770w, https:\/\/wp.kristdemokraterna.se\/ockero\/files\/2022\/06\/28-jan-thorsson-hono-450x450.jpg 450w, https:\/\/wp.kristdemokraterna.se\/ockero\/files\/2022\/06\/28-jan-thorsson-hono-280x280.jpg 280w, https:\/\/wp.kristdemokraterna.se\/ockero\/files\/2022\/06\/28-jan-thorsson-hono-340x340.jpg 340w, https:\/\/wp.kristdemokraterna.se\/ockero\/files\/2022\/06\/28-jan-thorsson-hono-56x56.jpg 56w\" sizes=\"auto, (max-width: 886px) 100vw, 886px\" \/><\/a><\/p>\n<p><a href=\"http:\/\/wp.kristdemokraterna.se\/ockero\/files\/2022\/06\/29-ulrika-andersson-foto.jpg\"><img loading=\"lazy\" decoding=\"async\" class=\"alignnone size-full wp-image-700\" src=\"http:\/\/wp.kristdemokraterna.se\/ockero\/files\/2022\/06\/29-ulrika-andersson-foto.jpg\" alt=\"Ulrika Andersson, Fot\u00f6\" width=\"886\" height=\"886\" srcset=\"https:\/\/wp.kristdemokraterna.se\/ockero\/files\/2022\/06\/29-ulrika-andersson-foto.jpg 886w, https:\/\/wp.kristdemokraterna.se\/ockero\/files\/2022\/06\/29-ulrika-andersson-foto-300x300.jpg 300w, https:\/\/wp.kristdemokraterna.se\/ockero\/files\/2022\/06\/29-ulrika-andersson-foto-150x150.jpg 150w, https:\/\/wp.kristdemokraterna.se\/ockero\/files\/2022\/06\/29-ulrika-andersson-foto-768x768.jpg 768w, https:\/\/wp.kristdemokraterna.se\/ockero\/files\/2022\/06\/29-ulrika-andersson-foto-200x200.jpg 200w, https:\/\/wp.kristdemokraterna.se\/ockero\/files\/2022\/06\/29-ulrika-andersson-foto-370x370.jpg 370w, https:\/\/wp.kristdemokraterna.se\/ockero\/files\/2022\/06\/29-ulrika-andersson-foto-90x90.jpg 90w, https:\/\/wp.kristdemokraterna.se\/ockero\/files\/2022\/06\/29-ulrika-andersson-foto-770x770.jpg 770w, https:\/\/wp.kristdemokraterna.se\/ockero\/files\/2022\/06\/29-ulrika-andersson-foto-450x450.jpg 450w, https:\/\/wp.kristdemokraterna.se\/ockero\/files\/2022\/06\/29-ulrika-andersson-foto-280x280.jpg 280w, https:\/\/wp.kristdemokraterna.se\/ockero\/files\/2022\/06\/29-ulrika-andersson-foto-340x340.jpg 340w, https:\/\/wp.kristdemokraterna.se\/ockero\/files\/2022\/06\/29-ulrika-andersson-foto-56x56.jpg 56w\" sizes=\"auto, (max-width: 886px) 100vw, 886px\" \/><\/a><\/p>\n<p><a href=\"http:\/\/wp.kristdemokraterna.se\/ockero\/files\/2022\/06\/30-bertil-borjesson-ockero.jpg\"><img loading=\"lazy\" decoding=\"async\" class=\"alignnone size-full wp-image-701\" src=\"http:\/\/wp.kristdemokraterna.se\/ockero\/files\/2022\/06\/30-bertil-borjesson-ockero.jpg\" alt=\"Bertil B\u00f6rjesson, \u00d6cker\u00f6\" width=\"886\" height=\"886\" srcset=\"https:\/\/wp.kristdemokraterna.se\/ockero\/files\/2022\/06\/30-bertil-borjesson-ockero.jpg 886w, https:\/\/wp.kristdemokraterna.se\/ockero\/files\/2022\/06\/30-bertil-borjesson-ockero-300x300.jpg 300w, https:\/\/wp.kristdemokraterna.se\/ockero\/files\/2022\/06\/30-bertil-borjesson-ockero-150x150.jpg 150w, https:\/\/wp.kristdemokraterna.se\/ockero\/files\/2022\/06\/30-bertil-borjesson-ockero-768x768.jpg 768w, https:\/\/wp.kristdemokraterna.se\/ockero\/files\/2022\/06\/30-bertil-borjesson-ockero-200x200.jpg 200w, https:\/\/wp.kristdemokraterna.se\/ockero\/files\/2022\/06\/30-bertil-borjesson-ockero-370x370.jpg 370w, https:\/\/wp.kristdemokraterna.se\/ockero\/files\/2022\/06\/30-bertil-borjesson-ockero-90x90.jpg 90w, https:\/\/wp.kristdemokraterna.se\/ockero\/files\/2022\/06\/30-bertil-borjesson-ockero-770x770.jpg 770w, https:\/\/wp.kristdemokraterna.se\/ockero\/files\/2022\/06\/30-bertil-borjesson-ockero-450x450.jpg 450w, https:\/\/wp.kristdemokraterna.se\/ockero\/files\/2022\/06\/30-bertil-borjesson-ockero-280x280.jpg 280w, https:\/\/wp.kristdemokraterna.se\/ockero\/files\/2022\/06\/30-bertil-borjesson-ockero-340x340.jpg 340w, https:\/\/wp.kristdemokraterna.se\/ockero\/files\/2022\/06\/30-bertil-borjesson-ockero-56x56.jpg 56w\" sizes=\"auto, (max-width: 886px) 100vw, 886px\" \/><\/a><\/p>\n<p><a href=\"http:\/\/wp.kristdemokraterna.se\/ockero\/files\/2022\/06\/31-christoffer-bjorkman-hono.jpg\"><img loading=\"lazy\" decoding=\"async\" class=\"alignnone size-full wp-image-702\" src=\"http:\/\/wp.kristdemokraterna.se\/ockero\/files\/2022\/06\/31-christoffer-bjorkman-hono.jpg\" alt=\"Christoffer Bj\u00f6rkman, H\u00f6n\u00f6\" width=\"886\" height=\"886\" srcset=\"https:\/\/wp.kristdemokraterna.se\/ockero\/files\/2022\/06\/31-christoffer-bjorkman-hono.jpg 886w, https:\/\/wp.kristdemokraterna.se\/ockero\/files\/2022\/06\/31-christoffer-bjorkman-hono-300x300.jpg 300w, https:\/\/wp.kristdemokraterna.se\/ockero\/files\/2022\/06\/31-christoffer-bjorkman-hono-150x150.jpg 150w, https:\/\/wp.kristdemokraterna.se\/ockero\/files\/2022\/06\/31-christoffer-bjorkman-hono-768x768.jpg 768w, https:\/\/wp.kristdemokraterna.se\/ockero\/files\/2022\/06\/31-christoffer-bjorkman-hono-200x200.jpg 200w, https:\/\/wp.kristdemokraterna.se\/ockero\/files\/2022\/06\/31-christoffer-bjorkman-hono-370x370.jpg 370w, https:\/\/wp.kristdemokraterna.se\/ockero\/files\/2022\/06\/31-christoffer-bjorkman-hono-90x90.jpg 90w, https:\/\/wp.kristdemokraterna.se\/ockero\/files\/2022\/06\/31-christoffer-bjorkman-hono-770x770.jpg 770w, https:\/\/wp.kristdemokraterna.se\/ockero\/files\/2022\/06\/31-christoffer-bjorkman-hono-450x450.jpg 450w, https:\/\/wp.kristdemokraterna.se\/ockero\/files\/2022\/06\/31-christoffer-bjorkman-hono-280x280.jpg 280w, https:\/\/wp.kristdemokraterna.se\/ockero\/files\/2022\/06\/31-christoffer-bjorkman-hono-340x340.jpg 340w, https:\/\/wp.kristdemokraterna.se\/ockero\/files\/2022\/06\/31-christoffer-bjorkman-hono-56x56.jpg 56w\" sizes=\"auto, (max-width: 886px) 100vw, 886px\" \/><\/a><\/p>\n<p><a href=\"http:\/\/wp.kristdemokraterna.se\/ockero\/files\/2022\/06\/32-anna-wennskar-kalvsund.jpg\"><img loading=\"lazy\" decoding=\"async\" class=\"alignnone size-full wp-image-703\" src=\"http:\/\/wp.kristdemokraterna.se\/ockero\/files\/2022\/06\/32-anna-wennskar-kalvsund.jpg\" alt=\"Anna Wennsk\u00e4r, Kalvsund\" width=\"886\" height=\"886\" srcset=\"https:\/\/wp.kristdemokraterna.se\/ockero\/files\/2022\/06\/32-anna-wennskar-kalvsund.jpg 886w, https:\/\/wp.kristdemokraterna.se\/ockero\/files\/2022\/06\/32-anna-wennskar-kalvsund-300x300.jpg 300w, https:\/\/wp.kristdemokraterna.se\/ockero\/files\/2022\/06\/32-anna-wennskar-kalvsund-150x150.jpg 150w, https:\/\/wp.kristdemokraterna.se\/ockero\/files\/2022\/06\/32-anna-wennskar-kalvsund-768x768.jpg 768w, https:\/\/wp.kristdemokraterna.se\/ockero\/files\/2022\/06\/32-anna-wennskar-kalvsund-200x200.jpg 200w, https:\/\/wp.kristdemokraterna.se\/ockero\/files\/2022\/06\/32-anna-wennskar-kalvsund-370x370.jpg 370w, https:\/\/wp.kristdemokraterna.se\/ockero\/files\/2022\/06\/32-anna-wennskar-kalvsund-90x90.jpg 90w, https:\/\/wp.kristdemokraterna.se\/ockero\/files\/2022\/06\/32-anna-wennskar-kalvsund-770x770.jpg 770w, https:\/\/wp.kristdemokraterna.se\/ockero\/files\/2022\/06\/32-anna-wennskar-kalvsund-450x450.jpg 450w, https:\/\/wp.kristdemokraterna.se\/ockero\/files\/2022\/06\/32-anna-wennskar-kalvsund-280x280.jpg 280w, https:\/\/wp.kristdemokraterna.se\/ockero\/files\/2022\/06\/32-anna-wennskar-kalvsund-340x340.jpg 340w, https:\/\/wp.kristdemokraterna.se\/ockero\/files\/2022\/06\/32-anna-wennskar-kalvsund-56x56.jpg 56w\" sizes=\"auto, (max-width: 886px) 100vw, 886px\" \/><\/a><\/p>\n<p><a href=\"http:\/\/wp.kristdemokraterna.se\/ockero\/files\/2022\/06\/33-andreas-ingemarsson-hono.jpg\"><img loading=\"lazy\" decoding=\"async\" class=\"alignnone size-full wp-image-704\" src=\"http:\/\/wp.kristdemokraterna.se\/ockero\/files\/2022\/06\/33-andreas-ingemarsson-hono.jpg\" alt=\"Andreas Ingemarsson, H\u00f6n\u00f6\" width=\"886\" height=\"886\" srcset=\"https:\/\/wp.kristdemokraterna.se\/ockero\/files\/2022\/06\/33-andreas-ingemarsson-hono.jpg 886w, https:\/\/wp.kristdemokraterna.se\/ockero\/files\/2022\/06\/33-andreas-ingemarsson-hono-300x300.jpg 300w, https:\/\/wp.kristdemokraterna.se\/ockero\/files\/2022\/06\/33-andreas-ingemarsson-hono-150x150.jpg 150w, https:\/\/wp.kristdemokraterna.se\/ockero\/files\/2022\/06\/33-andreas-ingemarsson-hono-768x768.jpg 768w, https:\/\/wp.kristdemokraterna.se\/ockero\/files\/2022\/06\/33-andreas-ingemarsson-hono-200x200.jpg 200w, https:\/\/wp.kristdemokraterna.se\/ockero\/files\/2022\/06\/33-andreas-ingemarsson-hono-370x370.jpg 370w, https:\/\/wp.kristdemokraterna.se\/ockero\/files\/2022\/06\/33-andreas-ingemarsson-hono-90x90.jpg 90w, https:\/\/wp.kristdemokraterna.se\/ockero\/files\/2022\/06\/33-andreas-ingemarsson-hono-770x770.jpg 770w, https:\/\/wp.kristdemokraterna.se\/ockero\/files\/2022\/06\/33-andreas-ingemarsson-hono-450x450.jpg 450w, https:\/\/wp.kristdemokraterna.se\/ockero\/files\/2022\/06\/33-andreas-ingemarsson-hono-280x280.jpg 280w, https:\/\/wp.kristdemokraterna.se\/ockero\/files\/2022\/06\/33-andreas-ingemarsson-hono-340x340.jpg 340w, https:\/\/wp.kristdemokraterna.se\/ockero\/files\/2022\/06\/33-andreas-ingemarsson-hono-56x56.jpg 56w\" sizes=\"auto, (max-width: 886px) 100vw, 886px\" \/><\/a><\/p>\n<p><a href=\"http:\/\/wp.kristdemokraterna.se\/ockero\/files\/2022\/06\/34-joachim-lundell-ockero.jpg\"><img loading=\"lazy\" decoding=\"async\" class=\"alignnone size-full wp-image-705\" src=\"http:\/\/wp.kristdemokraterna.se\/ockero\/files\/2022\/06\/34-joachim-lundell-ockero.jpg\" alt=\"Joachim Lundell, \u00d6cker\u00f6\" width=\"886\" height=\"886\" srcset=\"https:\/\/wp.kristdemokraterna.se\/ockero\/files\/2022\/06\/34-joachim-lundell-ockero.jpg 886w, https:\/\/wp.kristdemokraterna.se\/ockero\/files\/2022\/06\/34-joachim-lundell-ockero-300x300.jpg 300w, https:\/\/wp.kristdemokraterna.se\/ockero\/files\/2022\/06\/34-joachim-lundell-ockero-150x150.jpg 150w, https:\/\/wp.kristdemokraterna.se\/ockero\/files\/2022\/06\/34-joachim-lundell-ockero-768x768.jpg 768w, https:\/\/wp.kristdemokraterna.se\/ockero\/files\/2022\/06\/34-joachim-lundell-ockero-200x200.jpg 200w, https:\/\/wp.kristdemokraterna.se\/ockero\/files\/2022\/06\/34-joachim-lundell-ockero-370x370.jpg 370w, https:\/\/wp.kristdemokraterna.se\/ockero\/files\/2022\/06\/34-joachim-lundell-ockero-90x90.jpg 90w, https:\/\/wp.kristdemokraterna.se\/ockero\/files\/2022\/06\/34-joachim-lundell-ockero-770x770.jpg 770w, https:\/\/wp.kristdemokraterna.se\/ockero\/files\/2022\/06\/34-joachim-lundell-ockero-450x450.jpg 450w, https:\/\/wp.kristdemokraterna.se\/ockero\/files\/2022\/06\/34-joachim-lundell-ockero-280x280.jpg 280w, https:\/\/wp.kristdemokraterna.se\/ockero\/files\/2022\/06\/34-joachim-lundell-ockero-340x340.jpg 340w, https:\/\/wp.kristdemokraterna.se\/ockero\/files\/2022\/06\/34-joachim-lundell-ockero-56x56.jpg 56w\" sizes=\"auto, (max-width: 886px) 100vw, 886px\" \/><\/a><\/p>\n<p><a href=\"http:\/\/wp.kristdemokraterna.se\/ockero\/files\/2022\/06\/35-gunilla-englund-hono.jpg\"><img loading=\"lazy\" decoding=\"async\" class=\"alignnone size-full wp-image-706\" src=\"http:\/\/wp.kristdemokraterna.se\/ockero\/files\/2022\/06\/35-gunilla-englund-hono.jpg\" alt=\"Gunilla Englund, H\u00f6n\u00f6\" width=\"886\" height=\"886\" srcset=\"https:\/\/wp.kristdemokraterna.se\/ockero\/files\/2022\/06\/35-gunilla-englund-hono.jpg 886w, https:\/\/wp.kristdemokraterna.se\/ockero\/files\/2022\/06\/35-gunilla-englund-hono-300x300.jpg 300w, https:\/\/wp.kristdemokraterna.se\/ockero\/files\/2022\/06\/35-gunilla-englund-hono-150x150.jpg 150w, https:\/\/wp.kristdemokraterna.se\/ockero\/files\/2022\/06\/35-gunilla-englund-hono-768x768.jpg 768w, https:\/\/wp.kristdemokraterna.se\/ockero\/files\/2022\/06\/35-gunilla-englund-hono-200x200.jpg 200w, https:\/\/wp.kristdemokraterna.se\/ockero\/files\/2022\/06\/35-gunilla-englund-hono-370x370.jpg 370w, https:\/\/wp.kristdemokraterna.se\/ockero\/files\/2022\/06\/35-gunilla-englund-hono-90x90.jpg 90w, https:\/\/wp.kristdemokraterna.se\/ockero\/files\/2022\/06\/35-gunilla-englund-hono-770x770.jpg 770w, https:\/\/wp.kristdemokraterna.se\/ockero\/files\/2022\/06\/35-gunilla-englund-hono-450x450.jpg 450w, https:\/\/wp.kristdemokraterna.se\/ockero\/files\/2022\/06\/35-gunilla-englund-hono-280x280.jpg 280w, https:\/\/wp.kristdemokraterna.se\/ockero\/files\/2022\/06\/35-gunilla-englund-hono-340x340.jpg 340w, https:\/\/wp.kristdemokraterna.se\/ockero\/files\/2022\/06\/35-gunilla-englund-hono-56x56.jpg 56w\" sizes=\"auto, (max-width: 886px) 100vw, 886px\" \/><\/a><\/p>\n<p><a href=\"http:\/\/wp.kristdemokraterna.se\/ockero\/files\/2022\/06\/36-lars-henriksson-bjorko.jpg\"><img loading=\"lazy\" decoding=\"async\" class=\"alignnone size-full wp-image-707\" src=\"http:\/\/wp.kristdemokraterna.se\/ockero\/files\/2022\/06\/36-lars-henriksson-bjorko.jpg\" alt=\"Lars Henriksson, Bj\u00f6rk\u00f6\" width=\"886\" height=\"886\" srcset=\"https:\/\/wp.kristdemokraterna.se\/ockero\/files\/2022\/06\/36-lars-henriksson-bjorko.jpg 886w, https:\/\/wp.kristdemokraterna.se\/ockero\/files\/2022\/06\/36-lars-henriksson-bjorko-300x300.jpg 300w, https:\/\/wp.kristdemokraterna.se\/ockero\/files\/2022\/06\/36-lars-henriksson-bjorko-150x150.jpg 150w, https:\/\/wp.kristdemokraterna.se\/ockero\/files\/2022\/06\/36-lars-henriksson-bjorko-768x768.jpg 768w, https:\/\/wp.kristdemokraterna.se\/ockero\/files\/2022\/06\/36-lars-henriksson-bjorko-200x200.jpg 200w, https:\/\/wp.kristdemokraterna.se\/ockero\/files\/2022\/06\/36-lars-henriksson-bjorko-370x370.jpg 370w, https:\/\/wp.kristdemokraterna.se\/ockero\/files\/2022\/06\/36-lars-henriksson-bjorko-90x90.jpg 90w, https:\/\/wp.kristdemokraterna.se\/ockero\/files\/2022\/06\/36-lars-henriksson-bjorko-770x770.jpg 770w, https:\/\/wp.kristdemokraterna.se\/ockero\/files\/2022\/06\/36-lars-henriksson-bjorko-450x450.jpg 450w, https:\/\/wp.kristdemokraterna.se\/ockero\/files\/2022\/06\/36-lars-henriksson-bjorko-280x280.jpg 280w, https:\/\/wp.kristdemokraterna.se\/ockero\/files\/2022\/06\/36-lars-henriksson-bjorko-340x340.jpg 340w, https:\/\/wp.kristdemokraterna.se\/ockero\/files\/2022\/06\/36-lars-henriksson-bjorko-56x56.jpg 56w\" sizes=\"auto, (max-width: 886px) 100vw, 886px\" \/><\/a><\/p>\n<p><a href=\"http:\/\/wp.kristdemokraterna.se\/ockero\/files\/2022\/06\/37-fredrik-gustavsson-hono.jpg\"><img loading=\"lazy\" decoding=\"async\" class=\"alignnone size-full wp-image-708\" src=\"http:\/\/wp.kristdemokraterna.se\/ockero\/files\/2022\/06\/37-fredrik-gustavsson-hono.jpg\" alt=\"Fredrik Gustavsson, H\u00f6n\u00f6\" width=\"886\" height=\"886\" srcset=\"https:\/\/wp.kristdemokraterna.se\/ockero\/files\/2022\/06\/37-fredrik-gustavsson-hono.jpg 886w, https:\/\/wp.kristdemokraterna.se\/ockero\/files\/2022\/06\/37-fredrik-gustavsson-hono-300x300.jpg 300w, https:\/\/wp.kristdemokraterna.se\/ockero\/files\/2022\/06\/37-fredrik-gustavsson-hono-150x150.jpg 150w, https:\/\/wp.kristdemokraterna.se\/ockero\/files\/2022\/06\/37-fredrik-gustavsson-hono-768x768.jpg 768w, https:\/\/wp.kristdemokraterna.se\/ockero\/files\/2022\/06\/37-fredrik-gustavsson-hono-200x200.jpg 200w, https:\/\/wp.kristdemokraterna.se\/ockero\/files\/2022\/06\/37-fredrik-gustavsson-hono-370x370.jpg 370w, https:\/\/wp.kristdemokraterna.se\/ockero\/files\/2022\/06\/37-fredrik-gustavsson-hono-90x90.jpg 90w, https:\/\/wp.kristdemokraterna.se\/ockero\/files\/2022\/06\/37-fredrik-gustavsson-hono-770x770.jpg 770w, https:\/\/wp.kristdemokraterna.se\/ockero\/files\/2022\/06\/37-fredrik-gustavsson-hono-450x450.jpg 450w, https:\/\/wp.kristdemokraterna.se\/ockero\/files\/2022\/06\/37-fredrik-gustavsson-hono-280x280.jpg 280w, https:\/\/wp.kristdemokraterna.se\/ockero\/files\/2022\/06\/37-fredrik-gustavsson-hono-340x340.jpg 340w, https:\/\/wp.kristdemokraterna.se\/ockero\/files\/2022\/06\/37-fredrik-gustavsson-hono-56x56.jpg 56w\" sizes=\"auto, (max-width: 886px) 100vw, 886px\" \/><\/a><\/p>\n<p><a href=\"http:\/\/wp.kristdemokraterna.se\/ockero\/files\/2022\/06\/38-lehna-ronneklev-ockero.jpg\"><img loading=\"lazy\" decoding=\"async\" class=\"alignnone size-full wp-image-709\" src=\"http:\/\/wp.kristdemokraterna.se\/ockero\/files\/2022\/06\/38-lehna-ronneklev-ockero.jpg\" alt=\"Lehna R\u00f6nneklev, \u00d6cker\u00f6\" width=\"886\" height=\"886\" srcset=\"https:\/\/wp.kristdemokraterna.se\/ockero\/files\/2022\/06\/38-lehna-ronneklev-ockero.jpg 886w, https:\/\/wp.kristdemokraterna.se\/ockero\/files\/2022\/06\/38-lehna-ronneklev-ockero-300x300.jpg 300w, https:\/\/wp.kristdemokraterna.se\/ockero\/files\/2022\/06\/38-lehna-ronneklev-ockero-150x150.jpg 150w, https:\/\/wp.kristdemokraterna.se\/ockero\/files\/2022\/06\/38-lehna-ronneklev-ockero-768x768.jpg 768w, https:\/\/wp.kristdemokraterna.se\/ockero\/files\/2022\/06\/38-lehna-ronneklev-ockero-200x200.jpg 200w, https:\/\/wp.kristdemokraterna.se\/ockero\/files\/2022\/06\/38-lehna-ronneklev-ockero-370x370.jpg 370w, https:\/\/wp.kristdemokraterna.se\/ockero\/files\/2022\/06\/38-lehna-ronneklev-ockero-90x90.jpg 90w, https:\/\/wp.kristdemokraterna.se\/ockero\/files\/2022\/06\/38-lehna-ronneklev-ockero-770x770.jpg 770w, https:\/\/wp.kristdemokraterna.se\/ockero\/files\/2022\/06\/38-lehna-ronneklev-ockero-450x450.jpg 450w, https:\/\/wp.kristdemokraterna.se\/ockero\/files\/2022\/06\/38-lehna-ronneklev-ockero-280x280.jpg 280w, https:\/\/wp.kristdemokraterna.se\/ockero\/files\/2022\/06\/38-lehna-ronneklev-ockero-340x340.jpg 340w, https:\/\/wp.kristdemokraterna.se\/ockero\/files\/2022\/06\/38-lehna-ronneklev-ockero-56x56.jpg 56w\" sizes=\"auto, (max-width: 886px) 100vw, 886px\" \/><\/a><\/p>\n<p><a href=\"http:\/\/wp.kristdemokraterna.se\/ockero\/files\/2022\/06\/39-ake-nystrom-hono.jpg\"><img loading=\"lazy\" decoding=\"async\" class=\"alignnone size-full wp-image-710\" src=\"http:\/\/wp.kristdemokraterna.se\/ockero\/files\/2022\/06\/39-ake-nystrom-hono.jpg\" alt=\"\u00c5ke Nystr\u00f6m, H\u00f6n\u00f6\" width=\"886\" height=\"886\" srcset=\"https:\/\/wp.kristdemokraterna.se\/ockero\/files\/2022\/06\/39-ake-nystrom-hono.jpg 886w, https:\/\/wp.kristdemokraterna.se\/ockero\/files\/2022\/06\/39-ake-nystrom-hono-300x300.jpg 300w, https:\/\/wp.kristdemokraterna.se\/ockero\/files\/2022\/06\/39-ake-nystrom-hono-150x150.jpg 150w, https:\/\/wp.kristdemokraterna.se\/ockero\/files\/2022\/06\/39-ake-nystrom-hono-768x768.jpg 768w, https:\/\/wp.kristdemokraterna.se\/ockero\/files\/2022\/06\/39-ake-nystrom-hono-200x200.jpg 200w, https:\/\/wp.kristdemokraterna.se\/ockero\/files\/2022\/06\/39-ake-nystrom-hono-370x370.jpg 370w, https:\/\/wp.kristdemokraterna.se\/ockero\/files\/2022\/06\/39-ake-nystrom-hono-90x90.jpg 90w, https:\/\/wp.kristdemokraterna.se\/ockero\/files\/2022\/06\/39-ake-nystrom-hono-770x770.jpg 770w, https:\/\/wp.kristdemokraterna.se\/ockero\/files\/2022\/06\/39-ake-nystrom-hono-450x450.jpg 450w, https:\/\/wp.kristdemokraterna.se\/ockero\/files\/2022\/06\/39-ake-nystrom-hono-280x280.jpg 280w, https:\/\/wp.kristdemokraterna.se\/ockero\/files\/2022\/06\/39-ake-nystrom-hono-340x340.jpg 340w, https:\/\/wp.kristdemokraterna.se\/ockero\/files\/2022\/06\/39-ake-nystrom-hono-56x56.jpg 56w\" sizes=\"auto, (max-width: 886px) 100vw, 886px\" \/><\/a><\/p>\n<p><a href=\"http:\/\/wp.kristdemokraterna.se\/ockero\/files\/2022\/06\/40-bertil-adolfsson-ockero.jpg\"><img loading=\"lazy\" decoding=\"async\" class=\"alignnone size-full wp-image-711\" src=\"http:\/\/wp.kristdemokraterna.se\/ockero\/files\/2022\/06\/40-bertil-adolfsson-ockero.jpg\" alt=\"Bertil Adolfsson, \u00d6cker\u00f6\" width=\"886\" height=\"886\" srcset=\"https:\/\/wp.kristdemokraterna.se\/ockero\/files\/2022\/06\/40-bertil-adolfsson-ockero.jpg 886w, https:\/\/wp.kristdemokraterna.se\/ockero\/files\/2022\/06\/40-bertil-adolfsson-ockero-300x300.jpg 300w, https:\/\/wp.kristdemokraterna.se\/ockero\/files\/2022\/06\/40-bertil-adolfsson-ockero-150x150.jpg 150w, https:\/\/wp.kristdemokraterna.se\/ockero\/files\/2022\/06\/40-bertil-adolfsson-ockero-768x768.jpg 768w, https:\/\/wp.kristdemokraterna.se\/ockero\/files\/2022\/06\/40-bertil-adolfsson-ockero-200x200.jpg 200w, https:\/\/wp.kristdemokraterna.se\/ockero\/files\/2022\/06\/40-bertil-adolfsson-ockero-370x370.jpg 370w, https:\/\/wp.kristdemokraterna.se\/ockero\/files\/2022\/06\/40-bertil-adolfsson-ockero-90x90.jpg 90w, https:\/\/wp.kristdemokraterna.se\/ockero\/files\/2022\/06\/40-bertil-adolfsson-ockero-770x770.jpg 770w, https:\/\/wp.kristdemokraterna.se\/ockero\/files\/2022\/06\/40-bertil-adolfsson-ockero-450x450.jpg 450w, https:\/\/wp.kristdemokraterna.se\/ockero\/files\/2022\/06\/40-bertil-adolfsson-ockero-280x280.jpg 280w, https:\/\/wp.kristdemokraterna.se\/ockero\/files\/2022\/06\/40-bertil-adolfsson-ockero-340x340.jpg 340w, https:\/\/wp.kristdemokraterna.se\/ockero\/files\/2022\/06\/40-bertil-adolfsson-ockero-56x56.jpg 56w\" sizes=\"auto, (max-width: 886px) 100vw, 886px\" \/><\/a><\/p>\n<p><a href=\"http:\/\/wp.kristdemokraterna.se\/ockero\/files\/2022\/06\/41-monica-frick-alexandersson-hono.jpg\"><img loading=\"lazy\" decoding=\"async\" class=\"alignnone size-full wp-image-712\" src=\"http:\/\/wp.kristdemokraterna.se\/ockero\/files\/2022\/06\/41-monica-frick-alexandersson-hono.jpg\" alt=\"Monica Frick Alexandersson, H\u00f6n\u00f6\" width=\"886\" height=\"886\" srcset=\"https:\/\/wp.kristdemokraterna.se\/ockero\/files\/2022\/06\/41-monica-frick-alexandersson-hono.jpg 886w, https:\/\/wp.kristdemokraterna.se\/ockero\/files\/2022\/06\/41-monica-frick-alexandersson-hono-300x300.jpg 300w, https:\/\/wp.kristdemokraterna.se\/ockero\/files\/2022\/06\/41-monica-frick-alexandersson-hono-150x150.jpg 150w, https:\/\/wp.kristdemokraterna.se\/ockero\/files\/2022\/06\/41-monica-frick-alexandersson-hono-768x768.jpg 768w, https:\/\/wp.kristdemokraterna.se\/ockero\/files\/2022\/06\/41-monica-frick-alexandersson-hono-200x200.jpg 200w, https:\/\/wp.kristdemokraterna.se\/ockero\/files\/2022\/06\/41-monica-frick-alexandersson-hono-370x370.jpg 370w, https:\/\/wp.kristdemokraterna.se\/ockero\/files\/2022\/06\/41-monica-frick-alexandersson-hono-90x90.jpg 90w, https:\/\/wp.kristdemokraterna.se\/ockero\/files\/2022\/06\/41-monica-frick-alexandersson-hono-770x770.jpg 770w, https:\/\/wp.kristdemokraterna.se\/ockero\/files\/2022\/06\/41-monica-frick-alexandersson-hono-450x450.jpg 450w, https:\/\/wp.kristdemokraterna.se\/ockero\/files\/2022\/06\/41-monica-frick-alexandersson-hono-280x280.jpg 280w, https:\/\/wp.kristdemokraterna.se\/ockero\/files\/2022\/06\/41-monica-frick-alexandersson-hono-340x340.jpg 340w, https:\/\/wp.kristdemokraterna.se\/ockero\/files\/2022\/06\/41-monica-frick-alexandersson-hono-56x56.jpg 56w\" sizes=\"auto, (max-width: 886px) 100vw, 886px\" \/><\/a><\/p>\n<p><a href=\"http:\/\/wp.kristdemokraterna.se\/ockero\/files\/2022\/06\/42-joseph-andersson-foto.jpg\"><img loading=\"lazy\" decoding=\"async\" class=\"alignnone size-full wp-image-713\" src=\"http:\/\/wp.kristdemokraterna.se\/ockero\/files\/2022\/06\/42-joseph-andersson-foto.jpg\" alt=\"Joseph Andersson, Fot\u00f6\" width=\"886\" height=\"886\" srcset=\"https:\/\/wp.kristdemokraterna.se\/ockero\/files\/2022\/06\/42-joseph-andersson-foto.jpg 886w, https:\/\/wp.kristdemokraterna.se\/ockero\/files\/2022\/06\/42-joseph-andersson-foto-300x300.jpg 300w, https:\/\/wp.kristdemokraterna.se\/ockero\/files\/2022\/06\/42-joseph-andersson-foto-150x150.jpg 150w, https:\/\/wp.kristdemokraterna.se\/ockero\/files\/2022\/06\/42-joseph-andersson-foto-768x768.jpg 768w, https:\/\/wp.kristdemokraterna.se\/ockero\/files\/2022\/06\/42-joseph-andersson-foto-200x200.jpg 200w, https:\/\/wp.kristdemokraterna.se\/ockero\/files\/2022\/06\/42-joseph-andersson-foto-370x370.jpg 370w, https:\/\/wp.kristdemokraterna.se\/ockero\/files\/2022\/06\/42-joseph-andersson-foto-90x90.jpg 90w, https:\/\/wp.kristdemokraterna.se\/ockero\/files\/2022\/06\/42-joseph-andersson-foto-770x770.jpg 770w, https:\/\/wp.kristdemokraterna.se\/ockero\/files\/2022\/06\/42-joseph-andersson-foto-450x450.jpg 450w, https:\/\/wp.kristdemokraterna.se\/ockero\/files\/2022\/06\/42-joseph-andersson-foto-280x280.jpg 280w, https:\/\/wp.kristdemokraterna.se\/ockero\/files\/2022\/06\/42-joseph-andersson-foto-340x340.jpg 340w, https:\/\/wp.kristdemokraterna.se\/ockero\/files\/2022\/06\/42-joseph-andersson-foto-56x56.jpg 56w\" sizes=\"auto, (max-width: 886px) 100vw, 886px\" \/><\/a><\/p>\n<p><a href=\"http:\/\/wp.kristdemokraterna.se\/ockero\/files\/2022\/06\/43-dick-simonsson-ockero.jpg\"><img loading=\"lazy\" decoding=\"async\" class=\"alignnone size-full wp-image-714\" src=\"http:\/\/wp.kristdemokraterna.se\/ockero\/files\/2022\/06\/43-dick-simonsson-ockero.jpg\" alt=\"Dick Simonsson, \u00d6cker\u00f6\" width=\"886\" height=\"886\" srcset=\"https:\/\/wp.kristdemokraterna.se\/ockero\/files\/2022\/06\/43-dick-simonsson-ockero.jpg 886w, https:\/\/wp.kristdemokraterna.se\/ockero\/files\/2022\/06\/43-dick-simonsson-ockero-300x300.jpg 300w, https:\/\/wp.kristdemokraterna.se\/ockero\/files\/2022\/06\/43-dick-simonsson-ockero-150x150.jpg 150w, https:\/\/wp.kristdemokraterna.se\/ockero\/files\/2022\/06\/43-dick-simonsson-ockero-768x768.jpg 768w, https:\/\/wp.kristdemokraterna.se\/ockero\/files\/2022\/06\/43-dick-simonsson-ockero-200x200.jpg 200w, https:\/\/wp.kristdemokraterna.se\/ockero\/files\/2022\/06\/43-dick-simonsson-ockero-370x370.jpg 370w, https:\/\/wp.kristdemokraterna.se\/ockero\/files\/2022\/06\/43-dick-simonsson-ockero-90x90.jpg 90w, https:\/\/wp.kristdemokraterna.se\/ockero\/files\/2022\/06\/43-dick-simonsson-ockero-770x770.jpg 770w, https:\/\/wp.kristdemokraterna.se\/ockero\/files\/2022\/06\/43-dick-simonsson-ockero-450x450.jpg 450w, https:\/\/wp.kristdemokraterna.se\/ockero\/files\/2022\/06\/43-dick-simonsson-ockero-280x280.jpg 280w, https:\/\/wp.kristdemokraterna.se\/ockero\/files\/2022\/06\/43-dick-simonsson-ockero-340x340.jpg 340w, https:\/\/wp.kristdemokraterna.se\/ockero\/files\/2022\/06\/43-dick-simonsson-ockero-56x56.jpg 56w\" sizes=\"auto, (max-width: 886px) 100vw, 886px\" \/><\/a><\/p>\n<p><a href=\"http:\/\/wp.kristdemokraterna.se\/ockero\/files\/2022\/06\/44-anette-zalter-hono.jpg\"><img loading=\"lazy\" decoding=\"async\" class=\"alignnone size-full wp-image-715\" src=\"http:\/\/wp.kristdemokraterna.se\/ockero\/files\/2022\/06\/44-anette-zalter-hono.jpg\" alt=\"Anette Z\u00e4lter, H\u00f6n\u00f6\" width=\"886\" height=\"886\" srcset=\"https:\/\/wp.kristdemokraterna.se\/ockero\/files\/2022\/06\/44-anette-zalter-hono.jpg 886w, https:\/\/wp.kristdemokraterna.se\/ockero\/files\/2022\/06\/44-anette-zalter-hono-300x300.jpg 300w, https:\/\/wp.kristdemokraterna.se\/ockero\/files\/2022\/06\/44-anette-zalter-hono-150x150.jpg 150w, https:\/\/wp.kristdemokraterna.se\/ockero\/files\/2022\/06\/44-anette-zalter-hono-768x768.jpg 768w, https:\/\/wp.kristdemokraterna.se\/ockero\/files\/2022\/06\/44-anette-zalter-hono-200x200.jpg 200w, https:\/\/wp.kristdemokraterna.se\/ockero\/files\/2022\/06\/44-anette-zalter-hono-370x370.jpg 370w, https:\/\/wp.kristdemokraterna.se\/ockero\/files\/2022\/06\/44-anette-zalter-hono-90x90.jpg 90w, https:\/\/wp.kristdemokraterna.se\/ockero\/files\/2022\/06\/44-anette-zalter-hono-770x770.jpg 770w, https:\/\/wp.kristdemokraterna.se\/ockero\/files\/2022\/06\/44-anette-zalter-hono-450x450.jpg 450w, https:\/\/wp.kristdemokraterna.se\/ockero\/files\/2022\/06\/44-anette-zalter-hono-280x280.jpg 280w, https:\/\/wp.kristdemokraterna.se\/ockero\/files\/2022\/06\/44-anette-zalter-hono-340x340.jpg 340w, https:\/\/wp.kristdemokraterna.se\/ockero\/files\/2022\/06\/44-anette-zalter-hono-56x56.jpg 56w\" sizes=\"auto, (max-width: 886px) 100vw, 886px\" \/><\/a><\/p>\n<p><a href=\"http:\/\/wp.kristdemokraterna.se\/ockero\/files\/2022\/06\/45-martin-olofsson-hono.jpg\"><img loading=\"lazy\" decoding=\"async\" class=\"alignnone size-full wp-image-716\" src=\"http:\/\/wp.kristdemokraterna.se\/ockero\/files\/2022\/06\/45-martin-olofsson-hono.jpg\" alt=\"Martin Olofsson, H\u00f6n\u00f6\" width=\"886\" height=\"886\" srcset=\"https:\/\/wp.kristdemokraterna.se\/ockero\/files\/2022\/06\/45-martin-olofsson-hono.jpg 886w, https:\/\/wp.kristdemokraterna.se\/ockero\/files\/2022\/06\/45-martin-olofsson-hono-300x300.jpg 300w, https:\/\/wp.kristdemokraterna.se\/ockero\/files\/2022\/06\/45-martin-olofsson-hono-150x150.jpg 150w, https:\/\/wp.kristdemokraterna.se\/ockero\/files\/2022\/06\/45-martin-olofsson-hono-768x768.jpg 768w, https:\/\/wp.kristdemokraterna.se\/ockero\/files\/2022\/06\/45-martin-olofsson-hono-200x200.jpg 200w, https:\/\/wp.kristdemokraterna.se\/ockero\/files\/2022\/06\/45-martin-olofsson-hono-370x370.jpg 370w, https:\/\/wp.kristdemokraterna.se\/ockero\/files\/2022\/06\/45-martin-olofsson-hono-90x90.jpg 90w, https:\/\/wp.kristdemokraterna.se\/ockero\/files\/2022\/06\/45-martin-olofsson-hono-770x770.jpg 770w, https:\/\/wp.kristdemokraterna.se\/ockero\/files\/2022\/06\/45-martin-olofsson-hono-450x450.jpg 450w, https:\/\/wp.kristdemokraterna.se\/ockero\/files\/2022\/06\/45-martin-olofsson-hono-280x280.jpg 280w, https:\/\/wp.kristdemokraterna.se\/ockero\/files\/2022\/06\/45-martin-olofsson-hono-340x340.jpg 340w, https:\/\/wp.kristdemokraterna.se\/ockero\/files\/2022\/06\/45-martin-olofsson-hono-56x56.jpg 56w\" sizes=\"auto, (max-width: 886px) 100vw, 886px\" \/><\/a><\/p>\n<p><a href=\"http:\/\/wp.kristdemokraterna.se\/ockero\/files\/2022\/06\/46-roland-utbult-ockero.jpg\"><img loading=\"lazy\" decoding=\"async\" class=\"alignnone size-full wp-image-717\" src=\"http:\/\/wp.kristdemokraterna.se\/ockero\/files\/2022\/06\/46-roland-utbult-ockero.jpg\" alt=\"Roland Utbult, \u00d6cker\u00f6\" width=\"886\" height=\"886\" srcset=\"https:\/\/wp.kristdemokraterna.se\/ockero\/files\/2022\/06\/46-roland-utbult-ockero.jpg 886w, https:\/\/wp.kristdemokraterna.se\/ockero\/files\/2022\/06\/46-roland-utbult-ockero-300x300.jpg 300w, https:\/\/wp.kristdemokraterna.se\/ockero\/files\/2022\/06\/46-roland-utbult-ockero-150x150.jpg 150w, https:\/\/wp.kristdemokraterna.se\/ockero\/files\/2022\/06\/46-roland-utbult-ockero-768x768.jpg 768w, https:\/\/wp.kristdemokraterna.se\/ockero\/files\/2022\/06\/46-roland-utbult-ockero-200x200.jpg 200w, https:\/\/wp.kristdemokraterna.se\/ockero\/files\/2022\/06\/46-roland-utbult-ockero-370x370.jpg 370w, https:\/\/wp.kristdemokraterna.se\/ockero\/files\/2022\/06\/46-roland-utbult-ockero-90x90.jpg 90w, https:\/\/wp.kristdemokraterna.se\/ockero\/files\/2022\/06\/46-roland-utbult-ockero-770x770.jpg 770w, https:\/\/wp.kristdemokraterna.se\/ockero\/files\/2022\/06\/46-roland-utbult-ockero-450x450.jpg 450w, https:\/\/wp.kristdemokraterna.se\/ockero\/files\/2022\/06\/46-roland-utbult-ockero-280x280.jpg 280w, https:\/\/wp.kristdemokraterna.se\/ockero\/files\/2022\/06\/46-roland-utbult-ockero-340x340.jpg 340w, https:\/\/wp.kristdemokraterna.se\/ockero\/files\/2022\/06\/46-roland-utbult-ockero-56x56.jpg 56w\" sizes=\"auto, (max-width: 886px) 100vw, 886px\" \/><\/a><\/p>\n","protected":false},"excerpt":{"rendered":"<p>Kristdemokraterna blev st\u00f6rsta parti i \u00d6cker\u00f6 kommun i valet 2022 med ca 25% av r\u00f6sterna. Valresultatet gjorde att KD har 10 ledam\u00f6ter och 5 ers\u00e4ttare i \u00d6cker\u00f6 kommunfullm\u00e4ktige under mandatperioden 2023-2026. S\u00e5 h\u00e4r s\u00e5g kommunlistan ut. \u201dOrdning och reda i den kommunala ekonomin skapar goda f\u00f6ruts\u00e4ttningar f\u00f6r framtiden.\u201d &nbsp; \u201dSkolorna ska ha resurser och studiero <a class=\"read-more-link\" href=\"https:\/\/wp.kristdemokraterna.se\/ockero\/dina-kandidater-till-ockero-kommunfullmaktige\/\">Read More<\/a><\/p>\n","protected":false},"author":647,"featured_media":0,"comment_status":"closed","ping_status":"closed","sticky":false,"template":"","format":"standard","meta":{"_acf_changed":false,"footnotes":""},"categories":[14],"tags":[],"class_list":["post-664","post","type-post","status-publish","format-standard","hentry","category-ockero-kommun-redo-for-framtiden"],"acf":[],"yoast_head":"<!-- This site is optimized with the Yoast SEO plugin v27.5 - https:\/\/yoast.com\/product\/yoast-seo-wordpress\/ -->\n<title>Kristdemokraternas kandidater till \u00d6cker\u00f6 kommunfullm\u00e4ktige 2022 - Kristdemokraterna \u00d6cker\u00f6<\/title>\n<meta name=\"description\" content=\"H\u00e4r presenteras alla kristdemokraternas kandidater till \u00d6cker\u00f6 kommunfullm\u00e4ktige. Redo att leda kommunen in i framtiden!\" \/>\n<meta name=\"robots\" content=\"index, follow, max-snippet:-1, max-image-preview:large, max-video-preview:-1\" \/>\n<link rel=\"canonical\" href=\"https:\/\/wp.kristdemokraterna.se\/ockero\/dina-kandidater-till-ockero-kommunfullmaktige\/\" \/>\n<meta property=\"og:locale\" content=\"sv_SE\" \/>\n<meta property=\"og:type\" content=\"article\" \/>\n<meta property=\"og:title\" content=\"Kristdemokraternas kandidater till \u00d6cker\u00f6 kommunfullm\u00e4ktige 2022 - Kristdemokraterna \u00d6cker\u00f6\" \/>\n<meta property=\"og:description\" content=\"H\u00e4r presenteras alla kristdemokraternas kandidater till \u00d6cker\u00f6 kommunfullm\u00e4ktige. Redo att leda kommunen in i framtiden!\" \/>\n<meta property=\"og:url\" content=\"https:\/\/wp.kristdemokraterna.se\/ockero\/dina-kandidater-till-ockero-kommunfullmaktige\/\" \/>\n<meta property=\"og:site_name\" content=\"Kristdemokraterna \u00d6cker\u00f6\" \/>\n<meta property=\"article:published_time\" content=\"2022-08-25T06:00:05+00:00\" \/>\n<meta property=\"article:modified_time\" content=\"2023-01-03T13:39:13+00:00\" \/>\n<meta property=\"og:image\" content=\"http:\/\/wp.kristdemokraterna.se\/ockero\/files\/2022\/06\/01-jan-utbult-ockero.jpg\" \/>\n<meta name=\"author\" content=\"ockero\" \/>\n<meta name=\"twitter:card\" content=\"summary_large_image\" \/>\n<meta name=\"twitter:label1\" content=\"Skriven av\" \/>\n\t<meta name=\"twitter:data1\" content=\"ockero\" \/>\n\t<meta name=\"twitter:label2\" content=\"Ber\u00e4knad l\u00e4stid\" \/>\n\t<meta name=\"twitter:data2\" content=\"11 minuter\" \/>\n<script type=\"application\/ld+json\" class=\"yoast-schema-graph\">{\"@context\":\"https:\\\/\\\/schema.org\",\"@graph\":[{\"@type\":\"Article\",\"@id\":\"https:\\\/\\\/wp.kristdemokraterna.se\\\/ockero\\\/dina-kandidater-till-ockero-kommunfullmaktige\\\/#article\",\"isPartOf\":{\"@id\":\"https:\\\/\\\/wp.kristdemokraterna.se\\\/ockero\\\/dina-kandidater-till-ockero-kommunfullmaktige\\\/\"},\"author\":{\"name\":\"ockero\",\"@id\":\"https:\\\/\\\/wp.kristdemokraterna.se\\\/ockero\\\/#\\\/schema\\\/person\\\/57b3f1b0597c8ae86ddf2aebac90a4b7\"},\"headline\":\"Kristdemokraternas kandidater till \u00d6cker\u00f6 kommunfullm\u00e4ktige 2022\",\"datePublished\":\"2022-08-25T06:00:05+00:00\",\"dateModified\":\"2023-01-03T13:39:13+00:00\",\"mainEntityOfPage\":{\"@id\":\"https:\\\/\\\/wp.kristdemokraterna.se\\\/ockero\\\/dina-kandidater-till-ockero-kommunfullmaktige\\\/\"},\"wordCount\":368,\"image\":{\"@id\":\"https:\\\/\\\/wp.kristdemokraterna.se\\\/ockero\\\/dina-kandidater-till-ockero-kommunfullmaktige\\\/#primaryimage\"},\"thumbnailUrl\":\"http:\\\/\\\/wp.kristdemokraterna.se\\\/ockero\\\/files\\\/2022\\\/06\\\/01-jan-utbult-ockero.jpg\",\"articleSection\":[\"REDO\"],\"inLanguage\":\"sv-SE\"},{\"@type\":\"WebPage\",\"@id\":\"https:\\\/\\\/wp.kristdemokraterna.se\\\/ockero\\\/dina-kandidater-till-ockero-kommunfullmaktige\\\/\",\"url\":\"https:\\\/\\\/wp.kristdemokraterna.se\\\/ockero\\\/dina-kandidater-till-ockero-kommunfullmaktige\\\/\",\"name\":\"Kristdemokraternas kandidater till \u00d6cker\u00f6 kommunfullm\u00e4ktige 2022 - Kristdemokraterna \u00d6cker\u00f6\",\"isPartOf\":{\"@id\":\"https:\\\/\\\/wp.kristdemokraterna.se\\\/ockero\\\/#website\"},\"primaryImageOfPage\":{\"@id\":\"https:\\\/\\\/wp.kristdemokraterna.se\\\/ockero\\\/dina-kandidater-till-ockero-kommunfullmaktige\\\/#primaryimage\"},\"image\":{\"@id\":\"https:\\\/\\\/wp.kristdemokraterna.se\\\/ockero\\\/dina-kandidater-till-ockero-kommunfullmaktige\\\/#primaryimage\"},\"thumbnailUrl\":\"http:\\\/\\\/wp.kristdemokraterna.se\\\/ockero\\\/files\\\/2022\\\/06\\\/01-jan-utbult-ockero.jpg\",\"datePublished\":\"2022-08-25T06:00:05+00:00\",\"dateModified\":\"2023-01-03T13:39:13+00:00\",\"author\":{\"@id\":\"https:\\\/\\\/wp.kristdemokraterna.se\\\/ockero\\\/#\\\/schema\\\/person\\\/57b3f1b0597c8ae86ddf2aebac90a4b7\"},\"description\":\"H\u00e4r presenteras alla kristdemokraternas kandidater till \u00d6cker\u00f6 kommunfullm\u00e4ktige. Redo att leda kommunen in i framtiden!\",\"breadcrumb\":{\"@id\":\"https:\\\/\\\/wp.kristdemokraterna.se\\\/ockero\\\/dina-kandidater-till-ockero-kommunfullmaktige\\\/#breadcrumb\"},\"inLanguage\":\"sv-SE\",\"potentialAction\":[{\"@type\":\"ReadAction\",\"target\":[\"https:\\\/\\\/wp.kristdemokraterna.se\\\/ockero\\\/dina-kandidater-till-ockero-kommunfullmaktige\\\/\"]}]},{\"@type\":\"ImageObject\",\"inLanguage\":\"sv-SE\",\"@id\":\"https:\\\/\\\/wp.kristdemokraterna.se\\\/ockero\\\/dina-kandidater-till-ockero-kommunfullmaktige\\\/#primaryimage\",\"url\":\"http:\\\/\\\/wp.kristdemokraterna.se\\\/ockero\\\/files\\\/2022\\\/06\\\/01-jan-utbult-ockero.jpg\",\"contentUrl\":\"http:\\\/\\\/wp.kristdemokraterna.se\\\/ockero\\\/files\\\/2022\\\/06\\\/01-jan-utbult-ockero.jpg\"},{\"@type\":\"BreadcrumbList\",\"@id\":\"https:\\\/\\\/wp.kristdemokraterna.se\\\/ockero\\\/dina-kandidater-till-ockero-kommunfullmaktige\\\/#breadcrumb\",\"itemListElement\":[{\"@type\":\"ListItem\",\"position\":1,\"name\":\"Hem\",\"item\":\"https:\\\/\\\/wp.kristdemokraterna.se\\\/ockero\\\/\"},{\"@type\":\"ListItem\",\"position\":2,\"name\":\"Kristdemokraternas kandidater till \u00d6cker\u00f6 kommunfullm\u00e4ktige 2022\"}]},{\"@type\":\"WebSite\",\"@id\":\"https:\\\/\\\/wp.kristdemokraterna.se\\\/ockero\\\/#website\",\"url\":\"https:\\\/\\\/wp.kristdemokraterna.se\\\/ockero\\\/\",\"name\":\"Kristdemokraterna \u00d6cker\u00f6\",\"description\":\"Tillsammans skapar vi Sveriges b\u00e4sta kommun\",\"inLanguage\":\"sv-SE\"},{\"@type\":\"Person\",\"@id\":\"https:\\\/\\\/wp.kristdemokraterna.se\\\/ockero\\\/#\\\/schema\\\/person\\\/57b3f1b0597c8ae86ddf2aebac90a4b7\",\"name\":\"ockero\",\"image\":{\"@type\":\"ImageObject\",\"inLanguage\":\"sv-SE\",\"@id\":\"https:\\\/\\\/secure.gravatar.com\\\/avatar\\\/b7b448aafaa0f9cee321d6533422fb38a594347f5545a8f6caae22d3ee884cc1?s=96&d=mm&r=g\",\"url\":\"https:\\\/\\\/secure.gravatar.com\\\/avatar\\\/b7b448aafaa0f9cee321d6533422fb38a594347f5545a8f6caae22d3ee884cc1?s=96&d=mm&r=g\",\"contentUrl\":\"https:\\\/\\\/secure.gravatar.com\\\/avatar\\\/b7b448aafaa0f9cee321d6533422fb38a594347f5545a8f6caae22d3ee884cc1?s=96&d=mm&r=g\",\"caption\":\"ockero\"},\"url\":\"https:\\\/\\\/wp.kristdemokraterna.se\\\/ockero\\\/author\\\/ockero\\\/\"}]}<\/script>\n<!-- \/ Yoast SEO plugin. -->","yoast_head_json":{"title":"Kristdemokraternas kandidater till \u00d6cker\u00f6 kommunfullm\u00e4ktige 2022 - Kristdemokraterna \u00d6cker\u00f6","description":"H\u00e4r presenteras alla kristdemokraternas kandidater till \u00d6cker\u00f6 kommunfullm\u00e4ktige. Redo att leda kommunen in i framtiden!","robots":{"index":"index","follow":"follow","max-snippet":"max-snippet:-1","max-image-preview":"max-image-preview:large","max-video-preview":"max-video-preview:-1"},"canonical":"https:\/\/wp.kristdemokraterna.se\/ockero\/dina-kandidater-till-ockero-kommunfullmaktige\/","og_locale":"sv_SE","og_type":"article","og_title":"Kristdemokraternas kandidater till \u00d6cker\u00f6 kommunfullm\u00e4ktige 2022 - Kristdemokraterna \u00d6cker\u00f6","og_description":"H\u00e4r presenteras alla kristdemokraternas kandidater till \u00d6cker\u00f6 kommunfullm\u00e4ktige. Redo att leda kommunen in i framtiden!","og_url":"https:\/\/wp.kristdemokraterna.se\/ockero\/dina-kandidater-till-ockero-kommunfullmaktige\/","og_site_name":"Kristdemokraterna \u00d6cker\u00f6","article_published_time":"2022-08-25T06:00:05+00:00","article_modified_time":"2023-01-03T13:39:13+00:00","og_image":[{"url":"http:\/\/wp.kristdemokraterna.se\/ockero\/files\/2022\/06\/01-jan-utbult-ockero.jpg","type":"","width":"","height":""}],"author":"ockero","twitter_card":"summary_large_image","twitter_misc":{"Skriven av":"ockero","Ber\u00e4knad l\u00e4stid":"11 minuter"},"schema":{"@context":"https:\/\/schema.org","@graph":[{"@type":"Article","@id":"https:\/\/wp.kristdemokraterna.se\/ockero\/dina-kandidater-till-ockero-kommunfullmaktige\/#article","isPartOf":{"@id":"https:\/\/wp.kristdemokraterna.se\/ockero\/dina-kandidater-till-ockero-kommunfullmaktige\/"},"author":{"name":"ockero","@id":"https:\/\/wp.kristdemokraterna.se\/ockero\/#\/schema\/person\/57b3f1b0597c8ae86ddf2aebac90a4b7"},"headline":"Kristdemokraternas kandidater till \u00d6cker\u00f6 kommunfullm\u00e4ktige 2022","datePublished":"2022-08-25T06:00:05+00:00","dateModified":"2023-01-03T13:39:13+00:00","mainEntityOfPage":{"@id":"https:\/\/wp.kristdemokraterna.se\/ockero\/dina-kandidater-till-ockero-kommunfullmaktige\/"},"wordCount":368,"image":{"@id":"https:\/\/wp.kristdemokraterna.se\/ockero\/dina-kandidater-till-ockero-kommunfullmaktige\/#primaryimage"},"thumbnailUrl":"http:\/\/wp.kristdemokraterna.se\/ockero\/files\/2022\/06\/01-jan-utbult-ockero.jpg","articleSection":["REDO"],"inLanguage":"sv-SE"},{"@type":"WebPage","@id":"https:\/\/wp.kristdemokraterna.se\/ockero\/dina-kandidater-till-ockero-kommunfullmaktige\/","url":"https:\/\/wp.kristdemokraterna.se\/ockero\/dina-kandidater-till-ockero-kommunfullmaktige\/","name":"Kristdemokraternas kandidater till \u00d6cker\u00f6 kommunfullm\u00e4ktige 2022 - Kristdemokraterna \u00d6cker\u00f6","isPartOf":{"@id":"https:\/\/wp.kristdemokraterna.se\/ockero\/#website"},"primaryImageOfPage":{"@id":"https:\/\/wp.kristdemokraterna.se\/ockero\/dina-kandidater-till-ockero-kommunfullmaktige\/#primaryimage"},"image":{"@id":"https:\/\/wp.kristdemokraterna.se\/ockero\/dina-kandidater-till-ockero-kommunfullmaktige\/#primaryimage"},"thumbnailUrl":"http:\/\/wp.kristdemokraterna.se\/ockero\/files\/2022\/06\/01-jan-utbult-ockero.jpg","datePublished":"2022-08-25T06:00:05+00:00","dateModified":"2023-01-03T13:39:13+00:00","author":{"@id":"https:\/\/wp.kristdemokraterna.se\/ockero\/#\/schema\/person\/57b3f1b0597c8ae86ddf2aebac90a4b7"},"description":"H\u00e4r presenteras alla kristdemokraternas kandidater till \u00d6cker\u00f6 kommunfullm\u00e4ktige. Redo att leda kommunen in i framtiden!","breadcrumb":{"@id":"https:\/\/wp.kristdemokraterna.se\/ockero\/dina-kandidater-till-ockero-kommunfullmaktige\/#breadcrumb"},"inLanguage":"sv-SE","potentialAction":[{"@type":"ReadAction","target":["https:\/\/wp.kristdemokraterna.se\/ockero\/dina-kandidater-till-ockero-kommunfullmaktige\/"]}]},{"@type":"ImageObject","inLanguage":"sv-SE","@id":"https:\/\/wp.kristdemokraterna.se\/ockero\/dina-kandidater-till-ockero-kommunfullmaktige\/#primaryimage","url":"http:\/\/wp.kristdemokraterna.se\/ockero\/files\/2022\/06\/01-jan-utbult-ockero.jpg","contentUrl":"http:\/\/wp.kristdemokraterna.se\/ockero\/files\/2022\/06\/01-jan-utbult-ockero.jpg"},{"@type":"BreadcrumbList","@id":"https:\/\/wp.kristdemokraterna.se\/ockero\/dina-kandidater-till-ockero-kommunfullmaktige\/#breadcrumb","itemListElement":[{"@type":"ListItem","position":1,"name":"Hem","item":"https:\/\/wp.kristdemokraterna.se\/ockero\/"},{"@type":"ListItem","position":2,"name":"Kristdemokraternas kandidater till \u00d6cker\u00f6 kommunfullm\u00e4ktige 2022"}]},{"@type":"WebSite","@id":"https:\/\/wp.kristdemokraterna.se\/ockero\/#website","url":"https:\/\/wp.kristdemokraterna.se\/ockero\/","name":"Kristdemokraterna \u00d6cker\u00f6","description":"Tillsammans skapar vi Sveriges b\u00e4sta kommun","inLanguage":"sv-SE"},{"@type":"Person","@id":"https:\/\/wp.kristdemokraterna.se\/ockero\/#\/schema\/person\/57b3f1b0597c8ae86ddf2aebac90a4b7","name":"ockero","image":{"@type":"ImageObject","inLanguage":"sv-SE","@id":"https:\/\/secure.gravatar.com\/avatar\/b7b448aafaa0f9cee321d6533422fb38a594347f5545a8f6caae22d3ee884cc1?s=96&d=mm&r=g","url":"https:\/\/secure.gravatar.com\/avatar\/b7b448aafaa0f9cee321d6533422fb38a594347f5545a8f6caae22d3ee884cc1?s=96&d=mm&r=g","contentUrl":"https:\/\/secure.gravatar.com\/avatar\/b7b448aafaa0f9cee321d6533422fb38a594347f5545a8f6caae22d3ee884cc1?s=96&d=mm&r=g","caption":"ockero"},"url":"https:\/\/wp.kristdemokraterna.se\/ockero\/author\/ockero\/"}]}},"_links":{"self":[{"href":"https:\/\/wp.kristdemokraterna.se\/ockero\/wp-json\/wp\/v2\/posts\/664","targetHints":{"allow":["GET"]}}],"collection":[{"href":"https:\/\/wp.kristdemokraterna.se\/ockero\/wp-json\/wp\/v2\/posts"}],"about":[{"href":"https:\/\/wp.kristdemokraterna.se\/ockero\/wp-json\/wp\/v2\/types\/post"}],"author":[{"embeddable":true,"href":"https:\/\/wp.kristdemokraterna.se\/ockero\/wp-json\/wp\/v2\/users\/647"}],"replies":[{"embeddable":true,"href":"https:\/\/wp.kristdemokraterna.se\/ockero\/wp-json\/wp\/v2\/comments?post=664"}],"version-history":[{"count":13,"href":"https:\/\/wp.kristdemokraterna.se\/ockero\/wp-json\/wp\/v2\/posts\/664\/revisions"}],"predecessor-version":[{"id":799,"href":"https:\/\/wp.kristdemokraterna.se\/ockero\/wp-json\/wp\/v2\/posts\/664\/revisions\/799"}],"wp:attachment":[{"href":"https:\/\/wp.kristdemokraterna.se\/ockero\/wp-json\/wp\/v2\/media?parent=664"}],"wp:term":[{"taxonomy":"category","embeddable":true,"href":"https:\/\/wp.kristdemokraterna.se\/ockero\/wp-json\/wp\/v2\/categories?post=664"},{"taxonomy":"post_tag","embeddable":true,"href":"https:\/\/wp.kristdemokraterna.se\/ockero\/wp-json\/wp\/v2\/tags?post=664"}],"curies":[{"name":"wp","href":"https:\/\/api.w.org\/{rel}","templated":true}]}}