{"id":777,"date":"2022-08-24T08:00:52","date_gmt":"2022-08-24T06:00:52","guid":{"rendered":"https:\/\/wp.kristdemokraterna.se\/ockero\/?p=777"},"modified":"2022-08-25T08:27:01","modified_gmt":"2022-08-25T06:27:01","slug":"detta-vill-kristdemokraterna","status":"publish","type":"post","link":"https:\/\/wp.kristdemokraterna.se\/ockero\/detta-vill-kristdemokraterna\/","title":{"rendered":"Detta vill Kristdemokraterna &#8211; Kommunpolitiskt valprogram 2022"},"content":{"rendered":"<p>Vi Kristdemokrater lovar att forts\u00e4tta prioritera kommunens k\u00e4rnverksamheter och h\u00e5lla h\u00e5rt i pl\u00e5nboken f\u00f6r att anv\u00e4nda varje skattekrona p\u00e5 b\u00e4sta s\u00e4tt. Det kommer att bli tufft att klara den kommunala ekonomin de n\u00e4rmsta \u00e5ren med en skenande inflation och begynnande l\u00e5gkonjunktur. KD l\u00e4gger d\u00e4rf\u00f6r inga populistiska och kostnadsdrivande vall\u00f6ften f\u00f6r att maximera antalet r\u00f6ster i det kommande valet. D\u00e4remot lovar vi att alltid t\u00e4nka l\u00e5ngsiktigt med \u00f6bornas och kommunens b\u00e4sta i f\u00f6rsta hand.<\/p>\n<p>I v\u00e5rt kommunal valprogram finns ett stort antal konkreta f\u00f6rslag som vi vill verka f\u00f6r under n\u00e4sta mandatperiod. Varje avsnitt inleds med ett kort citat i kursiv stil fr\u00e5n v\u00e5rt principprogram f\u00f6r att koppla ideologin till v\u00e5r politik p\u00e5 ett tydligt s\u00e4tt. Sedan f\u00f6ljer en br\u00f6dtext och som avslutande del kommer ett antal konkreta punkter som relaterar till respektive avsnitt.<\/p>\n<p><a href=\"http:\/\/wp.kristdemokraterna.se\/ockero\/files\/2022\/08\/kommunpolitiskt-valprogram-2022.pdf\" data-wpel-link=\"internal\">Klicka h\u00e4r f\u00f6r att l\u00e4sa programmet<\/a><\/p>\n","protected":false},"excerpt":{"rendered":"<p>Vi Kristdemokrater lovar att forts\u00e4tta prioritera kommunens k\u00e4rnverksamheter och h\u00e5lla h\u00e5rt i pl\u00e5nboken f\u00f6r att anv\u00e4nda varje skattekrona p\u00e5 b\u00e4sta s\u00e4tt. Det kommer att bli tufft att klara den kommunala ekonomin de n\u00e4rmsta \u00e5ren med en skenande inflation och begynnande l\u00e5gkonjunktur. KD l\u00e4gger d\u00e4rf\u00f6r inga populistiska och kostnadsdrivande vall\u00f6ften f\u00f6r att maximera antalet r\u00f6ster i <a class=\"read-more-link\" href=\"https:\/\/wp.kristdemokraterna.se\/ockero\/detta-vill-kristdemokraterna\/\">Read More<\/a><\/p>\n","protected":false},"author":647,"featured_media":0,"comment_status":"closed","ping_status":"closed","sticky":false,"template":"","format":"standard","meta":{"_acf_changed":false,"footnotes":""},"categories":[14],"tags":[],"class_list":["post-777","post","type-post","status-publish","format-standard","hentry","category-ockero-kommun-redo-for-framtiden"],"acf":[],"yoast_head":"<!-- This site is optimized with the Yoast SEO plugin v27.5 - https:\/\/yoast.com\/product\/yoast-seo-wordpress\/ -->\n<title>Detta vill Kristdemokraterna - Kommunpolitiskt valprogram 2022 - Kristdemokraterna \u00d6cker\u00f6<\/title>\n<meta name=\"robots\" content=\"index, follow, max-snippet:-1, max-image-preview:large, max-video-preview:-1\" \/>\n<link rel=\"canonical\" href=\"https:\/\/wp.kristdemokraterna.se\/ockero\/detta-vill-kristdemokraterna\/\" \/>\n<meta property=\"og:locale\" content=\"sv_SE\" \/>\n<meta property=\"og:type\" content=\"article\" \/>\n<meta property=\"og:title\" content=\"Detta vill Kristdemokraterna - Kommunpolitiskt valprogram 2022 - Kristdemokraterna \u00d6cker\u00f6\" \/>\n<meta property=\"og:description\" content=\"Vi Kristdemokrater lovar att forts\u00e4tta prioritera kommunens k\u00e4rnverksamheter och h\u00e5lla h\u00e5rt i pl\u00e5nboken f\u00f6r att anv\u00e4nda varje skattekrona p\u00e5 b\u00e4sta s\u00e4tt. Det kommer att bli tufft att klara den kommunala ekonomin de n\u00e4rmsta \u00e5ren med en skenande inflation och begynnande l\u00e5gkonjunktur. KD l\u00e4gger d\u00e4rf\u00f6r inga populistiska och kostnadsdrivande vall\u00f6ften f\u00f6r att maximera antalet r\u00f6ster i Read More\" \/>\n<meta property=\"og:url\" content=\"https:\/\/wp.kristdemokraterna.se\/ockero\/detta-vill-kristdemokraterna\/\" \/>\n<meta property=\"og:site_name\" content=\"Kristdemokraterna \u00d6cker\u00f6\" \/>\n<meta property=\"article:published_time\" content=\"2022-08-24T06:00:52+00:00\" \/>\n<meta property=\"article:modified_time\" content=\"2022-08-25T06:27:01+00:00\" \/>\n<meta name=\"author\" content=\"ockero\" \/>\n<meta name=\"twitter:card\" content=\"summary_large_image\" \/>\n<meta name=\"twitter:label1\" content=\"Skriven av\" \/>\n\t<meta name=\"twitter:data1\" content=\"ockero\" \/>\n\t<meta name=\"twitter:label2\" content=\"Ber\u00e4knad l\u00e4stid\" \/>\n\t<meta name=\"twitter:data2\" content=\"1 minut\" \/>\n<script type=\"application\/ld+json\" class=\"yoast-schema-graph\">{\"@context\":\"https:\\\/\\\/schema.org\",\"@graph\":[{\"@type\":\"Article\",\"@id\":\"https:\\\/\\\/wp.kristdemokraterna.se\\\/ockero\\\/detta-vill-kristdemokraterna\\\/#article\",\"isPartOf\":{\"@id\":\"https:\\\/\\\/wp.kristdemokraterna.se\\\/ockero\\\/detta-vill-kristdemokraterna\\\/\"},\"author\":{\"name\":\"ockero\",\"@id\":\"https:\\\/\\\/wp.kristdemokraterna.se\\\/ockero\\\/#\\\/schema\\\/person\\\/57b3f1b0597c8ae86ddf2aebac90a4b7\"},\"headline\":\"Detta vill Kristdemokraterna &#8211; Kommunpolitiskt valprogram 2022\",\"datePublished\":\"2022-08-24T06:00:52+00:00\",\"dateModified\":\"2022-08-25T06:27:01+00:00\",\"mainEntityOfPage\":{\"@id\":\"https:\\\/\\\/wp.kristdemokraterna.se\\\/ockero\\\/detta-vill-kristdemokraterna\\\/\"},\"wordCount\":181,\"articleSection\":[\"REDO\"],\"inLanguage\":\"sv-SE\"},{\"@type\":\"WebPage\",\"@id\":\"https:\\\/\\\/wp.kristdemokraterna.se\\\/ockero\\\/detta-vill-kristdemokraterna\\\/\",\"url\":\"https:\\\/\\\/wp.kristdemokraterna.se\\\/ockero\\\/detta-vill-kristdemokraterna\\\/\",\"name\":\"Detta vill Kristdemokraterna - Kommunpolitiskt valprogram 2022 - Kristdemokraterna \u00d6cker\u00f6\",\"isPartOf\":{\"@id\":\"https:\\\/\\\/wp.kristdemokraterna.se\\\/ockero\\\/#website\"},\"datePublished\":\"2022-08-24T06:00:52+00:00\",\"dateModified\":\"2022-08-25T06:27:01+00:00\",\"author\":{\"@id\":\"https:\\\/\\\/wp.kristdemokraterna.se\\\/ockero\\\/#\\\/schema\\\/person\\\/57b3f1b0597c8ae86ddf2aebac90a4b7\"},\"breadcrumb\":{\"@id\":\"https:\\\/\\\/wp.kristdemokraterna.se\\\/ockero\\\/detta-vill-kristdemokraterna\\\/#breadcrumb\"},\"inLanguage\":\"sv-SE\",\"potentialAction\":[{\"@type\":\"ReadAction\",\"target\":[\"https:\\\/\\\/wp.kristdemokraterna.se\\\/ockero\\\/detta-vill-kristdemokraterna\\\/\"]}]},{\"@type\":\"BreadcrumbList\",\"@id\":\"https:\\\/\\\/wp.kristdemokraterna.se\\\/ockero\\\/detta-vill-kristdemokraterna\\\/#breadcrumb\",\"itemListElement\":[{\"@type\":\"ListItem\",\"position\":1,\"name\":\"Hem\",\"item\":\"https:\\\/\\\/wp.kristdemokraterna.se\\\/ockero\\\/\"},{\"@type\":\"ListItem\",\"position\":2,\"name\":\"Detta vill Kristdemokraterna &#8211; Kommunpolitiskt valprogram 2022\"}]},{\"@type\":\"WebSite\",\"@id\":\"https:\\\/\\\/wp.kristdemokraterna.se\\\/ockero\\\/#website\",\"url\":\"https:\\\/\\\/wp.kristdemokraterna.se\\\/ockero\\\/\",\"name\":\"Kristdemokraterna \u00d6cker\u00f6\",\"description\":\"Tillsammans skapar vi Sveriges b\u00e4sta kommun\",\"inLanguage\":\"sv-SE\"},{\"@type\":\"Person\",\"@id\":\"https:\\\/\\\/wp.kristdemokraterna.se\\\/ockero\\\/#\\\/schema\\\/person\\\/57b3f1b0597c8ae86ddf2aebac90a4b7\",\"name\":\"ockero\",\"image\":{\"@type\":\"ImageObject\",\"inLanguage\":\"sv-SE\",\"@id\":\"https:\\\/\\\/secure.gravatar.com\\\/avatar\\\/b7b448aafaa0f9cee321d6533422fb38a594347f5545a8f6caae22d3ee884cc1?s=96&d=mm&r=g\",\"url\":\"https:\\\/\\\/secure.gravatar.com\\\/avatar\\\/b7b448aafaa0f9cee321d6533422fb38a594347f5545a8f6caae22d3ee884cc1?s=96&d=mm&r=g\",\"contentUrl\":\"https:\\\/\\\/secure.gravatar.com\\\/avatar\\\/b7b448aafaa0f9cee321d6533422fb38a594347f5545a8f6caae22d3ee884cc1?s=96&d=mm&r=g\",\"caption\":\"ockero\"},\"url\":\"https:\\\/\\\/wp.kristdemokraterna.se\\\/ockero\\\/author\\\/ockero\\\/\"}]}<\/script>\n<!-- \/ Yoast SEO plugin. -->","yoast_head_json":{"title":"Detta vill Kristdemokraterna - Kommunpolitiskt valprogram 2022 - Kristdemokraterna \u00d6cker\u00f6","robots":{"index":"index","follow":"follow","max-snippet":"max-snippet:-1","max-image-preview":"max-image-preview:large","max-video-preview":"max-video-preview:-1"},"canonical":"https:\/\/wp.kristdemokraterna.se\/ockero\/detta-vill-kristdemokraterna\/","og_locale":"sv_SE","og_type":"article","og_title":"Detta vill Kristdemokraterna - Kommunpolitiskt valprogram 2022 - Kristdemokraterna \u00d6cker\u00f6","og_description":"Vi Kristdemokrater lovar att forts\u00e4tta prioritera kommunens k\u00e4rnverksamheter och h\u00e5lla h\u00e5rt i pl\u00e5nboken f\u00f6r att anv\u00e4nda varje skattekrona p\u00e5 b\u00e4sta s\u00e4tt. Det kommer att bli tufft att klara den kommunala ekonomin de n\u00e4rmsta \u00e5ren med en skenande inflation och begynnande l\u00e5gkonjunktur. KD l\u00e4gger d\u00e4rf\u00f6r inga populistiska och kostnadsdrivande vall\u00f6ften f\u00f6r att maximera antalet r\u00f6ster i Read More","og_url":"https:\/\/wp.kristdemokraterna.se\/ockero\/detta-vill-kristdemokraterna\/","og_site_name":"Kristdemokraterna \u00d6cker\u00f6","article_published_time":"2022-08-24T06:00:52+00:00","article_modified_time":"2022-08-25T06:27:01+00:00","author":"ockero","twitter_card":"summary_large_image","twitter_misc":{"Skriven av":"ockero","Ber\u00e4knad l\u00e4stid":"1 minut"},"schema":{"@context":"https:\/\/schema.org","@graph":[{"@type":"Article","@id":"https:\/\/wp.kristdemokraterna.se\/ockero\/detta-vill-kristdemokraterna\/#article","isPartOf":{"@id":"https:\/\/wp.kristdemokraterna.se\/ockero\/detta-vill-kristdemokraterna\/"},"author":{"name":"ockero","@id":"https:\/\/wp.kristdemokraterna.se\/ockero\/#\/schema\/person\/57b3f1b0597c8ae86ddf2aebac90a4b7"},"headline":"Detta vill Kristdemokraterna &#8211; Kommunpolitiskt valprogram 2022","datePublished":"2022-08-24T06:00:52+00:00","dateModified":"2022-08-25T06:27:01+00:00","mainEntityOfPage":{"@id":"https:\/\/wp.kristdemokraterna.se\/ockero\/detta-vill-kristdemokraterna\/"},"wordCount":181,"articleSection":["REDO"],"inLanguage":"sv-SE"},{"@type":"WebPage","@id":"https:\/\/wp.kristdemokraterna.se\/ockero\/detta-vill-kristdemokraterna\/","url":"https:\/\/wp.kristdemokraterna.se\/ockero\/detta-vill-kristdemokraterna\/","name":"Detta vill Kristdemokraterna - Kommunpolitiskt valprogram 2022 - Kristdemokraterna \u00d6cker\u00f6","isPartOf":{"@id":"https:\/\/wp.kristdemokraterna.se\/ockero\/#website"},"datePublished":"2022-08-24T06:00:52+00:00","dateModified":"2022-08-25T06:27:01+00:00","author":{"@id":"https:\/\/wp.kristdemokraterna.se\/ockero\/#\/schema\/person\/57b3f1b0597c8ae86ddf2aebac90a4b7"},"breadcrumb":{"@id":"https:\/\/wp.kristdemokraterna.se\/ockero\/detta-vill-kristdemokraterna\/#breadcrumb"},"inLanguage":"sv-SE","potentialAction":[{"@type":"ReadAction","target":["https:\/\/wp.kristdemokraterna.se\/ockero\/detta-vill-kristdemokraterna\/"]}]},{"@type":"BreadcrumbList","@id":"https:\/\/wp.kristdemokraterna.se\/ockero\/detta-vill-kristdemokraterna\/#breadcrumb","itemListElement":[{"@type":"ListItem","position":1,"name":"Hem","item":"https:\/\/wp.kristdemokraterna.se\/ockero\/"},{"@type":"ListItem","position":2,"name":"Detta vill Kristdemokraterna &#8211; Kommunpolitiskt valprogram 2022"}]},{"@type":"WebSite","@id":"https:\/\/wp.kristdemokraterna.se\/ockero\/#website","url":"https:\/\/wp.kristdemokraterna.se\/ockero\/","name":"Kristdemokraterna \u00d6cker\u00f6","description":"Tillsammans skapar vi Sveriges b\u00e4sta kommun","inLanguage":"sv-SE"},{"@type":"Person","@id":"https:\/\/wp.kristdemokraterna.se\/ockero\/#\/schema\/person\/57b3f1b0597c8ae86ddf2aebac90a4b7","name":"ockero","image":{"@type":"ImageObject","inLanguage":"sv-SE","@id":"https:\/\/secure.gravatar.com\/avatar\/b7b448aafaa0f9cee321d6533422fb38a594347f5545a8f6caae22d3ee884cc1?s=96&d=mm&r=g","url":"https:\/\/secure.gravatar.com\/avatar\/b7b448aafaa0f9cee321d6533422fb38a594347f5545a8f6caae22d3ee884cc1?s=96&d=mm&r=g","contentUrl":"https:\/\/secure.gravatar.com\/avatar\/b7b448aafaa0f9cee321d6533422fb38a594347f5545a8f6caae22d3ee884cc1?s=96&d=mm&r=g","caption":"ockero"},"url":"https:\/\/wp.kristdemokraterna.se\/ockero\/author\/ockero\/"}]}},"_links":{"self":[{"href":"https:\/\/wp.kristdemokraterna.se\/ockero\/wp-json\/wp\/v2\/posts\/777","targetHints":{"allow":["GET"]}}],"collection":[{"href":"https:\/\/wp.kristdemokraterna.se\/ockero\/wp-json\/wp\/v2\/posts"}],"about":[{"href":"https:\/\/wp.kristdemokraterna.se\/ockero\/wp-json\/wp\/v2\/types\/post"}],"author":[{"embeddable":true,"href":"https:\/\/wp.kristdemokraterna.se\/ockero\/wp-json\/wp\/v2\/users\/647"}],"replies":[{"embeddable":true,"href":"https:\/\/wp.kristdemokraterna.se\/ockero\/wp-json\/wp\/v2\/comments?post=777"}],"version-history":[{"count":7,"href":"https:\/\/wp.kristdemokraterna.se\/ockero\/wp-json\/wp\/v2\/posts\/777\/revisions"}],"predecessor-version":[{"id":786,"href":"https:\/\/wp.kristdemokraterna.se\/ockero\/wp-json\/wp\/v2\/posts\/777\/revisions\/786"}],"wp:attachment":[{"href":"https:\/\/wp.kristdemokraterna.se\/ockero\/wp-json\/wp\/v2\/media?parent=777"}],"wp:term":[{"taxonomy":"category","embeddable":true,"href":"https:\/\/wp.kristdemokraterna.se\/ockero\/wp-json\/wp\/v2\/categories?post=777"},{"taxonomy":"post_tag","embeddable":true,"href":"https:\/\/wp.kristdemokraterna.se\/ockero\/wp-json\/wp\/v2\/tags?post=777"}],"curies":[{"name":"wp","href":"https:\/\/api.w.org\/{rel}","templated":true}]}}