{"id":397,"date":"2017-11-30T14:34:40","date_gmt":"2017-11-30T13:34:40","guid":{"rendered":"http:\/\/wp.kristdemokraterna.se\/odeshog\/?p=397"},"modified":"2017-11-30T14:52:33","modified_gmt":"2017-11-30T13:52:33","slug":"extra-partidistriktsarsmote","status":"publish","type":"post","link":"https:\/\/wp.kristdemokraterna.se\/odeshog\/extra-partidistriktsarsmote\/","title":{"rendered":"Extra partidistrikts\u00e5rsm\u00f6te"},"content":{"rendered":"<p>L\u00f6rdagen den 25 november hade vi ett extra partidistrikts\u00e5rsm\u00f6te i Skeda f\u00f6rsamlingshem. M\u00f6tet b\u00f6rjade med mingel och sopplunch\u00a0 d\u00e4r Magnus Oscarsson (distriktsordf\u00f6rande) h\u00e4lsade oss v\u00e4lkomna. D\u00e4refter kom dagens h\u00f6jdpunkt d\u00e5 Ebba inspirerade oss med ett fantastiskt brandtal inf\u00f6r val\u00e5ret 2018. Efter hennes tal ville hon naturligtvis bli fotograferad ihop med mig och jag st\u00e4llde naturligtvis upp. Tyv\u00e4rr s\u00e5 \u00e4r Magnus inte lika duktig fotograf som politiker s\u00e5 bilden blev lite suddig.<\/p>\n<p><a href=\"http:\/\/wp.kristdemokraterna.se\/odeshog\/files\/2017\/11\/jonni-och-ebba-e1512048317428.jpg\"><img loading=\"lazy\" decoding=\"async\" class=\"alignnone size-full wp-image-392\" src=\"http:\/\/wp.kristdemokraterna.se\/odeshog\/files\/2017\/11\/jonni-och-ebba-e1512048317428.jpg\" alt=\"\" width=\"439\" height=\"248\" \/><\/a><\/p>\n<p>Efter detta startade presentation av de nominerade till riksdag och region innan vi gick \u00f6ver till \u00e5rsm\u00f6tet. Kv\u00e4llen avslutades med god mat och trevlig underh\u00e5llning med\u00a0Linda Ahlgrimmer med band.<\/p>\n<p>\/Jonni<\/p>\n","protected":false},"excerpt":{"rendered":"<p>L\u00f6rdagen den 25 november hade vi ett extra partidistrikts\u00e5rsm\u00f6te i Skeda f\u00f6rsamlingshem. M\u00f6tet b\u00f6rjade med mingel och sopplunch\u00a0 d\u00e4r Magnus Oscarsson (distriktsordf\u00f6rande) h\u00e4lsade oss v\u00e4lkomna. D\u00e4refter kom dagens h\u00f6jdpunkt d\u00e5 Ebba inspirerade oss med ett fantastiskt brandtal inf\u00f6r val\u00e5ret 2018. Efter hennes tal ville hon naturligtvis bli fotograferad ihop med mig och jag st\u00e4llde naturligtvis <a class=\"read-more-link\" href=\"https:\/\/wp.kristdemokraterna.se\/odeshog\/extra-partidistriktsarsmote\/\">Read More<\/a><\/p>\n","protected":false},"author":747,"featured_media":396,"comment_status":"closed","ping_status":"closed","sticky":false,"template":"","format":"standard","meta":{"_acf_changed":false,"footnotes":""},"categories":[1],"tags":[8,9],"class_list":["post-397","post","type-post","status-publish","format-standard","hentry","category-okategoriserade","tag-ebba-busch-thor","tag-jonni-harrius"],"acf":[],"yoast_head":"<!-- This site is optimized with the Yoast SEO plugin v27.4 - https:\/\/yoast.com\/product\/yoast-seo-wordpress\/ -->\n<title>Extra partidistrikts\u00e5rsm\u00f6te - \u00d6desh\u00f6g<\/title>\n<meta name=\"robots\" content=\"index, follow, max-snippet:-1, max-image-preview:large, max-video-preview:-1\" \/>\n<link rel=\"canonical\" href=\"https:\/\/wp.kristdemokraterna.se\/odeshog\/extra-partidistriktsarsmote\/\" \/>\n<meta property=\"og:locale\" content=\"sv_SE\" \/>\n<meta property=\"og:type\" content=\"article\" \/>\n<meta property=\"og:title\" content=\"Extra partidistrikts\u00e5rsm\u00f6te - \u00d6desh\u00f6g\" \/>\n<meta property=\"og:description\" content=\"L\u00f6rdagen den 25 november hade vi ett extra partidistrikts\u00e5rsm\u00f6te i Skeda f\u00f6rsamlingshem. M\u00f6tet b\u00f6rjade med mingel och sopplunch\u00a0 d\u00e4r Magnus Oscarsson (distriktsordf\u00f6rande) h\u00e4lsade oss v\u00e4lkomna. D\u00e4refter kom dagens h\u00f6jdpunkt d\u00e5 Ebba inspirerade oss med ett fantastiskt brandtal inf\u00f6r val\u00e5ret 2018. Efter hennes tal ville hon naturligtvis bli fotograferad ihop med mig och jag st\u00e4llde naturligtvis Read More\" \/>\n<meta property=\"og:url\" content=\"https:\/\/wp.kristdemokraterna.se\/odeshog\/extra-partidistriktsarsmote\/\" \/>\n<meta property=\"og:site_name\" content=\"\u00d6desh\u00f6g\" \/>\n<meta property=\"article:published_time\" content=\"2017-11-30T13:34:40+00:00\" \/>\n<meta property=\"article:modified_time\" content=\"2017-11-30T13:52:33+00:00\" \/>\n<meta property=\"og:image\" content=\"https:\/\/wp.kristdemokraterna.se\/odeshog\/files\/2017\/11\/distrikt-1-e1512048792130.png\" \/>\n\t<meta property=\"og:image:width\" content=\"494\" \/>\n\t<meta property=\"og:image:height\" content=\"249\" \/>\n\t<meta property=\"og:image:type\" content=\"image\/png\" \/>\n<meta name=\"author\" content=\"\u00d6desh\u00f6g\" \/>\n<meta name=\"twitter:card\" content=\"summary_large_image\" \/>\n<meta name=\"twitter:label1\" content=\"Skriven av\" \/>\n\t<meta name=\"twitter:data1\" content=\"\u00d6desh\u00f6g\" \/>\n\t<meta name=\"twitter:label2\" content=\"Ber\u00e4knad l\u00e4stid\" \/>\n\t<meta name=\"twitter:data2\" content=\"1 minut\" \/>\n<script type=\"application\/ld+json\" class=\"yoast-schema-graph\">{\"@context\":\"https:\\\/\\\/schema.org\",\"@graph\":[{\"@type\":\"Article\",\"@id\":\"https:\\\/\\\/wp.kristdemokraterna.se\\\/odeshog\\\/extra-partidistriktsarsmote\\\/#article\",\"isPartOf\":{\"@id\":\"https:\\\/\\\/wp.kristdemokraterna.se\\\/odeshog\\\/extra-partidistriktsarsmote\\\/\"},\"author\":{\"name\":\"\u00d6desh\u00f6g\",\"@id\":\"https:\\\/\\\/wp.kristdemokraterna.se\\\/odeshog\\\/#\\\/schema\\\/person\\\/15d7cb2ddad7a4b5cdbf3f98352f71f5\"},\"headline\":\"Extra partidistrikts\u00e5rsm\u00f6te\",\"datePublished\":\"2017-11-30T13:34:40+00:00\",\"dateModified\":\"2017-11-30T13:52:33+00:00\",\"mainEntityOfPage\":{\"@id\":\"https:\\\/\\\/wp.kristdemokraterna.se\\\/odeshog\\\/extra-partidistriktsarsmote\\\/\"},\"wordCount\":123,\"image\":{\"@id\":\"https:\\\/\\\/wp.kristdemokraterna.se\\\/odeshog\\\/extra-partidistriktsarsmote\\\/#primaryimage\"},\"thumbnailUrl\":\"https:\\\/\\\/wp.kristdemokraterna.se\\\/odeshog\\\/files\\\/2017\\\/11\\\/distrikt-1-e1512048792130.png\",\"keywords\":[\"Ebba Busch Thor\",\"Jonni Harrius\"],\"inLanguage\":\"sv-SE\"},{\"@type\":\"WebPage\",\"@id\":\"https:\\\/\\\/wp.kristdemokraterna.se\\\/odeshog\\\/extra-partidistriktsarsmote\\\/\",\"url\":\"https:\\\/\\\/wp.kristdemokraterna.se\\\/odeshog\\\/extra-partidistriktsarsmote\\\/\",\"name\":\"Extra partidistrikts\u00e5rsm\u00f6te - \u00d6desh\u00f6g\",\"isPartOf\":{\"@id\":\"https:\\\/\\\/wp.kristdemokraterna.se\\\/odeshog\\\/#website\"},\"primaryImageOfPage\":{\"@id\":\"https:\\\/\\\/wp.kristdemokraterna.se\\\/odeshog\\\/extra-partidistriktsarsmote\\\/#primaryimage\"},\"image\":{\"@id\":\"https:\\\/\\\/wp.kristdemokraterna.se\\\/odeshog\\\/extra-partidistriktsarsmote\\\/#primaryimage\"},\"thumbnailUrl\":\"https:\\\/\\\/wp.kristdemokraterna.se\\\/odeshog\\\/files\\\/2017\\\/11\\\/distrikt-1-e1512048792130.png\",\"datePublished\":\"2017-11-30T13:34:40+00:00\",\"dateModified\":\"2017-11-30T13:52:33+00:00\",\"author\":{\"@id\":\"https:\\\/\\\/wp.kristdemokraterna.se\\\/odeshog\\\/#\\\/schema\\\/person\\\/15d7cb2ddad7a4b5cdbf3f98352f71f5\"},\"breadcrumb\":{\"@id\":\"https:\\\/\\\/wp.kristdemokraterna.se\\\/odeshog\\\/extra-partidistriktsarsmote\\\/#breadcrumb\"},\"inLanguage\":\"sv-SE\",\"potentialAction\":[{\"@type\":\"ReadAction\",\"target\":[\"https:\\\/\\\/wp.kristdemokraterna.se\\\/odeshog\\\/extra-partidistriktsarsmote\\\/\"]}]},{\"@type\":\"ImageObject\",\"inLanguage\":\"sv-SE\",\"@id\":\"https:\\\/\\\/wp.kristdemokraterna.se\\\/odeshog\\\/extra-partidistriktsarsmote\\\/#primaryimage\",\"url\":\"https:\\\/\\\/wp.kristdemokraterna.se\\\/odeshog\\\/files\\\/2017\\\/11\\\/distrikt-1-e1512048792130.png\",\"contentUrl\":\"https:\\\/\\\/wp.kristdemokraterna.se\\\/odeshog\\\/files\\\/2017\\\/11\\\/distrikt-1-e1512048792130.png\",\"width\":494,\"height\":249},{\"@type\":\"BreadcrumbList\",\"@id\":\"https:\\\/\\\/wp.kristdemokraterna.se\\\/odeshog\\\/extra-partidistriktsarsmote\\\/#breadcrumb\",\"itemListElement\":[{\"@type\":\"ListItem\",\"position\":1,\"name\":\"Hem\",\"item\":\"https:\\\/\\\/wp.kristdemokraterna.se\\\/odeshog\\\/\"},{\"@type\":\"ListItem\",\"position\":2,\"name\":\"Extra partidistrikts\u00e5rsm\u00f6te\"}]},{\"@type\":\"WebSite\",\"@id\":\"https:\\\/\\\/wp.kristdemokraterna.se\\\/odeshog\\\/#website\",\"url\":\"https:\\\/\\\/wp.kristdemokraterna.se\\\/odeshog\\\/\",\"name\":\"\u00d6desh\u00f6g\",\"description\":\"En till Kristdemokraterna webbplats\",\"inLanguage\":\"sv-SE\"},{\"@type\":\"Person\",\"@id\":\"https:\\\/\\\/wp.kristdemokraterna.se\\\/odeshog\\\/#\\\/schema\\\/person\\\/15d7cb2ddad7a4b5cdbf3f98352f71f5\",\"name\":\"\u00d6desh\u00f6g\",\"image\":{\"@type\":\"ImageObject\",\"inLanguage\":\"sv-SE\",\"@id\":\"https:\\\/\\\/secure.gravatar.com\\\/avatar\\\/b93eb0862df7b1d231f6f72d0d16f9761b055f40fb8ca1ececc2721552e35c4d?s=96&d=mm&r=g\",\"url\":\"https:\\\/\\\/secure.gravatar.com\\\/avatar\\\/b93eb0862df7b1d231f6f72d0d16f9761b055f40fb8ca1ececc2721552e35c4d?s=96&d=mm&r=g\",\"contentUrl\":\"https:\\\/\\\/secure.gravatar.com\\\/avatar\\\/b93eb0862df7b1d231f6f72d0d16f9761b055f40fb8ca1ececc2721552e35c4d?s=96&d=mm&r=g\",\"caption\":\"\u00d6desh\u00f6g\"},\"url\":\"https:\\\/\\\/wp.kristdemokraterna.se\\\/odeshog\\\/author\\\/odeshog2\\\/\"}]}<\/script>\n<!-- \/ Yoast SEO plugin. -->","yoast_head_json":{"title":"Extra partidistrikts\u00e5rsm\u00f6te - \u00d6desh\u00f6g","robots":{"index":"index","follow":"follow","max-snippet":"max-snippet:-1","max-image-preview":"max-image-preview:large","max-video-preview":"max-video-preview:-1"},"canonical":"https:\/\/wp.kristdemokraterna.se\/odeshog\/extra-partidistriktsarsmote\/","og_locale":"sv_SE","og_type":"article","og_title":"Extra partidistrikts\u00e5rsm\u00f6te - \u00d6desh\u00f6g","og_description":"L\u00f6rdagen den 25 november hade vi ett extra partidistrikts\u00e5rsm\u00f6te i Skeda f\u00f6rsamlingshem. M\u00f6tet b\u00f6rjade med mingel och sopplunch\u00a0 d\u00e4r Magnus Oscarsson (distriktsordf\u00f6rande) h\u00e4lsade oss v\u00e4lkomna. D\u00e4refter kom dagens h\u00f6jdpunkt d\u00e5 Ebba inspirerade oss med ett fantastiskt brandtal inf\u00f6r val\u00e5ret 2018. Efter hennes tal ville hon naturligtvis bli fotograferad ihop med mig och jag st\u00e4llde naturligtvis Read More","og_url":"https:\/\/wp.kristdemokraterna.se\/odeshog\/extra-partidistriktsarsmote\/","og_site_name":"\u00d6desh\u00f6g","article_published_time":"2017-11-30T13:34:40+00:00","article_modified_time":"2017-11-30T13:52:33+00:00","og_image":[{"width":494,"height":249,"url":"https:\/\/wp.kristdemokraterna.se\/odeshog\/files\/2017\/11\/distrikt-1-e1512048792130.png","type":"image\/png"}],"author":"\u00d6desh\u00f6g","twitter_card":"summary_large_image","twitter_misc":{"Skriven av":"\u00d6desh\u00f6g","Ber\u00e4knad l\u00e4stid":"1 minut"},"schema":{"@context":"https:\/\/schema.org","@graph":[{"@type":"Article","@id":"https:\/\/wp.kristdemokraterna.se\/odeshog\/extra-partidistriktsarsmote\/#article","isPartOf":{"@id":"https:\/\/wp.kristdemokraterna.se\/odeshog\/extra-partidistriktsarsmote\/"},"author":{"name":"\u00d6desh\u00f6g","@id":"https:\/\/wp.kristdemokraterna.se\/odeshog\/#\/schema\/person\/15d7cb2ddad7a4b5cdbf3f98352f71f5"},"headline":"Extra partidistrikts\u00e5rsm\u00f6te","datePublished":"2017-11-30T13:34:40+00:00","dateModified":"2017-11-30T13:52:33+00:00","mainEntityOfPage":{"@id":"https:\/\/wp.kristdemokraterna.se\/odeshog\/extra-partidistriktsarsmote\/"},"wordCount":123,"image":{"@id":"https:\/\/wp.kristdemokraterna.se\/odeshog\/extra-partidistriktsarsmote\/#primaryimage"},"thumbnailUrl":"https:\/\/wp.kristdemokraterna.se\/odeshog\/files\/2017\/11\/distrikt-1-e1512048792130.png","keywords":["Ebba Busch Thor","Jonni Harrius"],"inLanguage":"sv-SE"},{"@type":"WebPage","@id":"https:\/\/wp.kristdemokraterna.se\/odeshog\/extra-partidistriktsarsmote\/","url":"https:\/\/wp.kristdemokraterna.se\/odeshog\/extra-partidistriktsarsmote\/","name":"Extra partidistrikts\u00e5rsm\u00f6te - \u00d6desh\u00f6g","isPartOf":{"@id":"https:\/\/wp.kristdemokraterna.se\/odeshog\/#website"},"primaryImageOfPage":{"@id":"https:\/\/wp.kristdemokraterna.se\/odeshog\/extra-partidistriktsarsmote\/#primaryimage"},"image":{"@id":"https:\/\/wp.kristdemokraterna.se\/odeshog\/extra-partidistriktsarsmote\/#primaryimage"},"thumbnailUrl":"https:\/\/wp.kristdemokraterna.se\/odeshog\/files\/2017\/11\/distrikt-1-e1512048792130.png","datePublished":"2017-11-30T13:34:40+00:00","dateModified":"2017-11-30T13:52:33+00:00","author":{"@id":"https:\/\/wp.kristdemokraterna.se\/odeshog\/#\/schema\/person\/15d7cb2ddad7a4b5cdbf3f98352f71f5"},"breadcrumb":{"@id":"https:\/\/wp.kristdemokraterna.se\/odeshog\/extra-partidistriktsarsmote\/#breadcrumb"},"inLanguage":"sv-SE","potentialAction":[{"@type":"ReadAction","target":["https:\/\/wp.kristdemokraterna.se\/odeshog\/extra-partidistriktsarsmote\/"]}]},{"@type":"ImageObject","inLanguage":"sv-SE","@id":"https:\/\/wp.kristdemokraterna.se\/odeshog\/extra-partidistriktsarsmote\/#primaryimage","url":"https:\/\/wp.kristdemokraterna.se\/odeshog\/files\/2017\/11\/distrikt-1-e1512048792130.png","contentUrl":"https:\/\/wp.kristdemokraterna.se\/odeshog\/files\/2017\/11\/distrikt-1-e1512048792130.png","width":494,"height":249},{"@type":"BreadcrumbList","@id":"https:\/\/wp.kristdemokraterna.se\/odeshog\/extra-partidistriktsarsmote\/#breadcrumb","itemListElement":[{"@type":"ListItem","position":1,"name":"Hem","item":"https:\/\/wp.kristdemokraterna.se\/odeshog\/"},{"@type":"ListItem","position":2,"name":"Extra partidistrikts\u00e5rsm\u00f6te"}]},{"@type":"WebSite","@id":"https:\/\/wp.kristdemokraterna.se\/odeshog\/#website","url":"https:\/\/wp.kristdemokraterna.se\/odeshog\/","name":"\u00d6desh\u00f6g","description":"En till Kristdemokraterna webbplats","inLanguage":"sv-SE"},{"@type":"Person","@id":"https:\/\/wp.kristdemokraterna.se\/odeshog\/#\/schema\/person\/15d7cb2ddad7a4b5cdbf3f98352f71f5","name":"\u00d6desh\u00f6g","image":{"@type":"ImageObject","inLanguage":"sv-SE","@id":"https:\/\/secure.gravatar.com\/avatar\/b93eb0862df7b1d231f6f72d0d16f9761b055f40fb8ca1ececc2721552e35c4d?s=96&d=mm&r=g","url":"https:\/\/secure.gravatar.com\/avatar\/b93eb0862df7b1d231f6f72d0d16f9761b055f40fb8ca1ececc2721552e35c4d?s=96&d=mm&r=g","contentUrl":"https:\/\/secure.gravatar.com\/avatar\/b93eb0862df7b1d231f6f72d0d16f9761b055f40fb8ca1ececc2721552e35c4d?s=96&d=mm&r=g","caption":"\u00d6desh\u00f6g"},"url":"https:\/\/wp.kristdemokraterna.se\/odeshog\/author\/odeshog2\/"}]}},"_links":{"self":[{"href":"https:\/\/wp.kristdemokraterna.se\/odeshog\/wp-json\/wp\/v2\/posts\/397","targetHints":{"allow":["GET"]}}],"collection":[{"href":"https:\/\/wp.kristdemokraterna.se\/odeshog\/wp-json\/wp\/v2\/posts"}],"about":[{"href":"https:\/\/wp.kristdemokraterna.se\/odeshog\/wp-json\/wp\/v2\/types\/post"}],"author":[{"embeddable":true,"href":"https:\/\/wp.kristdemokraterna.se\/odeshog\/wp-json\/wp\/v2\/users\/747"}],"replies":[{"embeddable":true,"href":"https:\/\/wp.kristdemokraterna.se\/odeshog\/wp-json\/wp\/v2\/comments?post=397"}],"version-history":[{"count":4,"href":"https:\/\/wp.kristdemokraterna.se\/odeshog\/wp-json\/wp\/v2\/posts\/397\/revisions"}],"predecessor-version":[{"id":401,"href":"https:\/\/wp.kristdemokraterna.se\/odeshog\/wp-json\/wp\/v2\/posts\/397\/revisions\/401"}],"wp:featuredmedia":[{"embeddable":true,"href":"https:\/\/wp.kristdemokraterna.se\/odeshog\/wp-json\/wp\/v2\/media\/396"}],"wp:attachment":[{"href":"https:\/\/wp.kristdemokraterna.se\/odeshog\/wp-json\/wp\/v2\/media?parent=397"}],"wp:term":[{"taxonomy":"category","embeddable":true,"href":"https:\/\/wp.kristdemokraterna.se\/odeshog\/wp-json\/wp\/v2\/categories?post=397"},{"taxonomy":"post_tag","embeddable":true,"href":"https:\/\/wp.kristdemokraterna.se\/odeshog\/wp-json\/wp\/v2\/tags?post=397"}],"curies":[{"name":"wp","href":"https:\/\/api.w.org\/{rel}","templated":true}]}}