{"id":402,"date":"2017-12-03T07:28:50","date_gmt":"2017-12-03T06:28:50","guid":{"rendered":"http:\/\/wp.kristdemokraterna.se\/odeshog\/?p=402"},"modified":"2017-12-03T08:04:46","modified_gmt":"2017-12-03T07:04:46","slug":"adventsfest","status":"publish","type":"post","link":"https:\/\/wp.kristdemokraterna.se\/odeshog\/adventsfest\/","title":{"rendered":"Adventsfest"},"content":{"rendered":"<p>Den 27\/11 hade vi v\u00e5r \u00e5rliga adventsfest. Denna g\u00e5ng var vi i Immanuelskyrkan och som vanligt var det mycket medlemmar som kom (n\u00e4stan 60 st). Under kv\u00e4llen s\u00e5 var det gr\u00f6t med sm\u00f6rg\u00e5s, f\u00f6redrag av \u00d6desh\u00f6gs kommunchef, fika, lotteri, f\u00f6redrag av Magnus samt en auktion.<\/p>\n<p>Kommunchefen Ingmar\u00a0Unosson gav en personlig bild av sig sj\u00e4lv och varf\u00f6r han valde att arbeta i \u00d6desh\u00f6g. Han talade bland annat om hur l\u00e5ngt fram \u00d6desh\u00f6g \u00e4r n\u00e4r det g\u00e4ller skola, v\u00e5rd och f\u00f6retagande d\u00e4r vi ligger i topp nationellt och\/eller regionalt. Detta v\u00e4rmde extra mycket d\u00e5 dessa punkter \u00e4r fokusomr\u00e5den f\u00f6r Kristdemokraterna. Det \u00e4r ocks\u00e5 ett kvitto p\u00e5 det arbete som Annicki leder i kommunstyrelsen ger resultat. Nedan Ingemar under sin presentation.<\/p>\n<p><a href=\"http:\/\/wp.kristdemokraterna.se\/odeshog\/files\/2017\/12\/adventsfest2-e1512283087165.jpg\"><img loading=\"lazy\" decoding=\"async\" class=\"alignnone size-medium wp-image-405\" src=\"http:\/\/wp.kristdemokraterna.se\/odeshog\/files\/2017\/12\/adventsfest2-e1512283087165-300x170.jpg\" alt=\"\" width=\"300\" height=\"170\" srcset=\"https:\/\/wp.kristdemokraterna.se\/odeshog\/files\/2017\/12\/adventsfest2-e1512283087165-300x170.jpg 300w, https:\/\/wp.kristdemokraterna.se\/odeshog\/files\/2017\/12\/adventsfest2-e1512283087165.jpg 440w\" sizes=\"auto, (max-width: 300px) 100vw, 300px\" \/><\/a><\/p>\n<p>Magnus talade om sin resa till Somaliland och hur viktigt st\u00f6det till detta \u00e4nnu ej godk\u00e4nda land \u00e4r. Magnus visade bilder n\u00e4r han tr\u00e4ffade presidenten och ett gripande m\u00f6te med f\u00f6rra presidentens hustru som efter makens d\u00f6d s\u00e5lde alla sina tillh\u00f6righeter f\u00f6r att kunna bygga ett universitet.<\/p>\n<p><a href=\"http:\/\/wp.kristdemokraterna.se\/odeshog\/files\/2017\/12\/somaliland-e1512284037730.jpg\"><img loading=\"lazy\" decoding=\"async\" class=\"alignnone size-medium wp-image-409\" src=\"http:\/\/wp.kristdemokraterna.se\/odeshog\/files\/2017\/12\/somaliland-e1512284037730-300x170.jpg\" alt=\"\" width=\"300\" height=\"170\" srcset=\"https:\/\/wp.kristdemokraterna.se\/odeshog\/files\/2017\/12\/somaliland-e1512284037730-300x170.jpg 300w, https:\/\/wp.kristdemokraterna.se\/odeshog\/files\/2017\/12\/somaliland-e1512284037730.jpg 439w\" sizes=\"auto, (max-width: 300px) 100vw, 300px\" \/><\/a><\/p>\n<p>F\u00f6r att st\u00f6tta utbildningen i Somaliland s\u00e5 valde vi att sk\u00e4nka int\u00e4kterna fr\u00e5n auktionen till skolprojekt d\u00e4r.<\/p>\n<p>N\u00e4r kv\u00e4llen led mot sitt slut s\u00e5 tackades Annicki f\u00f6r sitt engagemang i KD \u00d6desh\u00f6g och f\u00f6r det fantastiska arbete hon g\u00f6r i kommunstyrelsen. Deltagarna var (som vanligt) v\u00e4ldigt n\u00f6jda med arrangemanget och alla ser fram mot att tr\u00e4ffas igen.<\/p>\n<p>\/Jonni<\/p>\n","protected":false},"excerpt":{"rendered":"<p>Den 27\/11 hade vi v\u00e5r \u00e5rliga adventsfest. Denna g\u00e5ng var vi i Immanuelskyrkan och som vanligt var det mycket medlemmar som kom (n\u00e4stan 60 st). Under kv\u00e4llen s\u00e5 var det gr\u00f6t med sm\u00f6rg\u00e5s, f\u00f6redrag av \u00d6desh\u00f6gs kommunchef, fika, lotteri, f\u00f6redrag av Magnus samt en auktion. Kommunchefen Ingmar\u00a0Unosson gav en personlig bild av sig sj\u00e4lv och <a class=\"read-more-link\" href=\"https:\/\/wp.kristdemokraterna.se\/odeshog\/adventsfest\/\">Read More<\/a><\/p>\n","protected":false},"author":747,"featured_media":406,"comment_status":"closed","ping_status":"closed","sticky":false,"template":"","format":"standard","meta":{"_acf_changed":false,"footnotes":""},"categories":[1],"tags":[],"class_list":["post-402","post","type-post","status-publish","format-standard","hentry","category-okategoriserade"],"acf":[],"yoast_head":"<!-- This site is optimized with the Yoast SEO plugin v27.4 - https:\/\/yoast.com\/product\/yoast-seo-wordpress\/ -->\n<title>Adventsfest - \u00d6desh\u00f6g<\/title>\n<meta name=\"robots\" content=\"index, follow, max-snippet:-1, max-image-preview:large, max-video-preview:-1\" \/>\n<link rel=\"canonical\" href=\"https:\/\/wp.kristdemokraterna.se\/odeshog\/adventsfest\/\" \/>\n<meta property=\"og:locale\" content=\"sv_SE\" \/>\n<meta property=\"og:type\" content=\"article\" \/>\n<meta property=\"og:title\" content=\"Adventsfest - \u00d6desh\u00f6g\" \/>\n<meta property=\"og:description\" content=\"Den 27\/11 hade vi v\u00e5r \u00e5rliga adventsfest. Denna g\u00e5ng var vi i Immanuelskyrkan och som vanligt var det mycket medlemmar som kom (n\u00e4stan 60 st). Under kv\u00e4llen s\u00e5 var det gr\u00f6t med sm\u00f6rg\u00e5s, f\u00f6redrag av \u00d6desh\u00f6gs kommunchef, fika, lotteri, f\u00f6redrag av Magnus samt en auktion. Kommunchefen Ingmar\u00a0Unosson gav en personlig bild av sig sj\u00e4lv och Read More\" \/>\n<meta property=\"og:url\" content=\"https:\/\/wp.kristdemokraterna.se\/odeshog\/adventsfest\/\" \/>\n<meta property=\"og:site_name\" content=\"\u00d6desh\u00f6g\" \/>\n<meta property=\"article:published_time\" content=\"2017-12-03T06:28:50+00:00\" \/>\n<meta property=\"article:modified_time\" content=\"2017-12-03T07:04:46+00:00\" \/>\n<meta property=\"og:image\" content=\"https:\/\/wp.kristdemokraterna.se\/odeshog\/files\/2017\/12\/adventsfest1-e1512283015464.jpg\" \/>\n\t<meta property=\"og:image:width\" content=\"440\" \/>\n\t<meta property=\"og:image:height\" content=\"249\" \/>\n\t<meta property=\"og:image:type\" content=\"image\/jpeg\" \/>\n<meta name=\"author\" content=\"\u00d6desh\u00f6g\" \/>\n<meta name=\"twitter:card\" content=\"summary_large_image\" \/>\n<meta name=\"twitter:label1\" content=\"Skriven av\" \/>\n\t<meta name=\"twitter:data1\" content=\"\u00d6desh\u00f6g\" \/>\n\t<meta name=\"twitter:label2\" content=\"Ber\u00e4knad l\u00e4stid\" \/>\n\t<meta name=\"twitter:data2\" content=\"1 minut\" \/>\n<script type=\"application\/ld+json\" class=\"yoast-schema-graph\">{\"@context\":\"https:\\\/\\\/schema.org\",\"@graph\":[{\"@type\":\"Article\",\"@id\":\"https:\\\/\\\/wp.kristdemokraterna.se\\\/odeshog\\\/adventsfest\\\/#article\",\"isPartOf\":{\"@id\":\"https:\\\/\\\/wp.kristdemokraterna.se\\\/odeshog\\\/adventsfest\\\/\"},\"author\":{\"name\":\"\u00d6desh\u00f6g\",\"@id\":\"https:\\\/\\\/wp.kristdemokraterna.se\\\/odeshog\\\/#\\\/schema\\\/person\\\/15d7cb2ddad7a4b5cdbf3f98352f71f5\"},\"headline\":\"Adventsfest\",\"datePublished\":\"2017-12-03T06:28:50+00:00\",\"dateModified\":\"2017-12-03T07:04:46+00:00\",\"mainEntityOfPage\":{\"@id\":\"https:\\\/\\\/wp.kristdemokraterna.se\\\/odeshog\\\/adventsfest\\\/\"},\"wordCount\":272,\"image\":{\"@id\":\"https:\\\/\\\/wp.kristdemokraterna.se\\\/odeshog\\\/adventsfest\\\/#primaryimage\"},\"thumbnailUrl\":\"https:\\\/\\\/wp.kristdemokraterna.se\\\/odeshog\\\/files\\\/2017\\\/12\\\/adventsfest1-e1512283015464.jpg\",\"inLanguage\":\"sv-SE\"},{\"@type\":\"WebPage\",\"@id\":\"https:\\\/\\\/wp.kristdemokraterna.se\\\/odeshog\\\/adventsfest\\\/\",\"url\":\"https:\\\/\\\/wp.kristdemokraterna.se\\\/odeshog\\\/adventsfest\\\/\",\"name\":\"Adventsfest - \u00d6desh\u00f6g\",\"isPartOf\":{\"@id\":\"https:\\\/\\\/wp.kristdemokraterna.se\\\/odeshog\\\/#website\"},\"primaryImageOfPage\":{\"@id\":\"https:\\\/\\\/wp.kristdemokraterna.se\\\/odeshog\\\/adventsfest\\\/#primaryimage\"},\"image\":{\"@id\":\"https:\\\/\\\/wp.kristdemokraterna.se\\\/odeshog\\\/adventsfest\\\/#primaryimage\"},\"thumbnailUrl\":\"https:\\\/\\\/wp.kristdemokraterna.se\\\/odeshog\\\/files\\\/2017\\\/12\\\/adventsfest1-e1512283015464.jpg\",\"datePublished\":\"2017-12-03T06:28:50+00:00\",\"dateModified\":\"2017-12-03T07:04:46+00:00\",\"author\":{\"@id\":\"https:\\\/\\\/wp.kristdemokraterna.se\\\/odeshog\\\/#\\\/schema\\\/person\\\/15d7cb2ddad7a4b5cdbf3f98352f71f5\"},\"breadcrumb\":{\"@id\":\"https:\\\/\\\/wp.kristdemokraterna.se\\\/odeshog\\\/adventsfest\\\/#breadcrumb\"},\"inLanguage\":\"sv-SE\",\"potentialAction\":[{\"@type\":\"ReadAction\",\"target\":[\"https:\\\/\\\/wp.kristdemokraterna.se\\\/odeshog\\\/adventsfest\\\/\"]}]},{\"@type\":\"ImageObject\",\"inLanguage\":\"sv-SE\",\"@id\":\"https:\\\/\\\/wp.kristdemokraterna.se\\\/odeshog\\\/adventsfest\\\/#primaryimage\",\"url\":\"https:\\\/\\\/wp.kristdemokraterna.se\\\/odeshog\\\/files\\\/2017\\\/12\\\/adventsfest1-e1512283015464.jpg\",\"contentUrl\":\"https:\\\/\\\/wp.kristdemokraterna.se\\\/odeshog\\\/files\\\/2017\\\/12\\\/adventsfest1-e1512283015464.jpg\",\"width\":440,\"height\":249},{\"@type\":\"BreadcrumbList\",\"@id\":\"https:\\\/\\\/wp.kristdemokraterna.se\\\/odeshog\\\/adventsfest\\\/#breadcrumb\",\"itemListElement\":[{\"@type\":\"ListItem\",\"position\":1,\"name\":\"Hem\",\"item\":\"https:\\\/\\\/wp.kristdemokraterna.se\\\/odeshog\\\/\"},{\"@type\":\"ListItem\",\"position\":2,\"name\":\"Adventsfest\"}]},{\"@type\":\"WebSite\",\"@id\":\"https:\\\/\\\/wp.kristdemokraterna.se\\\/odeshog\\\/#website\",\"url\":\"https:\\\/\\\/wp.kristdemokraterna.se\\\/odeshog\\\/\",\"name\":\"\u00d6desh\u00f6g\",\"description\":\"En till Kristdemokraterna webbplats\",\"inLanguage\":\"sv-SE\"},{\"@type\":\"Person\",\"@id\":\"https:\\\/\\\/wp.kristdemokraterna.se\\\/odeshog\\\/#\\\/schema\\\/person\\\/15d7cb2ddad7a4b5cdbf3f98352f71f5\",\"name\":\"\u00d6desh\u00f6g\",\"image\":{\"@type\":\"ImageObject\",\"inLanguage\":\"sv-SE\",\"@id\":\"https:\\\/\\\/secure.gravatar.com\\\/avatar\\\/b93eb0862df7b1d231f6f72d0d16f9761b055f40fb8ca1ececc2721552e35c4d?s=96&d=mm&r=g\",\"url\":\"https:\\\/\\\/secure.gravatar.com\\\/avatar\\\/b93eb0862df7b1d231f6f72d0d16f9761b055f40fb8ca1ececc2721552e35c4d?s=96&d=mm&r=g\",\"contentUrl\":\"https:\\\/\\\/secure.gravatar.com\\\/avatar\\\/b93eb0862df7b1d231f6f72d0d16f9761b055f40fb8ca1ececc2721552e35c4d?s=96&d=mm&r=g\",\"caption\":\"\u00d6desh\u00f6g\"},\"url\":\"https:\\\/\\\/wp.kristdemokraterna.se\\\/odeshog\\\/author\\\/odeshog2\\\/\"}]}<\/script>\n<!-- \/ Yoast SEO plugin. -->","yoast_head_json":{"title":"Adventsfest - \u00d6desh\u00f6g","robots":{"index":"index","follow":"follow","max-snippet":"max-snippet:-1","max-image-preview":"max-image-preview:large","max-video-preview":"max-video-preview:-1"},"canonical":"https:\/\/wp.kristdemokraterna.se\/odeshog\/adventsfest\/","og_locale":"sv_SE","og_type":"article","og_title":"Adventsfest - \u00d6desh\u00f6g","og_description":"Den 27\/11 hade vi v\u00e5r \u00e5rliga adventsfest. Denna g\u00e5ng var vi i Immanuelskyrkan och som vanligt var det mycket medlemmar som kom (n\u00e4stan 60 st). Under kv\u00e4llen s\u00e5 var det gr\u00f6t med sm\u00f6rg\u00e5s, f\u00f6redrag av \u00d6desh\u00f6gs kommunchef, fika, lotteri, f\u00f6redrag av Magnus samt en auktion. Kommunchefen Ingmar\u00a0Unosson gav en personlig bild av sig sj\u00e4lv och Read More","og_url":"https:\/\/wp.kristdemokraterna.se\/odeshog\/adventsfest\/","og_site_name":"\u00d6desh\u00f6g","article_published_time":"2017-12-03T06:28:50+00:00","article_modified_time":"2017-12-03T07:04:46+00:00","og_image":[{"width":440,"height":249,"url":"https:\/\/wp.kristdemokraterna.se\/odeshog\/files\/2017\/12\/adventsfest1-e1512283015464.jpg","type":"image\/jpeg"}],"author":"\u00d6desh\u00f6g","twitter_card":"summary_large_image","twitter_misc":{"Skriven av":"\u00d6desh\u00f6g","Ber\u00e4knad l\u00e4stid":"1 minut"},"schema":{"@context":"https:\/\/schema.org","@graph":[{"@type":"Article","@id":"https:\/\/wp.kristdemokraterna.se\/odeshog\/adventsfest\/#article","isPartOf":{"@id":"https:\/\/wp.kristdemokraterna.se\/odeshog\/adventsfest\/"},"author":{"name":"\u00d6desh\u00f6g","@id":"https:\/\/wp.kristdemokraterna.se\/odeshog\/#\/schema\/person\/15d7cb2ddad7a4b5cdbf3f98352f71f5"},"headline":"Adventsfest","datePublished":"2017-12-03T06:28:50+00:00","dateModified":"2017-12-03T07:04:46+00:00","mainEntityOfPage":{"@id":"https:\/\/wp.kristdemokraterna.se\/odeshog\/adventsfest\/"},"wordCount":272,"image":{"@id":"https:\/\/wp.kristdemokraterna.se\/odeshog\/adventsfest\/#primaryimage"},"thumbnailUrl":"https:\/\/wp.kristdemokraterna.se\/odeshog\/files\/2017\/12\/adventsfest1-e1512283015464.jpg","inLanguage":"sv-SE"},{"@type":"WebPage","@id":"https:\/\/wp.kristdemokraterna.se\/odeshog\/adventsfest\/","url":"https:\/\/wp.kristdemokraterna.se\/odeshog\/adventsfest\/","name":"Adventsfest - \u00d6desh\u00f6g","isPartOf":{"@id":"https:\/\/wp.kristdemokraterna.se\/odeshog\/#website"},"primaryImageOfPage":{"@id":"https:\/\/wp.kristdemokraterna.se\/odeshog\/adventsfest\/#primaryimage"},"image":{"@id":"https:\/\/wp.kristdemokraterna.se\/odeshog\/adventsfest\/#primaryimage"},"thumbnailUrl":"https:\/\/wp.kristdemokraterna.se\/odeshog\/files\/2017\/12\/adventsfest1-e1512283015464.jpg","datePublished":"2017-12-03T06:28:50+00:00","dateModified":"2017-12-03T07:04:46+00:00","author":{"@id":"https:\/\/wp.kristdemokraterna.se\/odeshog\/#\/schema\/person\/15d7cb2ddad7a4b5cdbf3f98352f71f5"},"breadcrumb":{"@id":"https:\/\/wp.kristdemokraterna.se\/odeshog\/adventsfest\/#breadcrumb"},"inLanguage":"sv-SE","potentialAction":[{"@type":"ReadAction","target":["https:\/\/wp.kristdemokraterna.se\/odeshog\/adventsfest\/"]}]},{"@type":"ImageObject","inLanguage":"sv-SE","@id":"https:\/\/wp.kristdemokraterna.se\/odeshog\/adventsfest\/#primaryimage","url":"https:\/\/wp.kristdemokraterna.se\/odeshog\/files\/2017\/12\/adventsfest1-e1512283015464.jpg","contentUrl":"https:\/\/wp.kristdemokraterna.se\/odeshog\/files\/2017\/12\/adventsfest1-e1512283015464.jpg","width":440,"height":249},{"@type":"BreadcrumbList","@id":"https:\/\/wp.kristdemokraterna.se\/odeshog\/adventsfest\/#breadcrumb","itemListElement":[{"@type":"ListItem","position":1,"name":"Hem","item":"https:\/\/wp.kristdemokraterna.se\/odeshog\/"},{"@type":"ListItem","position":2,"name":"Adventsfest"}]},{"@type":"WebSite","@id":"https:\/\/wp.kristdemokraterna.se\/odeshog\/#website","url":"https:\/\/wp.kristdemokraterna.se\/odeshog\/","name":"\u00d6desh\u00f6g","description":"En till Kristdemokraterna webbplats","inLanguage":"sv-SE"},{"@type":"Person","@id":"https:\/\/wp.kristdemokraterna.se\/odeshog\/#\/schema\/person\/15d7cb2ddad7a4b5cdbf3f98352f71f5","name":"\u00d6desh\u00f6g","image":{"@type":"ImageObject","inLanguage":"sv-SE","@id":"https:\/\/secure.gravatar.com\/avatar\/b93eb0862df7b1d231f6f72d0d16f9761b055f40fb8ca1ececc2721552e35c4d?s=96&d=mm&r=g","url":"https:\/\/secure.gravatar.com\/avatar\/b93eb0862df7b1d231f6f72d0d16f9761b055f40fb8ca1ececc2721552e35c4d?s=96&d=mm&r=g","contentUrl":"https:\/\/secure.gravatar.com\/avatar\/b93eb0862df7b1d231f6f72d0d16f9761b055f40fb8ca1ececc2721552e35c4d?s=96&d=mm&r=g","caption":"\u00d6desh\u00f6g"},"url":"https:\/\/wp.kristdemokraterna.se\/odeshog\/author\/odeshog2\/"}]}},"_links":{"self":[{"href":"https:\/\/wp.kristdemokraterna.se\/odeshog\/wp-json\/wp\/v2\/posts\/402","targetHints":{"allow":["GET"]}}],"collection":[{"href":"https:\/\/wp.kristdemokraterna.se\/odeshog\/wp-json\/wp\/v2\/posts"}],"about":[{"href":"https:\/\/wp.kristdemokraterna.se\/odeshog\/wp-json\/wp\/v2\/types\/post"}],"author":[{"embeddable":true,"href":"https:\/\/wp.kristdemokraterna.se\/odeshog\/wp-json\/wp\/v2\/users\/747"}],"replies":[{"embeddable":true,"href":"https:\/\/wp.kristdemokraterna.se\/odeshog\/wp-json\/wp\/v2\/comments?post=402"}],"version-history":[{"count":5,"href":"https:\/\/wp.kristdemokraterna.se\/odeshog\/wp-json\/wp\/v2\/posts\/402\/revisions"}],"predecessor-version":[{"id":411,"href":"https:\/\/wp.kristdemokraterna.se\/odeshog\/wp-json\/wp\/v2\/posts\/402\/revisions\/411"}],"wp:featuredmedia":[{"embeddable":true,"href":"https:\/\/wp.kristdemokraterna.se\/odeshog\/wp-json\/wp\/v2\/media\/406"}],"wp:attachment":[{"href":"https:\/\/wp.kristdemokraterna.se\/odeshog\/wp-json\/wp\/v2\/media?parent=402"}],"wp:term":[{"taxonomy":"category","embeddable":true,"href":"https:\/\/wp.kristdemokraterna.se\/odeshog\/wp-json\/wp\/v2\/categories?post=402"},{"taxonomy":"post_tag","embeddable":true,"href":"https:\/\/wp.kristdemokraterna.se\/odeshog\/wp-json\/wp\/v2\/tags?post=402"}],"curies":[{"name":"wp","href":"https:\/\/api.w.org\/{rel}","templated":true}]}}