{"id":428,"date":"2018-01-23T10:28:23","date_gmt":"2018-01-23T09:28:23","guid":{"rendered":"http:\/\/wp.kristdemokraterna.se\/odeshog\/?p=428"},"modified":"2022-05-11T07:37:30","modified_gmt":"2022-05-11T05:37:30","slug":"invigningen-av-handlar-n-i-rok","status":"publish","type":"post","link":"https:\/\/wp.kristdemokraterna.se\/odeshog\/invigningen-av-handlar-n-i-rok\/","title":{"rendered":"Invigningen av Handlar&#8217;n i R\u00f6k"},"content":{"rendered":"<p><span id=\"fbPhotoSnowliftCaption\" class=\"fbPhotosPhotoCaption\"><span class=\"hasCaption\">Annicki Oscarsson, kommunalr\u00e5d (KD) i \u00d6desh\u00f6g, talade vid invigningen av Handlar&#8217;n i R\u00f6k. Ett nytt koncept i R\u00f6k d\u00e4r Axfood satsar p\u00e5 landsbygdens utveckling. P\u00e5 plats var bland andra<\/span><\/span><span id=\"fbPhotoSnowliftCaption\">\u00a0<\/span><span id=\"fbPhotoSnowliftCaption\">Magnus Oscarsson,\u00a0Jonny St\u00e5hl,\u00a0Anders Lundin,\u00a0Michael Cornell\u00a0och\u00a0Karl Johansson<\/span><span id=\"fbPhotoSnowliftCaption\">. Fantasti<\/span><span id=\"fbPhotoSnowliftCaption\" class=\"fbPhotosPhotoCaption\"><span class=\"hasCaption\">skt roligt att det satsas p\u00e5 b\u00e5de n\u00e4rodlat och n\u00e4rhandlat!<\/span><\/span><\/p>\n<p>Denna artikel \u00e4r h\u00e4mtad fr\u00e5n\u00a0<a href=\"https:\/\/www.facebook.com\/peter.olofsson.71\">Peter Olofssons Facebooksida<\/a><\/p>\n<p>\/Jonni<\/p>\n","protected":false},"excerpt":{"rendered":"<p>Annicki Oscarsson, kommunalr\u00e5d (KD) i \u00d6desh\u00f6g, talade vid invigningen av Handlar&#8217;n i R\u00f6k. Ett nytt koncept i R\u00f6k d\u00e4r Axfood satsar p\u00e5 landsbygdens utveckling. P\u00e5 plats var bland andra\u00a0Magnus Oscarsson,\u00a0Jonny St\u00e5hl,\u00a0Anders Lundin,\u00a0Michael Cornell\u00a0och\u00a0Karl Johansson. Fantastiskt roligt att det satsas p\u00e5 b\u00e5de n\u00e4rodlat och n\u00e4rhandlat! Denna artikel \u00e4r h\u00e4mtad fr\u00e5n\u00a0Peter Olofssons Facebooksida \/Jonni<\/p>\n","protected":false},"author":747,"featured_media":427,"comment_status":"closed","ping_status":"closed","sticky":false,"template":"","format":"standard","meta":{"_acf_changed":false,"footnotes":""},"categories":[10,1],"tags":[],"class_list":["post-428","post","type-post","status-publish","format-standard","hentry","category-inlagg","category-okategoriserade"],"acf":[],"yoast_head":"<!-- This site is optimized with the Yoast SEO plugin v27.4 - https:\/\/yoast.com\/product\/yoast-seo-wordpress\/ -->\n<title>Invigningen av Handlar&#039;n i R\u00f6k - \u00d6desh\u00f6g<\/title>\n<meta name=\"robots\" content=\"index, follow, max-snippet:-1, max-image-preview:large, max-video-preview:-1\" \/>\n<link rel=\"canonical\" href=\"https:\/\/wp.kristdemokraterna.se\/odeshog\/invigningen-av-handlar-n-i-rok\/\" \/>\n<meta property=\"og:locale\" content=\"sv_SE\" \/>\n<meta property=\"og:type\" content=\"article\" \/>\n<meta property=\"og:title\" content=\"Invigningen av Handlar&#039;n i R\u00f6k - \u00d6desh\u00f6g\" \/>\n<meta property=\"og:description\" content=\"Annicki Oscarsson, kommunalr\u00e5d (KD) i \u00d6desh\u00f6g, talade vid invigningen av Handlar&#8217;n i R\u00f6k. Ett nytt koncept i R\u00f6k d\u00e4r Axfood satsar p\u00e5 landsbygdens utveckling. P\u00e5 plats var bland andra\u00a0Magnus Oscarsson,\u00a0Jonny St\u00e5hl,\u00a0Anders Lundin,\u00a0Michael Cornell\u00a0och\u00a0Karl Johansson. Fantastiskt roligt att det satsas p\u00e5 b\u00e5de n\u00e4rodlat och n\u00e4rhandlat! Denna artikel \u00e4r h\u00e4mtad fr\u00e5n\u00a0Peter Olofssons Facebooksida \/Jonni\" \/>\n<meta property=\"og:url\" content=\"https:\/\/wp.kristdemokraterna.se\/odeshog\/invigningen-av-handlar-n-i-rok\/\" \/>\n<meta property=\"og:site_name\" content=\"\u00d6desh\u00f6g\" \/>\n<meta property=\"article:published_time\" content=\"2018-01-23T09:28:23+00:00\" \/>\n<meta property=\"article:modified_time\" content=\"2022-05-11T05:37:30+00:00\" \/>\n<meta property=\"og:image\" content=\"http:\/\/wp.kristdemokraterna.se\/odeshog\/files\/2018\/01\/handlarn-e1516699518575.jpg\" \/>\n\t<meta property=\"og:image:width\" content=\"440\" \/>\n\t<meta property=\"og:image:height\" content=\"248\" \/>\n\t<meta property=\"og:image:type\" content=\"image\/jpeg\" \/>\n<meta name=\"author\" content=\"\u00d6desh\u00f6g\" \/>\n<meta name=\"twitter:card\" content=\"summary_large_image\" \/>\n<meta name=\"twitter:label1\" content=\"Skriven av\" \/>\n\t<meta name=\"twitter:data1\" content=\"\u00d6desh\u00f6g\" \/>\n<script type=\"application\/ld+json\" class=\"yoast-schema-graph\">{\"@context\":\"https:\\\/\\\/schema.org\",\"@graph\":[{\"@type\":\"Article\",\"@id\":\"https:\\\/\\\/wp.kristdemokraterna.se\\\/odeshog\\\/invigningen-av-handlar-n-i-rok\\\/#article\",\"isPartOf\":{\"@id\":\"https:\\\/\\\/wp.kristdemokraterna.se\\\/odeshog\\\/invigningen-av-handlar-n-i-rok\\\/\"},\"author\":{\"name\":\"\u00d6desh\u00f6g\",\"@id\":\"https:\\\/\\\/wp.kristdemokraterna.se\\\/odeshog\\\/#\\\/schema\\\/person\\\/15d7cb2ddad7a4b5cdbf3f98352f71f5\"},\"headline\":\"Invigningen av Handlar&#8217;n i R\u00f6k\",\"datePublished\":\"2018-01-23T09:28:23+00:00\",\"dateModified\":\"2022-05-11T05:37:30+00:00\",\"mainEntityOfPage\":{\"@id\":\"https:\\\/\\\/wp.kristdemokraterna.se\\\/odeshog\\\/invigningen-av-handlar-n-i-rok\\\/\"},\"wordCount\":77,\"image\":{\"@id\":\"https:\\\/\\\/wp.kristdemokraterna.se\\\/odeshog\\\/invigningen-av-handlar-n-i-rok\\\/#primaryimage\"},\"thumbnailUrl\":\"https:\\\/\\\/wp.kristdemokraterna.se\\\/odeshog\\\/files\\\/2018\\\/01\\\/handlarn-e1516699518575.jpg\",\"articleSection\":[\"Inl\u00e4gg\"],\"inLanguage\":\"sv-SE\"},{\"@type\":\"WebPage\",\"@id\":\"https:\\\/\\\/wp.kristdemokraterna.se\\\/odeshog\\\/invigningen-av-handlar-n-i-rok\\\/\",\"url\":\"https:\\\/\\\/wp.kristdemokraterna.se\\\/odeshog\\\/invigningen-av-handlar-n-i-rok\\\/\",\"name\":\"Invigningen av Handlar'n i R\u00f6k - \u00d6desh\u00f6g\",\"isPartOf\":{\"@id\":\"https:\\\/\\\/wp.kristdemokraterna.se\\\/odeshog\\\/#website\"},\"primaryImageOfPage\":{\"@id\":\"https:\\\/\\\/wp.kristdemokraterna.se\\\/odeshog\\\/invigningen-av-handlar-n-i-rok\\\/#primaryimage\"},\"image\":{\"@id\":\"https:\\\/\\\/wp.kristdemokraterna.se\\\/odeshog\\\/invigningen-av-handlar-n-i-rok\\\/#primaryimage\"},\"thumbnailUrl\":\"https:\\\/\\\/wp.kristdemokraterna.se\\\/odeshog\\\/files\\\/2018\\\/01\\\/handlarn-e1516699518575.jpg\",\"datePublished\":\"2018-01-23T09:28:23+00:00\",\"dateModified\":\"2022-05-11T05:37:30+00:00\",\"author\":{\"@id\":\"https:\\\/\\\/wp.kristdemokraterna.se\\\/odeshog\\\/#\\\/schema\\\/person\\\/15d7cb2ddad7a4b5cdbf3f98352f71f5\"},\"breadcrumb\":{\"@id\":\"https:\\\/\\\/wp.kristdemokraterna.se\\\/odeshog\\\/invigningen-av-handlar-n-i-rok\\\/#breadcrumb\"},\"inLanguage\":\"sv-SE\",\"potentialAction\":[{\"@type\":\"ReadAction\",\"target\":[\"https:\\\/\\\/wp.kristdemokraterna.se\\\/odeshog\\\/invigningen-av-handlar-n-i-rok\\\/\"]}]},{\"@type\":\"ImageObject\",\"inLanguage\":\"sv-SE\",\"@id\":\"https:\\\/\\\/wp.kristdemokraterna.se\\\/odeshog\\\/invigningen-av-handlar-n-i-rok\\\/#primaryimage\",\"url\":\"https:\\\/\\\/wp.kristdemokraterna.se\\\/odeshog\\\/files\\\/2018\\\/01\\\/handlarn-e1516699518575.jpg\",\"contentUrl\":\"https:\\\/\\\/wp.kristdemokraterna.se\\\/odeshog\\\/files\\\/2018\\\/01\\\/handlarn-e1516699518575.jpg\",\"width\":440,\"height\":248},{\"@type\":\"BreadcrumbList\",\"@id\":\"https:\\\/\\\/wp.kristdemokraterna.se\\\/odeshog\\\/invigningen-av-handlar-n-i-rok\\\/#breadcrumb\",\"itemListElement\":[{\"@type\":\"ListItem\",\"position\":1,\"name\":\"Hem\",\"item\":\"https:\\\/\\\/wp.kristdemokraterna.se\\\/odeshog\\\/\"},{\"@type\":\"ListItem\",\"position\":2,\"name\":\"Invigningen av Handlar&#8217;n i R\u00f6k\"}]},{\"@type\":\"WebSite\",\"@id\":\"https:\\\/\\\/wp.kristdemokraterna.se\\\/odeshog\\\/#website\",\"url\":\"https:\\\/\\\/wp.kristdemokraterna.se\\\/odeshog\\\/\",\"name\":\"\u00d6desh\u00f6g\",\"description\":\"En till Kristdemokraterna webbplats\",\"inLanguage\":\"sv-SE\"},{\"@type\":\"Person\",\"@id\":\"https:\\\/\\\/wp.kristdemokraterna.se\\\/odeshog\\\/#\\\/schema\\\/person\\\/15d7cb2ddad7a4b5cdbf3f98352f71f5\",\"name\":\"\u00d6desh\u00f6g\",\"image\":{\"@type\":\"ImageObject\",\"inLanguage\":\"sv-SE\",\"@id\":\"https:\\\/\\\/secure.gravatar.com\\\/avatar\\\/b93eb0862df7b1d231f6f72d0d16f9761b055f40fb8ca1ececc2721552e35c4d?s=96&d=mm&r=g\",\"url\":\"https:\\\/\\\/secure.gravatar.com\\\/avatar\\\/b93eb0862df7b1d231f6f72d0d16f9761b055f40fb8ca1ececc2721552e35c4d?s=96&d=mm&r=g\",\"contentUrl\":\"https:\\\/\\\/secure.gravatar.com\\\/avatar\\\/b93eb0862df7b1d231f6f72d0d16f9761b055f40fb8ca1ececc2721552e35c4d?s=96&d=mm&r=g\",\"caption\":\"\u00d6desh\u00f6g\"},\"url\":\"https:\\\/\\\/wp.kristdemokraterna.se\\\/odeshog\\\/author\\\/odeshog2\\\/\"}]}<\/script>\n<!-- \/ Yoast SEO plugin. -->","yoast_head_json":{"title":"Invigningen av Handlar'n i R\u00f6k - \u00d6desh\u00f6g","robots":{"index":"index","follow":"follow","max-snippet":"max-snippet:-1","max-image-preview":"max-image-preview:large","max-video-preview":"max-video-preview:-1"},"canonical":"https:\/\/wp.kristdemokraterna.se\/odeshog\/invigningen-av-handlar-n-i-rok\/","og_locale":"sv_SE","og_type":"article","og_title":"Invigningen av Handlar'n i R\u00f6k - \u00d6desh\u00f6g","og_description":"Annicki Oscarsson, kommunalr\u00e5d (KD) i \u00d6desh\u00f6g, talade vid invigningen av Handlar&#8217;n i R\u00f6k. Ett nytt koncept i R\u00f6k d\u00e4r Axfood satsar p\u00e5 landsbygdens utveckling. P\u00e5 plats var bland andra\u00a0Magnus Oscarsson,\u00a0Jonny St\u00e5hl,\u00a0Anders Lundin,\u00a0Michael Cornell\u00a0och\u00a0Karl Johansson. Fantastiskt roligt att det satsas p\u00e5 b\u00e5de n\u00e4rodlat och n\u00e4rhandlat! Denna artikel \u00e4r h\u00e4mtad fr\u00e5n\u00a0Peter Olofssons Facebooksida \/Jonni","og_url":"https:\/\/wp.kristdemokraterna.se\/odeshog\/invigningen-av-handlar-n-i-rok\/","og_site_name":"\u00d6desh\u00f6g","article_published_time":"2018-01-23T09:28:23+00:00","article_modified_time":"2022-05-11T05:37:30+00:00","og_image":[{"width":440,"height":248,"url":"http:\/\/wp.kristdemokraterna.se\/odeshog\/files\/2018\/01\/handlarn-e1516699518575.jpg","type":"image\/jpeg"}],"author":"\u00d6desh\u00f6g","twitter_card":"summary_large_image","twitter_misc":{"Skriven av":"\u00d6desh\u00f6g"},"schema":{"@context":"https:\/\/schema.org","@graph":[{"@type":"Article","@id":"https:\/\/wp.kristdemokraterna.se\/odeshog\/invigningen-av-handlar-n-i-rok\/#article","isPartOf":{"@id":"https:\/\/wp.kristdemokraterna.se\/odeshog\/invigningen-av-handlar-n-i-rok\/"},"author":{"name":"\u00d6desh\u00f6g","@id":"https:\/\/wp.kristdemokraterna.se\/odeshog\/#\/schema\/person\/15d7cb2ddad7a4b5cdbf3f98352f71f5"},"headline":"Invigningen av Handlar&#8217;n i R\u00f6k","datePublished":"2018-01-23T09:28:23+00:00","dateModified":"2022-05-11T05:37:30+00:00","mainEntityOfPage":{"@id":"https:\/\/wp.kristdemokraterna.se\/odeshog\/invigningen-av-handlar-n-i-rok\/"},"wordCount":77,"image":{"@id":"https:\/\/wp.kristdemokraterna.se\/odeshog\/invigningen-av-handlar-n-i-rok\/#primaryimage"},"thumbnailUrl":"https:\/\/wp.kristdemokraterna.se\/odeshog\/files\/2018\/01\/handlarn-e1516699518575.jpg","articleSection":["Inl\u00e4gg"],"inLanguage":"sv-SE"},{"@type":"WebPage","@id":"https:\/\/wp.kristdemokraterna.se\/odeshog\/invigningen-av-handlar-n-i-rok\/","url":"https:\/\/wp.kristdemokraterna.se\/odeshog\/invigningen-av-handlar-n-i-rok\/","name":"Invigningen av Handlar'n i R\u00f6k - \u00d6desh\u00f6g","isPartOf":{"@id":"https:\/\/wp.kristdemokraterna.se\/odeshog\/#website"},"primaryImageOfPage":{"@id":"https:\/\/wp.kristdemokraterna.se\/odeshog\/invigningen-av-handlar-n-i-rok\/#primaryimage"},"image":{"@id":"https:\/\/wp.kristdemokraterna.se\/odeshog\/invigningen-av-handlar-n-i-rok\/#primaryimage"},"thumbnailUrl":"https:\/\/wp.kristdemokraterna.se\/odeshog\/files\/2018\/01\/handlarn-e1516699518575.jpg","datePublished":"2018-01-23T09:28:23+00:00","dateModified":"2022-05-11T05:37:30+00:00","author":{"@id":"https:\/\/wp.kristdemokraterna.se\/odeshog\/#\/schema\/person\/15d7cb2ddad7a4b5cdbf3f98352f71f5"},"breadcrumb":{"@id":"https:\/\/wp.kristdemokraterna.se\/odeshog\/invigningen-av-handlar-n-i-rok\/#breadcrumb"},"inLanguage":"sv-SE","potentialAction":[{"@type":"ReadAction","target":["https:\/\/wp.kristdemokraterna.se\/odeshog\/invigningen-av-handlar-n-i-rok\/"]}]},{"@type":"ImageObject","inLanguage":"sv-SE","@id":"https:\/\/wp.kristdemokraterna.se\/odeshog\/invigningen-av-handlar-n-i-rok\/#primaryimage","url":"https:\/\/wp.kristdemokraterna.se\/odeshog\/files\/2018\/01\/handlarn-e1516699518575.jpg","contentUrl":"https:\/\/wp.kristdemokraterna.se\/odeshog\/files\/2018\/01\/handlarn-e1516699518575.jpg","width":440,"height":248},{"@type":"BreadcrumbList","@id":"https:\/\/wp.kristdemokraterna.se\/odeshog\/invigningen-av-handlar-n-i-rok\/#breadcrumb","itemListElement":[{"@type":"ListItem","position":1,"name":"Hem","item":"https:\/\/wp.kristdemokraterna.se\/odeshog\/"},{"@type":"ListItem","position":2,"name":"Invigningen av Handlar&#8217;n i R\u00f6k"}]},{"@type":"WebSite","@id":"https:\/\/wp.kristdemokraterna.se\/odeshog\/#website","url":"https:\/\/wp.kristdemokraterna.se\/odeshog\/","name":"\u00d6desh\u00f6g","description":"En till Kristdemokraterna webbplats","inLanguage":"sv-SE"},{"@type":"Person","@id":"https:\/\/wp.kristdemokraterna.se\/odeshog\/#\/schema\/person\/15d7cb2ddad7a4b5cdbf3f98352f71f5","name":"\u00d6desh\u00f6g","image":{"@type":"ImageObject","inLanguage":"sv-SE","@id":"https:\/\/secure.gravatar.com\/avatar\/b93eb0862df7b1d231f6f72d0d16f9761b055f40fb8ca1ececc2721552e35c4d?s=96&d=mm&r=g","url":"https:\/\/secure.gravatar.com\/avatar\/b93eb0862df7b1d231f6f72d0d16f9761b055f40fb8ca1ececc2721552e35c4d?s=96&d=mm&r=g","contentUrl":"https:\/\/secure.gravatar.com\/avatar\/b93eb0862df7b1d231f6f72d0d16f9761b055f40fb8ca1ececc2721552e35c4d?s=96&d=mm&r=g","caption":"\u00d6desh\u00f6g"},"url":"https:\/\/wp.kristdemokraterna.se\/odeshog\/author\/odeshog2\/"}]}},"_links":{"self":[{"href":"https:\/\/wp.kristdemokraterna.se\/odeshog\/wp-json\/wp\/v2\/posts\/428","targetHints":{"allow":["GET"]}}],"collection":[{"href":"https:\/\/wp.kristdemokraterna.se\/odeshog\/wp-json\/wp\/v2\/posts"}],"about":[{"href":"https:\/\/wp.kristdemokraterna.se\/odeshog\/wp-json\/wp\/v2\/types\/post"}],"author":[{"embeddable":true,"href":"https:\/\/wp.kristdemokraterna.se\/odeshog\/wp-json\/wp\/v2\/users\/747"}],"replies":[{"embeddable":true,"href":"https:\/\/wp.kristdemokraterna.se\/odeshog\/wp-json\/wp\/v2\/comments?post=428"}],"version-history":[{"count":1,"href":"https:\/\/wp.kristdemokraterna.se\/odeshog\/wp-json\/wp\/v2\/posts\/428\/revisions"}],"predecessor-version":[{"id":429,"href":"https:\/\/wp.kristdemokraterna.se\/odeshog\/wp-json\/wp\/v2\/posts\/428\/revisions\/429"}],"wp:featuredmedia":[{"embeddable":true,"href":"https:\/\/wp.kristdemokraterna.se\/odeshog\/wp-json\/wp\/v2\/media\/427"}],"wp:attachment":[{"href":"https:\/\/wp.kristdemokraterna.se\/odeshog\/wp-json\/wp\/v2\/media?parent=428"}],"wp:term":[{"taxonomy":"category","embeddable":true,"href":"https:\/\/wp.kristdemokraterna.se\/odeshog\/wp-json\/wp\/v2\/categories?post=428"},{"taxonomy":"post_tag","embeddable":true,"href":"https:\/\/wp.kristdemokraterna.se\/odeshog\/wp-json\/wp\/v2\/tags?post=428"}],"curies":[{"name":"wp","href":"https:\/\/api.w.org\/{rel}","templated":true}]}}