{"id":432,"date":"2018-02-19T15:27:57","date_gmt":"2018-02-19T14:27:57","guid":{"rendered":"http:\/\/wp.kristdemokraterna.se\/odeshog\/?p=432"},"modified":"2018-02-19T15:44:28","modified_gmt":"2018-02-19T14:44:28","slug":"arsmote-2018","status":"publish","type":"post","link":"https:\/\/wp.kristdemokraterna.se\/odeshog\/arsmote-2018\/","title":{"rendered":"\u00c5rsm\u00f6te 2018"},"content":{"rendered":"<p>M\u00e5ndagen den 13 Februari hade Kristdemokraterna i \u00d6desh\u00f6g \u00e5rsm\u00f6te i Immanuelskyrkan. Det var som vanligt ett v\u00e4lbes\u00f6kt m\u00f6te med ett 50-tal medlemmar. Under kv\u00e4llen fick vi h\u00f6ra p\u00e5 en intressant presentation av riksdagsman Annicka Eclund (KD) som ber\u00e4ttade om Kristdemokratisk skolpolitik. Se bild nedan.<\/p>\n<p><a href=\"http:\/\/wp.kristdemokraterna.se\/odeshog\/files\/2018\/02\/arsmote2018-e1519050367248.jpg\"><img loading=\"lazy\" decoding=\"async\" class=\"alignnone size-medium wp-image-431\" src=\"http:\/\/wp.kristdemokraterna.se\/odeshog\/files\/2018\/02\/arsmote2018-e1519050367248-300x166.jpg\" alt=\"\" width=\"300\" height=\"166\" srcset=\"https:\/\/wp.kristdemokraterna.se\/odeshog\/files\/2018\/02\/arsmote2018-e1519050367248-300x166.jpg 300w, https:\/\/wp.kristdemokraterna.se\/odeshog\/files\/2018\/02\/arsmote2018-e1519050367248.jpg 438w\" sizes=\"auto, (max-width: 300px) 100vw, 300px\" \/><\/a><\/p>\n<p>Senare p\u00e5 kv\u00e4llen \u00e5t vi sm\u00f6rg\u00e5st\u00e5rta, hade br\u00f6dauktion och avslutade med \u00c5rsm\u00f6tet d\u00e4r vi bland annat fastst\u00e4llde listan till kommunfullm\u00e4ktige. P\u00e5 det hela var det en riktigt trevlig kv\u00e4ll.<\/p>\n<p>\/Jonni<\/p>\n","protected":false},"excerpt":{"rendered":"<p>M\u00e5ndagen den 13 Februari hade Kristdemokraterna i \u00d6desh\u00f6g \u00e5rsm\u00f6te i Immanuelskyrkan. Det var som vanligt ett v\u00e4lbes\u00f6kt m\u00f6te med ett 50-tal medlemmar. Under kv\u00e4llen fick vi h\u00f6ra p\u00e5 en intressant presentation av riksdagsman Annicka Eclund (KD) som ber\u00e4ttade om Kristdemokratisk skolpolitik. Se bild nedan. Senare p\u00e5 kv\u00e4llen \u00e5t vi sm\u00f6rg\u00e5st\u00e5rta, hade br\u00f6dauktion och avslutade med <a class=\"read-more-link\" href=\"https:\/\/wp.kristdemokraterna.se\/odeshog\/arsmote-2018\/\">Read More<\/a><\/p>\n","protected":false},"author":747,"featured_media":436,"comment_status":"closed","ping_status":"closed","sticky":false,"template":"","format":"standard","meta":{"_acf_changed":false,"footnotes":""},"categories":[1],"tags":[],"class_list":["post-432","post","type-post","status-publish","format-standard","hentry","category-okategoriserade"],"acf":[],"yoast_head":"<!-- This site is optimized with the Yoast SEO plugin v27.4 - https:\/\/yoast.com\/product\/yoast-seo-wordpress\/ -->\n<title>\u00c5rsm\u00f6te 2018 - \u00d6desh\u00f6g<\/title>\n<meta name=\"robots\" content=\"index, follow, max-snippet:-1, max-image-preview:large, max-video-preview:-1\" \/>\n<link rel=\"canonical\" href=\"https:\/\/wp.kristdemokraterna.se\/odeshog\/arsmote-2018\/\" \/>\n<meta property=\"og:locale\" content=\"sv_SE\" \/>\n<meta property=\"og:type\" content=\"article\" \/>\n<meta property=\"og:title\" content=\"\u00c5rsm\u00f6te 2018 - \u00d6desh\u00f6g\" \/>\n<meta property=\"og:description\" content=\"M\u00e5ndagen den 13 Februari hade Kristdemokraterna i \u00d6desh\u00f6g \u00e5rsm\u00f6te i Immanuelskyrkan. Det var som vanligt ett v\u00e4lbes\u00f6kt m\u00f6te med ett 50-tal medlemmar. Under kv\u00e4llen fick vi h\u00f6ra p\u00e5 en intressant presentation av riksdagsman Annicka Eclund (KD) som ber\u00e4ttade om Kristdemokratisk skolpolitik. Se bild nedan. Senare p\u00e5 kv\u00e4llen \u00e5t vi sm\u00f6rg\u00e5st\u00e5rta, hade br\u00f6dauktion och avslutade med Read More\" \/>\n<meta property=\"og:url\" content=\"https:\/\/wp.kristdemokraterna.se\/odeshog\/arsmote-2018\/\" \/>\n<meta property=\"og:site_name\" content=\"\u00d6desh\u00f6g\" \/>\n<meta property=\"article:published_time\" content=\"2018-02-19T14:27:57+00:00\" \/>\n<meta property=\"article:modified_time\" content=\"2018-02-19T14:44:28+00:00\" \/>\n<meta property=\"og:image\" content=\"https:\/\/wp.kristdemokraterna.se\/odeshog\/files\/2018\/02\/immanuelskyrkan-e1519050935677.jpg\" \/>\n\t<meta property=\"og:image:width\" content=\"450\" \/>\n\t<meta property=\"og:image:height\" content=\"253\" \/>\n\t<meta property=\"og:image:type\" content=\"image\/jpeg\" \/>\n<meta name=\"author\" content=\"\u00d6desh\u00f6g\" \/>\n<meta name=\"twitter:card\" content=\"summary_large_image\" \/>\n<meta name=\"twitter:label1\" content=\"Skriven av\" \/>\n\t<meta name=\"twitter:data1\" content=\"\u00d6desh\u00f6g\" \/>\n<script type=\"application\/ld+json\" class=\"yoast-schema-graph\">{\"@context\":\"https:\\\/\\\/schema.org\",\"@graph\":[{\"@type\":\"Article\",\"@id\":\"https:\\\/\\\/wp.kristdemokraterna.se\\\/odeshog\\\/arsmote-2018\\\/#article\",\"isPartOf\":{\"@id\":\"https:\\\/\\\/wp.kristdemokraterna.se\\\/odeshog\\\/arsmote-2018\\\/\"},\"author\":{\"name\":\"\u00d6desh\u00f6g\",\"@id\":\"https:\\\/\\\/wp.kristdemokraterna.se\\\/odeshog\\\/#\\\/schema\\\/person\\\/15d7cb2ddad7a4b5cdbf3f98352f71f5\"},\"headline\":\"\u00c5rsm\u00f6te 2018\",\"datePublished\":\"2018-02-19T14:27:57+00:00\",\"dateModified\":\"2018-02-19T14:44:28+00:00\",\"mainEntityOfPage\":{\"@id\":\"https:\\\/\\\/wp.kristdemokraterna.se\\\/odeshog\\\/arsmote-2018\\\/\"},\"wordCount\":94,\"image\":{\"@id\":\"https:\\\/\\\/wp.kristdemokraterna.se\\\/odeshog\\\/arsmote-2018\\\/#primaryimage\"},\"thumbnailUrl\":\"https:\\\/\\\/wp.kristdemokraterna.se\\\/odeshog\\\/files\\\/2018\\\/02\\\/immanuelskyrkan-e1519050935677.jpg\",\"inLanguage\":\"sv-SE\"},{\"@type\":\"WebPage\",\"@id\":\"https:\\\/\\\/wp.kristdemokraterna.se\\\/odeshog\\\/arsmote-2018\\\/\",\"url\":\"https:\\\/\\\/wp.kristdemokraterna.se\\\/odeshog\\\/arsmote-2018\\\/\",\"name\":\"\u00c5rsm\u00f6te 2018 - \u00d6desh\u00f6g\",\"isPartOf\":{\"@id\":\"https:\\\/\\\/wp.kristdemokraterna.se\\\/odeshog\\\/#website\"},\"primaryImageOfPage\":{\"@id\":\"https:\\\/\\\/wp.kristdemokraterna.se\\\/odeshog\\\/arsmote-2018\\\/#primaryimage\"},\"image\":{\"@id\":\"https:\\\/\\\/wp.kristdemokraterna.se\\\/odeshog\\\/arsmote-2018\\\/#primaryimage\"},\"thumbnailUrl\":\"https:\\\/\\\/wp.kristdemokraterna.se\\\/odeshog\\\/files\\\/2018\\\/02\\\/immanuelskyrkan-e1519050935677.jpg\",\"datePublished\":\"2018-02-19T14:27:57+00:00\",\"dateModified\":\"2018-02-19T14:44:28+00:00\",\"author\":{\"@id\":\"https:\\\/\\\/wp.kristdemokraterna.se\\\/odeshog\\\/#\\\/schema\\\/person\\\/15d7cb2ddad7a4b5cdbf3f98352f71f5\"},\"breadcrumb\":{\"@id\":\"https:\\\/\\\/wp.kristdemokraterna.se\\\/odeshog\\\/arsmote-2018\\\/#breadcrumb\"},\"inLanguage\":\"sv-SE\",\"potentialAction\":[{\"@type\":\"ReadAction\",\"target\":[\"https:\\\/\\\/wp.kristdemokraterna.se\\\/odeshog\\\/arsmote-2018\\\/\"]}]},{\"@type\":\"ImageObject\",\"inLanguage\":\"sv-SE\",\"@id\":\"https:\\\/\\\/wp.kristdemokraterna.se\\\/odeshog\\\/arsmote-2018\\\/#primaryimage\",\"url\":\"https:\\\/\\\/wp.kristdemokraterna.se\\\/odeshog\\\/files\\\/2018\\\/02\\\/immanuelskyrkan-e1519050935677.jpg\",\"contentUrl\":\"https:\\\/\\\/wp.kristdemokraterna.se\\\/odeshog\\\/files\\\/2018\\\/02\\\/immanuelskyrkan-e1519050935677.jpg\",\"width\":450,\"height\":253},{\"@type\":\"BreadcrumbList\",\"@id\":\"https:\\\/\\\/wp.kristdemokraterna.se\\\/odeshog\\\/arsmote-2018\\\/#breadcrumb\",\"itemListElement\":[{\"@type\":\"ListItem\",\"position\":1,\"name\":\"Hem\",\"item\":\"https:\\\/\\\/wp.kristdemokraterna.se\\\/odeshog\\\/\"},{\"@type\":\"ListItem\",\"position\":2,\"name\":\"\u00c5rsm\u00f6te 2018\"}]},{\"@type\":\"WebSite\",\"@id\":\"https:\\\/\\\/wp.kristdemokraterna.se\\\/odeshog\\\/#website\",\"url\":\"https:\\\/\\\/wp.kristdemokraterna.se\\\/odeshog\\\/\",\"name\":\"\u00d6desh\u00f6g\",\"description\":\"En till Kristdemokraterna webbplats\",\"inLanguage\":\"sv-SE\"},{\"@type\":\"Person\",\"@id\":\"https:\\\/\\\/wp.kristdemokraterna.se\\\/odeshog\\\/#\\\/schema\\\/person\\\/15d7cb2ddad7a4b5cdbf3f98352f71f5\",\"name\":\"\u00d6desh\u00f6g\",\"image\":{\"@type\":\"ImageObject\",\"inLanguage\":\"sv-SE\",\"@id\":\"https:\\\/\\\/secure.gravatar.com\\\/avatar\\\/b93eb0862df7b1d231f6f72d0d16f9761b055f40fb8ca1ececc2721552e35c4d?s=96&d=mm&r=g\",\"url\":\"https:\\\/\\\/secure.gravatar.com\\\/avatar\\\/b93eb0862df7b1d231f6f72d0d16f9761b055f40fb8ca1ececc2721552e35c4d?s=96&d=mm&r=g\",\"contentUrl\":\"https:\\\/\\\/secure.gravatar.com\\\/avatar\\\/b93eb0862df7b1d231f6f72d0d16f9761b055f40fb8ca1ececc2721552e35c4d?s=96&d=mm&r=g\",\"caption\":\"\u00d6desh\u00f6g\"},\"url\":\"https:\\\/\\\/wp.kristdemokraterna.se\\\/odeshog\\\/author\\\/odeshog2\\\/\"}]}<\/script>\n<!-- \/ Yoast SEO plugin. -->","yoast_head_json":{"title":"\u00c5rsm\u00f6te 2018 - \u00d6desh\u00f6g","robots":{"index":"index","follow":"follow","max-snippet":"max-snippet:-1","max-image-preview":"max-image-preview:large","max-video-preview":"max-video-preview:-1"},"canonical":"https:\/\/wp.kristdemokraterna.se\/odeshog\/arsmote-2018\/","og_locale":"sv_SE","og_type":"article","og_title":"\u00c5rsm\u00f6te 2018 - \u00d6desh\u00f6g","og_description":"M\u00e5ndagen den 13 Februari hade Kristdemokraterna i \u00d6desh\u00f6g \u00e5rsm\u00f6te i Immanuelskyrkan. Det var som vanligt ett v\u00e4lbes\u00f6kt m\u00f6te med ett 50-tal medlemmar. Under kv\u00e4llen fick vi h\u00f6ra p\u00e5 en intressant presentation av riksdagsman Annicka Eclund (KD) som ber\u00e4ttade om Kristdemokratisk skolpolitik. Se bild nedan. Senare p\u00e5 kv\u00e4llen \u00e5t vi sm\u00f6rg\u00e5st\u00e5rta, hade br\u00f6dauktion och avslutade med Read More","og_url":"https:\/\/wp.kristdemokraterna.se\/odeshog\/arsmote-2018\/","og_site_name":"\u00d6desh\u00f6g","article_published_time":"2018-02-19T14:27:57+00:00","article_modified_time":"2018-02-19T14:44:28+00:00","og_image":[{"width":450,"height":253,"url":"https:\/\/wp.kristdemokraterna.se\/odeshog\/files\/2018\/02\/immanuelskyrkan-e1519050935677.jpg","type":"image\/jpeg"}],"author":"\u00d6desh\u00f6g","twitter_card":"summary_large_image","twitter_misc":{"Skriven av":"\u00d6desh\u00f6g"},"schema":{"@context":"https:\/\/schema.org","@graph":[{"@type":"Article","@id":"https:\/\/wp.kristdemokraterna.se\/odeshog\/arsmote-2018\/#article","isPartOf":{"@id":"https:\/\/wp.kristdemokraterna.se\/odeshog\/arsmote-2018\/"},"author":{"name":"\u00d6desh\u00f6g","@id":"https:\/\/wp.kristdemokraterna.se\/odeshog\/#\/schema\/person\/15d7cb2ddad7a4b5cdbf3f98352f71f5"},"headline":"\u00c5rsm\u00f6te 2018","datePublished":"2018-02-19T14:27:57+00:00","dateModified":"2018-02-19T14:44:28+00:00","mainEntityOfPage":{"@id":"https:\/\/wp.kristdemokraterna.se\/odeshog\/arsmote-2018\/"},"wordCount":94,"image":{"@id":"https:\/\/wp.kristdemokraterna.se\/odeshog\/arsmote-2018\/#primaryimage"},"thumbnailUrl":"https:\/\/wp.kristdemokraterna.se\/odeshog\/files\/2018\/02\/immanuelskyrkan-e1519050935677.jpg","inLanguage":"sv-SE"},{"@type":"WebPage","@id":"https:\/\/wp.kristdemokraterna.se\/odeshog\/arsmote-2018\/","url":"https:\/\/wp.kristdemokraterna.se\/odeshog\/arsmote-2018\/","name":"\u00c5rsm\u00f6te 2018 - \u00d6desh\u00f6g","isPartOf":{"@id":"https:\/\/wp.kristdemokraterna.se\/odeshog\/#website"},"primaryImageOfPage":{"@id":"https:\/\/wp.kristdemokraterna.se\/odeshog\/arsmote-2018\/#primaryimage"},"image":{"@id":"https:\/\/wp.kristdemokraterna.se\/odeshog\/arsmote-2018\/#primaryimage"},"thumbnailUrl":"https:\/\/wp.kristdemokraterna.se\/odeshog\/files\/2018\/02\/immanuelskyrkan-e1519050935677.jpg","datePublished":"2018-02-19T14:27:57+00:00","dateModified":"2018-02-19T14:44:28+00:00","author":{"@id":"https:\/\/wp.kristdemokraterna.se\/odeshog\/#\/schema\/person\/15d7cb2ddad7a4b5cdbf3f98352f71f5"},"breadcrumb":{"@id":"https:\/\/wp.kristdemokraterna.se\/odeshog\/arsmote-2018\/#breadcrumb"},"inLanguage":"sv-SE","potentialAction":[{"@type":"ReadAction","target":["https:\/\/wp.kristdemokraterna.se\/odeshog\/arsmote-2018\/"]}]},{"@type":"ImageObject","inLanguage":"sv-SE","@id":"https:\/\/wp.kristdemokraterna.se\/odeshog\/arsmote-2018\/#primaryimage","url":"https:\/\/wp.kristdemokraterna.se\/odeshog\/files\/2018\/02\/immanuelskyrkan-e1519050935677.jpg","contentUrl":"https:\/\/wp.kristdemokraterna.se\/odeshog\/files\/2018\/02\/immanuelskyrkan-e1519050935677.jpg","width":450,"height":253},{"@type":"BreadcrumbList","@id":"https:\/\/wp.kristdemokraterna.se\/odeshog\/arsmote-2018\/#breadcrumb","itemListElement":[{"@type":"ListItem","position":1,"name":"Hem","item":"https:\/\/wp.kristdemokraterna.se\/odeshog\/"},{"@type":"ListItem","position":2,"name":"\u00c5rsm\u00f6te 2018"}]},{"@type":"WebSite","@id":"https:\/\/wp.kristdemokraterna.se\/odeshog\/#website","url":"https:\/\/wp.kristdemokraterna.se\/odeshog\/","name":"\u00d6desh\u00f6g","description":"En till Kristdemokraterna webbplats","inLanguage":"sv-SE"},{"@type":"Person","@id":"https:\/\/wp.kristdemokraterna.se\/odeshog\/#\/schema\/person\/15d7cb2ddad7a4b5cdbf3f98352f71f5","name":"\u00d6desh\u00f6g","image":{"@type":"ImageObject","inLanguage":"sv-SE","@id":"https:\/\/secure.gravatar.com\/avatar\/b93eb0862df7b1d231f6f72d0d16f9761b055f40fb8ca1ececc2721552e35c4d?s=96&d=mm&r=g","url":"https:\/\/secure.gravatar.com\/avatar\/b93eb0862df7b1d231f6f72d0d16f9761b055f40fb8ca1ececc2721552e35c4d?s=96&d=mm&r=g","contentUrl":"https:\/\/secure.gravatar.com\/avatar\/b93eb0862df7b1d231f6f72d0d16f9761b055f40fb8ca1ececc2721552e35c4d?s=96&d=mm&r=g","caption":"\u00d6desh\u00f6g"},"url":"https:\/\/wp.kristdemokraterna.se\/odeshog\/author\/odeshog2\/"}]}},"_links":{"self":[{"href":"https:\/\/wp.kristdemokraterna.se\/odeshog\/wp-json\/wp\/v2\/posts\/432","targetHints":{"allow":["GET"]}}],"collection":[{"href":"https:\/\/wp.kristdemokraterna.se\/odeshog\/wp-json\/wp\/v2\/posts"}],"about":[{"href":"https:\/\/wp.kristdemokraterna.se\/odeshog\/wp-json\/wp\/v2\/types\/post"}],"author":[{"embeddable":true,"href":"https:\/\/wp.kristdemokraterna.se\/odeshog\/wp-json\/wp\/v2\/users\/747"}],"replies":[{"embeddable":true,"href":"https:\/\/wp.kristdemokraterna.se\/odeshog\/wp-json\/wp\/v2\/comments?post=432"}],"version-history":[{"count":5,"href":"https:\/\/wp.kristdemokraterna.se\/odeshog\/wp-json\/wp\/v2\/posts\/432\/revisions"}],"predecessor-version":[{"id":439,"href":"https:\/\/wp.kristdemokraterna.se\/odeshog\/wp-json\/wp\/v2\/posts\/432\/revisions\/439"}],"wp:featuredmedia":[{"embeddable":true,"href":"https:\/\/wp.kristdemokraterna.se\/odeshog\/wp-json\/wp\/v2\/media\/436"}],"wp:attachment":[{"href":"https:\/\/wp.kristdemokraterna.se\/odeshog\/wp-json\/wp\/v2\/media?parent=432"}],"wp:term":[{"taxonomy":"category","embeddable":true,"href":"https:\/\/wp.kristdemokraterna.se\/odeshog\/wp-json\/wp\/v2\/categories?post=432"},{"taxonomy":"post_tag","embeddable":true,"href":"https:\/\/wp.kristdemokraterna.se\/odeshog\/wp-json\/wp\/v2\/tags?post=432"}],"curies":[{"name":"wp","href":"https:\/\/api.w.org\/{rel}","templated":true}]}}