{"id":2010,"date":"2021-01-18T14:59:29","date_gmt":"2021-01-18T13:59:29","guid":{"rendered":"http:\/\/wp.kristdemokraterna.se\/orebro\/?p=2010"},"modified":"2021-01-18T14:59:29","modified_gmt":"2021-01-18T13:59:29","slug":"inflyttning-i-kulturkvarteret-11-miljoner-till-kulturforeningar-och-studieforbunden-samt-storsatsning-pa-konsthallen-i-majoritetens-budget-for-2021","status":"publish","type":"post","link":"https:\/\/wp.kristdemokraterna.se\/orebro\/inflyttning-i-kulturkvarteret-11-miljoner-till-kulturforeningar-och-studieforbunden-samt-storsatsning-pa-konsthallen-i-majoritetens-budget-for-2021\/","title":{"rendered":"Inflyttning i Kulturkvarteret &#8211; 11 miljoner till Kulturf\u00f6reningar och Studief\u00f6rbunden samt storsatsning p\u00e5 Konsthallen i majoritetens budget f\u00f6r 2021"},"content":{"rendered":"<p>Kulturn\u00e4mnden har idag beslutat om budget f\u00f6r 2021 med omfattande verksamheter inom bibliotek, kulturskola, konsthall samt fritid ungdom med alla fritidsg\u00e5rdar. Den stora h\u00e4ndelsen under 2021 blir \u00f6ppnandet av det nybyggda Kulturkvarteret, den st\u00f6rsta satsning i \u00d6rebro kommun p\u00e5 50 \u00e5r. Nybyggnationen g\u00f6rs med bakgrund av att b\u00e5de Stadsbiblioteket och Kulturskolan \u00e4r i stort behov av nya lokaler. Att slippa stora kostnader f\u00f6r renovering av de gamla lokalerna samt skapa nya m\u00f6jligheter f\u00f6r m\u00f6ten, bildning och meningsfull fritid f\u00f6r framf\u00f6rallt barn och unga \u00e4r en vinst f\u00f6r hela samh\u00e4llet. Inflyttning p\u00e5b\u00f6rjas under v\u00e5ren.<!--more--><\/p>\n<p>&#8211; Det \u00e4r \u00e4ntligen dags att flytta in i det nya Kulturkvarteret med v\u00e5ra verksamheter bibliotek, kulturskola och konsthallen. En historisk storsatsning f\u00f6r att skapa f\u00f6ruts\u00e4ttning f\u00f6r \u00d6rebros nya m\u00f6tesplats, ett nav f\u00f6r kultur, skapande och demokrati \u2013 s\u00e4rskilt f\u00f6r barn och unga s\u00e4ger Lennart Bondeson (KD), ordf\u00f6rande i kulturn\u00e4mnden.<\/p>\n<p>Kulturn\u00e4mnden satsar ocks\u00e5 p\u00e5 of\u00f6r\u00e4ndrade bidrag till kulturf\u00f6reningar och studief\u00f6rbund p\u00e5 sammanlagt 11 060 498 kronor.<\/p>\n<p>&#8211; Kulturf\u00f6reningsbidragen ger fr\u00e4mst barn och unga en m\u00f6jlighet att delta i kulturaktiviteter. I en tid med sv\u00e5righeter och s\u00e4mre f\u00f6ruts\u00e4ttningar spelar civilsamh\u00e4llet en viktig roll f\u00f6r kultur och m\u00f6ten, s\u00e4ger Linda Palmbrandt, (s) vice ordf\u00f6rande i kulturn\u00e4mnden,<\/p>\n<p>F\u00f6r att m\u00f6ta nya utmaningar har n\u00e4mnden omprioriterat resurser f\u00f6r att kunna beh\u00e5lla alla fritidsg\u00e5rdar och bibliotek i stadsdelar och i hela kommunen.<\/p>\n<p>&#8211; Fritidsg\u00e5rdar och bibliotek \u00e4r n\u00f6dv\u00e4ndiga och viktiga m\u00f6tesplatser f\u00f6r hela v\u00e5r kommun, det ger trygghet, delaktighet och skapar grund f\u00f6r demokrati och inflytande \u2013 s\u00e5 att hela kommunen kan v\u00e4xa genom m\u00e4nniskors delaktighet, s\u00e4ger Ingvar Bilock, (C) ledamot i kulturn\u00e4mnden<\/p>\n<p>Under 2021 p\u00e5b\u00f6rjas ett omfattande arbete f\u00f6r att Open Art ska genomf\u00f6ras under sommaren 2022 \u2013 den st\u00f6rsta utomhusbiennalen i Norden och viktigaste eventet i \u00d6rebro.<\/p>\n<p>Kulturen har ett egenv\u00e4rde som f\u00f6renar kunskap, l\u00e4rande, lust och kreativitet som ger mera \u00e4n bara en materiell tillv\u00e4xt.<\/p>\n","protected":false},"excerpt":{"rendered":"<p>Kulturn\u00e4mnden har idag beslutat om budget f\u00f6r 2021 med omfattande verksamheter inom bibliotek, kulturskola, konsthall samt fritid ungdom med alla fritidsg\u00e5rdar. Den stora h\u00e4ndelsen under 2021 blir \u00f6ppnandet av det nybyggda Kulturkvarteret, den st\u00f6rsta satsning i \u00d6rebro kommun p\u00e5 50 \u00e5r. Nybyggnationen g\u00f6rs med bakgrund av att b\u00e5de Stadsbiblioteket och Kulturskolan \u00e4r i stort behov <a class=\"read-more-link\" href=\"https:\/\/wp.kristdemokraterna.se\/orebro\/inflyttning-i-kulturkvarteret-11-miljoner-till-kulturforeningar-och-studieforbunden-samt-storsatsning-pa-konsthallen-i-majoritetens-budget-for-2021\/\">Read More<\/a><\/p>\n","protected":false},"author":455,"featured_media":0,"comment_status":"closed","ping_status":"closed","sticky":false,"template":"","format":"standard","meta":{"_acf_changed":false,"footnotes":""},"categories":[8],"tags":[],"class_list":["post-2010","post","type-post","status-publish","format-standard","hentry","category-nyheter"],"acf":[],"yoast_head":"<!-- This site is optimized with the Yoast SEO plugin v27.4 - https:\/\/yoast.com\/product\/yoast-seo-wordpress\/ -->\n<title>Inflyttning i Kulturkvarteret - 11 miljoner till Kulturf\u00f6reningar och Studief\u00f6rbunden samt storsatsning p\u00e5 Konsthallen i majoritetens budget f\u00f6r 2021 - Kristdemokraterna i \u00d6rebro<\/title>\n<meta name=\"robots\" content=\"index, follow, max-snippet:-1, max-image-preview:large, max-video-preview:-1\" \/>\n<link rel=\"canonical\" href=\"https:\/\/wp.kristdemokraterna.se\/orebro\/inflyttning-i-kulturkvarteret-11-miljoner-till-kulturforeningar-och-studieforbunden-samt-storsatsning-pa-konsthallen-i-majoritetens-budget-for-2021\/\" \/>\n<meta property=\"og:locale\" content=\"sv_SE\" \/>\n<meta property=\"og:type\" content=\"article\" \/>\n<meta property=\"og:title\" content=\"Inflyttning i Kulturkvarteret - 11 miljoner till Kulturf\u00f6reningar och Studief\u00f6rbunden samt storsatsning p\u00e5 Konsthallen i majoritetens budget f\u00f6r 2021 - Kristdemokraterna i \u00d6rebro\" \/>\n<meta property=\"og:description\" content=\"Kulturn\u00e4mnden har idag beslutat om budget f\u00f6r 2021 med omfattande verksamheter inom bibliotek, kulturskola, konsthall samt fritid ungdom med alla fritidsg\u00e5rdar. Den stora h\u00e4ndelsen under 2021 blir \u00f6ppnandet av det nybyggda Kulturkvarteret, den st\u00f6rsta satsning i \u00d6rebro kommun p\u00e5 50 \u00e5r. Nybyggnationen g\u00f6rs med bakgrund av att b\u00e5de Stadsbiblioteket och Kulturskolan \u00e4r i stort behov Read More\" \/>\n<meta property=\"og:url\" content=\"https:\/\/wp.kristdemokraterna.se\/orebro\/inflyttning-i-kulturkvarteret-11-miljoner-till-kulturforeningar-och-studieforbunden-samt-storsatsning-pa-konsthallen-i-majoritetens-budget-for-2021\/\" \/>\n<meta property=\"og:site_name\" content=\"Kristdemokraterna i \u00d6rebro\" \/>\n<meta property=\"article:published_time\" content=\"2021-01-18T13:59:29+00:00\" \/>\n<meta name=\"author\" content=\"orebro\" \/>\n<meta name=\"twitter:card\" content=\"summary_large_image\" \/>\n<meta name=\"twitter:label1\" content=\"Skriven av\" \/>\n\t<meta name=\"twitter:data1\" content=\"orebro\" \/>\n\t<meta name=\"twitter:label2\" content=\"Ber\u00e4knad l\u00e4stid\" \/>\n\t<meta name=\"twitter:data2\" content=\"2 minuter\" \/>\n<script type=\"application\/ld+json\" class=\"yoast-schema-graph\">{\"@context\":\"https:\\\/\\\/schema.org\",\"@graph\":[{\"@type\":\"Article\",\"@id\":\"https:\\\/\\\/wp.kristdemokraterna.se\\\/orebro\\\/inflyttning-i-kulturkvarteret-11-miljoner-till-kulturforeningar-och-studieforbunden-samt-storsatsning-pa-konsthallen-i-majoritetens-budget-for-2021\\\/#article\",\"isPartOf\":{\"@id\":\"https:\\\/\\\/wp.kristdemokraterna.se\\\/orebro\\\/inflyttning-i-kulturkvarteret-11-miljoner-till-kulturforeningar-och-studieforbunden-samt-storsatsning-pa-konsthallen-i-majoritetens-budget-for-2021\\\/\"},\"author\":{\"name\":\"orebro\",\"@id\":\"https:\\\/\\\/wp.kristdemokraterna.se\\\/orebro\\\/#\\\/schema\\\/person\\\/780ec274a0d418cf8432c4a27d7e02d7\"},\"headline\":\"Inflyttning i Kulturkvarteret &#8211; 11 miljoner till Kulturf\u00f6reningar och Studief\u00f6rbunden samt storsatsning p\u00e5 Konsthallen i majoritetens budget f\u00f6r 2021\",\"datePublished\":\"2021-01-18T13:59:29+00:00\",\"mainEntityOfPage\":{\"@id\":\"https:\\\/\\\/wp.kristdemokraterna.se\\\/orebro\\\/inflyttning-i-kulturkvarteret-11-miljoner-till-kulturforeningar-och-studieforbunden-samt-storsatsning-pa-konsthallen-i-majoritetens-budget-for-2021\\\/\"},\"wordCount\":389,\"articleSection\":[\"Nyheter\"],\"inLanguage\":\"sv-SE\"},{\"@type\":\"WebPage\",\"@id\":\"https:\\\/\\\/wp.kristdemokraterna.se\\\/orebro\\\/inflyttning-i-kulturkvarteret-11-miljoner-till-kulturforeningar-och-studieforbunden-samt-storsatsning-pa-konsthallen-i-majoritetens-budget-for-2021\\\/\",\"url\":\"https:\\\/\\\/wp.kristdemokraterna.se\\\/orebro\\\/inflyttning-i-kulturkvarteret-11-miljoner-till-kulturforeningar-och-studieforbunden-samt-storsatsning-pa-konsthallen-i-majoritetens-budget-for-2021\\\/\",\"name\":\"Inflyttning i Kulturkvarteret - 11 miljoner till Kulturf\u00f6reningar och Studief\u00f6rbunden samt storsatsning p\u00e5 Konsthallen i majoritetens budget f\u00f6r 2021 - Kristdemokraterna i \u00d6rebro\",\"isPartOf\":{\"@id\":\"https:\\\/\\\/wp.kristdemokraterna.se\\\/orebro\\\/#website\"},\"datePublished\":\"2021-01-18T13:59:29+00:00\",\"author\":{\"@id\":\"https:\\\/\\\/wp.kristdemokraterna.se\\\/orebro\\\/#\\\/schema\\\/person\\\/780ec274a0d418cf8432c4a27d7e02d7\"},\"breadcrumb\":{\"@id\":\"https:\\\/\\\/wp.kristdemokraterna.se\\\/orebro\\\/inflyttning-i-kulturkvarteret-11-miljoner-till-kulturforeningar-och-studieforbunden-samt-storsatsning-pa-konsthallen-i-majoritetens-budget-for-2021\\\/#breadcrumb\"},\"inLanguage\":\"sv-SE\",\"potentialAction\":[{\"@type\":\"ReadAction\",\"target\":[\"https:\\\/\\\/wp.kristdemokraterna.se\\\/orebro\\\/inflyttning-i-kulturkvarteret-11-miljoner-till-kulturforeningar-och-studieforbunden-samt-storsatsning-pa-konsthallen-i-majoritetens-budget-for-2021\\\/\"]}]},{\"@type\":\"BreadcrumbList\",\"@id\":\"https:\\\/\\\/wp.kristdemokraterna.se\\\/orebro\\\/inflyttning-i-kulturkvarteret-11-miljoner-till-kulturforeningar-och-studieforbunden-samt-storsatsning-pa-konsthallen-i-majoritetens-budget-for-2021\\\/#breadcrumb\",\"itemListElement\":[{\"@type\":\"ListItem\",\"position\":1,\"name\":\"Hem\",\"item\":\"https:\\\/\\\/wp.kristdemokraterna.se\\\/orebro\\\/\"},{\"@type\":\"ListItem\",\"position\":2,\"name\":\"Inflyttning i Kulturkvarteret &#8211; 11 miljoner till Kulturf\u00f6reningar och Studief\u00f6rbunden samt storsatsning p\u00e5 Konsthallen i majoritetens budget f\u00f6r 2021\"}]},{\"@type\":\"WebSite\",\"@id\":\"https:\\\/\\\/wp.kristdemokraterna.se\\\/orebro\\\/#website\",\"url\":\"https:\\\/\\\/wp.kristdemokraterna.se\\\/orebro\\\/\",\"name\":\"Kristdemokraterna i \u00d6rebro\",\"description\":\"Det \u00e4r l\u00e4ttare att bygga trygga barn \u00e4n att laga trasiga vuxna\",\"inLanguage\":\"sv-SE\"},{\"@type\":\"Person\",\"@id\":\"https:\\\/\\\/wp.kristdemokraterna.se\\\/orebro\\\/#\\\/schema\\\/person\\\/780ec274a0d418cf8432c4a27d7e02d7\",\"name\":\"orebro\",\"image\":{\"@type\":\"ImageObject\",\"inLanguage\":\"sv-SE\",\"@id\":\"https:\\\/\\\/secure.gravatar.com\\\/avatar\\\/67c89ca803a63f83d6fa1ebdf289a5f22c4f965988de96380b21d22688d41317?s=96&r=g\",\"url\":\"https:\\\/\\\/secure.gravatar.com\\\/avatar\\\/67c89ca803a63f83d6fa1ebdf289a5f22c4f965988de96380b21d22688d41317?s=96&r=g\",\"contentUrl\":\"https:\\\/\\\/secure.gravatar.com\\\/avatar\\\/67c89ca803a63f83d6fa1ebdf289a5f22c4f965988de96380b21d22688d41317?s=96&r=g\",\"caption\":\"orebro\"},\"url\":\"https:\\\/\\\/wp.kristdemokraterna.se\\\/orebro\\\/author\\\/orebro\\\/\"}]}<\/script>\n<!-- \/ Yoast SEO plugin. -->","yoast_head_json":{"title":"Inflyttning i Kulturkvarteret - 11 miljoner till Kulturf\u00f6reningar och Studief\u00f6rbunden samt storsatsning p\u00e5 Konsthallen i majoritetens budget f\u00f6r 2021 - Kristdemokraterna i \u00d6rebro","robots":{"index":"index","follow":"follow","max-snippet":"max-snippet:-1","max-image-preview":"max-image-preview:large","max-video-preview":"max-video-preview:-1"},"canonical":"https:\/\/wp.kristdemokraterna.se\/orebro\/inflyttning-i-kulturkvarteret-11-miljoner-till-kulturforeningar-och-studieforbunden-samt-storsatsning-pa-konsthallen-i-majoritetens-budget-for-2021\/","og_locale":"sv_SE","og_type":"article","og_title":"Inflyttning i Kulturkvarteret - 11 miljoner till Kulturf\u00f6reningar och Studief\u00f6rbunden samt storsatsning p\u00e5 Konsthallen i majoritetens budget f\u00f6r 2021 - Kristdemokraterna i \u00d6rebro","og_description":"Kulturn\u00e4mnden har idag beslutat om budget f\u00f6r 2021 med omfattande verksamheter inom bibliotek, kulturskola, konsthall samt fritid ungdom med alla fritidsg\u00e5rdar. Den stora h\u00e4ndelsen under 2021 blir \u00f6ppnandet av det nybyggda Kulturkvarteret, den st\u00f6rsta satsning i \u00d6rebro kommun p\u00e5 50 \u00e5r. Nybyggnationen g\u00f6rs med bakgrund av att b\u00e5de Stadsbiblioteket och Kulturskolan \u00e4r i stort behov Read More","og_url":"https:\/\/wp.kristdemokraterna.se\/orebro\/inflyttning-i-kulturkvarteret-11-miljoner-till-kulturforeningar-och-studieforbunden-samt-storsatsning-pa-konsthallen-i-majoritetens-budget-for-2021\/","og_site_name":"Kristdemokraterna i \u00d6rebro","article_published_time":"2021-01-18T13:59:29+00:00","author":"orebro","twitter_card":"summary_large_image","twitter_misc":{"Skriven av":"orebro","Ber\u00e4knad l\u00e4stid":"2 minuter"},"schema":{"@context":"https:\/\/schema.org","@graph":[{"@type":"Article","@id":"https:\/\/wp.kristdemokraterna.se\/orebro\/inflyttning-i-kulturkvarteret-11-miljoner-till-kulturforeningar-och-studieforbunden-samt-storsatsning-pa-konsthallen-i-majoritetens-budget-for-2021\/#article","isPartOf":{"@id":"https:\/\/wp.kristdemokraterna.se\/orebro\/inflyttning-i-kulturkvarteret-11-miljoner-till-kulturforeningar-och-studieforbunden-samt-storsatsning-pa-konsthallen-i-majoritetens-budget-for-2021\/"},"author":{"name":"orebro","@id":"https:\/\/wp.kristdemokraterna.se\/orebro\/#\/schema\/person\/780ec274a0d418cf8432c4a27d7e02d7"},"headline":"Inflyttning i Kulturkvarteret &#8211; 11 miljoner till Kulturf\u00f6reningar och Studief\u00f6rbunden samt storsatsning p\u00e5 Konsthallen i majoritetens budget f\u00f6r 2021","datePublished":"2021-01-18T13:59:29+00:00","mainEntityOfPage":{"@id":"https:\/\/wp.kristdemokraterna.se\/orebro\/inflyttning-i-kulturkvarteret-11-miljoner-till-kulturforeningar-och-studieforbunden-samt-storsatsning-pa-konsthallen-i-majoritetens-budget-for-2021\/"},"wordCount":389,"articleSection":["Nyheter"],"inLanguage":"sv-SE"},{"@type":"WebPage","@id":"https:\/\/wp.kristdemokraterna.se\/orebro\/inflyttning-i-kulturkvarteret-11-miljoner-till-kulturforeningar-och-studieforbunden-samt-storsatsning-pa-konsthallen-i-majoritetens-budget-for-2021\/","url":"https:\/\/wp.kristdemokraterna.se\/orebro\/inflyttning-i-kulturkvarteret-11-miljoner-till-kulturforeningar-och-studieforbunden-samt-storsatsning-pa-konsthallen-i-majoritetens-budget-for-2021\/","name":"Inflyttning i Kulturkvarteret - 11 miljoner till Kulturf\u00f6reningar och Studief\u00f6rbunden samt storsatsning p\u00e5 Konsthallen i majoritetens budget f\u00f6r 2021 - Kristdemokraterna i \u00d6rebro","isPartOf":{"@id":"https:\/\/wp.kristdemokraterna.se\/orebro\/#website"},"datePublished":"2021-01-18T13:59:29+00:00","author":{"@id":"https:\/\/wp.kristdemokraterna.se\/orebro\/#\/schema\/person\/780ec274a0d418cf8432c4a27d7e02d7"},"breadcrumb":{"@id":"https:\/\/wp.kristdemokraterna.se\/orebro\/inflyttning-i-kulturkvarteret-11-miljoner-till-kulturforeningar-och-studieforbunden-samt-storsatsning-pa-konsthallen-i-majoritetens-budget-for-2021\/#breadcrumb"},"inLanguage":"sv-SE","potentialAction":[{"@type":"ReadAction","target":["https:\/\/wp.kristdemokraterna.se\/orebro\/inflyttning-i-kulturkvarteret-11-miljoner-till-kulturforeningar-och-studieforbunden-samt-storsatsning-pa-konsthallen-i-majoritetens-budget-for-2021\/"]}]},{"@type":"BreadcrumbList","@id":"https:\/\/wp.kristdemokraterna.se\/orebro\/inflyttning-i-kulturkvarteret-11-miljoner-till-kulturforeningar-och-studieforbunden-samt-storsatsning-pa-konsthallen-i-majoritetens-budget-for-2021\/#breadcrumb","itemListElement":[{"@type":"ListItem","position":1,"name":"Hem","item":"https:\/\/wp.kristdemokraterna.se\/orebro\/"},{"@type":"ListItem","position":2,"name":"Inflyttning i Kulturkvarteret &#8211; 11 miljoner till Kulturf\u00f6reningar och Studief\u00f6rbunden samt storsatsning p\u00e5 Konsthallen i majoritetens budget f\u00f6r 2021"}]},{"@type":"WebSite","@id":"https:\/\/wp.kristdemokraterna.se\/orebro\/#website","url":"https:\/\/wp.kristdemokraterna.se\/orebro\/","name":"Kristdemokraterna i \u00d6rebro","description":"Det \u00e4r l\u00e4ttare att bygga trygga barn \u00e4n att laga trasiga vuxna","inLanguage":"sv-SE"},{"@type":"Person","@id":"https:\/\/wp.kristdemokraterna.se\/orebro\/#\/schema\/person\/780ec274a0d418cf8432c4a27d7e02d7","name":"orebro","image":{"@type":"ImageObject","inLanguage":"sv-SE","@id":"https:\/\/secure.gravatar.com\/avatar\/67c89ca803a63f83d6fa1ebdf289a5f22c4f965988de96380b21d22688d41317?s=96&r=g","url":"https:\/\/secure.gravatar.com\/avatar\/67c89ca803a63f83d6fa1ebdf289a5f22c4f965988de96380b21d22688d41317?s=96&r=g","contentUrl":"https:\/\/secure.gravatar.com\/avatar\/67c89ca803a63f83d6fa1ebdf289a5f22c4f965988de96380b21d22688d41317?s=96&r=g","caption":"orebro"},"url":"https:\/\/wp.kristdemokraterna.se\/orebro\/author\/orebro\/"}]}},"_links":{"self":[{"href":"https:\/\/wp.kristdemokraterna.se\/orebro\/wp-json\/wp\/v2\/posts\/2010","targetHints":{"allow":["GET"]}}],"collection":[{"href":"https:\/\/wp.kristdemokraterna.se\/orebro\/wp-json\/wp\/v2\/posts"}],"about":[{"href":"https:\/\/wp.kristdemokraterna.se\/orebro\/wp-json\/wp\/v2\/types\/post"}],"author":[{"embeddable":true,"href":"https:\/\/wp.kristdemokraterna.se\/orebro\/wp-json\/wp\/v2\/users\/455"}],"replies":[{"embeddable":true,"href":"https:\/\/wp.kristdemokraterna.se\/orebro\/wp-json\/wp\/v2\/comments?post=2010"}],"version-history":[{"count":1,"href":"https:\/\/wp.kristdemokraterna.se\/orebro\/wp-json\/wp\/v2\/posts\/2010\/revisions"}],"predecessor-version":[{"id":2011,"href":"https:\/\/wp.kristdemokraterna.se\/orebro\/wp-json\/wp\/v2\/posts\/2010\/revisions\/2011"}],"wp:attachment":[{"href":"https:\/\/wp.kristdemokraterna.se\/orebro\/wp-json\/wp\/v2\/media?parent=2010"}],"wp:term":[{"taxonomy":"category","embeddable":true,"href":"https:\/\/wp.kristdemokraterna.se\/orebro\/wp-json\/wp\/v2\/categories?post=2010"},{"taxonomy":"post_tag","embeddable":true,"href":"https:\/\/wp.kristdemokraterna.se\/orebro\/wp-json\/wp\/v2\/tags?post=2010"}],"curies":[{"name":"wp","href":"https:\/\/api.w.org\/{rel}","templated":true}]}}