{"id":75,"date":"2013-03-14T15:42:08","date_gmt":"2013-03-14T14:42:08","guid":{"rendered":"http:\/\/wp.kristdemokraterna.se\/orebro\/?p=75"},"modified":"2013-03-14T15:42:08","modified_gmt":"2013-03-14T14:42:08","slug":"sportbutiken-xxl-lagger-sitt-centrallager-i-orebro-kommun","status":"publish","type":"post","link":"https:\/\/wp.kristdemokraterna.se\/orebro\/sportbutiken-xxl-lagger-sitt-centrallager-i-orebro-kommun\/","title":{"rendered":"Sportbutiken XXL l\u00e4gger sitt centrallager i \u00d6rebro Kommun"},"content":{"rendered":"<div align=\"left\"><b>P\u00e5 en presstr\u00e4ff i R\u00e5dhuset i \u00d6rebro kommun presenterade det norska f\u00f6retaget XXL sina planer p\u00e5 ett centrallager i \u00d6rebro. Lagret ska f\u00f6rs\u00f6rja de nio butiker som finns etablerade i Sverige. Etableringen i \u00d6rebro \u00e4r bolagets f\u00f6rsta anl\u00e4ggning i Sverige.<\/b><\/div>\n<p>&nbsp;<\/p>\n<ul>\n<li>Det \u00e4r gl\u00e4djande att en stor sportkedja v\u00e4ljer att l\u00e4gga sitt centrallager i \u00d6rebro. Det f\u00f6rst\u00e4rker \u00d6rebro position som ett logistikcentrum. Vi vet inte i dagsl\u00e4get hur m\u00e5nga jobb etableringen inneb\u00e4r, men vi vet med s\u00e4kerhet att den bidrar till att \u00f6ka attraktionen i v\u00e5r region. N\u00e4r det r\u00e5der en viss ekonomisk f\u00f6rsiktighet hos m\u00e5nga f\u00f6retag just nu p\u00e5 grund av konjunkturen \u00e4r det bra att det finns f\u00f6retag som vill satsa och bidra till tillv\u00e4xten, s\u00e4ger Lena Baastad (S) kommunstyrelsen ordf\u00f6rande.<\/li>\n<\/ul>\n<div align=\"left\">XXL \u00e4r ett norskt f\u00f6retag som har expanderat snabbt p\u00e5 den svenska marknaden. Idag har man varuhus i 9 st\u00e4der, tre butiker i Stockholm, tv\u00e5 butiker i G\u00f6teborg en butik i \u00d6rebro, Link\u00f6ping, Sundsvall och Uppsala.<\/div>\n<p>&nbsp;<\/p>\n<div align=\"left\">Det \u00e4r det norska fastighetsbolaget Bulk Eiendom som kommer att \u00e4ga fastigheten som XXL hyr in sig i. Etableringen i \u00d6rebro \u00e4r bolagets f\u00f6rsta anl\u00e4ggning i Sverige. I en f\u00f6rsta etapp bygger bolaget 20 000 kvm lager \u00e5t sport- och vildmarkskedjan XXL. Fastigheten \u00e4r bel\u00e4gen i v\u00e4stra Pil\u00e4ngen p\u00e5 den s\u00f6dra delen av Pil\u00e4ngsgatan.<\/div>\n<p>&nbsp;<\/p>\n<ul>\n<li>Det \u00e4r ett kvitto p\u00e5 att vi \u00e4r attraktiva att etablera sig i n\u00e4r b\u00e5de XXL och Bulk Eiendom v\u00e4ljer att g\u00f6ra sina f\u00f6rsta satsningar i Sverige just i \u00d6rebro. \u00d6rebro kommun jobbar strategiskt med att f\u00e5 nya etableringar till \u00d6rebro, b\u00e5de fr\u00e5n tj\u00e4nstemannah\u00e5ll och fr\u00e5n politiken. Genom att st\u00e4rka v\u00e5r logistiskregion \u00f6kar vi f\u00f6ruts\u00e4ttningarna f\u00f6r nya etableringar som kan ge jobb till kommunen, s\u00e4ger Lennart Bondeson (KD) kommunalr\u00e5d med ansvar f\u00f6r n\u00e4ringslivsfr\u00e5gor.<\/li>\n<\/ul>\n<div align=\"left\">Tidningen Logistisk Intellekt rankar varje \u00e5r Sveriges b\u00e4sta logistikl\u00e4ge. 2013 hamnar \u00d6rebro p\u00e5 en tredje plats. \u00c4ven i V\u00e4stsvenska Handelskammarens rankning av tillv\u00e4xtnav i landet hamnar \u00d6rebro p\u00e5 en bra placering. \u00d6rebroregionen ses som Sveriges fj\u00e4rde tillv\u00e4xtnav. En kraftig f\u00f6rb\u00e4ttring j\u00e4mf\u00f6rt med f\u00f6rra m\u00e4tningen 2010 d\u00e4r \u00d6rebroregionen hamnade p\u00e5 16:e plats.<\/div>\n<p>&nbsp;<\/p>\n<ul>\n<li>Det r\u00e5der idag en h\u00e5rd konkurrens mellan kommuner i att f\u00e5 nya etableringar. Alla vill f\u00e5 f\u00f6retag till sig som kan bidra till jobb och tillv\u00e4xt. Som kommun ska man satsa p\u00e5 det man \u00e4r bra p\u00e5. Vi \u00e4r av geografiska sk\u00e4l en strategisk plats f\u00f6r logistik. Nu st\u00e4rker vi den positionen genom XXL:s etablering, s\u00e4ger Rasmus Persson (C) kommunalr\u00e5d.<\/li>\n<\/ul>\n<div align=\"left\">F\u00f6r mer information:<\/div>\n<div align=\"left\">Lennart Bondeson (KD): 0703 26 24 08<\/div>\n","protected":false},"excerpt":{"rendered":"<p>P\u00e5 en presstr\u00e4ff i R\u00e5dhuset i \u00d6rebro kommun presenterade det norska f\u00f6retaget XXL sina planer p\u00e5 ett centrallager i \u00d6rebro. Lagret ska f\u00f6rs\u00f6rja de nio butiker som finns etablerade i Sverige. Etableringen i \u00d6rebro \u00e4r bolagets f\u00f6rsta anl\u00e4ggning i Sverige. &nbsp; Det \u00e4r gl\u00e4djande att en stor sportkedja v\u00e4ljer att l\u00e4gga sitt centrallager i \u00d6rebro. <a class=\"read-more-link\" href=\"https:\/\/wp.kristdemokraterna.se\/orebro\/sportbutiken-xxl-lagger-sitt-centrallager-i-orebro-kommun\/\">Read More<\/a><\/p>\n","protected":false},"author":455,"featured_media":0,"comment_status":"open","ping_status":"open","sticky":false,"template":"","format":"standard","meta":{"_acf_changed":false,"footnotes":""},"categories":[1],"tags":[],"class_list":["post-75","post","type-post","status-publish","format-standard","hentry","category-okategoriserade"],"acf":[],"yoast_head":"<!-- This site is optimized with the Yoast SEO plugin v27.5 - https:\/\/yoast.com\/product\/yoast-seo-wordpress\/ -->\n<title>Sportbutiken XXL l\u00e4gger sitt centrallager i \u00d6rebro Kommun - Kristdemokraterna i \u00d6rebro<\/title>\n<meta name=\"robots\" content=\"index, follow, max-snippet:-1, max-image-preview:large, max-video-preview:-1\" \/>\n<link rel=\"canonical\" href=\"https:\/\/wp.kristdemokraterna.se\/orebro\/sportbutiken-xxl-lagger-sitt-centrallager-i-orebro-kommun\/\" \/>\n<meta property=\"og:locale\" content=\"sv_SE\" \/>\n<meta property=\"og:type\" content=\"article\" \/>\n<meta property=\"og:title\" content=\"Sportbutiken XXL l\u00e4gger sitt centrallager i \u00d6rebro Kommun - Kristdemokraterna i \u00d6rebro\" \/>\n<meta property=\"og:description\" content=\"P\u00e5 en presstr\u00e4ff i R\u00e5dhuset i \u00d6rebro kommun presenterade det norska f\u00f6retaget XXL sina planer p\u00e5 ett centrallager i \u00d6rebro. Lagret ska f\u00f6rs\u00f6rja de nio butiker som finns etablerade i Sverige. Etableringen i \u00d6rebro \u00e4r bolagets f\u00f6rsta anl\u00e4ggning i Sverige. &nbsp; Det \u00e4r gl\u00e4djande att en stor sportkedja v\u00e4ljer att l\u00e4gga sitt centrallager i \u00d6rebro. Read More\" \/>\n<meta property=\"og:url\" content=\"https:\/\/wp.kristdemokraterna.se\/orebro\/sportbutiken-xxl-lagger-sitt-centrallager-i-orebro-kommun\/\" \/>\n<meta property=\"og:site_name\" content=\"Kristdemokraterna i \u00d6rebro\" \/>\n<meta property=\"article:published_time\" content=\"2013-03-14T14:42:08+00:00\" \/>\n<meta name=\"author\" content=\"orebro\" \/>\n<meta name=\"twitter:card\" content=\"summary_large_image\" \/>\n<meta name=\"twitter:label1\" content=\"Skriven av\" \/>\n\t<meta name=\"twitter:data1\" content=\"orebro\" \/>\n\t<meta name=\"twitter:label2\" content=\"Ber\u00e4knad l\u00e4stid\" \/>\n\t<meta name=\"twitter:data2\" content=\"2 minuter\" \/>\n<script type=\"application\/ld+json\" class=\"yoast-schema-graph\">{\"@context\":\"https:\\\/\\\/schema.org\",\"@graph\":[{\"@type\":\"Article\",\"@id\":\"https:\\\/\\\/wp.kristdemokraterna.se\\\/orebro\\\/sportbutiken-xxl-lagger-sitt-centrallager-i-orebro-kommun\\\/#article\",\"isPartOf\":{\"@id\":\"https:\\\/\\\/wp.kristdemokraterna.se\\\/orebro\\\/sportbutiken-xxl-lagger-sitt-centrallager-i-orebro-kommun\\\/\"},\"author\":{\"name\":\"orebro\",\"@id\":\"https:\\\/\\\/wp.kristdemokraterna.se\\\/orebro\\\/#\\\/schema\\\/person\\\/780ec274a0d418cf8432c4a27d7e02d7\"},\"headline\":\"Sportbutiken XXL l\u00e4gger sitt centrallager i \u00d6rebro Kommun\",\"datePublished\":\"2013-03-14T14:42:08+00:00\",\"mainEntityOfPage\":{\"@id\":\"https:\\\/\\\/wp.kristdemokraterna.se\\\/orebro\\\/sportbutiken-xxl-lagger-sitt-centrallager-i-orebro-kommun\\\/\"},\"wordCount\":492,\"commentCount\":0,\"articleSection\":[\"\u00c4ldre inl\u00e4gg\"],\"inLanguage\":\"sv-SE\"},{\"@type\":\"WebPage\",\"@id\":\"https:\\\/\\\/wp.kristdemokraterna.se\\\/orebro\\\/sportbutiken-xxl-lagger-sitt-centrallager-i-orebro-kommun\\\/\",\"url\":\"https:\\\/\\\/wp.kristdemokraterna.se\\\/orebro\\\/sportbutiken-xxl-lagger-sitt-centrallager-i-orebro-kommun\\\/\",\"name\":\"Sportbutiken XXL l\u00e4gger sitt centrallager i \u00d6rebro Kommun - Kristdemokraterna i \u00d6rebro\",\"isPartOf\":{\"@id\":\"https:\\\/\\\/wp.kristdemokraterna.se\\\/orebro\\\/#website\"},\"datePublished\":\"2013-03-14T14:42:08+00:00\",\"author\":{\"@id\":\"https:\\\/\\\/wp.kristdemokraterna.se\\\/orebro\\\/#\\\/schema\\\/person\\\/780ec274a0d418cf8432c4a27d7e02d7\"},\"breadcrumb\":{\"@id\":\"https:\\\/\\\/wp.kristdemokraterna.se\\\/orebro\\\/sportbutiken-xxl-lagger-sitt-centrallager-i-orebro-kommun\\\/#breadcrumb\"},\"inLanguage\":\"sv-SE\",\"potentialAction\":[{\"@type\":\"ReadAction\",\"target\":[\"https:\\\/\\\/wp.kristdemokraterna.se\\\/orebro\\\/sportbutiken-xxl-lagger-sitt-centrallager-i-orebro-kommun\\\/\"]}]},{\"@type\":\"BreadcrumbList\",\"@id\":\"https:\\\/\\\/wp.kristdemokraterna.se\\\/orebro\\\/sportbutiken-xxl-lagger-sitt-centrallager-i-orebro-kommun\\\/#breadcrumb\",\"itemListElement\":[{\"@type\":\"ListItem\",\"position\":1,\"name\":\"Hem\",\"item\":\"https:\\\/\\\/wp.kristdemokraterna.se\\\/orebro\\\/\"},{\"@type\":\"ListItem\",\"position\":2,\"name\":\"Sportbutiken XXL l\u00e4gger sitt centrallager i \u00d6rebro Kommun\"}]},{\"@type\":\"WebSite\",\"@id\":\"https:\\\/\\\/wp.kristdemokraterna.se\\\/orebro\\\/#website\",\"url\":\"https:\\\/\\\/wp.kristdemokraterna.se\\\/orebro\\\/\",\"name\":\"Kristdemokraterna i \u00d6rebro\",\"description\":\"Det \u00e4r l\u00e4ttare att bygga trygga barn \u00e4n att laga trasiga vuxna\",\"inLanguage\":\"sv-SE\"},{\"@type\":\"Person\",\"@id\":\"https:\\\/\\\/wp.kristdemokraterna.se\\\/orebro\\\/#\\\/schema\\\/person\\\/780ec274a0d418cf8432c4a27d7e02d7\",\"name\":\"orebro\",\"image\":{\"@type\":\"ImageObject\",\"inLanguage\":\"sv-SE\",\"@id\":\"https:\\\/\\\/secure.gravatar.com\\\/avatar\\\/67c89ca803a63f83d6fa1ebdf289a5f22c4f965988de96380b21d22688d41317?s=96&r=g\",\"url\":\"https:\\\/\\\/secure.gravatar.com\\\/avatar\\\/67c89ca803a63f83d6fa1ebdf289a5f22c4f965988de96380b21d22688d41317?s=96&r=g\",\"contentUrl\":\"https:\\\/\\\/secure.gravatar.com\\\/avatar\\\/67c89ca803a63f83d6fa1ebdf289a5f22c4f965988de96380b21d22688d41317?s=96&r=g\",\"caption\":\"orebro\"},\"url\":\"https:\\\/\\\/wp.kristdemokraterna.se\\\/orebro\\\/author\\\/orebro\\\/\"}]}<\/script>\n<!-- \/ Yoast SEO plugin. -->","yoast_head_json":{"title":"Sportbutiken XXL l\u00e4gger sitt centrallager i \u00d6rebro Kommun - Kristdemokraterna i \u00d6rebro","robots":{"index":"index","follow":"follow","max-snippet":"max-snippet:-1","max-image-preview":"max-image-preview:large","max-video-preview":"max-video-preview:-1"},"canonical":"https:\/\/wp.kristdemokraterna.se\/orebro\/sportbutiken-xxl-lagger-sitt-centrallager-i-orebro-kommun\/","og_locale":"sv_SE","og_type":"article","og_title":"Sportbutiken XXL l\u00e4gger sitt centrallager i \u00d6rebro Kommun - Kristdemokraterna i \u00d6rebro","og_description":"P\u00e5 en presstr\u00e4ff i R\u00e5dhuset i \u00d6rebro kommun presenterade det norska f\u00f6retaget XXL sina planer p\u00e5 ett centrallager i \u00d6rebro. Lagret ska f\u00f6rs\u00f6rja de nio butiker som finns etablerade i Sverige. Etableringen i \u00d6rebro \u00e4r bolagets f\u00f6rsta anl\u00e4ggning i Sverige. &nbsp; Det \u00e4r gl\u00e4djande att en stor sportkedja v\u00e4ljer att l\u00e4gga sitt centrallager i \u00d6rebro. Read More","og_url":"https:\/\/wp.kristdemokraterna.se\/orebro\/sportbutiken-xxl-lagger-sitt-centrallager-i-orebro-kommun\/","og_site_name":"Kristdemokraterna i \u00d6rebro","article_published_time":"2013-03-14T14:42:08+00:00","author":"orebro","twitter_card":"summary_large_image","twitter_misc":{"Skriven av":"orebro","Ber\u00e4knad l\u00e4stid":"2 minuter"},"schema":{"@context":"https:\/\/schema.org","@graph":[{"@type":"Article","@id":"https:\/\/wp.kristdemokraterna.se\/orebro\/sportbutiken-xxl-lagger-sitt-centrallager-i-orebro-kommun\/#article","isPartOf":{"@id":"https:\/\/wp.kristdemokraterna.se\/orebro\/sportbutiken-xxl-lagger-sitt-centrallager-i-orebro-kommun\/"},"author":{"name":"orebro","@id":"https:\/\/wp.kristdemokraterna.se\/orebro\/#\/schema\/person\/780ec274a0d418cf8432c4a27d7e02d7"},"headline":"Sportbutiken XXL l\u00e4gger sitt centrallager i \u00d6rebro Kommun","datePublished":"2013-03-14T14:42:08+00:00","mainEntityOfPage":{"@id":"https:\/\/wp.kristdemokraterna.se\/orebro\/sportbutiken-xxl-lagger-sitt-centrallager-i-orebro-kommun\/"},"wordCount":492,"commentCount":0,"articleSection":["\u00c4ldre inl\u00e4gg"],"inLanguage":"sv-SE"},{"@type":"WebPage","@id":"https:\/\/wp.kristdemokraterna.se\/orebro\/sportbutiken-xxl-lagger-sitt-centrallager-i-orebro-kommun\/","url":"https:\/\/wp.kristdemokraterna.se\/orebro\/sportbutiken-xxl-lagger-sitt-centrallager-i-orebro-kommun\/","name":"Sportbutiken XXL l\u00e4gger sitt centrallager i \u00d6rebro Kommun - Kristdemokraterna i \u00d6rebro","isPartOf":{"@id":"https:\/\/wp.kristdemokraterna.se\/orebro\/#website"},"datePublished":"2013-03-14T14:42:08+00:00","author":{"@id":"https:\/\/wp.kristdemokraterna.se\/orebro\/#\/schema\/person\/780ec274a0d418cf8432c4a27d7e02d7"},"breadcrumb":{"@id":"https:\/\/wp.kristdemokraterna.se\/orebro\/sportbutiken-xxl-lagger-sitt-centrallager-i-orebro-kommun\/#breadcrumb"},"inLanguage":"sv-SE","potentialAction":[{"@type":"ReadAction","target":["https:\/\/wp.kristdemokraterna.se\/orebro\/sportbutiken-xxl-lagger-sitt-centrallager-i-orebro-kommun\/"]}]},{"@type":"BreadcrumbList","@id":"https:\/\/wp.kristdemokraterna.se\/orebro\/sportbutiken-xxl-lagger-sitt-centrallager-i-orebro-kommun\/#breadcrumb","itemListElement":[{"@type":"ListItem","position":1,"name":"Hem","item":"https:\/\/wp.kristdemokraterna.se\/orebro\/"},{"@type":"ListItem","position":2,"name":"Sportbutiken XXL l\u00e4gger sitt centrallager i \u00d6rebro Kommun"}]},{"@type":"WebSite","@id":"https:\/\/wp.kristdemokraterna.se\/orebro\/#website","url":"https:\/\/wp.kristdemokraterna.se\/orebro\/","name":"Kristdemokraterna i \u00d6rebro","description":"Det \u00e4r l\u00e4ttare att bygga trygga barn \u00e4n att laga trasiga vuxna","inLanguage":"sv-SE"},{"@type":"Person","@id":"https:\/\/wp.kristdemokraterna.se\/orebro\/#\/schema\/person\/780ec274a0d418cf8432c4a27d7e02d7","name":"orebro","image":{"@type":"ImageObject","inLanguage":"sv-SE","@id":"https:\/\/secure.gravatar.com\/avatar\/67c89ca803a63f83d6fa1ebdf289a5f22c4f965988de96380b21d22688d41317?s=96&r=g","url":"https:\/\/secure.gravatar.com\/avatar\/67c89ca803a63f83d6fa1ebdf289a5f22c4f965988de96380b21d22688d41317?s=96&r=g","contentUrl":"https:\/\/secure.gravatar.com\/avatar\/67c89ca803a63f83d6fa1ebdf289a5f22c4f965988de96380b21d22688d41317?s=96&r=g","caption":"orebro"},"url":"https:\/\/wp.kristdemokraterna.se\/orebro\/author\/orebro\/"}]}},"_links":{"self":[{"href":"https:\/\/wp.kristdemokraterna.se\/orebro\/wp-json\/wp\/v2\/posts\/75","targetHints":{"allow":["GET"]}}],"collection":[{"href":"https:\/\/wp.kristdemokraterna.se\/orebro\/wp-json\/wp\/v2\/posts"}],"about":[{"href":"https:\/\/wp.kristdemokraterna.se\/orebro\/wp-json\/wp\/v2\/types\/post"}],"author":[{"embeddable":true,"href":"https:\/\/wp.kristdemokraterna.se\/orebro\/wp-json\/wp\/v2\/users\/455"}],"replies":[{"embeddable":true,"href":"https:\/\/wp.kristdemokraterna.se\/orebro\/wp-json\/wp\/v2\/comments?post=75"}],"version-history":[{"count":1,"href":"https:\/\/wp.kristdemokraterna.se\/orebro\/wp-json\/wp\/v2\/posts\/75\/revisions"}],"predecessor-version":[{"id":76,"href":"https:\/\/wp.kristdemokraterna.se\/orebro\/wp-json\/wp\/v2\/posts\/75\/revisions\/76"}],"wp:attachment":[{"href":"https:\/\/wp.kristdemokraterna.se\/orebro\/wp-json\/wp\/v2\/media?parent=75"}],"wp:term":[{"taxonomy":"category","embeddable":true,"href":"https:\/\/wp.kristdemokraterna.se\/orebro\/wp-json\/wp\/v2\/categories?post=75"},{"taxonomy":"post_tag","embeddable":true,"href":"https:\/\/wp.kristdemokraterna.se\/orebro\/wp-json\/wp\/v2\/tags?post=75"}],"curies":[{"name":"wp","href":"https:\/\/api.w.org\/{rel}","templated":true}]}}