{"id":1137,"date":"2024-07-06T11:22:49","date_gmt":"2024-07-06T09:22:49","guid":{"rendered":"https:\/\/wp.kristdemokraterna.se\/orkelljunga\/?p=1137"},"modified":"2026-01-31T15:47:12","modified_gmt":"2026-01-31T14:47:12","slug":"ordforande-har-ordet-sommarhalsning","status":"publish","type":"post","link":"https:\/\/wp.kristdemokraterna.se\/orkelljunga\/ordforande-har-ordet-sommarhalsning\/","title":{"rendered":"Sommarh\u00e4lsning 2024"},"content":{"rendered":"<p>Stort tack till alla som hj\u00e4lpt till i valarbetet under v\u00e5ren !!<\/p>\n<p class=\"Normal tm5\"><span class=\"tm6\">Ett stort tack f\u00f6r ert arbete inf\u00f6r valet till europaparlamentet. B\u00e5de i landet som helhet och i \u00d6rkelljunga blev v\u00e5rt r\u00f6stetal l\u00e4gre \u00e4n f\u00f6rra valet 2019, d\u00e5 vi var n\u00e4st st\u00f6rsta parti. Denna g\u00e5ng blev r\u00f6stetalet 12,6 % och fj\u00e4rde st\u00f6rsta parti i \u00d6rkelljunga.<\/span><\/p>\n<p class=\"Normal tm5\"><span class=\"tm6\">Om vi j\u00e4mf\u00f6r v\u00e5rt resultat med hur det gick f\u00f6r kristdemokraterna i landets \u00f6vriga 289 kommuner, s\u00e5 \u00e4r det endast i fem kommuner som kristdemokraterna har h\u00f6gre andel av r\u00f6sterna \u00e4n vad vi har i \u00d6rkelljunga, n\u00e4mligen Aneby, Gnosj\u00f6 och S\u00e4vsj\u00f6 i J\u00f6nk\u00f6pings l\u00e4n, H\u00f6gsby i Kalmar l\u00e4n och \u00d6cker\u00f6 i V\u00e4stra G\u00f6talands l\u00e4n.<\/span><\/p>\n<p class=\"Normal tm5\"><span class=\"tm6\">Gl\u00e4djande \u00e4r att kristdemokraterna \u00e4r kvar i parlamentet i Bryssel med ett mandat och vi representeras av Alice Teodorescu M\u00e5we.<\/span><\/p>\n<p class=\"Normal tm5\"><span class=\"tm6\">Folkomr\u00f6stningen gick v\u00e5r v\u00e4g genom att antalet nej-r\u00f6ster vida \u00f6versteg antalet ja-r\u00f6ster, vilket inneb\u00e4r att majoriteten vill att den personliga assistansen ocks\u00e5 ska utf\u00f6ras av personer, anst\u00e4llda av kommunen. Det man kan fundera \u00f6ver \u00e4r om alla blanka r\u00f6ster (339) var en markering f\u00f6r att man inte f\u00f6rstod fr\u00e5gest\u00e4llningen.<\/span><\/p>\n<p class=\"Normal tm5\"><span class=\"tm6\">Anna Tryggveson<\/span><\/p>\n<p class=\"Normal tm5\"><span class=\"tm6\">Ordf\u00f6rande i partiavdelningen<\/span><\/p>\n<p class=\"Normal\">\n","protected":false},"excerpt":{"rendered":"<p>Stort tack till alla som hj\u00e4lpt till i valarbetet under v\u00e5ren !! Ett stort tack f\u00f6r ert arbete inf\u00f6r valet till europaparlamentet. B\u00e5de i landet som helhet och i \u00d6rkelljunga blev v\u00e5rt r\u00f6stetal l\u00e4gre \u00e4n f\u00f6rra valet 2019, d\u00e5 vi var n\u00e4st st\u00f6rsta parti. Denna g\u00e5ng blev r\u00f6stetalet 12,6 % och fj\u00e4rde st\u00f6rsta parti i <a class=\"read-more-link\" href=\"https:\/\/wp.kristdemokraterna.se\/orkelljunga\/ordforande-har-ordet-sommarhalsning\/\">L\u00e4s mer<\/a><\/p>\n","protected":false},"author":925,"featured_media":0,"comment_status":"closed","ping_status":"closed","sticky":false,"template":"","format":"standard","meta":{"_acf_changed":false,"footnotes":""},"categories":[10],"tags":[],"class_list":["post-1137","post","type-post","status-publish","format-standard","hentry","category-nyheter"],"acf":[],"yoast_head":"<!-- This site is optimized with the Yoast SEO plugin v27.4 - https:\/\/yoast.com\/product\/yoast-seo-wordpress\/ -->\n<title>Sommarh\u00e4lsning 2024 - Kristdemokraterna | \u00d6rkelljunga<\/title>\n<meta name=\"robots\" content=\"index, follow, max-snippet:-1, max-image-preview:large, max-video-preview:-1\" \/>\n<link rel=\"canonical\" href=\"https:\/\/wp.kristdemokraterna.se\/orkelljunga\/ordforande-har-ordet-sommarhalsning\/\" \/>\n<meta property=\"og:locale\" content=\"sv_SE\" \/>\n<meta property=\"og:type\" content=\"article\" \/>\n<meta property=\"og:title\" content=\"Sommarh\u00e4lsning 2024 - Kristdemokraterna | \u00d6rkelljunga\" \/>\n<meta property=\"og:description\" content=\"Stort tack till alla som hj\u00e4lpt till i valarbetet under v\u00e5ren !! Ett stort tack f\u00f6r ert arbete inf\u00f6r valet till europaparlamentet. B\u00e5de i landet som helhet och i \u00d6rkelljunga blev v\u00e5rt r\u00f6stetal l\u00e4gre \u00e4n f\u00f6rra valet 2019, d\u00e5 vi var n\u00e4st st\u00f6rsta parti. Denna g\u00e5ng blev r\u00f6stetalet 12,6 % och fj\u00e4rde st\u00f6rsta parti i L\u00e4s mer\" \/>\n<meta property=\"og:url\" content=\"https:\/\/wp.kristdemokraterna.se\/orkelljunga\/ordforande-har-ordet-sommarhalsning\/\" \/>\n<meta property=\"og:site_name\" content=\"Kristdemokraterna | \u00d6rkelljunga\" \/>\n<meta property=\"article:published_time\" content=\"2024-07-06T09:22:49+00:00\" \/>\n<meta property=\"article:modified_time\" content=\"2026-01-31T14:47:12+00:00\" \/>\n<meta name=\"author\" content=\"orkelljunga\" \/>\n<meta name=\"twitter:card\" content=\"summary_large_image\" \/>\n<meta name=\"twitter:label1\" content=\"Skriven av\" \/>\n\t<meta name=\"twitter:data1\" content=\"orkelljunga\" \/>\n\t<meta name=\"twitter:label2\" content=\"Ber\u00e4knad l\u00e4stid\" \/>\n\t<meta name=\"twitter:data2\" content=\"1 minut\" \/>\n<script type=\"application\/ld+json\" class=\"yoast-schema-graph\">{\"@context\":\"https:\\\/\\\/schema.org\",\"@graph\":[{\"@type\":\"Article\",\"@id\":\"https:\\\/\\\/wp.kristdemokraterna.se\\\/orkelljunga\\\/ordforande-har-ordet-sommarhalsning\\\/#article\",\"isPartOf\":{\"@id\":\"https:\\\/\\\/wp.kristdemokraterna.se\\\/orkelljunga\\\/ordforande-har-ordet-sommarhalsning\\\/\"},\"author\":{\"name\":\"orkelljunga\",\"@id\":\"https:\\\/\\\/wp.kristdemokraterna.se\\\/orkelljunga\\\/#\\\/schema\\\/person\\\/eff7565b66cba3cf84aa97ac8a9b42f3\"},\"headline\":\"Sommarh\u00e4lsning 2024\",\"datePublished\":\"2024-07-06T09:22:49+00:00\",\"dateModified\":\"2026-01-31T14:47:12+00:00\",\"mainEntityOfPage\":{\"@id\":\"https:\\\/\\\/wp.kristdemokraterna.se\\\/orkelljunga\\\/ordforande-har-ordet-sommarhalsning\\\/\"},\"wordCount\":227,\"articleSection\":[\"Nyheter\"],\"inLanguage\":\"sv-SE\"},{\"@type\":\"WebPage\",\"@id\":\"https:\\\/\\\/wp.kristdemokraterna.se\\\/orkelljunga\\\/ordforande-har-ordet-sommarhalsning\\\/\",\"url\":\"https:\\\/\\\/wp.kristdemokraterna.se\\\/orkelljunga\\\/ordforande-har-ordet-sommarhalsning\\\/\",\"name\":\"Sommarh\u00e4lsning 2024 - Kristdemokraterna | \u00d6rkelljunga\",\"isPartOf\":{\"@id\":\"https:\\\/\\\/wp.kristdemokraterna.se\\\/orkelljunga\\\/#website\"},\"datePublished\":\"2024-07-06T09:22:49+00:00\",\"dateModified\":\"2026-01-31T14:47:12+00:00\",\"author\":{\"@id\":\"https:\\\/\\\/wp.kristdemokraterna.se\\\/orkelljunga\\\/#\\\/schema\\\/person\\\/eff7565b66cba3cf84aa97ac8a9b42f3\"},\"breadcrumb\":{\"@id\":\"https:\\\/\\\/wp.kristdemokraterna.se\\\/orkelljunga\\\/ordforande-har-ordet-sommarhalsning\\\/#breadcrumb\"},\"inLanguage\":\"sv-SE\",\"potentialAction\":[{\"@type\":\"ReadAction\",\"target\":[\"https:\\\/\\\/wp.kristdemokraterna.se\\\/orkelljunga\\\/ordforande-har-ordet-sommarhalsning\\\/\"]}]},{\"@type\":\"BreadcrumbList\",\"@id\":\"https:\\\/\\\/wp.kristdemokraterna.se\\\/orkelljunga\\\/ordforande-har-ordet-sommarhalsning\\\/#breadcrumb\",\"itemListElement\":[{\"@type\":\"ListItem\",\"position\":1,\"name\":\"Hem\",\"item\":\"https:\\\/\\\/wp.kristdemokraterna.se\\\/orkelljunga\\\/\"},{\"@type\":\"ListItem\",\"position\":2,\"name\":\"Sommarh\u00e4lsning 2024\"}]},{\"@type\":\"WebSite\",\"@id\":\"https:\\\/\\\/wp.kristdemokraterna.se\\\/orkelljunga\\\/#website\",\"url\":\"https:\\\/\\\/wp.kristdemokraterna.se\\\/orkelljunga\\\/\",\"name\":\"Kristdemokraterna | \u00d6rkelljunga\",\"description\":\"\u00c4nnu en webbplats hos Kristdemokraterna\",\"inLanguage\":\"sv-SE\"},{\"@type\":\"Person\",\"@id\":\"https:\\\/\\\/wp.kristdemokraterna.se\\\/orkelljunga\\\/#\\\/schema\\\/person\\\/eff7565b66cba3cf84aa97ac8a9b42f3\",\"name\":\"orkelljunga\",\"image\":{\"@type\":\"ImageObject\",\"inLanguage\":\"sv-SE\",\"@id\":\"https:\\\/\\\/secure.gravatar.com\\\/avatar\\\/c3e1d5460ff82aff031a617fc87ceaf568b1bce51b2cf54faf3968c9baed29ac?s=96&d=mm&r=g\",\"url\":\"https:\\\/\\\/secure.gravatar.com\\\/avatar\\\/c3e1d5460ff82aff031a617fc87ceaf568b1bce51b2cf54faf3968c9baed29ac?s=96&d=mm&r=g\",\"contentUrl\":\"https:\\\/\\\/secure.gravatar.com\\\/avatar\\\/c3e1d5460ff82aff031a617fc87ceaf568b1bce51b2cf54faf3968c9baed29ac?s=96&d=mm&r=g\",\"caption\":\"orkelljunga\"},\"url\":\"https:\\\/\\\/wp.kristdemokraterna.se\\\/orkelljunga\\\/author\\\/orkelljunga\\\/\"}]}<\/script>\n<!-- \/ Yoast SEO plugin. -->","yoast_head_json":{"title":"Sommarh\u00e4lsning 2024 - Kristdemokraterna | \u00d6rkelljunga","robots":{"index":"index","follow":"follow","max-snippet":"max-snippet:-1","max-image-preview":"max-image-preview:large","max-video-preview":"max-video-preview:-1"},"canonical":"https:\/\/wp.kristdemokraterna.se\/orkelljunga\/ordforande-har-ordet-sommarhalsning\/","og_locale":"sv_SE","og_type":"article","og_title":"Sommarh\u00e4lsning 2024 - Kristdemokraterna | \u00d6rkelljunga","og_description":"Stort tack till alla som hj\u00e4lpt till i valarbetet under v\u00e5ren !! Ett stort tack f\u00f6r ert arbete inf\u00f6r valet till europaparlamentet. B\u00e5de i landet som helhet och i \u00d6rkelljunga blev v\u00e5rt r\u00f6stetal l\u00e4gre \u00e4n f\u00f6rra valet 2019, d\u00e5 vi var n\u00e4st st\u00f6rsta parti. Denna g\u00e5ng blev r\u00f6stetalet 12,6 % och fj\u00e4rde st\u00f6rsta parti i L\u00e4s mer","og_url":"https:\/\/wp.kristdemokraterna.se\/orkelljunga\/ordforande-har-ordet-sommarhalsning\/","og_site_name":"Kristdemokraterna | \u00d6rkelljunga","article_published_time":"2024-07-06T09:22:49+00:00","article_modified_time":"2026-01-31T14:47:12+00:00","author":"orkelljunga","twitter_card":"summary_large_image","twitter_misc":{"Skriven av":"orkelljunga","Ber\u00e4knad l\u00e4stid":"1 minut"},"schema":{"@context":"https:\/\/schema.org","@graph":[{"@type":"Article","@id":"https:\/\/wp.kristdemokraterna.se\/orkelljunga\/ordforande-har-ordet-sommarhalsning\/#article","isPartOf":{"@id":"https:\/\/wp.kristdemokraterna.se\/orkelljunga\/ordforande-har-ordet-sommarhalsning\/"},"author":{"name":"orkelljunga","@id":"https:\/\/wp.kristdemokraterna.se\/orkelljunga\/#\/schema\/person\/eff7565b66cba3cf84aa97ac8a9b42f3"},"headline":"Sommarh\u00e4lsning 2024","datePublished":"2024-07-06T09:22:49+00:00","dateModified":"2026-01-31T14:47:12+00:00","mainEntityOfPage":{"@id":"https:\/\/wp.kristdemokraterna.se\/orkelljunga\/ordforande-har-ordet-sommarhalsning\/"},"wordCount":227,"articleSection":["Nyheter"],"inLanguage":"sv-SE"},{"@type":"WebPage","@id":"https:\/\/wp.kristdemokraterna.se\/orkelljunga\/ordforande-har-ordet-sommarhalsning\/","url":"https:\/\/wp.kristdemokraterna.se\/orkelljunga\/ordforande-har-ordet-sommarhalsning\/","name":"Sommarh\u00e4lsning 2024 - Kristdemokraterna | \u00d6rkelljunga","isPartOf":{"@id":"https:\/\/wp.kristdemokraterna.se\/orkelljunga\/#website"},"datePublished":"2024-07-06T09:22:49+00:00","dateModified":"2026-01-31T14:47:12+00:00","author":{"@id":"https:\/\/wp.kristdemokraterna.se\/orkelljunga\/#\/schema\/person\/eff7565b66cba3cf84aa97ac8a9b42f3"},"breadcrumb":{"@id":"https:\/\/wp.kristdemokraterna.se\/orkelljunga\/ordforande-har-ordet-sommarhalsning\/#breadcrumb"},"inLanguage":"sv-SE","potentialAction":[{"@type":"ReadAction","target":["https:\/\/wp.kristdemokraterna.se\/orkelljunga\/ordforande-har-ordet-sommarhalsning\/"]}]},{"@type":"BreadcrumbList","@id":"https:\/\/wp.kristdemokraterna.se\/orkelljunga\/ordforande-har-ordet-sommarhalsning\/#breadcrumb","itemListElement":[{"@type":"ListItem","position":1,"name":"Hem","item":"https:\/\/wp.kristdemokraterna.se\/orkelljunga\/"},{"@type":"ListItem","position":2,"name":"Sommarh\u00e4lsning 2024"}]},{"@type":"WebSite","@id":"https:\/\/wp.kristdemokraterna.se\/orkelljunga\/#website","url":"https:\/\/wp.kristdemokraterna.se\/orkelljunga\/","name":"Kristdemokraterna | \u00d6rkelljunga","description":"\u00c4nnu en webbplats hos Kristdemokraterna","inLanguage":"sv-SE"},{"@type":"Person","@id":"https:\/\/wp.kristdemokraterna.se\/orkelljunga\/#\/schema\/person\/eff7565b66cba3cf84aa97ac8a9b42f3","name":"orkelljunga","image":{"@type":"ImageObject","inLanguage":"sv-SE","@id":"https:\/\/secure.gravatar.com\/avatar\/c3e1d5460ff82aff031a617fc87ceaf568b1bce51b2cf54faf3968c9baed29ac?s=96&d=mm&r=g","url":"https:\/\/secure.gravatar.com\/avatar\/c3e1d5460ff82aff031a617fc87ceaf568b1bce51b2cf54faf3968c9baed29ac?s=96&d=mm&r=g","contentUrl":"https:\/\/secure.gravatar.com\/avatar\/c3e1d5460ff82aff031a617fc87ceaf568b1bce51b2cf54faf3968c9baed29ac?s=96&d=mm&r=g","caption":"orkelljunga"},"url":"https:\/\/wp.kristdemokraterna.se\/orkelljunga\/author\/orkelljunga\/"}]}},"_links":{"self":[{"href":"https:\/\/wp.kristdemokraterna.se\/orkelljunga\/wp-json\/wp\/v2\/posts\/1137","targetHints":{"allow":["GET"]}}],"collection":[{"href":"https:\/\/wp.kristdemokraterna.se\/orkelljunga\/wp-json\/wp\/v2\/posts"}],"about":[{"href":"https:\/\/wp.kristdemokraterna.se\/orkelljunga\/wp-json\/wp\/v2\/types\/post"}],"author":[{"embeddable":true,"href":"https:\/\/wp.kristdemokraterna.se\/orkelljunga\/wp-json\/wp\/v2\/users\/925"}],"replies":[{"embeddable":true,"href":"https:\/\/wp.kristdemokraterna.se\/orkelljunga\/wp-json\/wp\/v2\/comments?post=1137"}],"version-history":[{"count":4,"href":"https:\/\/wp.kristdemokraterna.se\/orkelljunga\/wp-json\/wp\/v2\/posts\/1137\/revisions"}],"predecessor-version":[{"id":1159,"href":"https:\/\/wp.kristdemokraterna.se\/orkelljunga\/wp-json\/wp\/v2\/posts\/1137\/revisions\/1159"}],"wp:attachment":[{"href":"https:\/\/wp.kristdemokraterna.se\/orkelljunga\/wp-json\/wp\/v2\/media?parent=1137"}],"wp:term":[{"taxonomy":"category","embeddable":true,"href":"https:\/\/wp.kristdemokraterna.se\/orkelljunga\/wp-json\/wp\/v2\/categories?post=1137"},{"taxonomy":"post_tag","embeddable":true,"href":"https:\/\/wp.kristdemokraterna.se\/orkelljunga\/wp-json\/wp\/v2\/tags?post=1137"}],"curies":[{"name":"wp","href":"https:\/\/api.w.org\/{rel}","templated":true}]}}