{"id":1,"date":"2026-04-16T19:14:08","date_gmt":"2026-04-16T17:14:08","guid":{"rendered":"http:\/\/wp.kristdemokraterna.se\/lokalavdelningsmall20140404\/?p=1"},"modified":"2026-04-16T20:40:46","modified_gmt":"2026-04-16T18:40:46","slug":"kristdemokraterna-ornskoldsvik-medlemskap","status":"publish","type":"post","link":"https:\/\/wp.kristdemokraterna.se\/ornskoldsvik\/kristdemokraterna-ornskoldsvik-medlemskap\/","title":{"rendered":"Kristdemokraterna i \u00d6rnsk\u00f6ldsvik"},"content":{"rendered":"<p data-start=\"144\" data-end=\"411\">Hos <span class=\"hover:entity-accent entity-underline inline cursor-pointer align-baseline\"><span class=\"whitespace-normal\">Kristdemokraterna<\/span><\/span> i <span class=\"hover:entity-accent entity-underline inline cursor-pointer align-baseline\"><span class=\"whitespace-normal\">\u00d6rnsk\u00f6ldsvik<\/span><\/span> m\u00f6ts m\u00e4nniskor som vill g\u00f6ra skillnad, f\u00f6r varandra och f\u00f6r v\u00e5r gemensamma framtid. Vi tror p\u00e5 ett samh\u00e4lle byggt p\u00e5 ansvar, gemenskap och medm\u00e4nsklighet, d\u00e4r varje m\u00e4nniska \u00e4r viktig.<\/p>\n<p data-start=\"413\" data-end=\"655\">Vi arbetar f\u00f6r ett tryggt och levande \u00d6rnsk\u00f6ldsvik, d\u00e4r b\u00e5de stad och landsbygd f\u00e5r v\u00e4xa och utvecklas. H\u00e4r finns plats f\u00f6r dig som vill engagera dig i fr\u00e5gor som r\u00f6r familjen, \u00e4ldreomsorgen, f\u00f6retagande, skola eller landsbygdens m\u00f6jligheter.<\/p>\n<p data-start=\"657\" data-end=\"876\">Oavsett om du vill vara aktiv i politiken, bidra med id\u00e9er eller bara veta mer om vad vi st\u00e5r f\u00f6r \u00e4r du varmt v\u00e4lkommen till oss. Tillsammans skapar vi framtidstro och bygger ett samh\u00e4lle d\u00e4r fler kan leva ett gott liv.<\/p>\n<p data-start=\"878\" data-end=\"935\"><strong data-start=\"878\" data-end=\"935\">V\u00e4lkommen att vara med och p\u00e5verka \u2013 din r\u00f6st beh\u00f6vs!<\/strong><\/p>\n","protected":false},"excerpt":{"rendered":"<p>Hos Kristdemokraterna i \u00d6rnsk\u00f6ldsvik m\u00f6ts m\u00e4nniskor som vill g\u00f6ra skillnad, f\u00f6r varandra och f\u00f6r v\u00e5r gemensamma framtid. Vi tror p\u00e5 ett samh\u00e4lle byggt p\u00e5 ansvar, gemenskap och medm\u00e4nsklighet, d\u00e4r varje m\u00e4nniska \u00e4r viktig. Vi arbetar f\u00f6r ett tryggt och levande \u00d6rnsk\u00f6ldsvik, d\u00e4r b\u00e5de stad och landsbygd f\u00e5r v\u00e4xa och utvecklas. H\u00e4r finns plats f\u00f6r dig <a class=\"read-more-link\" href=\"https:\/\/wp.kristdemokraterna.se\/ornskoldsvik\/kristdemokraterna-ornskoldsvik-medlemskap\/\">L\u00e4s mer<\/a><\/p>\n","protected":false},"author":439,"featured_media":714,"comment_status":"closed","ping_status":"closed","sticky":false,"template":"","format":"standard","meta":{"_acf_changed":false,"footnotes":""},"categories":[11,3],"tags":[],"class_list":["post-1","post","type-post","status-publish","format-standard","hentry","category-framtidens-vard-vasternorrland-ideburen-vard-solleftea","category-var-politik"],"acf":[],"yoast_head":"<!-- This site is optimized with the Yoast SEO plugin v27.4 - https:\/\/yoast.com\/product\/yoast-seo-wordpress\/ -->\n<title>Kristdemokraterna i \u00d6rnsk\u00f6ldsvik - Kristdemokraterna | \u00d6rnsk\u00f6ldsvik<\/title>\n<meta name=\"description\" content=\"Engagera dig i Kristdemokraterna i \u00d6rnsk\u00f6ldsvik. Var med och p\u00e5verka framtiden lokalt tillsammans skapar vi ett tryggt och h\u00e5llbart samh\u00e4lle.\" \/>\n<meta name=\"robots\" content=\"index, follow, max-snippet:-1, max-image-preview:large, max-video-preview:-1\" \/>\n<link rel=\"canonical\" href=\"https:\/\/wp.kristdemokraterna.se\/ornskoldsvik\/kristdemokraterna-ornskoldsvik-medlemskap\/\" \/>\n<meta property=\"og:locale\" content=\"sv_SE\" \/>\n<meta property=\"og:type\" content=\"article\" \/>\n<meta property=\"og:title\" content=\"Kristdemokraterna i \u00d6rnsk\u00f6ldsvik - Kristdemokraterna | \u00d6rnsk\u00f6ldsvik\" \/>\n<meta property=\"og:description\" content=\"Engagera dig i Kristdemokraterna i \u00d6rnsk\u00f6ldsvik. Var med och p\u00e5verka framtiden lokalt tillsammans skapar vi ett tryggt och h\u00e5llbart samh\u00e4lle.\" \/>\n<meta property=\"og:url\" content=\"https:\/\/wp.kristdemokraterna.se\/ornskoldsvik\/kristdemokraterna-ornskoldsvik-medlemskap\/\" \/>\n<meta property=\"og:site_name\" content=\"Kristdemokraterna | \u00d6rnsk\u00f6ldsvik\" \/>\n<meta property=\"article:published_time\" content=\"2026-04-16T17:14:08+00:00\" \/>\n<meta property=\"article:modified_time\" content=\"2026-04-16T18:40:46+00:00\" \/>\n<meta name=\"author\" content=\"ornskoldsvik\" \/>\n<meta name=\"twitter:card\" content=\"summary_large_image\" \/>\n<meta name=\"twitter:label1\" content=\"Skriven av\" \/>\n\t<meta name=\"twitter:data1\" content=\"ornskoldsvik\" \/>\n\t<meta name=\"twitter:label2\" content=\"Ber\u00e4knad l\u00e4stid\" \/>\n\t<meta name=\"twitter:data2\" content=\"1 minut\" \/>\n<script type=\"application\/ld+json\" class=\"yoast-schema-graph\">{\"@context\":\"https:\\\/\\\/schema.org\",\"@graph\":[{\"@type\":\"Article\",\"@id\":\"https:\\\/\\\/wp.kristdemokraterna.se\\\/ornskoldsvik\\\/kristdemokraterna-ornskoldsvik-medlemskap\\\/#article\",\"isPartOf\":{\"@id\":\"https:\\\/\\\/wp.kristdemokraterna.se\\\/ornskoldsvik\\\/kristdemokraterna-ornskoldsvik-medlemskap\\\/\"},\"author\":{\"name\":\"ornskoldsvik\",\"@id\":\"https:\\\/\\\/wp.kristdemokraterna.se\\\/ornskoldsvik\\\/#\\\/schema\\\/person\\\/399f79d6dde818ef6cb880f10a83d1b1\"},\"headline\":\"Kristdemokraterna i \u00d6rnsk\u00f6ldsvik\",\"datePublished\":\"2026-04-16T17:14:08+00:00\",\"dateModified\":\"2026-04-16T18:40:46+00:00\",\"mainEntityOfPage\":{\"@id\":\"https:\\\/\\\/wp.kristdemokraterna.se\\\/ornskoldsvik\\\/kristdemokraterna-ornskoldsvik-medlemskap\\\/\"},\"wordCount\":157,\"image\":{\"@id\":\"https:\\\/\\\/wp.kristdemokraterna.se\\\/ornskoldsvik\\\/kristdemokraterna-ornskoldsvik-medlemskap\\\/#primaryimage\"},\"thumbnailUrl\":\"\",\"articleSection\":[\"Satsningar som st\u00e4rker svensk sjukv\u00e5rd \u2013 och \u00f6ppnar f\u00f6r nya l\u00f6sningar\",\"V\u00e5r politik\"],\"inLanguage\":\"sv-SE\"},{\"@type\":\"WebPage\",\"@id\":\"https:\\\/\\\/wp.kristdemokraterna.se\\\/ornskoldsvik\\\/kristdemokraterna-ornskoldsvik-medlemskap\\\/\",\"url\":\"https:\\\/\\\/wp.kristdemokraterna.se\\\/ornskoldsvik\\\/kristdemokraterna-ornskoldsvik-medlemskap\\\/\",\"name\":\"Kristdemokraterna i \u00d6rnsk\u00f6ldsvik - Kristdemokraterna | \u00d6rnsk\u00f6ldsvik\",\"isPartOf\":{\"@id\":\"https:\\\/\\\/wp.kristdemokraterna.se\\\/ornskoldsvik\\\/#website\"},\"primaryImageOfPage\":{\"@id\":\"https:\\\/\\\/wp.kristdemokraterna.se\\\/ornskoldsvik\\\/kristdemokraterna-ornskoldsvik-medlemskap\\\/#primaryimage\"},\"image\":{\"@id\":\"https:\\\/\\\/wp.kristdemokraterna.se\\\/ornskoldsvik\\\/kristdemokraterna-ornskoldsvik-medlemskap\\\/#primaryimage\"},\"thumbnailUrl\":\"\",\"datePublished\":\"2026-04-16T17:14:08+00:00\",\"dateModified\":\"2026-04-16T18:40:46+00:00\",\"author\":{\"@id\":\"https:\\\/\\\/wp.kristdemokraterna.se\\\/ornskoldsvik\\\/#\\\/schema\\\/person\\\/399f79d6dde818ef6cb880f10a83d1b1\"},\"description\":\"Engagera dig i Kristdemokraterna i \u00d6rnsk\u00f6ldsvik. Var med och p\u00e5verka framtiden lokalt tillsammans skapar vi ett tryggt och h\u00e5llbart samh\u00e4lle.\",\"breadcrumb\":{\"@id\":\"https:\\\/\\\/wp.kristdemokraterna.se\\\/ornskoldsvik\\\/kristdemokraterna-ornskoldsvik-medlemskap\\\/#breadcrumb\"},\"inLanguage\":\"sv-SE\",\"potentialAction\":[{\"@type\":\"ReadAction\",\"target\":[\"https:\\\/\\\/wp.kristdemokraterna.se\\\/ornskoldsvik\\\/kristdemokraterna-ornskoldsvik-medlemskap\\\/\"]}]},{\"@type\":\"ImageObject\",\"inLanguage\":\"sv-SE\",\"@id\":\"https:\\\/\\\/wp.kristdemokraterna.se\\\/ornskoldsvik\\\/kristdemokraterna-ornskoldsvik-medlemskap\\\/#primaryimage\",\"url\":\"\",\"contentUrl\":\"\"},{\"@type\":\"BreadcrumbList\",\"@id\":\"https:\\\/\\\/wp.kristdemokraterna.se\\\/ornskoldsvik\\\/kristdemokraterna-ornskoldsvik-medlemskap\\\/#breadcrumb\",\"itemListElement\":[{\"@type\":\"ListItem\",\"position\":1,\"name\":\"Hem\",\"item\":\"https:\\\/\\\/wp.kristdemokraterna.se\\\/ornskoldsvik\\\/\"},{\"@type\":\"ListItem\",\"position\":2,\"name\":\"Kristdemokraterna i \u00d6rnsk\u00f6ldsvik\"}]},{\"@type\":\"WebSite\",\"@id\":\"https:\\\/\\\/wp.kristdemokraterna.se\\\/ornskoldsvik\\\/#website\",\"url\":\"https:\\\/\\\/wp.kristdemokraterna.se\\\/ornskoldsvik\\\/\",\"name\":\"Kristdemokraterna | \u00d6rnsk\u00f6ldsvik\",\"description\":\"En till Kristdemokraterna webbplats\",\"inLanguage\":\"sv-SE\"},{\"@type\":\"Person\",\"@id\":\"https:\\\/\\\/wp.kristdemokraterna.se\\\/ornskoldsvik\\\/#\\\/schema\\\/person\\\/399f79d6dde818ef6cb880f10a83d1b1\",\"name\":\"ornskoldsvik\",\"image\":{\"@type\":\"ImageObject\",\"inLanguage\":\"sv-SE\",\"@id\":\"https:\\\/\\\/secure.gravatar.com\\\/avatar\\\/150800d999ca8b438018701c5c7fe7235c344df4ec57beb784a1c1ecc3500d58?s=96&d=mm&r=g\",\"url\":\"https:\\\/\\\/secure.gravatar.com\\\/avatar\\\/150800d999ca8b438018701c5c7fe7235c344df4ec57beb784a1c1ecc3500d58?s=96&d=mm&r=g\",\"contentUrl\":\"https:\\\/\\\/secure.gravatar.com\\\/avatar\\\/150800d999ca8b438018701c5c7fe7235c344df4ec57beb784a1c1ecc3500d58?s=96&d=mm&r=g\",\"caption\":\"ornskoldsvik\"},\"url\":\"https:\\\/\\\/wp.kristdemokraterna.se\\\/ornskoldsvik\\\/author\\\/ornskoldsvik\\\/\"}]}<\/script>\n<!-- \/ Yoast SEO plugin. -->","yoast_head_json":{"title":"Kristdemokraterna i \u00d6rnsk\u00f6ldsvik - Kristdemokraterna | \u00d6rnsk\u00f6ldsvik","description":"Engagera dig i Kristdemokraterna i \u00d6rnsk\u00f6ldsvik. Var med och p\u00e5verka framtiden lokalt tillsammans skapar vi ett tryggt och h\u00e5llbart samh\u00e4lle.","robots":{"index":"index","follow":"follow","max-snippet":"max-snippet:-1","max-image-preview":"max-image-preview:large","max-video-preview":"max-video-preview:-1"},"canonical":"https:\/\/wp.kristdemokraterna.se\/ornskoldsvik\/kristdemokraterna-ornskoldsvik-medlemskap\/","og_locale":"sv_SE","og_type":"article","og_title":"Kristdemokraterna i \u00d6rnsk\u00f6ldsvik - Kristdemokraterna | \u00d6rnsk\u00f6ldsvik","og_description":"Engagera dig i Kristdemokraterna i \u00d6rnsk\u00f6ldsvik. Var med och p\u00e5verka framtiden lokalt tillsammans skapar vi ett tryggt och h\u00e5llbart samh\u00e4lle.","og_url":"https:\/\/wp.kristdemokraterna.se\/ornskoldsvik\/kristdemokraterna-ornskoldsvik-medlemskap\/","og_site_name":"Kristdemokraterna | \u00d6rnsk\u00f6ldsvik","article_published_time":"2026-04-16T17:14:08+00:00","article_modified_time":"2026-04-16T18:40:46+00:00","author":"ornskoldsvik","twitter_card":"summary_large_image","twitter_misc":{"Skriven av":"ornskoldsvik","Ber\u00e4knad l\u00e4stid":"1 minut"},"schema":{"@context":"https:\/\/schema.org","@graph":[{"@type":"Article","@id":"https:\/\/wp.kristdemokraterna.se\/ornskoldsvik\/kristdemokraterna-ornskoldsvik-medlemskap\/#article","isPartOf":{"@id":"https:\/\/wp.kristdemokraterna.se\/ornskoldsvik\/kristdemokraterna-ornskoldsvik-medlemskap\/"},"author":{"name":"ornskoldsvik","@id":"https:\/\/wp.kristdemokraterna.se\/ornskoldsvik\/#\/schema\/person\/399f79d6dde818ef6cb880f10a83d1b1"},"headline":"Kristdemokraterna i \u00d6rnsk\u00f6ldsvik","datePublished":"2026-04-16T17:14:08+00:00","dateModified":"2026-04-16T18:40:46+00:00","mainEntityOfPage":{"@id":"https:\/\/wp.kristdemokraterna.se\/ornskoldsvik\/kristdemokraterna-ornskoldsvik-medlemskap\/"},"wordCount":157,"image":{"@id":"https:\/\/wp.kristdemokraterna.se\/ornskoldsvik\/kristdemokraterna-ornskoldsvik-medlemskap\/#primaryimage"},"thumbnailUrl":"","articleSection":["Satsningar som st\u00e4rker svensk sjukv\u00e5rd \u2013 och \u00f6ppnar f\u00f6r nya l\u00f6sningar","V\u00e5r politik"],"inLanguage":"sv-SE"},{"@type":"WebPage","@id":"https:\/\/wp.kristdemokraterna.se\/ornskoldsvik\/kristdemokraterna-ornskoldsvik-medlemskap\/","url":"https:\/\/wp.kristdemokraterna.se\/ornskoldsvik\/kristdemokraterna-ornskoldsvik-medlemskap\/","name":"Kristdemokraterna i \u00d6rnsk\u00f6ldsvik - Kristdemokraterna | \u00d6rnsk\u00f6ldsvik","isPartOf":{"@id":"https:\/\/wp.kristdemokraterna.se\/ornskoldsvik\/#website"},"primaryImageOfPage":{"@id":"https:\/\/wp.kristdemokraterna.se\/ornskoldsvik\/kristdemokraterna-ornskoldsvik-medlemskap\/#primaryimage"},"image":{"@id":"https:\/\/wp.kristdemokraterna.se\/ornskoldsvik\/kristdemokraterna-ornskoldsvik-medlemskap\/#primaryimage"},"thumbnailUrl":"","datePublished":"2026-04-16T17:14:08+00:00","dateModified":"2026-04-16T18:40:46+00:00","author":{"@id":"https:\/\/wp.kristdemokraterna.se\/ornskoldsvik\/#\/schema\/person\/399f79d6dde818ef6cb880f10a83d1b1"},"description":"Engagera dig i Kristdemokraterna i \u00d6rnsk\u00f6ldsvik. Var med och p\u00e5verka framtiden lokalt tillsammans skapar vi ett tryggt och h\u00e5llbart samh\u00e4lle.","breadcrumb":{"@id":"https:\/\/wp.kristdemokraterna.se\/ornskoldsvik\/kristdemokraterna-ornskoldsvik-medlemskap\/#breadcrumb"},"inLanguage":"sv-SE","potentialAction":[{"@type":"ReadAction","target":["https:\/\/wp.kristdemokraterna.se\/ornskoldsvik\/kristdemokraterna-ornskoldsvik-medlemskap\/"]}]},{"@type":"ImageObject","inLanguage":"sv-SE","@id":"https:\/\/wp.kristdemokraterna.se\/ornskoldsvik\/kristdemokraterna-ornskoldsvik-medlemskap\/#primaryimage","url":"","contentUrl":""},{"@type":"BreadcrumbList","@id":"https:\/\/wp.kristdemokraterna.se\/ornskoldsvik\/kristdemokraterna-ornskoldsvik-medlemskap\/#breadcrumb","itemListElement":[{"@type":"ListItem","position":1,"name":"Hem","item":"https:\/\/wp.kristdemokraterna.se\/ornskoldsvik\/"},{"@type":"ListItem","position":2,"name":"Kristdemokraterna i \u00d6rnsk\u00f6ldsvik"}]},{"@type":"WebSite","@id":"https:\/\/wp.kristdemokraterna.se\/ornskoldsvik\/#website","url":"https:\/\/wp.kristdemokraterna.se\/ornskoldsvik\/","name":"Kristdemokraterna | \u00d6rnsk\u00f6ldsvik","description":"En till Kristdemokraterna webbplats","inLanguage":"sv-SE"},{"@type":"Person","@id":"https:\/\/wp.kristdemokraterna.se\/ornskoldsvik\/#\/schema\/person\/399f79d6dde818ef6cb880f10a83d1b1","name":"ornskoldsvik","image":{"@type":"ImageObject","inLanguage":"sv-SE","@id":"https:\/\/secure.gravatar.com\/avatar\/150800d999ca8b438018701c5c7fe7235c344df4ec57beb784a1c1ecc3500d58?s=96&d=mm&r=g","url":"https:\/\/secure.gravatar.com\/avatar\/150800d999ca8b438018701c5c7fe7235c344df4ec57beb784a1c1ecc3500d58?s=96&d=mm&r=g","contentUrl":"https:\/\/secure.gravatar.com\/avatar\/150800d999ca8b438018701c5c7fe7235c344df4ec57beb784a1c1ecc3500d58?s=96&d=mm&r=g","caption":"ornskoldsvik"},"url":"https:\/\/wp.kristdemokraterna.se\/ornskoldsvik\/author\/ornskoldsvik\/"}]}},"_links":{"self":[{"href":"https:\/\/wp.kristdemokraterna.se\/ornskoldsvik\/wp-json\/wp\/v2\/posts\/1","targetHints":{"allow":["GET"]}}],"collection":[{"href":"https:\/\/wp.kristdemokraterna.se\/ornskoldsvik\/wp-json\/wp\/v2\/posts"}],"about":[{"href":"https:\/\/wp.kristdemokraterna.se\/ornskoldsvik\/wp-json\/wp\/v2\/types\/post"}],"author":[{"embeddable":true,"href":"https:\/\/wp.kristdemokraterna.se\/ornskoldsvik\/wp-json\/wp\/v2\/users\/439"}],"replies":[{"embeddable":true,"href":"https:\/\/wp.kristdemokraterna.se\/ornskoldsvik\/wp-json\/wp\/v2\/comments?post=1"}],"version-history":[{"count":8,"href":"https:\/\/wp.kristdemokraterna.se\/ornskoldsvik\/wp-json\/wp\/v2\/posts\/1\/revisions"}],"predecessor-version":[{"id":1258,"href":"https:\/\/wp.kristdemokraterna.se\/ornskoldsvik\/wp-json\/wp\/v2\/posts\/1\/revisions\/1258"}],"wp:featuredmedia":[{"embeddable":true,"href":"https:\/\/wp.kristdemokraterna.se\/ornskoldsvik\/wp-json\/"}],"wp:attachment":[{"href":"https:\/\/wp.kristdemokraterna.se\/ornskoldsvik\/wp-json\/wp\/v2\/media?parent=1"}],"wp:term":[{"taxonomy":"category","embeddable":true,"href":"https:\/\/wp.kristdemokraterna.se\/ornskoldsvik\/wp-json\/wp\/v2\/categories?post=1"},{"taxonomy":"post_tag","embeddable":true,"href":"https:\/\/wp.kristdemokraterna.se\/ornskoldsvik\/wp-json\/wp\/v2\/tags?post=1"}],"curies":[{"name":"wp","href":"https:\/\/api.w.org\/{rel}","templated":true}]}}