{"id":588,"date":"2022-08-09T09:36:32","date_gmt":"2022-08-09T07:36:32","guid":{"rendered":"https:\/\/wp.kristdemokraterna.se\/orust\/?p=588"},"modified":"2022-08-15T11:07:05","modified_gmt":"2022-08-15T09:07:05","slug":"kom-och-traffa-oss","status":"publish","type":"post","link":"https:\/\/wp.kristdemokraterna.se\/orust\/kom-och-traffa-oss\/","title":{"rendered":"KOM OCH TR\u00c4FFA OSS"},"content":{"rendered":"<p>Har du fr\u00e5gor vad vi\u00a0 Kristdemokrater vill i Orust kommun, vill du tr\u00e4ffa KDs representanter i kommunen<\/p>\n<h3><strong>KOM OCH M\u00d6T OSS\u00a0 &#8211;\u00a0\u00a0<\/strong><\/h3>\n<p>&nbsp;<\/p>\n<p>Flat\u00f6ns skola 17:e aug\u00a0 &#8211; kl 18,00<\/p>\n<p>K\u00e4ring\u00f6n torget 19:e aug &#8211; p\u00e5 kv\u00e4llen<\/p>\n<p>Hen\u00e5n 20:e sep &#8211; p\u00e5 torget innan lunch<\/p>\n<p>Svanesund 20 sep &#8211; vid Hemk\u00f6p efter lunch<\/p>\n<p>Debatt i Kajutan 24:e aug &#8211; kl 18,00<\/p>\n<p>Ell\u00f6s 27:e sep &#8211; Vid hemk\u00f6p, kring lunch<\/p>\n<p>Tavlebord 3:e sep &#8211; kl 10,00-14,00<\/p>\n<p>Veteranbilstr\u00e4ffen i Varekil (Tappen) 3:e sep<\/p>\n<p>&nbsp;<\/p>\n<p>&nbsp;<\/p>\n","protected":false},"excerpt":{"rendered":"<p>Har du fr\u00e5gor vad vi\u00a0 Kristdemokrater vill i Orust kommun, vill du tr\u00e4ffa KDs representanter i kommunen KOM OCH M\u00d6T OSS\u00a0 &#8211;\u00a0\u00a0 &nbsp; Flat\u00f6ns skola 17:e aug\u00a0 &#8211; kl 18,00 K\u00e4ring\u00f6n torget 19:e aug &#8211; p\u00e5 kv\u00e4llen Hen\u00e5n 20:e sep &#8211; p\u00e5 torget innan lunch Svanesund 20 sep &#8211; vid Hemk\u00f6p efter lunch Debatt i <a class=\"read-more-link\" href=\"https:\/\/wp.kristdemokraterna.se\/orust\/kom-och-traffa-oss\/\">L\u00e4s mer<\/a><\/p>\n","protected":false},"author":493,"featured_media":714,"comment_status":"closed","ping_status":"closed","sticky":false,"template":"","format":"standard","meta":{"_acf_changed":false,"footnotes":""},"categories":[11,10],"tags":[],"class_list":["post-588","post","type-post","status-publish","format-standard","hentry","category-inlagg","category-nyheter"],"acf":[],"yoast_head":"<!-- This site is optimized with the Yoast SEO plugin v27.4 - https:\/\/yoast.com\/product\/yoast-seo-wordpress\/ -->\n<title>KOM OCH TR\u00c4FFA OSS - Kristdemokraterna | Orust<\/title>\n<meta name=\"robots\" content=\"index, follow, max-snippet:-1, max-image-preview:large, max-video-preview:-1\" \/>\n<link rel=\"canonical\" href=\"https:\/\/wp.kristdemokraterna.se\/orust\/kom-och-traffa-oss\/\" \/>\n<meta property=\"og:locale\" content=\"sv_SE\" \/>\n<meta property=\"og:type\" content=\"article\" \/>\n<meta property=\"og:title\" content=\"KOM OCH TR\u00c4FFA OSS\" \/>\n<meta property=\"og:description\" content=\"Nyheter\" \/>\n<meta property=\"og:url\" content=\"https:\/\/wp.kristdemokraterna.se\/orust\/kom-och-traffa-oss\/\" \/>\n<meta property=\"og:site_name\" content=\"Kristdemokraterna | Orust\" \/>\n<meta property=\"article:published_time\" content=\"2022-08-09T07:36:32+00:00\" \/>\n<meta property=\"article:modified_time\" content=\"2022-08-15T09:07:05+00:00\" \/>\n<meta property=\"og:image\" content=\"https:\/\/wp.kristdemokraterna.se\/orust\/files\/2022\/06\/img_20220528_175725.jpg\" \/>\n\t<meta property=\"og:image:width\" content=\"415\" \/>\n\t<meta property=\"og:image:height\" content=\"481\" \/>\n\t<meta property=\"og:image:type\" content=\"image\/jpeg\" \/>\n<meta name=\"author\" content=\"orust\" \/>\n<meta name=\"twitter:card\" content=\"summary_large_image\" \/>\n<meta name=\"twitter:label1\" content=\"Skriven av\" \/>\n\t<meta name=\"twitter:data1\" content=\"orust\" \/>\n\t<meta name=\"twitter:label2\" content=\"Ber\u00e4knad l\u00e4stid\" \/>\n\t<meta name=\"twitter:data2\" content=\"1 minut\" \/>\n<script type=\"application\/ld+json\" class=\"yoast-schema-graph\">{\"@context\":\"https:\\\/\\\/schema.org\",\"@graph\":[{\"@type\":\"Article\",\"@id\":\"https:\\\/\\\/wp.kristdemokraterna.se\\\/orust\\\/kom-och-traffa-oss\\\/#article\",\"isPartOf\":{\"@id\":\"https:\\\/\\\/wp.kristdemokraterna.se\\\/orust\\\/kom-och-traffa-oss\\\/\"},\"author\":{\"name\":\"orust\",\"@id\":\"https:\\\/\\\/wp.kristdemokraterna.se\\\/orust\\\/#\\\/schema\\\/person\\\/beee20a133503a8d1da445f3ad8a7cba\"},\"headline\":\"KOM OCH TR\u00c4FFA OSS\",\"datePublished\":\"2022-08-09T07:36:32+00:00\",\"dateModified\":\"2022-08-15T09:07:05+00:00\",\"mainEntityOfPage\":{\"@id\":\"https:\\\/\\\/wp.kristdemokraterna.se\\\/orust\\\/kom-och-traffa-oss\\\/\"},\"wordCount\":97,\"image\":{\"@id\":\"https:\\\/\\\/wp.kristdemokraterna.se\\\/orust\\\/kom-och-traffa-oss\\\/#primaryimage\"},\"thumbnailUrl\":\"\",\"articleSection\":[\"inl\u00e4gg\",\"Nyheter\"],\"inLanguage\":\"sv-SE\"},{\"@type\":\"WebPage\",\"@id\":\"https:\\\/\\\/wp.kristdemokraterna.se\\\/orust\\\/kom-och-traffa-oss\\\/\",\"url\":\"https:\\\/\\\/wp.kristdemokraterna.se\\\/orust\\\/kom-och-traffa-oss\\\/\",\"name\":\"KOM OCH TR\u00c4FFA OSS - Kristdemokraterna | Orust\",\"isPartOf\":{\"@id\":\"https:\\\/\\\/wp.kristdemokraterna.se\\\/orust\\\/#website\"},\"primaryImageOfPage\":{\"@id\":\"https:\\\/\\\/wp.kristdemokraterna.se\\\/orust\\\/kom-och-traffa-oss\\\/#primaryimage\"},\"image\":{\"@id\":\"https:\\\/\\\/wp.kristdemokraterna.se\\\/orust\\\/kom-och-traffa-oss\\\/#primaryimage\"},\"thumbnailUrl\":\"\",\"datePublished\":\"2022-08-09T07:36:32+00:00\",\"dateModified\":\"2022-08-15T09:07:05+00:00\",\"author\":{\"@id\":\"https:\\\/\\\/wp.kristdemokraterna.se\\\/orust\\\/#\\\/schema\\\/person\\\/beee20a133503a8d1da445f3ad8a7cba\"},\"breadcrumb\":{\"@id\":\"https:\\\/\\\/wp.kristdemokraterna.se\\\/orust\\\/kom-och-traffa-oss\\\/#breadcrumb\"},\"inLanguage\":\"sv-SE\",\"potentialAction\":[{\"@type\":\"ReadAction\",\"target\":[\"https:\\\/\\\/wp.kristdemokraterna.se\\\/orust\\\/kom-och-traffa-oss\\\/\"]}]},{\"@type\":\"ImageObject\",\"inLanguage\":\"sv-SE\",\"@id\":\"https:\\\/\\\/wp.kristdemokraterna.se\\\/orust\\\/kom-och-traffa-oss\\\/#primaryimage\",\"url\":\"\",\"contentUrl\":\"\"},{\"@type\":\"BreadcrumbList\",\"@id\":\"https:\\\/\\\/wp.kristdemokraterna.se\\\/orust\\\/kom-och-traffa-oss\\\/#breadcrumb\",\"itemListElement\":[{\"@type\":\"ListItem\",\"position\":1,\"name\":\"Hem\",\"item\":\"https:\\\/\\\/wp.kristdemokraterna.se\\\/orust\\\/\"},{\"@type\":\"ListItem\",\"position\":2,\"name\":\"KOM OCH TR\u00c4FFA OSS\"}]},{\"@type\":\"WebSite\",\"@id\":\"https:\\\/\\\/wp.kristdemokraterna.se\\\/orust\\\/#website\",\"url\":\"https:\\\/\\\/wp.kristdemokraterna.se\\\/orust\\\/\",\"name\":\"Kristdemokraterna | Orust\",\"description\":\"En till Kristdemokraterna webbplats\",\"inLanguage\":\"sv-SE\"},{\"@type\":\"Person\",\"@id\":\"https:\\\/\\\/wp.kristdemokraterna.se\\\/orust\\\/#\\\/schema\\\/person\\\/beee20a133503a8d1da445f3ad8a7cba\",\"name\":\"orust\",\"image\":{\"@type\":\"ImageObject\",\"inLanguage\":\"sv-SE\",\"@id\":\"https:\\\/\\\/secure.gravatar.com\\\/avatar\\\/d15f3c356332d4dfc7f635e641ef4d75514cfc8dba728a7290da9137157c1e9f?s=96&d=mm&r=g\",\"url\":\"https:\\\/\\\/secure.gravatar.com\\\/avatar\\\/d15f3c356332d4dfc7f635e641ef4d75514cfc8dba728a7290da9137157c1e9f?s=96&d=mm&r=g\",\"contentUrl\":\"https:\\\/\\\/secure.gravatar.com\\\/avatar\\\/d15f3c356332d4dfc7f635e641ef4d75514cfc8dba728a7290da9137157c1e9f?s=96&d=mm&r=g\",\"caption\":\"orust\"},\"url\":\"https:\\\/\\\/wp.kristdemokraterna.se\\\/orust\\\/author\\\/orust\\\/\"}]}<\/script>\n<!-- \/ Yoast SEO plugin. -->","yoast_head_json":{"title":"KOM OCH TR\u00c4FFA OSS - Kristdemokraterna | Orust","robots":{"index":"index","follow":"follow","max-snippet":"max-snippet:-1","max-image-preview":"max-image-preview:large","max-video-preview":"max-video-preview:-1"},"canonical":"https:\/\/wp.kristdemokraterna.se\/orust\/kom-och-traffa-oss\/","og_locale":"sv_SE","og_type":"article","og_title":"KOM OCH TR\u00c4FFA OSS","og_description":"Nyheter","og_url":"https:\/\/wp.kristdemokraterna.se\/orust\/kom-och-traffa-oss\/","og_site_name":"Kristdemokraterna | Orust","article_published_time":"2022-08-09T07:36:32+00:00","article_modified_time":"2022-08-15T09:07:05+00:00","og_image":[{"width":415,"height":481,"url":"https:\/\/wp.kristdemokraterna.se\/orust\/files\/2022\/06\/img_20220528_175725.jpg","type":"image\/jpeg"}],"author":"orust","twitter_card":"summary_large_image","twitter_misc":{"Skriven av":"orust","Ber\u00e4knad l\u00e4stid":"1 minut"},"schema":{"@context":"https:\/\/schema.org","@graph":[{"@type":"Article","@id":"https:\/\/wp.kristdemokraterna.se\/orust\/kom-och-traffa-oss\/#article","isPartOf":{"@id":"https:\/\/wp.kristdemokraterna.se\/orust\/kom-och-traffa-oss\/"},"author":{"name":"orust","@id":"https:\/\/wp.kristdemokraterna.se\/orust\/#\/schema\/person\/beee20a133503a8d1da445f3ad8a7cba"},"headline":"KOM OCH TR\u00c4FFA OSS","datePublished":"2022-08-09T07:36:32+00:00","dateModified":"2022-08-15T09:07:05+00:00","mainEntityOfPage":{"@id":"https:\/\/wp.kristdemokraterna.se\/orust\/kom-och-traffa-oss\/"},"wordCount":97,"image":{"@id":"https:\/\/wp.kristdemokraterna.se\/orust\/kom-och-traffa-oss\/#primaryimage"},"thumbnailUrl":"","articleSection":["inl\u00e4gg","Nyheter"],"inLanguage":"sv-SE"},{"@type":"WebPage","@id":"https:\/\/wp.kristdemokraterna.se\/orust\/kom-och-traffa-oss\/","url":"https:\/\/wp.kristdemokraterna.se\/orust\/kom-och-traffa-oss\/","name":"KOM OCH TR\u00c4FFA OSS - Kristdemokraterna | Orust","isPartOf":{"@id":"https:\/\/wp.kristdemokraterna.se\/orust\/#website"},"primaryImageOfPage":{"@id":"https:\/\/wp.kristdemokraterna.se\/orust\/kom-och-traffa-oss\/#primaryimage"},"image":{"@id":"https:\/\/wp.kristdemokraterna.se\/orust\/kom-och-traffa-oss\/#primaryimage"},"thumbnailUrl":"","datePublished":"2022-08-09T07:36:32+00:00","dateModified":"2022-08-15T09:07:05+00:00","author":{"@id":"https:\/\/wp.kristdemokraterna.se\/orust\/#\/schema\/person\/beee20a133503a8d1da445f3ad8a7cba"},"breadcrumb":{"@id":"https:\/\/wp.kristdemokraterna.se\/orust\/kom-och-traffa-oss\/#breadcrumb"},"inLanguage":"sv-SE","potentialAction":[{"@type":"ReadAction","target":["https:\/\/wp.kristdemokraterna.se\/orust\/kom-och-traffa-oss\/"]}]},{"@type":"ImageObject","inLanguage":"sv-SE","@id":"https:\/\/wp.kristdemokraterna.se\/orust\/kom-och-traffa-oss\/#primaryimage","url":"","contentUrl":""},{"@type":"BreadcrumbList","@id":"https:\/\/wp.kristdemokraterna.se\/orust\/kom-och-traffa-oss\/#breadcrumb","itemListElement":[{"@type":"ListItem","position":1,"name":"Hem","item":"https:\/\/wp.kristdemokraterna.se\/orust\/"},{"@type":"ListItem","position":2,"name":"KOM OCH TR\u00c4FFA OSS"}]},{"@type":"WebSite","@id":"https:\/\/wp.kristdemokraterna.se\/orust\/#website","url":"https:\/\/wp.kristdemokraterna.se\/orust\/","name":"Kristdemokraterna | Orust","description":"En till Kristdemokraterna webbplats","inLanguage":"sv-SE"},{"@type":"Person","@id":"https:\/\/wp.kristdemokraterna.se\/orust\/#\/schema\/person\/beee20a133503a8d1da445f3ad8a7cba","name":"orust","image":{"@type":"ImageObject","inLanguage":"sv-SE","@id":"https:\/\/secure.gravatar.com\/avatar\/d15f3c356332d4dfc7f635e641ef4d75514cfc8dba728a7290da9137157c1e9f?s=96&d=mm&r=g","url":"https:\/\/secure.gravatar.com\/avatar\/d15f3c356332d4dfc7f635e641ef4d75514cfc8dba728a7290da9137157c1e9f?s=96&d=mm&r=g","contentUrl":"https:\/\/secure.gravatar.com\/avatar\/d15f3c356332d4dfc7f635e641ef4d75514cfc8dba728a7290da9137157c1e9f?s=96&d=mm&r=g","caption":"orust"},"url":"https:\/\/wp.kristdemokraterna.se\/orust\/author\/orust\/"}]}},"_links":{"self":[{"href":"https:\/\/wp.kristdemokraterna.se\/orust\/wp-json\/wp\/v2\/posts\/588","targetHints":{"allow":["GET"]}}],"collection":[{"href":"https:\/\/wp.kristdemokraterna.se\/orust\/wp-json\/wp\/v2\/posts"}],"about":[{"href":"https:\/\/wp.kristdemokraterna.se\/orust\/wp-json\/wp\/v2\/types\/post"}],"author":[{"embeddable":true,"href":"https:\/\/wp.kristdemokraterna.se\/orust\/wp-json\/wp\/v2\/users\/493"}],"replies":[{"embeddable":true,"href":"https:\/\/wp.kristdemokraterna.se\/orust\/wp-json\/wp\/v2\/comments?post=588"}],"version-history":[{"count":3,"href":"https:\/\/wp.kristdemokraterna.se\/orust\/wp-json\/wp\/v2\/posts\/588\/revisions"}],"predecessor-version":[{"id":593,"href":"https:\/\/wp.kristdemokraterna.se\/orust\/wp-json\/wp\/v2\/posts\/588\/revisions\/593"}],"wp:featuredmedia":[{"embeddable":true,"href":"https:\/\/wp.kristdemokraterna.se\/orust\/wp-json\/"}],"wp:attachment":[{"href":"https:\/\/wp.kristdemokraterna.se\/orust\/wp-json\/wp\/v2\/media?parent=588"}],"wp:term":[{"taxonomy":"category","embeddable":true,"href":"https:\/\/wp.kristdemokraterna.se\/orust\/wp-json\/wp\/v2\/categories?post=588"},{"taxonomy":"post_tag","embeddable":true,"href":"https:\/\/wp.kristdemokraterna.se\/orust\/wp-json\/wp\/v2\/tags?post=588"}],"curies":[{"name":"wp","href":"https:\/\/api.w.org\/{rel}","templated":true}]}}