{"id":184,"date":"2017-05-03T16:09:34","date_gmt":"2017-05-03T14:09:34","guid":{"rendered":"http:\/\/wp.kristdemokraterna.se\/osteraker\/?p=184"},"modified":"2018-08-06T14:52:20","modified_gmt":"2018-08-06T12:52:20","slug":"anstall-en-syn-och-horselkonsulent","status":"publish","type":"post","link":"https:\/\/wp.kristdemokraterna.se\/osteraker\/anstall-en-syn-och-horselkonsulent\/","title":{"rendered":"Anst\u00e4ll en syn- och h\u00f6rselkonsulent!"},"content":{"rendered":"<p>Gun Liljedahl f\u00f6resl\u00e5r i ett medborgarf\u00f6rslag att \u201dkommunen \u00e5terinr\u00e4ttar tj\u00e4nsten som syn och h\u00f6rselkonsulent\u201d. Tj\u00e4nsten skulle omfatta service, hj\u00e4lpmedel, bostadsanpassning samt att utbilda personal som arbetar inom \u00e4ldreomsorgen. SRF och HRF st\u00f6djer f\u00f6rslaget. Tj\u00e4nsten kan kopplas till tr\u00e4ffpunkten Fyren.<\/p>\n<p>F\u00f6rslaget \u00e4r h\u00f6gst rimligt \u2013 f\u00f6r n\u00e4rvarande har vi cirka 5000 personer som har allvarliga syn- eller h\u00f6rselproblem i \u00d6ster\u00e5kers kommun och vi kan v\u00e4nta oss en f\u00f6rdubbling de n\u00e4rmaste tio \u00e5ren (nu har 1,2%\u00a0 synproblem och 12% har h\u00f6rselproblem). M\u00e5nga \u00e4ldre med dessa sv\u00e5righeter hamnar i ensamhet och riskerar att f\u00e5 psykosomatiska problem vilket kan kr\u00e4va stora v\u00e5rdresurser \u2013 d\u00e4rf\u00f6r \u00e4r ett f\u00f6rebyggande arbete h\u00f6gst v\u00e4sentligt.<\/p>\n<p>Liknande tj\u00e4nst finns i T\u00e4by, Vallentuna och Vaxholm och v\u00e5r snabbt v\u00e4xande kommun borde inte vara s\u00e4mre.<\/p>\n<p>F\u00f6r Kristdemokraterna i \u00d6ster\u00e5ker \u00e4r slutsatsen klar: s\u00e4g ja till medborgarf\u00f6rslaget och ta beslut om att inr\u00e4tta en tj\u00e4nst som syn- och h\u00f6rselkonsulent i \u00d6ster\u00e5ker. Avs\u00e4tt medel f\u00f6r detta senast i budget 2018.<\/p>\n<p>&nbsp;<\/p>\n<p>Arne Ekstrand , ordf\u00f6rande KD \u00d6ster\u00e5ker<\/p>\n","protected":false},"excerpt":{"rendered":"<p>Gun Liljedahl f\u00f6resl\u00e5r i ett medborgarf\u00f6rslag att \u201dkommunen \u00e5terinr\u00e4ttar tj\u00e4nsten som syn och h\u00f6rselkonsulent\u201d. Tj\u00e4nsten skulle omfatta service, hj\u00e4lpmedel, bostadsanpassning samt att utbilda personal som arbetar inom \u00e4ldreomsorgen. SRF och HRF st\u00f6djer f\u00f6rslaget. Tj\u00e4nsten kan kopplas till tr\u00e4ffpunkten Fyren. F\u00f6rslaget \u00e4r h\u00f6gst rimligt \u2013 f\u00f6r n\u00e4rvarande har vi cirka 5000 personer som har allvarliga syn- <a class=\"read-more-link\" href=\"https:\/\/wp.kristdemokraterna.se\/osteraker\/anstall-en-syn-och-horselkonsulent\/\">Read More<\/a><\/p>\n","protected":false},"author":425,"featured_media":0,"comment_status":"closed","ping_status":"closed","sticky":false,"template":"","format":"standard","meta":{"_acf_changed":false,"footnotes":""},"categories":[4,9,5],"tags":[],"class_list":["post-184","post","type-post","status-publish","format-standard","hentry","category-i-kommunen","category-inlagg","category-var-politik"],"acf":[],"yoast_head":"<!-- This site is optimized with the Yoast SEO plugin v27.4 - https:\/\/yoast.com\/product\/yoast-seo-wordpress\/ -->\n<title>Anst\u00e4ll en syn- och h\u00f6rselkonsulent! - \u00d6ster\u00e5ker<\/title>\n<meta name=\"robots\" content=\"index, follow, max-snippet:-1, max-image-preview:large, max-video-preview:-1\" \/>\n<link rel=\"canonical\" href=\"https:\/\/wp.kristdemokraterna.se\/osteraker\/anstall-en-syn-och-horselkonsulent\/\" \/>\n<meta property=\"og:locale\" content=\"sv_SE\" \/>\n<meta property=\"og:type\" content=\"article\" \/>\n<meta property=\"og:title\" content=\"Anst\u00e4ll en syn- och h\u00f6rselkonsulent! - \u00d6ster\u00e5ker\" \/>\n<meta property=\"og:description\" content=\"Gun Liljedahl f\u00f6resl\u00e5r i ett medborgarf\u00f6rslag att \u201dkommunen \u00e5terinr\u00e4ttar tj\u00e4nsten som syn och h\u00f6rselkonsulent\u201d. Tj\u00e4nsten skulle omfatta service, hj\u00e4lpmedel, bostadsanpassning samt att utbilda personal som arbetar inom \u00e4ldreomsorgen. SRF och HRF st\u00f6djer f\u00f6rslaget. Tj\u00e4nsten kan kopplas till tr\u00e4ffpunkten Fyren. F\u00f6rslaget \u00e4r h\u00f6gst rimligt \u2013 f\u00f6r n\u00e4rvarande har vi cirka 5000 personer som har allvarliga syn- Read More\" \/>\n<meta property=\"og:url\" content=\"https:\/\/wp.kristdemokraterna.se\/osteraker\/anstall-en-syn-och-horselkonsulent\/\" \/>\n<meta property=\"og:site_name\" content=\"\u00d6ster\u00e5ker\" \/>\n<meta property=\"article:published_time\" content=\"2017-05-03T14:09:34+00:00\" \/>\n<meta property=\"article:modified_time\" content=\"2018-08-06T12:52:20+00:00\" \/>\n<meta name=\"author\" content=\"osteraker\" \/>\n<meta name=\"twitter:card\" content=\"summary_large_image\" \/>\n<meta name=\"twitter:label1\" content=\"Skriven av\" \/>\n\t<meta name=\"twitter:data1\" content=\"osteraker\" \/>\n\t<meta name=\"twitter:label2\" content=\"Ber\u00e4knad l\u00e4stid\" \/>\n\t<meta name=\"twitter:data2\" content=\"1 minut\" \/>\n<script type=\"application\/ld+json\" class=\"yoast-schema-graph\">{\"@context\":\"https:\\\/\\\/schema.org\",\"@graph\":[{\"@type\":\"Article\",\"@id\":\"https:\\\/\\\/wp.kristdemokraterna.se\\\/osteraker\\\/anstall-en-syn-och-horselkonsulent\\\/#article\",\"isPartOf\":{\"@id\":\"https:\\\/\\\/wp.kristdemokraterna.se\\\/osteraker\\\/anstall-en-syn-och-horselkonsulent\\\/\"},\"author\":{\"name\":\"osteraker\",\"@id\":\"https:\\\/\\\/wp.kristdemokraterna.se\\\/osteraker\\\/#\\\/schema\\\/person\\\/6f9eb78d066425abf20284a6ad9f931e\"},\"headline\":\"Anst\u00e4ll en syn- och h\u00f6rselkonsulent!\",\"datePublished\":\"2017-05-03T14:09:34+00:00\",\"dateModified\":\"2018-08-06T12:52:20+00:00\",\"mainEntityOfPage\":{\"@id\":\"https:\\\/\\\/wp.kristdemokraterna.se\\\/osteraker\\\/anstall-en-syn-och-horselkonsulent\\\/\"},\"wordCount\":211,\"articleSection\":[\"I Kommunen\",\"Inl\u00e4gg\",\"V\u00e5r politik\"],\"inLanguage\":\"sv-SE\"},{\"@type\":\"WebPage\",\"@id\":\"https:\\\/\\\/wp.kristdemokraterna.se\\\/osteraker\\\/anstall-en-syn-och-horselkonsulent\\\/\",\"url\":\"https:\\\/\\\/wp.kristdemokraterna.se\\\/osteraker\\\/anstall-en-syn-och-horselkonsulent\\\/\",\"name\":\"Anst\u00e4ll en syn- och h\u00f6rselkonsulent! - \u00d6ster\u00e5ker\",\"isPartOf\":{\"@id\":\"https:\\\/\\\/wp.kristdemokraterna.se\\\/osteraker\\\/#website\"},\"datePublished\":\"2017-05-03T14:09:34+00:00\",\"dateModified\":\"2018-08-06T12:52:20+00:00\",\"author\":{\"@id\":\"https:\\\/\\\/wp.kristdemokraterna.se\\\/osteraker\\\/#\\\/schema\\\/person\\\/6f9eb78d066425abf20284a6ad9f931e\"},\"breadcrumb\":{\"@id\":\"https:\\\/\\\/wp.kristdemokraterna.se\\\/osteraker\\\/anstall-en-syn-och-horselkonsulent\\\/#breadcrumb\"},\"inLanguage\":\"sv-SE\",\"potentialAction\":[{\"@type\":\"ReadAction\",\"target\":[\"https:\\\/\\\/wp.kristdemokraterna.se\\\/osteraker\\\/anstall-en-syn-och-horselkonsulent\\\/\"]}]},{\"@type\":\"BreadcrumbList\",\"@id\":\"https:\\\/\\\/wp.kristdemokraterna.se\\\/osteraker\\\/anstall-en-syn-och-horselkonsulent\\\/#breadcrumb\",\"itemListElement\":[{\"@type\":\"ListItem\",\"position\":1,\"name\":\"Hem\",\"item\":\"https:\\\/\\\/wp.kristdemokraterna.se\\\/osteraker\\\/\"},{\"@type\":\"ListItem\",\"position\":2,\"name\":\"Anst\u00e4ll en syn- och h\u00f6rselkonsulent!\"}]},{\"@type\":\"WebSite\",\"@id\":\"https:\\\/\\\/wp.kristdemokraterna.se\\\/osteraker\\\/#website\",\"url\":\"https:\\\/\\\/wp.kristdemokraterna.se\\\/osteraker\\\/\",\"name\":\"\u00d6ster\u00e5ker\",\"description\":\"En till Kristdemokraterna webbplats\",\"inLanguage\":\"sv-SE\"},{\"@type\":\"Person\",\"@id\":\"https:\\\/\\\/wp.kristdemokraterna.se\\\/osteraker\\\/#\\\/schema\\\/person\\\/6f9eb78d066425abf20284a6ad9f931e\",\"name\":\"osteraker\",\"image\":{\"@type\":\"ImageObject\",\"inLanguage\":\"sv-SE\",\"@id\":\"https:\\\/\\\/secure.gravatar.com\\\/avatar\\\/f1b71cfe25458d74228224dbcaffdaeccc0334373155fc9f32a3b0e60ceb6ed3?s=96&r=g\",\"url\":\"https:\\\/\\\/secure.gravatar.com\\\/avatar\\\/f1b71cfe25458d74228224dbcaffdaeccc0334373155fc9f32a3b0e60ceb6ed3?s=96&r=g\",\"contentUrl\":\"https:\\\/\\\/secure.gravatar.com\\\/avatar\\\/f1b71cfe25458d74228224dbcaffdaeccc0334373155fc9f32a3b0e60ceb6ed3?s=96&r=g\",\"caption\":\"osteraker\"},\"url\":\"https:\\\/\\\/wp.kristdemokraterna.se\\\/osteraker\\\/author\\\/osteraker\\\/\"}]}<\/script>\n<!-- \/ Yoast SEO plugin. -->","yoast_head_json":{"title":"Anst\u00e4ll en syn- och h\u00f6rselkonsulent! - \u00d6ster\u00e5ker","robots":{"index":"index","follow":"follow","max-snippet":"max-snippet:-1","max-image-preview":"max-image-preview:large","max-video-preview":"max-video-preview:-1"},"canonical":"https:\/\/wp.kristdemokraterna.se\/osteraker\/anstall-en-syn-och-horselkonsulent\/","og_locale":"sv_SE","og_type":"article","og_title":"Anst\u00e4ll en syn- och h\u00f6rselkonsulent! - \u00d6ster\u00e5ker","og_description":"Gun Liljedahl f\u00f6resl\u00e5r i ett medborgarf\u00f6rslag att \u201dkommunen \u00e5terinr\u00e4ttar tj\u00e4nsten som syn och h\u00f6rselkonsulent\u201d. Tj\u00e4nsten skulle omfatta service, hj\u00e4lpmedel, bostadsanpassning samt att utbilda personal som arbetar inom \u00e4ldreomsorgen. SRF och HRF st\u00f6djer f\u00f6rslaget. Tj\u00e4nsten kan kopplas till tr\u00e4ffpunkten Fyren. F\u00f6rslaget \u00e4r h\u00f6gst rimligt \u2013 f\u00f6r n\u00e4rvarande har vi cirka 5000 personer som har allvarliga syn- Read More","og_url":"https:\/\/wp.kristdemokraterna.se\/osteraker\/anstall-en-syn-och-horselkonsulent\/","og_site_name":"\u00d6ster\u00e5ker","article_published_time":"2017-05-03T14:09:34+00:00","article_modified_time":"2018-08-06T12:52:20+00:00","author":"osteraker","twitter_card":"summary_large_image","twitter_misc":{"Skriven av":"osteraker","Ber\u00e4knad l\u00e4stid":"1 minut"},"schema":{"@context":"https:\/\/schema.org","@graph":[{"@type":"Article","@id":"https:\/\/wp.kristdemokraterna.se\/osteraker\/anstall-en-syn-och-horselkonsulent\/#article","isPartOf":{"@id":"https:\/\/wp.kristdemokraterna.se\/osteraker\/anstall-en-syn-och-horselkonsulent\/"},"author":{"name":"osteraker","@id":"https:\/\/wp.kristdemokraterna.se\/osteraker\/#\/schema\/person\/6f9eb78d066425abf20284a6ad9f931e"},"headline":"Anst\u00e4ll en syn- och h\u00f6rselkonsulent!","datePublished":"2017-05-03T14:09:34+00:00","dateModified":"2018-08-06T12:52:20+00:00","mainEntityOfPage":{"@id":"https:\/\/wp.kristdemokraterna.se\/osteraker\/anstall-en-syn-och-horselkonsulent\/"},"wordCount":211,"articleSection":["I Kommunen","Inl\u00e4gg","V\u00e5r politik"],"inLanguage":"sv-SE"},{"@type":"WebPage","@id":"https:\/\/wp.kristdemokraterna.se\/osteraker\/anstall-en-syn-och-horselkonsulent\/","url":"https:\/\/wp.kristdemokraterna.se\/osteraker\/anstall-en-syn-och-horselkonsulent\/","name":"Anst\u00e4ll en syn- och h\u00f6rselkonsulent! - \u00d6ster\u00e5ker","isPartOf":{"@id":"https:\/\/wp.kristdemokraterna.se\/osteraker\/#website"},"datePublished":"2017-05-03T14:09:34+00:00","dateModified":"2018-08-06T12:52:20+00:00","author":{"@id":"https:\/\/wp.kristdemokraterna.se\/osteraker\/#\/schema\/person\/6f9eb78d066425abf20284a6ad9f931e"},"breadcrumb":{"@id":"https:\/\/wp.kristdemokraterna.se\/osteraker\/anstall-en-syn-och-horselkonsulent\/#breadcrumb"},"inLanguage":"sv-SE","potentialAction":[{"@type":"ReadAction","target":["https:\/\/wp.kristdemokraterna.se\/osteraker\/anstall-en-syn-och-horselkonsulent\/"]}]},{"@type":"BreadcrumbList","@id":"https:\/\/wp.kristdemokraterna.se\/osteraker\/anstall-en-syn-och-horselkonsulent\/#breadcrumb","itemListElement":[{"@type":"ListItem","position":1,"name":"Hem","item":"https:\/\/wp.kristdemokraterna.se\/osteraker\/"},{"@type":"ListItem","position":2,"name":"Anst\u00e4ll en syn- och h\u00f6rselkonsulent!"}]},{"@type":"WebSite","@id":"https:\/\/wp.kristdemokraterna.se\/osteraker\/#website","url":"https:\/\/wp.kristdemokraterna.se\/osteraker\/","name":"\u00d6ster\u00e5ker","description":"En till Kristdemokraterna webbplats","inLanguage":"sv-SE"},{"@type":"Person","@id":"https:\/\/wp.kristdemokraterna.se\/osteraker\/#\/schema\/person\/6f9eb78d066425abf20284a6ad9f931e","name":"osteraker","image":{"@type":"ImageObject","inLanguage":"sv-SE","@id":"https:\/\/secure.gravatar.com\/avatar\/f1b71cfe25458d74228224dbcaffdaeccc0334373155fc9f32a3b0e60ceb6ed3?s=96&r=g","url":"https:\/\/secure.gravatar.com\/avatar\/f1b71cfe25458d74228224dbcaffdaeccc0334373155fc9f32a3b0e60ceb6ed3?s=96&r=g","contentUrl":"https:\/\/secure.gravatar.com\/avatar\/f1b71cfe25458d74228224dbcaffdaeccc0334373155fc9f32a3b0e60ceb6ed3?s=96&r=g","caption":"osteraker"},"url":"https:\/\/wp.kristdemokraterna.se\/osteraker\/author\/osteraker\/"}]}},"_links":{"self":[{"href":"https:\/\/wp.kristdemokraterna.se\/osteraker\/wp-json\/wp\/v2\/posts\/184","targetHints":{"allow":["GET"]}}],"collection":[{"href":"https:\/\/wp.kristdemokraterna.se\/osteraker\/wp-json\/wp\/v2\/posts"}],"about":[{"href":"https:\/\/wp.kristdemokraterna.se\/osteraker\/wp-json\/wp\/v2\/types\/post"}],"author":[{"embeddable":true,"href":"https:\/\/wp.kristdemokraterna.se\/osteraker\/wp-json\/wp\/v2\/users\/425"}],"replies":[{"embeddable":true,"href":"https:\/\/wp.kristdemokraterna.se\/osteraker\/wp-json\/wp\/v2\/comments?post=184"}],"version-history":[{"count":1,"href":"https:\/\/wp.kristdemokraterna.se\/osteraker\/wp-json\/wp\/v2\/posts\/184\/revisions"}],"predecessor-version":[{"id":185,"href":"https:\/\/wp.kristdemokraterna.se\/osteraker\/wp-json\/wp\/v2\/posts\/184\/revisions\/185"}],"wp:attachment":[{"href":"https:\/\/wp.kristdemokraterna.se\/osteraker\/wp-json\/wp\/v2\/media?parent=184"}],"wp:term":[{"taxonomy":"category","embeddable":true,"href":"https:\/\/wp.kristdemokraterna.se\/osteraker\/wp-json\/wp\/v2\/categories?post=184"},{"taxonomy":"post_tag","embeddable":true,"href":"https:\/\/wp.kristdemokraterna.se\/osteraker\/wp-json\/wp\/v2\/tags?post=184"}],"curies":[{"name":"wp","href":"https:\/\/api.w.org\/{rel}","templated":true}]}}