{"id":190,"date":"2017-05-15T22:25:53","date_gmt":"2017-05-15T20:25:53","guid":{"rendered":"http:\/\/wp.kristdemokraterna.se\/osteraker\/?p=190"},"modified":"2018-08-06T14:51:33","modified_gmt":"2018-08-06T12:51:33","slug":"sa-blir-osteraker-tryggare","status":"publish","type":"post","link":"https:\/\/wp.kristdemokraterna.se\/osteraker\/sa-blir-osteraker-tryggare\/","title":{"rendered":"S\u00e5 blir \u00d6ster\u00e5ker tryggare"},"content":{"rendered":"<p>Kristdemokraterna kr\u00e4ver en kraftfull satsning p\u00e5 svensk polis. Vi f\u00f6resl\u00e5r 2600 fler polisanst\u00e4llda och att arbetsvillkor och l\u00f6n f\u00f6rb\u00e4ttras \u2013 s\u00e4rskilt f\u00f6r poliser i yttre tj\u00e4nst. Vi vill f\u00f6rst\u00e4rka samarbetet mellan polis och socialtj\u00e4nst. Vi vill<\/p>\n<p>ocks\u00e5 f\u00f6rb\u00e4ttra samarbetet mellan skola, f\u00f6r\u00e4ldrar och polis f\u00f6r att tidigt f\u00e5nga upp ungdomar i riskzonen. Lokalpolisverksamheten b\u00f6r f\u00f6rst\u00e4rkas. \u00a0Redan g\u00f6r v\u00e5r lokalpolis i \u00d6ster\u00e5ker utm\u00e4rkta insatser.<\/p>\n<p>Fler poliser beh\u00f6vs men det beh\u00f6vs ocks\u00e5 andra initiativ. Ni som nattvandrar \u00e4r v\u00e4rda all v\u00e5r respekt. Gruppen \u201dtillsammans\u00e5kersberga.se\u201d hj\u00e4lper v\u00e5ra ensamkommande att finna sig tillr\u00e4tta och finna st\u00f6d och v\u00e4nner. Volont\u00e4rer i Kyrkligt centrum och olika hj\u00e4lporganisationer ger sin tid och sitt spontana engagemang. Idrottsf\u00f6reningarna g\u00f6r en st\u00e4ndig insats f\u00f6r att ge m\u00f6jligheter till positiva aktiviteter.<\/p>\n<p>\u00d6ster\u00e5ker har \u2013 genom gott samarbete \u00f6ver partigr\u00e4nserna &#8211; skapat goda s\u00e4kerhetsrutiner och har god \u00f6versikt \u00f6ver trygghetsfr\u00e5gorna.<\/p>\n<p>Men mer kan g\u00f6ras. De som drabbas av brott skall f\u00e5 st\u00f6d och hj\u00e4lp till uppr\u00e4ttelse. KD vill \u00e4ven \u00f6ka medlen till brottsofferjourerna. Kvinnojourernas viktiga volont\u00e4rverksamhet skall st\u00f6djas och ges de medel som beh\u00f6vs.\u00a0 Arbetet mot hederskulturer och hedersv\u00e5ld skall st\u00e4rkas. F\u00f6r KD \u00e4r det ocks\u00e5 viktigt att regeringen ser till att de straff som d\u00f6ms ut vid v\u00e5lds- och sexualbrott \u00e4r tillr\u00e4ckligt str\u00e4nga och st\u00e5r i proportion till de brott som beg\u00e5tts.<\/p>\n<p>Men den mest grundl\u00e4ggande formen av gemenskap \u00e4r familjen. Barn som v\u00e4xer upp i en trygg familjegemenskap f\u00e5r i allm\u00e4nhet b\u00e4ttre f\u00f6ruts\u00e4ttningar att klara livets utmaningar. Tillr\u00e4cklig och kompetent personal i f\u00f6rskolan \u00e4r viktig liksom tillg\u00e5ng till familjedaghem.<\/p>\n<p>Rapporterna duggar t\u00e4tt om att den psykiska oh\u00e4lsan \u00f6kar i Sverige. Kd har argumenterat f\u00f6r och f\u00e5tt geh\u00f6r f\u00f6r budgetf\u00f6rst\u00e4rkningar inom elevh\u00e4lsov\u00e5rden \u2013 varje skolenhet m\u00e5ste se till att elevv\u00e5rdsteamet \u00e4r tillr\u00e4ckligt och fungerar v\u00e4l. \u00c4mnet Idrott och h\u00e4lsa b\u00f6r f\u00f6rst\u00e4rkas liksom tiden f\u00f6r att r\u00f6ra sig under skoldagen.<\/p>\n<p>Antalet personer som har behov av st\u00f6d p\u00e5 grund av psykisk funktionsneds\u00e4ttning eller som nyanl\u00e4nda flyktingar b\u00e4r p\u00e5 traumatiska upplevelser \u00f6kar. \u00d6kat st\u00f6d fr\u00e5n kommunens socialpsykiatri kan beh\u00f6vas.<\/p>\n<p>Sist men inte minst beh\u00f6ver v\u00e5ra seniorer k\u00e4nna den trygghet de beh\u00f6ver b\u00e5de vad g\u00e4ller v\u00e5rd och boenden. En syn \u2013 och h\u00f6rselkonsulent b\u00f6r anst\u00e4llas snarast.<\/p>\n<p>S\u00e5 blir \u00d6ster\u00e5ker tryggare.<\/p>\n<p>Arne Ekstrand, ordf\u00f6rande KD \u00d6ster\u00e5ker<\/p>\n","protected":false},"excerpt":{"rendered":"<p>Kristdemokraterna kr\u00e4ver en kraftfull satsning p\u00e5 svensk polis. Vi f\u00f6resl\u00e5r 2600 fler polisanst\u00e4llda och att arbetsvillkor och l\u00f6n f\u00f6rb\u00e4ttras \u2013 s\u00e4rskilt f\u00f6r poliser i yttre tj\u00e4nst. Vi vill f\u00f6rst\u00e4rka samarbetet mellan polis och socialtj\u00e4nst. Vi vill ocks\u00e5 f\u00f6rb\u00e4ttra samarbetet mellan skola, f\u00f6r\u00e4ldrar och polis f\u00f6r att tidigt f\u00e5nga upp ungdomar i riskzonen. Lokalpolisverksamheten b\u00f6r f\u00f6rst\u00e4rkas. <a class=\"read-more-link\" href=\"https:\/\/wp.kristdemokraterna.se\/osteraker\/sa-blir-osteraker-tryggare\/\">Read More<\/a><\/p>\n","protected":false},"author":425,"featured_media":0,"comment_status":"closed","ping_status":"closed","sticky":false,"template":"","format":"standard","meta":{"_acf_changed":false,"footnotes":""},"categories":[4,9],"tags":[],"class_list":["post-190","post","type-post","status-publish","format-standard","hentry","category-i-kommunen","category-inlagg"],"acf":[],"yoast_head":"<!-- This site is optimized with the Yoast SEO plugin v27.5 - https:\/\/yoast.com\/product\/yoast-seo-wordpress\/ -->\n<title>S\u00e5 blir \u00d6ster\u00e5ker tryggare - \u00d6ster\u00e5ker<\/title>\n<meta name=\"robots\" content=\"index, follow, max-snippet:-1, max-image-preview:large, max-video-preview:-1\" \/>\n<link rel=\"canonical\" href=\"https:\/\/wp.kristdemokraterna.se\/osteraker\/sa-blir-osteraker-tryggare\/\" \/>\n<meta property=\"og:locale\" content=\"sv_SE\" \/>\n<meta property=\"og:type\" content=\"article\" \/>\n<meta property=\"og:title\" content=\"S\u00e5 blir \u00d6ster\u00e5ker tryggare - \u00d6ster\u00e5ker\" \/>\n<meta property=\"og:description\" content=\"Kristdemokraterna kr\u00e4ver en kraftfull satsning p\u00e5 svensk polis. Vi f\u00f6resl\u00e5r 2600 fler polisanst\u00e4llda och att arbetsvillkor och l\u00f6n f\u00f6rb\u00e4ttras \u2013 s\u00e4rskilt f\u00f6r poliser i yttre tj\u00e4nst. Vi vill f\u00f6rst\u00e4rka samarbetet mellan polis och socialtj\u00e4nst. Vi vill ocks\u00e5 f\u00f6rb\u00e4ttra samarbetet mellan skola, f\u00f6r\u00e4ldrar och polis f\u00f6r att tidigt f\u00e5nga upp ungdomar i riskzonen. Lokalpolisverksamheten b\u00f6r f\u00f6rst\u00e4rkas. Read More\" \/>\n<meta property=\"og:url\" content=\"https:\/\/wp.kristdemokraterna.se\/osteraker\/sa-blir-osteraker-tryggare\/\" \/>\n<meta property=\"og:site_name\" content=\"\u00d6ster\u00e5ker\" \/>\n<meta property=\"article:published_time\" content=\"2017-05-15T20:25:53+00:00\" \/>\n<meta property=\"article:modified_time\" content=\"2018-08-06T12:51:33+00:00\" \/>\n<meta name=\"author\" content=\"osteraker\" \/>\n<meta name=\"twitter:card\" content=\"summary_large_image\" \/>\n<meta name=\"twitter:label1\" content=\"Skriven av\" \/>\n\t<meta name=\"twitter:data1\" content=\"osteraker\" \/>\n\t<meta name=\"twitter:label2\" content=\"Ber\u00e4knad l\u00e4stid\" \/>\n\t<meta name=\"twitter:data2\" content=\"2 minuter\" \/>\n<script type=\"application\/ld+json\" class=\"yoast-schema-graph\">{\"@context\":\"https:\\\/\\\/schema.org\",\"@graph\":[{\"@type\":\"Article\",\"@id\":\"https:\\\/\\\/wp.kristdemokraterna.se\\\/osteraker\\\/sa-blir-osteraker-tryggare\\\/#article\",\"isPartOf\":{\"@id\":\"https:\\\/\\\/wp.kristdemokraterna.se\\\/osteraker\\\/sa-blir-osteraker-tryggare\\\/\"},\"author\":{\"name\":\"osteraker\",\"@id\":\"https:\\\/\\\/wp.kristdemokraterna.se\\\/osteraker\\\/#\\\/schema\\\/person\\\/6f9eb78d066425abf20284a6ad9f931e\"},\"headline\":\"S\u00e5 blir \u00d6ster\u00e5ker tryggare\",\"datePublished\":\"2017-05-15T20:25:53+00:00\",\"dateModified\":\"2018-08-06T12:51:33+00:00\",\"mainEntityOfPage\":{\"@id\":\"https:\\\/\\\/wp.kristdemokraterna.se\\\/osteraker\\\/sa-blir-osteraker-tryggare\\\/\"},\"wordCount\":475,\"articleSection\":[\"I Kommunen\",\"Inl\u00e4gg\"],\"inLanguage\":\"sv-SE\"},{\"@type\":\"WebPage\",\"@id\":\"https:\\\/\\\/wp.kristdemokraterna.se\\\/osteraker\\\/sa-blir-osteraker-tryggare\\\/\",\"url\":\"https:\\\/\\\/wp.kristdemokraterna.se\\\/osteraker\\\/sa-blir-osteraker-tryggare\\\/\",\"name\":\"S\u00e5 blir \u00d6ster\u00e5ker tryggare - \u00d6ster\u00e5ker\",\"isPartOf\":{\"@id\":\"https:\\\/\\\/wp.kristdemokraterna.se\\\/osteraker\\\/#website\"},\"datePublished\":\"2017-05-15T20:25:53+00:00\",\"dateModified\":\"2018-08-06T12:51:33+00:00\",\"author\":{\"@id\":\"https:\\\/\\\/wp.kristdemokraterna.se\\\/osteraker\\\/#\\\/schema\\\/person\\\/6f9eb78d066425abf20284a6ad9f931e\"},\"breadcrumb\":{\"@id\":\"https:\\\/\\\/wp.kristdemokraterna.se\\\/osteraker\\\/sa-blir-osteraker-tryggare\\\/#breadcrumb\"},\"inLanguage\":\"sv-SE\",\"potentialAction\":[{\"@type\":\"ReadAction\",\"target\":[\"https:\\\/\\\/wp.kristdemokraterna.se\\\/osteraker\\\/sa-blir-osteraker-tryggare\\\/\"]}]},{\"@type\":\"BreadcrumbList\",\"@id\":\"https:\\\/\\\/wp.kristdemokraterna.se\\\/osteraker\\\/sa-blir-osteraker-tryggare\\\/#breadcrumb\",\"itemListElement\":[{\"@type\":\"ListItem\",\"position\":1,\"name\":\"Hem\",\"item\":\"https:\\\/\\\/wp.kristdemokraterna.se\\\/osteraker\\\/\"},{\"@type\":\"ListItem\",\"position\":2,\"name\":\"S\u00e5 blir \u00d6ster\u00e5ker tryggare\"}]},{\"@type\":\"WebSite\",\"@id\":\"https:\\\/\\\/wp.kristdemokraterna.se\\\/osteraker\\\/#website\",\"url\":\"https:\\\/\\\/wp.kristdemokraterna.se\\\/osteraker\\\/\",\"name\":\"\u00d6ster\u00e5ker\",\"description\":\"En till Kristdemokraterna webbplats\",\"inLanguage\":\"sv-SE\"},{\"@type\":\"Person\",\"@id\":\"https:\\\/\\\/wp.kristdemokraterna.se\\\/osteraker\\\/#\\\/schema\\\/person\\\/6f9eb78d066425abf20284a6ad9f931e\",\"name\":\"osteraker\",\"image\":{\"@type\":\"ImageObject\",\"inLanguage\":\"sv-SE\",\"@id\":\"https:\\\/\\\/secure.gravatar.com\\\/avatar\\\/f1b71cfe25458d74228224dbcaffdaeccc0334373155fc9f32a3b0e60ceb6ed3?s=96&r=g\",\"url\":\"https:\\\/\\\/secure.gravatar.com\\\/avatar\\\/f1b71cfe25458d74228224dbcaffdaeccc0334373155fc9f32a3b0e60ceb6ed3?s=96&r=g\",\"contentUrl\":\"https:\\\/\\\/secure.gravatar.com\\\/avatar\\\/f1b71cfe25458d74228224dbcaffdaeccc0334373155fc9f32a3b0e60ceb6ed3?s=96&r=g\",\"caption\":\"osteraker\"},\"url\":\"https:\\\/\\\/wp.kristdemokraterna.se\\\/osteraker\\\/author\\\/osteraker\\\/\"}]}<\/script>\n<!-- \/ Yoast SEO plugin. -->","yoast_head_json":{"title":"S\u00e5 blir \u00d6ster\u00e5ker tryggare - \u00d6ster\u00e5ker","robots":{"index":"index","follow":"follow","max-snippet":"max-snippet:-1","max-image-preview":"max-image-preview:large","max-video-preview":"max-video-preview:-1"},"canonical":"https:\/\/wp.kristdemokraterna.se\/osteraker\/sa-blir-osteraker-tryggare\/","og_locale":"sv_SE","og_type":"article","og_title":"S\u00e5 blir \u00d6ster\u00e5ker tryggare - \u00d6ster\u00e5ker","og_description":"Kristdemokraterna kr\u00e4ver en kraftfull satsning p\u00e5 svensk polis. Vi f\u00f6resl\u00e5r 2600 fler polisanst\u00e4llda och att arbetsvillkor och l\u00f6n f\u00f6rb\u00e4ttras \u2013 s\u00e4rskilt f\u00f6r poliser i yttre tj\u00e4nst. Vi vill f\u00f6rst\u00e4rka samarbetet mellan polis och socialtj\u00e4nst. Vi vill ocks\u00e5 f\u00f6rb\u00e4ttra samarbetet mellan skola, f\u00f6r\u00e4ldrar och polis f\u00f6r att tidigt f\u00e5nga upp ungdomar i riskzonen. Lokalpolisverksamheten b\u00f6r f\u00f6rst\u00e4rkas. Read More","og_url":"https:\/\/wp.kristdemokraterna.se\/osteraker\/sa-blir-osteraker-tryggare\/","og_site_name":"\u00d6ster\u00e5ker","article_published_time":"2017-05-15T20:25:53+00:00","article_modified_time":"2018-08-06T12:51:33+00:00","author":"osteraker","twitter_card":"summary_large_image","twitter_misc":{"Skriven av":"osteraker","Ber\u00e4knad l\u00e4stid":"2 minuter"},"schema":{"@context":"https:\/\/schema.org","@graph":[{"@type":"Article","@id":"https:\/\/wp.kristdemokraterna.se\/osteraker\/sa-blir-osteraker-tryggare\/#article","isPartOf":{"@id":"https:\/\/wp.kristdemokraterna.se\/osteraker\/sa-blir-osteraker-tryggare\/"},"author":{"name":"osteraker","@id":"https:\/\/wp.kristdemokraterna.se\/osteraker\/#\/schema\/person\/6f9eb78d066425abf20284a6ad9f931e"},"headline":"S\u00e5 blir \u00d6ster\u00e5ker tryggare","datePublished":"2017-05-15T20:25:53+00:00","dateModified":"2018-08-06T12:51:33+00:00","mainEntityOfPage":{"@id":"https:\/\/wp.kristdemokraterna.se\/osteraker\/sa-blir-osteraker-tryggare\/"},"wordCount":475,"articleSection":["I Kommunen","Inl\u00e4gg"],"inLanguage":"sv-SE"},{"@type":"WebPage","@id":"https:\/\/wp.kristdemokraterna.se\/osteraker\/sa-blir-osteraker-tryggare\/","url":"https:\/\/wp.kristdemokraterna.se\/osteraker\/sa-blir-osteraker-tryggare\/","name":"S\u00e5 blir \u00d6ster\u00e5ker tryggare - \u00d6ster\u00e5ker","isPartOf":{"@id":"https:\/\/wp.kristdemokraterna.se\/osteraker\/#website"},"datePublished":"2017-05-15T20:25:53+00:00","dateModified":"2018-08-06T12:51:33+00:00","author":{"@id":"https:\/\/wp.kristdemokraterna.se\/osteraker\/#\/schema\/person\/6f9eb78d066425abf20284a6ad9f931e"},"breadcrumb":{"@id":"https:\/\/wp.kristdemokraterna.se\/osteraker\/sa-blir-osteraker-tryggare\/#breadcrumb"},"inLanguage":"sv-SE","potentialAction":[{"@type":"ReadAction","target":["https:\/\/wp.kristdemokraterna.se\/osteraker\/sa-blir-osteraker-tryggare\/"]}]},{"@type":"BreadcrumbList","@id":"https:\/\/wp.kristdemokraterna.se\/osteraker\/sa-blir-osteraker-tryggare\/#breadcrumb","itemListElement":[{"@type":"ListItem","position":1,"name":"Hem","item":"https:\/\/wp.kristdemokraterna.se\/osteraker\/"},{"@type":"ListItem","position":2,"name":"S\u00e5 blir \u00d6ster\u00e5ker tryggare"}]},{"@type":"WebSite","@id":"https:\/\/wp.kristdemokraterna.se\/osteraker\/#website","url":"https:\/\/wp.kristdemokraterna.se\/osteraker\/","name":"\u00d6ster\u00e5ker","description":"En till Kristdemokraterna webbplats","inLanguage":"sv-SE"},{"@type":"Person","@id":"https:\/\/wp.kristdemokraterna.se\/osteraker\/#\/schema\/person\/6f9eb78d066425abf20284a6ad9f931e","name":"osteraker","image":{"@type":"ImageObject","inLanguage":"sv-SE","@id":"https:\/\/secure.gravatar.com\/avatar\/f1b71cfe25458d74228224dbcaffdaeccc0334373155fc9f32a3b0e60ceb6ed3?s=96&r=g","url":"https:\/\/secure.gravatar.com\/avatar\/f1b71cfe25458d74228224dbcaffdaeccc0334373155fc9f32a3b0e60ceb6ed3?s=96&r=g","contentUrl":"https:\/\/secure.gravatar.com\/avatar\/f1b71cfe25458d74228224dbcaffdaeccc0334373155fc9f32a3b0e60ceb6ed3?s=96&r=g","caption":"osteraker"},"url":"https:\/\/wp.kristdemokraterna.se\/osteraker\/author\/osteraker\/"}]}},"_links":{"self":[{"href":"https:\/\/wp.kristdemokraterna.se\/osteraker\/wp-json\/wp\/v2\/posts\/190","targetHints":{"allow":["GET"]}}],"collection":[{"href":"https:\/\/wp.kristdemokraterna.se\/osteraker\/wp-json\/wp\/v2\/posts"}],"about":[{"href":"https:\/\/wp.kristdemokraterna.se\/osteraker\/wp-json\/wp\/v2\/types\/post"}],"author":[{"embeddable":true,"href":"https:\/\/wp.kristdemokraterna.se\/osteraker\/wp-json\/wp\/v2\/users\/425"}],"replies":[{"embeddable":true,"href":"https:\/\/wp.kristdemokraterna.se\/osteraker\/wp-json\/wp\/v2\/comments?post=190"}],"version-history":[{"count":1,"href":"https:\/\/wp.kristdemokraterna.se\/osteraker\/wp-json\/wp\/v2\/posts\/190\/revisions"}],"predecessor-version":[{"id":191,"href":"https:\/\/wp.kristdemokraterna.se\/osteraker\/wp-json\/wp\/v2\/posts\/190\/revisions\/191"}],"wp:attachment":[{"href":"https:\/\/wp.kristdemokraterna.se\/osteraker\/wp-json\/wp\/v2\/media?parent=190"}],"wp:term":[{"taxonomy":"category","embeddable":true,"href":"https:\/\/wp.kristdemokraterna.se\/osteraker\/wp-json\/wp\/v2\/categories?post=190"},{"taxonomy":"post_tag","embeddable":true,"href":"https:\/\/wp.kristdemokraterna.se\/osteraker\/wp-json\/wp\/v2\/tags?post=190"}],"curies":[{"name":"wp","href":"https:\/\/api.w.org\/{rel}","templated":true}]}}