{"id":219,"date":"2017-10-16T15:52:32","date_gmt":"2017-10-16T13:52:32","guid":{"rendered":"http:\/\/wp.kristdemokraterna.se\/osteraker\/?p=219"},"modified":"2018-08-06T14:50:18","modified_gmt":"2018-08-06T12:50:18","slug":"tag-beslut-om-ungdomar-i-asylprocess-nu","status":"publish","type":"post","link":"https:\/\/wp.kristdemokraterna.se\/osteraker\/tag-beslut-om-ungdomar-i-asylprocess-nu\/","title":{"rendered":"Tag beslut om ungdomar i asylprocess nu"},"content":{"rendered":"<p>\u00d6ster\u00e5kers kommun har p\u00e5 ett kompetent och seri\u00f6st s\u00e4tt klarat den komplexa och ofta sv\u00e5ra uppgiften att ta emot m\u00e4nniskor p\u00e5 flykt undan krig, f\u00f6rf\u00f6ljelse och n\u00f6d. Politiker, tj\u00e4nstem\u00e4n p\u00e5 olika f\u00f6rvaltningar, volont\u00e4rer, skolpersonal och medborgare i \u00d6ster\u00e5ker har tillsammans bidragit till att skapa ett v\u00e4rdigt mottagande under ordnade former.<\/p>\n<p>Samsynen har varit stor och partierna har s\u00f6kt samf\u00f6rst\u00e5ndsl\u00f6sningar f\u00f6r att ta snabba och adekvata beslut. L\u00e5t oss forts\u00e4tta med det!<\/p>\n<p>Vad g\u00e4ller fr\u00e5gan om ungdomar i asylprocess som fyller 18 \u00e5r och huruvida de skall f\u00e5 bo kvar i v\u00e5r kommun eller skickas till n\u00e5got asylboende f\u00f6r vuxna n\u00e5gonstans i Sverige beh\u00f6ver vi nu ta ett snabbt klokt och gemensamt beslut.\u00a0 Organisationerna \u201dTillsammans \u00c5kersberga\u201d, IFEN och Frivilliga familjehem g\u00f6r viktiga insatser d\u00e4r det personliga engagemanget \u00e4r v\u00e4rt v\u00e5r respekt. Detsamma g\u00e4ller Kyrkans volont\u00e4rer. I skolorna bidrar v\u00e5ra l\u00e4rare varje dag till att hj\u00e4lpa v\u00e5ra ofta v\u00e4lmotiverade elever med invandrarbakgrund. De flesta av dessa elever \u00e4r v\u00e4l medvetna om vikten av att sk\u00f6ta sina studier. S\u00e5ledes finns det bra f\u00f6ruts\u00e4ttningar f\u00f6r att ge v\u00e5ra ungdomar goda utvecklingsm\u00f6jligheter.<\/p>\n<p>I ett i \u00f6vrigt positivt inl\u00e4gg fr\u00e5n A-C Furustrand och Jonas Jonsson (Kanalen 39) anger man ang\u00e5ende finansieringen f\u00f6r att l\u00f6sa situationen att regeringen \u201dkommer f\u00f6lja fr\u00e5gan om dessa medel kommer r\u00e4cka\u201d och att man \u201d\u00e4r beredda att agera beroende p\u00e5 hur l\u00e4get utvecklas\u201d. H\u00e4r kunde kanske beskeden ha varit tydligare med st\u00f6rre klarhet om statens ansvar f\u00f6r finansieringen. I inl\u00e4gg fr\u00e5n bland annat Michaela Haga i Kanalen nr 38 antyds att man vill \u201dhitta en l\u00f6sning\u201d p\u00e5 fr\u00e5gan kring ekonomin.<\/p>\n<p>Kristdemokraterna i \u00d6ster\u00e5ker anser att vi nu m\u00e5ste g\u00e5 till ett snabbt gemensamt beslut. Vi kan inte dra fr\u00e5gan i l\u00e5ngb\u00e4nk medan enskilda ungdomar riskerar att drabbas. Kommunens kostnader m\u00e5ste minimeras men beslutet skall vara tydligt:<\/p>\n<p>L\u00e5t ungdomar i asylprocess, som fyller 18 \u00e5r, bo kvar i v\u00e5r kommun.<\/p>\n<p>&nbsp;<\/p>\n<p>Arne Ekstrand, ordf\u00f6rande KD \u00d6ster\u00e5ker<\/p>\n","protected":false},"excerpt":{"rendered":"<p>\u00d6ster\u00e5kers kommun har p\u00e5 ett kompetent och seri\u00f6st s\u00e4tt klarat den komplexa och ofta sv\u00e5ra uppgiften att ta emot m\u00e4nniskor p\u00e5 flykt undan krig, f\u00f6rf\u00f6ljelse och n\u00f6d. Politiker, tj\u00e4nstem\u00e4n p\u00e5 olika f\u00f6rvaltningar, volont\u00e4rer, skolpersonal och medborgare i \u00d6ster\u00e5ker har tillsammans bidragit till att skapa ett v\u00e4rdigt mottagande under ordnade former. Samsynen har varit stor och <a class=\"read-more-link\" href=\"https:\/\/wp.kristdemokraterna.se\/osteraker\/tag-beslut-om-ungdomar-i-asylprocess-nu\/\">Read More<\/a><\/p>\n","protected":false},"author":425,"featured_media":0,"comment_status":"closed","ping_status":"closed","sticky":false,"template":"","format":"standard","meta":{"_acf_changed":false,"footnotes":""},"categories":[9],"tags":[],"class_list":["post-219","post","type-post","status-publish","format-standard","hentry","category-inlagg"],"acf":[],"yoast_head":"<!-- This site is optimized with the Yoast SEO plugin v27.4 - https:\/\/yoast.com\/product\/yoast-seo-wordpress\/ -->\n<title>Tag beslut om ungdomar i asylprocess nu - \u00d6ster\u00e5ker<\/title>\n<meta name=\"robots\" content=\"index, follow, max-snippet:-1, max-image-preview:large, max-video-preview:-1\" \/>\n<link rel=\"canonical\" href=\"https:\/\/wp.kristdemokraterna.se\/osteraker\/tag-beslut-om-ungdomar-i-asylprocess-nu\/\" \/>\n<meta property=\"og:locale\" content=\"sv_SE\" \/>\n<meta property=\"og:type\" content=\"article\" \/>\n<meta property=\"og:title\" content=\"Tag beslut om ungdomar i asylprocess nu - \u00d6ster\u00e5ker\" \/>\n<meta property=\"og:description\" content=\"\u00d6ster\u00e5kers kommun har p\u00e5 ett kompetent och seri\u00f6st s\u00e4tt klarat den komplexa och ofta sv\u00e5ra uppgiften att ta emot m\u00e4nniskor p\u00e5 flykt undan krig, f\u00f6rf\u00f6ljelse och n\u00f6d. Politiker, tj\u00e4nstem\u00e4n p\u00e5 olika f\u00f6rvaltningar, volont\u00e4rer, skolpersonal och medborgare i \u00d6ster\u00e5ker har tillsammans bidragit till att skapa ett v\u00e4rdigt mottagande under ordnade former. Samsynen har varit stor och Read More\" \/>\n<meta property=\"og:url\" content=\"https:\/\/wp.kristdemokraterna.se\/osteraker\/tag-beslut-om-ungdomar-i-asylprocess-nu\/\" \/>\n<meta property=\"og:site_name\" content=\"\u00d6ster\u00e5ker\" \/>\n<meta property=\"article:published_time\" content=\"2017-10-16T13:52:32+00:00\" \/>\n<meta property=\"article:modified_time\" content=\"2018-08-06T12:50:18+00:00\" \/>\n<meta name=\"author\" content=\"osteraker\" \/>\n<meta name=\"twitter:card\" content=\"summary_large_image\" \/>\n<meta name=\"twitter:label1\" content=\"Skriven av\" \/>\n\t<meta name=\"twitter:data1\" content=\"osteraker\" \/>\n\t<meta name=\"twitter:label2\" content=\"Ber\u00e4knad l\u00e4stid\" \/>\n\t<meta name=\"twitter:data2\" content=\"2 minuter\" \/>\n<script type=\"application\/ld+json\" class=\"yoast-schema-graph\">{\"@context\":\"https:\\\/\\\/schema.org\",\"@graph\":[{\"@type\":\"Article\",\"@id\":\"https:\\\/\\\/wp.kristdemokraterna.se\\\/osteraker\\\/tag-beslut-om-ungdomar-i-asylprocess-nu\\\/#article\",\"isPartOf\":{\"@id\":\"https:\\\/\\\/wp.kristdemokraterna.se\\\/osteraker\\\/tag-beslut-om-ungdomar-i-asylprocess-nu\\\/\"},\"author\":{\"name\":\"osteraker\",\"@id\":\"https:\\\/\\\/wp.kristdemokraterna.se\\\/osteraker\\\/#\\\/schema\\\/person\\\/6f9eb78d066425abf20284a6ad9f931e\"},\"headline\":\"Tag beslut om ungdomar i asylprocess nu\",\"datePublished\":\"2017-10-16T13:52:32+00:00\",\"dateModified\":\"2018-08-06T12:50:18+00:00\",\"mainEntityOfPage\":{\"@id\":\"https:\\\/\\\/wp.kristdemokraterna.se\\\/osteraker\\\/tag-beslut-om-ungdomar-i-asylprocess-nu\\\/\"},\"wordCount\":389,\"articleSection\":[\"Inl\u00e4gg\"],\"inLanguage\":\"sv-SE\"},{\"@type\":\"WebPage\",\"@id\":\"https:\\\/\\\/wp.kristdemokraterna.se\\\/osteraker\\\/tag-beslut-om-ungdomar-i-asylprocess-nu\\\/\",\"url\":\"https:\\\/\\\/wp.kristdemokraterna.se\\\/osteraker\\\/tag-beslut-om-ungdomar-i-asylprocess-nu\\\/\",\"name\":\"Tag beslut om ungdomar i asylprocess nu - \u00d6ster\u00e5ker\",\"isPartOf\":{\"@id\":\"https:\\\/\\\/wp.kristdemokraterna.se\\\/osteraker\\\/#website\"},\"datePublished\":\"2017-10-16T13:52:32+00:00\",\"dateModified\":\"2018-08-06T12:50:18+00:00\",\"author\":{\"@id\":\"https:\\\/\\\/wp.kristdemokraterna.se\\\/osteraker\\\/#\\\/schema\\\/person\\\/6f9eb78d066425abf20284a6ad9f931e\"},\"breadcrumb\":{\"@id\":\"https:\\\/\\\/wp.kristdemokraterna.se\\\/osteraker\\\/tag-beslut-om-ungdomar-i-asylprocess-nu\\\/#breadcrumb\"},\"inLanguage\":\"sv-SE\",\"potentialAction\":[{\"@type\":\"ReadAction\",\"target\":[\"https:\\\/\\\/wp.kristdemokraterna.se\\\/osteraker\\\/tag-beslut-om-ungdomar-i-asylprocess-nu\\\/\"]}]},{\"@type\":\"BreadcrumbList\",\"@id\":\"https:\\\/\\\/wp.kristdemokraterna.se\\\/osteraker\\\/tag-beslut-om-ungdomar-i-asylprocess-nu\\\/#breadcrumb\",\"itemListElement\":[{\"@type\":\"ListItem\",\"position\":1,\"name\":\"Hem\",\"item\":\"https:\\\/\\\/wp.kristdemokraterna.se\\\/osteraker\\\/\"},{\"@type\":\"ListItem\",\"position\":2,\"name\":\"Tag beslut om ungdomar i asylprocess nu\"}]},{\"@type\":\"WebSite\",\"@id\":\"https:\\\/\\\/wp.kristdemokraterna.se\\\/osteraker\\\/#website\",\"url\":\"https:\\\/\\\/wp.kristdemokraterna.se\\\/osteraker\\\/\",\"name\":\"\u00d6ster\u00e5ker\",\"description\":\"En till Kristdemokraterna webbplats\",\"inLanguage\":\"sv-SE\"},{\"@type\":\"Person\",\"@id\":\"https:\\\/\\\/wp.kristdemokraterna.se\\\/osteraker\\\/#\\\/schema\\\/person\\\/6f9eb78d066425abf20284a6ad9f931e\",\"name\":\"osteraker\",\"image\":{\"@type\":\"ImageObject\",\"inLanguage\":\"sv-SE\",\"@id\":\"https:\\\/\\\/secure.gravatar.com\\\/avatar\\\/f1b71cfe25458d74228224dbcaffdaeccc0334373155fc9f32a3b0e60ceb6ed3?s=96&r=g\",\"url\":\"https:\\\/\\\/secure.gravatar.com\\\/avatar\\\/f1b71cfe25458d74228224dbcaffdaeccc0334373155fc9f32a3b0e60ceb6ed3?s=96&r=g\",\"contentUrl\":\"https:\\\/\\\/secure.gravatar.com\\\/avatar\\\/f1b71cfe25458d74228224dbcaffdaeccc0334373155fc9f32a3b0e60ceb6ed3?s=96&r=g\",\"caption\":\"osteraker\"},\"url\":\"https:\\\/\\\/wp.kristdemokraterna.se\\\/osteraker\\\/author\\\/osteraker\\\/\"}]}<\/script>\n<!-- \/ Yoast SEO plugin. -->","yoast_head_json":{"title":"Tag beslut om ungdomar i asylprocess nu - \u00d6ster\u00e5ker","robots":{"index":"index","follow":"follow","max-snippet":"max-snippet:-1","max-image-preview":"max-image-preview:large","max-video-preview":"max-video-preview:-1"},"canonical":"https:\/\/wp.kristdemokraterna.se\/osteraker\/tag-beslut-om-ungdomar-i-asylprocess-nu\/","og_locale":"sv_SE","og_type":"article","og_title":"Tag beslut om ungdomar i asylprocess nu - \u00d6ster\u00e5ker","og_description":"\u00d6ster\u00e5kers kommun har p\u00e5 ett kompetent och seri\u00f6st s\u00e4tt klarat den komplexa och ofta sv\u00e5ra uppgiften att ta emot m\u00e4nniskor p\u00e5 flykt undan krig, f\u00f6rf\u00f6ljelse och n\u00f6d. Politiker, tj\u00e4nstem\u00e4n p\u00e5 olika f\u00f6rvaltningar, volont\u00e4rer, skolpersonal och medborgare i \u00d6ster\u00e5ker har tillsammans bidragit till att skapa ett v\u00e4rdigt mottagande under ordnade former. Samsynen har varit stor och Read More","og_url":"https:\/\/wp.kristdemokraterna.se\/osteraker\/tag-beslut-om-ungdomar-i-asylprocess-nu\/","og_site_name":"\u00d6ster\u00e5ker","article_published_time":"2017-10-16T13:52:32+00:00","article_modified_time":"2018-08-06T12:50:18+00:00","author":"osteraker","twitter_card":"summary_large_image","twitter_misc":{"Skriven av":"osteraker","Ber\u00e4knad l\u00e4stid":"2 minuter"},"schema":{"@context":"https:\/\/schema.org","@graph":[{"@type":"Article","@id":"https:\/\/wp.kristdemokraterna.se\/osteraker\/tag-beslut-om-ungdomar-i-asylprocess-nu\/#article","isPartOf":{"@id":"https:\/\/wp.kristdemokraterna.se\/osteraker\/tag-beslut-om-ungdomar-i-asylprocess-nu\/"},"author":{"name":"osteraker","@id":"https:\/\/wp.kristdemokraterna.se\/osteraker\/#\/schema\/person\/6f9eb78d066425abf20284a6ad9f931e"},"headline":"Tag beslut om ungdomar i asylprocess nu","datePublished":"2017-10-16T13:52:32+00:00","dateModified":"2018-08-06T12:50:18+00:00","mainEntityOfPage":{"@id":"https:\/\/wp.kristdemokraterna.se\/osteraker\/tag-beslut-om-ungdomar-i-asylprocess-nu\/"},"wordCount":389,"articleSection":["Inl\u00e4gg"],"inLanguage":"sv-SE"},{"@type":"WebPage","@id":"https:\/\/wp.kristdemokraterna.se\/osteraker\/tag-beslut-om-ungdomar-i-asylprocess-nu\/","url":"https:\/\/wp.kristdemokraterna.se\/osteraker\/tag-beslut-om-ungdomar-i-asylprocess-nu\/","name":"Tag beslut om ungdomar i asylprocess nu - \u00d6ster\u00e5ker","isPartOf":{"@id":"https:\/\/wp.kristdemokraterna.se\/osteraker\/#website"},"datePublished":"2017-10-16T13:52:32+00:00","dateModified":"2018-08-06T12:50:18+00:00","author":{"@id":"https:\/\/wp.kristdemokraterna.se\/osteraker\/#\/schema\/person\/6f9eb78d066425abf20284a6ad9f931e"},"breadcrumb":{"@id":"https:\/\/wp.kristdemokraterna.se\/osteraker\/tag-beslut-om-ungdomar-i-asylprocess-nu\/#breadcrumb"},"inLanguage":"sv-SE","potentialAction":[{"@type":"ReadAction","target":["https:\/\/wp.kristdemokraterna.se\/osteraker\/tag-beslut-om-ungdomar-i-asylprocess-nu\/"]}]},{"@type":"BreadcrumbList","@id":"https:\/\/wp.kristdemokraterna.se\/osteraker\/tag-beslut-om-ungdomar-i-asylprocess-nu\/#breadcrumb","itemListElement":[{"@type":"ListItem","position":1,"name":"Hem","item":"https:\/\/wp.kristdemokraterna.se\/osteraker\/"},{"@type":"ListItem","position":2,"name":"Tag beslut om ungdomar i asylprocess nu"}]},{"@type":"WebSite","@id":"https:\/\/wp.kristdemokraterna.se\/osteraker\/#website","url":"https:\/\/wp.kristdemokraterna.se\/osteraker\/","name":"\u00d6ster\u00e5ker","description":"En till Kristdemokraterna webbplats","inLanguage":"sv-SE"},{"@type":"Person","@id":"https:\/\/wp.kristdemokraterna.se\/osteraker\/#\/schema\/person\/6f9eb78d066425abf20284a6ad9f931e","name":"osteraker","image":{"@type":"ImageObject","inLanguage":"sv-SE","@id":"https:\/\/secure.gravatar.com\/avatar\/f1b71cfe25458d74228224dbcaffdaeccc0334373155fc9f32a3b0e60ceb6ed3?s=96&r=g","url":"https:\/\/secure.gravatar.com\/avatar\/f1b71cfe25458d74228224dbcaffdaeccc0334373155fc9f32a3b0e60ceb6ed3?s=96&r=g","contentUrl":"https:\/\/secure.gravatar.com\/avatar\/f1b71cfe25458d74228224dbcaffdaeccc0334373155fc9f32a3b0e60ceb6ed3?s=96&r=g","caption":"osteraker"},"url":"https:\/\/wp.kristdemokraterna.se\/osteraker\/author\/osteraker\/"}]}},"_links":{"self":[{"href":"https:\/\/wp.kristdemokraterna.se\/osteraker\/wp-json\/wp\/v2\/posts\/219","targetHints":{"allow":["GET"]}}],"collection":[{"href":"https:\/\/wp.kristdemokraterna.se\/osteraker\/wp-json\/wp\/v2\/posts"}],"about":[{"href":"https:\/\/wp.kristdemokraterna.se\/osteraker\/wp-json\/wp\/v2\/types\/post"}],"author":[{"embeddable":true,"href":"https:\/\/wp.kristdemokraterna.se\/osteraker\/wp-json\/wp\/v2\/users\/425"}],"replies":[{"embeddable":true,"href":"https:\/\/wp.kristdemokraterna.se\/osteraker\/wp-json\/wp\/v2\/comments?post=219"}],"version-history":[{"count":1,"href":"https:\/\/wp.kristdemokraterna.se\/osteraker\/wp-json\/wp\/v2\/posts\/219\/revisions"}],"predecessor-version":[{"id":220,"href":"https:\/\/wp.kristdemokraterna.se\/osteraker\/wp-json\/wp\/v2\/posts\/219\/revisions\/220"}],"wp:attachment":[{"href":"https:\/\/wp.kristdemokraterna.se\/osteraker\/wp-json\/wp\/v2\/media?parent=219"}],"wp:term":[{"taxonomy":"category","embeddable":true,"href":"https:\/\/wp.kristdemokraterna.se\/osteraker\/wp-json\/wp\/v2\/categories?post=219"},{"taxonomy":"post_tag","embeddable":true,"href":"https:\/\/wp.kristdemokraterna.se\/osteraker\/wp-json\/wp\/v2\/tags?post=219"}],"curies":[{"name":"wp","href":"https:\/\/api.w.org\/{rel}","templated":true}]}}