{"id":595,"date":"2016-01-29T16:23:19","date_gmt":"2016-01-29T15:23:19","guid":{"rendered":"http:\/\/wp.kristdemokraterna.se\/e\/?p=595"},"modified":"2016-01-29T16:23:19","modified_gmt":"2016-01-29T15:23:19","slug":"nyfiken-pa-politik","status":"publish","type":"post","link":"https:\/\/wp.kristdemokraterna.se\/ostergotland\/nyfiken-pa-politik\/","title":{"rendered":"Nyfiken p\u00e5 politik?!"},"content":{"rendered":"<p><a href=\"http:\/\/wp.kristdemokraterna.se\/norrkoping\/\" rel=\"attachment wp-att-597\"><img loading=\"lazy\" decoding=\"async\" class=\"aligncenter size-full wp-image-597\" src=\"http:\/\/wp.kristdemokraterna.se\/ostergotland\/files\/2016\/01\/utbildning.jpg\" alt=\"Utbildning\" width=\"842\" height=\"595\" srcset=\"https:\/\/wp.kristdemokraterna.se\/ostergotland\/files\/2016\/01\/utbildning.jpg 842w, https:\/\/wp.kristdemokraterna.se\/ostergotland\/files\/2016\/01\/utbildning-300x212.jpg 300w, https:\/\/wp.kristdemokraterna.se\/ostergotland\/files\/2016\/01\/utbildning-768x543.jpg 768w, https:\/\/wp.kristdemokraterna.se\/ostergotland\/files\/2016\/01\/utbildning-283x200.jpg 283w, https:\/\/wp.kristdemokraterna.se\/ostergotland\/files\/2016\/01\/utbildning-370x261.jpg 370w, https:\/\/wp.kristdemokraterna.se\/ostergotland\/files\/2016\/01\/utbildning-770x544.jpg 770w, https:\/\/wp.kristdemokraterna.se\/ostergotland\/files\/2016\/01\/utbildning-450x318.jpg 450w, https:\/\/wp.kristdemokraterna.se\/ostergotland\/files\/2016\/01\/utbildning-280x198.jpg 280w, https:\/\/wp.kristdemokraterna.se\/ostergotland\/files\/2016\/01\/utbildning-340x240.jpg 340w, https:\/\/wp.kristdemokraterna.se\/ostergotland\/files\/2016\/01\/utbildning-200x141.jpg 200w, https:\/\/wp.kristdemokraterna.se\/ostergotland\/files\/2016\/01\/utbildning-79x56.jpg 79w\" sizes=\"auto, (max-width: 842px) 100vw, 842px\" \/><\/a><\/p>\n","protected":false},"excerpt":{"rendered":"","protected":false},"author":444,"featured_media":0,"comment_status":"closed","ping_status":"closed","sticky":false,"template":"","format":"standard","meta":{"_acf_changed":false,"footnotes":""},"categories":[1],"tags":[],"class_list":["post-595","post","type-post","status-publish","format-standard","hentry","category-okategoriserade"],"acf":[],"yoast_head":"<!-- This site is optimized with the Yoast SEO plugin v27.5 - https:\/\/yoast.com\/product\/yoast-seo-wordpress\/ -->\n<title>Nyfiken p\u00e5 politik?! - Kristdemokraterna | \u00d6sterg\u00f6tland<\/title>\n<meta name=\"robots\" content=\"index, follow, max-snippet:-1, max-image-preview:large, max-video-preview:-1\" \/>\n<link rel=\"canonical\" href=\"https:\/\/wp.kristdemokraterna.se\/ostergotland\/nyfiken-pa-politik\/\" \/>\n<meta property=\"og:locale\" content=\"sv_SE\" \/>\n<meta property=\"og:type\" content=\"article\" \/>\n<meta property=\"og:title\" content=\"Nyfiken p\u00e5 politik?! - Kristdemokraterna | \u00d6sterg\u00f6tland\" \/>\n<meta property=\"og:url\" content=\"https:\/\/wp.kristdemokraterna.se\/ostergotland\/nyfiken-pa-politik\/\" \/>\n<meta property=\"og:site_name\" content=\"Kristdemokraterna | \u00d6sterg\u00f6tland\" \/>\n<meta property=\"article:published_time\" content=\"2016-01-29T15:23:19+00:00\" \/>\n<meta property=\"og:image\" content=\"http:\/\/wp.kristdemokraterna.se\/ostergotland\/files\/2016\/01\/utbildning.jpg\" \/>\n<meta name=\"author\" content=\"helpdesk\" \/>\n<meta name=\"twitter:card\" content=\"summary_large_image\" \/>\n<meta name=\"twitter:label1\" content=\"Skriven av\" \/>\n\t<meta name=\"twitter:data1\" content=\"helpdesk\" \/>\n<script type=\"application\/ld+json\" class=\"yoast-schema-graph\">{\"@context\":\"https:\\\/\\\/schema.org\",\"@graph\":[{\"@type\":\"Article\",\"@id\":\"https:\\\/\\\/wp.kristdemokraterna.se\\\/ostergotland\\\/nyfiken-pa-politik\\\/#article\",\"isPartOf\":{\"@id\":\"https:\\\/\\\/wp.kristdemokraterna.se\\\/ostergotland\\\/nyfiken-pa-politik\\\/\"},\"author\":{\"name\":\"helpdesk\",\"@id\":\"https:\\\/\\\/wp.kristdemokraterna.se\\\/ostergotland\\\/#\\\/schema\\\/person\\\/98d27838d17178471da5e8a56aa604a4\"},\"headline\":\"Nyfiken p\u00e5 politik?!\",\"datePublished\":\"2016-01-29T15:23:19+00:00\",\"mainEntityOfPage\":{\"@id\":\"https:\\\/\\\/wp.kristdemokraterna.se\\\/ostergotland\\\/nyfiken-pa-politik\\\/\"},\"wordCount\":3,\"image\":{\"@id\":\"https:\\\/\\\/wp.kristdemokraterna.se\\\/ostergotland\\\/nyfiken-pa-politik\\\/#primaryimage\"},\"thumbnailUrl\":\"http:\\\/\\\/wp.kristdemokraterna.se\\\/ostergotland\\\/files\\\/2016\\\/01\\\/utbildning.jpg\",\"inLanguage\":\"sv-SE\"},{\"@type\":\"WebPage\",\"@id\":\"https:\\\/\\\/wp.kristdemokraterna.se\\\/ostergotland\\\/nyfiken-pa-politik\\\/\",\"url\":\"https:\\\/\\\/wp.kristdemokraterna.se\\\/ostergotland\\\/nyfiken-pa-politik\\\/\",\"name\":\"Nyfiken p\u00e5 politik?! - Kristdemokraterna | \u00d6sterg\u00f6tland\",\"isPartOf\":{\"@id\":\"https:\\\/\\\/wp.kristdemokraterna.se\\\/ostergotland\\\/#website\"},\"primaryImageOfPage\":{\"@id\":\"https:\\\/\\\/wp.kristdemokraterna.se\\\/ostergotland\\\/nyfiken-pa-politik\\\/#primaryimage\"},\"image\":{\"@id\":\"https:\\\/\\\/wp.kristdemokraterna.se\\\/ostergotland\\\/nyfiken-pa-politik\\\/#primaryimage\"},\"thumbnailUrl\":\"http:\\\/\\\/wp.kristdemokraterna.se\\\/ostergotland\\\/files\\\/2016\\\/01\\\/utbildning.jpg\",\"datePublished\":\"2016-01-29T15:23:19+00:00\",\"author\":{\"@id\":\"https:\\\/\\\/wp.kristdemokraterna.se\\\/ostergotland\\\/#\\\/schema\\\/person\\\/98d27838d17178471da5e8a56aa604a4\"},\"breadcrumb\":{\"@id\":\"https:\\\/\\\/wp.kristdemokraterna.se\\\/ostergotland\\\/nyfiken-pa-politik\\\/#breadcrumb\"},\"inLanguage\":\"sv-SE\",\"potentialAction\":[{\"@type\":\"ReadAction\",\"target\":[\"https:\\\/\\\/wp.kristdemokraterna.se\\\/ostergotland\\\/nyfiken-pa-politik\\\/\"]}]},{\"@type\":\"ImageObject\",\"inLanguage\":\"sv-SE\",\"@id\":\"https:\\\/\\\/wp.kristdemokraterna.se\\\/ostergotland\\\/nyfiken-pa-politik\\\/#primaryimage\",\"url\":\"https:\\\/\\\/wp.kristdemokraterna.se\\\/ostergotland\\\/files\\\/2016\\\/01\\\/utbildning.jpg\",\"contentUrl\":\"https:\\\/\\\/wp.kristdemokraterna.se\\\/ostergotland\\\/files\\\/2016\\\/01\\\/utbildning.jpg\",\"width\":842,\"height\":595},{\"@type\":\"BreadcrumbList\",\"@id\":\"https:\\\/\\\/wp.kristdemokraterna.se\\\/ostergotland\\\/nyfiken-pa-politik\\\/#breadcrumb\",\"itemListElement\":[{\"@type\":\"ListItem\",\"position\":1,\"name\":\"Hem\",\"item\":\"https:\\\/\\\/wp.kristdemokraterna.se\\\/ostergotland\\\/\"},{\"@type\":\"ListItem\",\"position\":2,\"name\":\"Nyfiken p\u00e5 politik?!\"}]},{\"@type\":\"WebSite\",\"@id\":\"https:\\\/\\\/wp.kristdemokraterna.se\\\/ostergotland\\\/#website\",\"url\":\"https:\\\/\\\/wp.kristdemokraterna.se\\\/ostergotland\\\/\",\"name\":\"Kristdemokraterna | \u00d6sterg\u00f6tland\",\"description\":\"V\u00e4lkommen till Kristdemokraterna i \u00d6sterg\u00f6tland\",\"inLanguage\":\"sv-SE\"},{\"@type\":\"Person\",\"@id\":\"https:\\\/\\\/wp.kristdemokraterna.se\\\/ostergotland\\\/#\\\/schema\\\/person\\\/98d27838d17178471da5e8a56aa604a4\",\"name\":\"helpdesk\",\"image\":{\"@type\":\"ImageObject\",\"inLanguage\":\"sv-SE\",\"@id\":\"https:\\\/\\\/secure.gravatar.com\\\/avatar\\\/2e747bc9a7d4e5a6ecca7d851e4175129f995f3f6d9ef18734d1ff623abe4a88?s=96&d=mm&r=g\",\"url\":\"https:\\\/\\\/secure.gravatar.com\\\/avatar\\\/2e747bc9a7d4e5a6ecca7d851e4175129f995f3f6d9ef18734d1ff623abe4a88?s=96&d=mm&r=g\",\"contentUrl\":\"https:\\\/\\\/secure.gravatar.com\\\/avatar\\\/2e747bc9a7d4e5a6ecca7d851e4175129f995f3f6d9ef18734d1ff623abe4a88?s=96&d=mm&r=g\",\"caption\":\"helpdesk\"},\"url\":\"https:\\\/\\\/wp.kristdemokraterna.se\\\/ostergotland\\\/author\\\/helpdesk\\\/\"}]}<\/script>\n<!-- \/ Yoast SEO plugin. -->","yoast_head_json":{"title":"Nyfiken p\u00e5 politik?! - Kristdemokraterna | \u00d6sterg\u00f6tland","robots":{"index":"index","follow":"follow","max-snippet":"max-snippet:-1","max-image-preview":"max-image-preview:large","max-video-preview":"max-video-preview:-1"},"canonical":"https:\/\/wp.kristdemokraterna.se\/ostergotland\/nyfiken-pa-politik\/","og_locale":"sv_SE","og_type":"article","og_title":"Nyfiken p\u00e5 politik?! - Kristdemokraterna | \u00d6sterg\u00f6tland","og_url":"https:\/\/wp.kristdemokraterna.se\/ostergotland\/nyfiken-pa-politik\/","og_site_name":"Kristdemokraterna | \u00d6sterg\u00f6tland","article_published_time":"2016-01-29T15:23:19+00:00","og_image":[{"url":"http:\/\/wp.kristdemokraterna.se\/ostergotland\/files\/2016\/01\/utbildning.jpg","type":"","width":"","height":""}],"author":"helpdesk","twitter_card":"summary_large_image","twitter_misc":{"Skriven av":"helpdesk"},"schema":{"@context":"https:\/\/schema.org","@graph":[{"@type":"Article","@id":"https:\/\/wp.kristdemokraterna.se\/ostergotland\/nyfiken-pa-politik\/#article","isPartOf":{"@id":"https:\/\/wp.kristdemokraterna.se\/ostergotland\/nyfiken-pa-politik\/"},"author":{"name":"helpdesk","@id":"https:\/\/wp.kristdemokraterna.se\/ostergotland\/#\/schema\/person\/98d27838d17178471da5e8a56aa604a4"},"headline":"Nyfiken p\u00e5 politik?!","datePublished":"2016-01-29T15:23:19+00:00","mainEntityOfPage":{"@id":"https:\/\/wp.kristdemokraterna.se\/ostergotland\/nyfiken-pa-politik\/"},"wordCount":3,"image":{"@id":"https:\/\/wp.kristdemokraterna.se\/ostergotland\/nyfiken-pa-politik\/#primaryimage"},"thumbnailUrl":"http:\/\/wp.kristdemokraterna.se\/ostergotland\/files\/2016\/01\/utbildning.jpg","inLanguage":"sv-SE"},{"@type":"WebPage","@id":"https:\/\/wp.kristdemokraterna.se\/ostergotland\/nyfiken-pa-politik\/","url":"https:\/\/wp.kristdemokraterna.se\/ostergotland\/nyfiken-pa-politik\/","name":"Nyfiken p\u00e5 politik?! - Kristdemokraterna | \u00d6sterg\u00f6tland","isPartOf":{"@id":"https:\/\/wp.kristdemokraterna.se\/ostergotland\/#website"},"primaryImageOfPage":{"@id":"https:\/\/wp.kristdemokraterna.se\/ostergotland\/nyfiken-pa-politik\/#primaryimage"},"image":{"@id":"https:\/\/wp.kristdemokraterna.se\/ostergotland\/nyfiken-pa-politik\/#primaryimage"},"thumbnailUrl":"http:\/\/wp.kristdemokraterna.se\/ostergotland\/files\/2016\/01\/utbildning.jpg","datePublished":"2016-01-29T15:23:19+00:00","author":{"@id":"https:\/\/wp.kristdemokraterna.se\/ostergotland\/#\/schema\/person\/98d27838d17178471da5e8a56aa604a4"},"breadcrumb":{"@id":"https:\/\/wp.kristdemokraterna.se\/ostergotland\/nyfiken-pa-politik\/#breadcrumb"},"inLanguage":"sv-SE","potentialAction":[{"@type":"ReadAction","target":["https:\/\/wp.kristdemokraterna.se\/ostergotland\/nyfiken-pa-politik\/"]}]},{"@type":"ImageObject","inLanguage":"sv-SE","@id":"https:\/\/wp.kristdemokraterna.se\/ostergotland\/nyfiken-pa-politik\/#primaryimage","url":"https:\/\/wp.kristdemokraterna.se\/ostergotland\/files\/2016\/01\/utbildning.jpg","contentUrl":"https:\/\/wp.kristdemokraterna.se\/ostergotland\/files\/2016\/01\/utbildning.jpg","width":842,"height":595},{"@type":"BreadcrumbList","@id":"https:\/\/wp.kristdemokraterna.se\/ostergotland\/nyfiken-pa-politik\/#breadcrumb","itemListElement":[{"@type":"ListItem","position":1,"name":"Hem","item":"https:\/\/wp.kristdemokraterna.se\/ostergotland\/"},{"@type":"ListItem","position":2,"name":"Nyfiken p\u00e5 politik?!"}]},{"@type":"WebSite","@id":"https:\/\/wp.kristdemokraterna.se\/ostergotland\/#website","url":"https:\/\/wp.kristdemokraterna.se\/ostergotland\/","name":"Kristdemokraterna | \u00d6sterg\u00f6tland","description":"V\u00e4lkommen till Kristdemokraterna i \u00d6sterg\u00f6tland","inLanguage":"sv-SE"},{"@type":"Person","@id":"https:\/\/wp.kristdemokraterna.se\/ostergotland\/#\/schema\/person\/98d27838d17178471da5e8a56aa604a4","name":"helpdesk","image":{"@type":"ImageObject","inLanguage":"sv-SE","@id":"https:\/\/secure.gravatar.com\/avatar\/2e747bc9a7d4e5a6ecca7d851e4175129f995f3f6d9ef18734d1ff623abe4a88?s=96&d=mm&r=g","url":"https:\/\/secure.gravatar.com\/avatar\/2e747bc9a7d4e5a6ecca7d851e4175129f995f3f6d9ef18734d1ff623abe4a88?s=96&d=mm&r=g","contentUrl":"https:\/\/secure.gravatar.com\/avatar\/2e747bc9a7d4e5a6ecca7d851e4175129f995f3f6d9ef18734d1ff623abe4a88?s=96&d=mm&r=g","caption":"helpdesk"},"url":"https:\/\/wp.kristdemokraterna.se\/ostergotland\/author\/helpdesk\/"}]}},"_links":{"self":[{"href":"https:\/\/wp.kristdemokraterna.se\/ostergotland\/wp-json\/wp\/v2\/posts\/595","targetHints":{"allow":["GET"]}}],"collection":[{"href":"https:\/\/wp.kristdemokraterna.se\/ostergotland\/wp-json\/wp\/v2\/posts"}],"about":[{"href":"https:\/\/wp.kristdemokraterna.se\/ostergotland\/wp-json\/wp\/v2\/types\/post"}],"author":[{"embeddable":true,"href":"https:\/\/wp.kristdemokraterna.se\/ostergotland\/wp-json\/wp\/v2\/users\/444"}],"replies":[{"embeddable":true,"href":"https:\/\/wp.kristdemokraterna.se\/ostergotland\/wp-json\/wp\/v2\/comments?post=595"}],"version-history":[{"count":0,"href":"https:\/\/wp.kristdemokraterna.se\/ostergotland\/wp-json\/wp\/v2\/posts\/595\/revisions"}],"wp:attachment":[{"href":"https:\/\/wp.kristdemokraterna.se\/ostergotland\/wp-json\/wp\/v2\/media?parent=595"}],"wp:term":[{"taxonomy":"category","embeddable":true,"href":"https:\/\/wp.kristdemokraterna.se\/ostergotland\/wp-json\/wp\/v2\/categories?post=595"},{"taxonomy":"post_tag","embeddable":true,"href":"https:\/\/wp.kristdemokraterna.se\/ostergotland\/wp-json\/wp\/v2\/tags?post=595"}],"curies":[{"name":"wp","href":"https:\/\/api.w.org\/{rel}","templated":true}]}}