{"id":600,"date":"2016-02-11T11:38:10","date_gmt":"2016-02-11T10:38:10","guid":{"rendered":"http:\/\/wp.kristdemokraterna.se\/e\/?p=600"},"modified":"2016-02-11T11:38:10","modified_gmt":"2016-02-11T10:38:10","slug":"rakt-pa-med-busch-thor","status":"publish","type":"post","link":"https:\/\/wp.kristdemokraterna.se\/ostergotland\/rakt-pa-med-busch-thor\/","title":{"rendered":"Rakt p\u00e5 med Busch Thor"},"content":{"rendered":"<p><a href=\"http:\/\/www.svtplay.se\/video\/6390981\/rakt-pa\/rakt-pa-10-02-15-30\" rel=\"attachment wp-att-601\"><img loading=\"lazy\" decoding=\"async\" class=\"aligncenter size-full wp-image-601\" src=\"http:\/\/wp.kristdemokraterna.se\/ostergotland\/files\/2016\/02\/ebt.jpg\" alt=\"EBT\" width=\"960\" height=\"539\" srcset=\"https:\/\/wp.kristdemokraterna.se\/ostergotland\/files\/2016\/02\/ebt.jpg 960w, https:\/\/wp.kristdemokraterna.se\/ostergotland\/files\/2016\/02\/ebt-300x168.jpg 300w, https:\/\/wp.kristdemokraterna.se\/ostergotland\/files\/2016\/02\/ebt-768x431.jpg 768w, https:\/\/wp.kristdemokraterna.se\/ostergotland\/files\/2016\/02\/ebt-356x200.jpg 356w, https:\/\/wp.kristdemokraterna.se\/ostergotland\/files\/2016\/02\/ebt-370x208.jpg 370w, https:\/\/wp.kristdemokraterna.se\/ostergotland\/files\/2016\/02\/ebt-770x432.jpg 770w, https:\/\/wp.kristdemokraterna.se\/ostergotland\/files\/2016\/02\/ebt-450x253.jpg 450w, https:\/\/wp.kristdemokraterna.se\/ostergotland\/files\/2016\/02\/ebt-280x157.jpg 280w, https:\/\/wp.kristdemokraterna.se\/ostergotland\/files\/2016\/02\/ebt-340x191.jpg 340w, https:\/\/wp.kristdemokraterna.se\/ostergotland\/files\/2016\/02\/ebt-200x112.jpg 200w, https:\/\/wp.kristdemokraterna.se\/ostergotland\/files\/2016\/02\/ebt-100x56.jpg 100w\" sizes=\"auto, (max-width: 960px) 100vw, 960px\" \/><\/a><\/p>\n<p>Ni missade v\u00e4l inte intervjun med Ebba Busch Thor i programmet Rakt p\u00e5? Klicka p\u00e5 bilden s\u00e5 kan du se den i efterhand.<\/p>\n","protected":false},"excerpt":{"rendered":"<p>Ni missade v\u00e4l inte intervjun med Ebba Busch Thor i programmet Rakt p\u00e5? Klicka p\u00e5 bilden s\u00e5 kan du se den i efterhand.<\/p>\n","protected":false},"author":444,"featured_media":0,"comment_status":"closed","ping_status":"closed","sticky":false,"template":"","format":"standard","meta":{"_acf_changed":false,"footnotes":""},"categories":[1],"tags":[],"class_list":["post-600","post","type-post","status-publish","format-standard","hentry","category-okategoriserade"],"acf":[],"yoast_head":"<!-- This site is optimized with the Yoast SEO plugin v27.5 - https:\/\/yoast.com\/product\/yoast-seo-wordpress\/ -->\n<title>Rakt p\u00e5 med Busch Thor - Kristdemokraterna | \u00d6sterg\u00f6tland<\/title>\n<meta name=\"robots\" content=\"index, follow, max-snippet:-1, max-image-preview:large, max-video-preview:-1\" \/>\n<link rel=\"canonical\" href=\"https:\/\/wp.kristdemokraterna.se\/ostergotland\/rakt-pa-med-busch-thor\/\" \/>\n<meta property=\"og:locale\" content=\"sv_SE\" \/>\n<meta property=\"og:type\" content=\"article\" \/>\n<meta property=\"og:title\" content=\"Rakt p\u00e5 med Busch Thor - Kristdemokraterna | \u00d6sterg\u00f6tland\" \/>\n<meta property=\"og:description\" content=\"Ni missade v\u00e4l inte intervjun med Ebba Busch Thor i programmet Rakt p\u00e5? Klicka p\u00e5 bilden s\u00e5 kan du se den i efterhand.\" \/>\n<meta property=\"og:url\" content=\"https:\/\/wp.kristdemokraterna.se\/ostergotland\/rakt-pa-med-busch-thor\/\" \/>\n<meta property=\"og:site_name\" content=\"Kristdemokraterna | \u00d6sterg\u00f6tland\" \/>\n<meta property=\"article:published_time\" content=\"2016-02-11T10:38:10+00:00\" \/>\n<meta property=\"og:image\" content=\"http:\/\/wp.kristdemokraterna.se\/ostergotland\/files\/2016\/02\/ebt.jpg\" \/>\n<meta name=\"author\" content=\"helpdesk\" \/>\n<meta name=\"twitter:card\" content=\"summary_large_image\" \/>\n<meta name=\"twitter:label1\" content=\"Skriven av\" \/>\n\t<meta name=\"twitter:data1\" content=\"helpdesk\" \/>\n<script type=\"application\/ld+json\" class=\"yoast-schema-graph\">{\"@context\":\"https:\\\/\\\/schema.org\",\"@graph\":[{\"@type\":\"Article\",\"@id\":\"https:\\\/\\\/wp.kristdemokraterna.se\\\/ostergotland\\\/rakt-pa-med-busch-thor\\\/#article\",\"isPartOf\":{\"@id\":\"https:\\\/\\\/wp.kristdemokraterna.se\\\/ostergotland\\\/rakt-pa-med-busch-thor\\\/\"},\"author\":{\"name\":\"helpdesk\",\"@id\":\"https:\\\/\\\/wp.kristdemokraterna.se\\\/ostergotland\\\/#\\\/schema\\\/person\\\/98d27838d17178471da5e8a56aa604a4\"},\"headline\":\"Rakt p\u00e5 med Busch Thor\",\"datePublished\":\"2016-02-11T10:38:10+00:00\",\"mainEntityOfPage\":{\"@id\":\"https:\\\/\\\/wp.kristdemokraterna.se\\\/ostergotland\\\/rakt-pa-med-busch-thor\\\/\"},\"wordCount\":29,\"image\":{\"@id\":\"https:\\\/\\\/wp.kristdemokraterna.se\\\/ostergotland\\\/rakt-pa-med-busch-thor\\\/#primaryimage\"},\"thumbnailUrl\":\"http:\\\/\\\/wp.kristdemokraterna.se\\\/ostergotland\\\/files\\\/2016\\\/02\\\/ebt.jpg\",\"inLanguage\":\"sv-SE\"},{\"@type\":\"WebPage\",\"@id\":\"https:\\\/\\\/wp.kristdemokraterna.se\\\/ostergotland\\\/rakt-pa-med-busch-thor\\\/\",\"url\":\"https:\\\/\\\/wp.kristdemokraterna.se\\\/ostergotland\\\/rakt-pa-med-busch-thor\\\/\",\"name\":\"Rakt p\u00e5 med Busch Thor - Kristdemokraterna | \u00d6sterg\u00f6tland\",\"isPartOf\":{\"@id\":\"https:\\\/\\\/wp.kristdemokraterna.se\\\/ostergotland\\\/#website\"},\"primaryImageOfPage\":{\"@id\":\"https:\\\/\\\/wp.kristdemokraterna.se\\\/ostergotland\\\/rakt-pa-med-busch-thor\\\/#primaryimage\"},\"image\":{\"@id\":\"https:\\\/\\\/wp.kristdemokraterna.se\\\/ostergotland\\\/rakt-pa-med-busch-thor\\\/#primaryimage\"},\"thumbnailUrl\":\"http:\\\/\\\/wp.kristdemokraterna.se\\\/ostergotland\\\/files\\\/2016\\\/02\\\/ebt.jpg\",\"datePublished\":\"2016-02-11T10:38:10+00:00\",\"author\":{\"@id\":\"https:\\\/\\\/wp.kristdemokraterna.se\\\/ostergotland\\\/#\\\/schema\\\/person\\\/98d27838d17178471da5e8a56aa604a4\"},\"breadcrumb\":{\"@id\":\"https:\\\/\\\/wp.kristdemokraterna.se\\\/ostergotland\\\/rakt-pa-med-busch-thor\\\/#breadcrumb\"},\"inLanguage\":\"sv-SE\",\"potentialAction\":[{\"@type\":\"ReadAction\",\"target\":[\"https:\\\/\\\/wp.kristdemokraterna.se\\\/ostergotland\\\/rakt-pa-med-busch-thor\\\/\"]}]},{\"@type\":\"ImageObject\",\"inLanguage\":\"sv-SE\",\"@id\":\"https:\\\/\\\/wp.kristdemokraterna.se\\\/ostergotland\\\/rakt-pa-med-busch-thor\\\/#primaryimage\",\"url\":\"https:\\\/\\\/wp.kristdemokraterna.se\\\/ostergotland\\\/files\\\/2016\\\/02\\\/ebt.jpg\",\"contentUrl\":\"https:\\\/\\\/wp.kristdemokraterna.se\\\/ostergotland\\\/files\\\/2016\\\/02\\\/ebt.jpg\",\"width\":960,\"height\":539},{\"@type\":\"BreadcrumbList\",\"@id\":\"https:\\\/\\\/wp.kristdemokraterna.se\\\/ostergotland\\\/rakt-pa-med-busch-thor\\\/#breadcrumb\",\"itemListElement\":[{\"@type\":\"ListItem\",\"position\":1,\"name\":\"Hem\",\"item\":\"https:\\\/\\\/wp.kristdemokraterna.se\\\/ostergotland\\\/\"},{\"@type\":\"ListItem\",\"position\":2,\"name\":\"Rakt p\u00e5 med Busch Thor\"}]},{\"@type\":\"WebSite\",\"@id\":\"https:\\\/\\\/wp.kristdemokraterna.se\\\/ostergotland\\\/#website\",\"url\":\"https:\\\/\\\/wp.kristdemokraterna.se\\\/ostergotland\\\/\",\"name\":\"Kristdemokraterna | \u00d6sterg\u00f6tland\",\"description\":\"V\u00e4lkommen till Kristdemokraterna i \u00d6sterg\u00f6tland\",\"inLanguage\":\"sv-SE\"},{\"@type\":\"Person\",\"@id\":\"https:\\\/\\\/wp.kristdemokraterna.se\\\/ostergotland\\\/#\\\/schema\\\/person\\\/98d27838d17178471da5e8a56aa604a4\",\"name\":\"helpdesk\",\"image\":{\"@type\":\"ImageObject\",\"inLanguage\":\"sv-SE\",\"@id\":\"https:\\\/\\\/secure.gravatar.com\\\/avatar\\\/2e747bc9a7d4e5a6ecca7d851e4175129f995f3f6d9ef18734d1ff623abe4a88?s=96&d=mm&r=g\",\"url\":\"https:\\\/\\\/secure.gravatar.com\\\/avatar\\\/2e747bc9a7d4e5a6ecca7d851e4175129f995f3f6d9ef18734d1ff623abe4a88?s=96&d=mm&r=g\",\"contentUrl\":\"https:\\\/\\\/secure.gravatar.com\\\/avatar\\\/2e747bc9a7d4e5a6ecca7d851e4175129f995f3f6d9ef18734d1ff623abe4a88?s=96&d=mm&r=g\",\"caption\":\"helpdesk\"},\"url\":\"https:\\\/\\\/wp.kristdemokraterna.se\\\/ostergotland\\\/author\\\/helpdesk\\\/\"}]}<\/script>\n<!-- \/ Yoast SEO plugin. -->","yoast_head_json":{"title":"Rakt p\u00e5 med Busch Thor - Kristdemokraterna | \u00d6sterg\u00f6tland","robots":{"index":"index","follow":"follow","max-snippet":"max-snippet:-1","max-image-preview":"max-image-preview:large","max-video-preview":"max-video-preview:-1"},"canonical":"https:\/\/wp.kristdemokraterna.se\/ostergotland\/rakt-pa-med-busch-thor\/","og_locale":"sv_SE","og_type":"article","og_title":"Rakt p\u00e5 med Busch Thor - Kristdemokraterna | \u00d6sterg\u00f6tland","og_description":"Ni missade v\u00e4l inte intervjun med Ebba Busch Thor i programmet Rakt p\u00e5? Klicka p\u00e5 bilden s\u00e5 kan du se den i efterhand.","og_url":"https:\/\/wp.kristdemokraterna.se\/ostergotland\/rakt-pa-med-busch-thor\/","og_site_name":"Kristdemokraterna | \u00d6sterg\u00f6tland","article_published_time":"2016-02-11T10:38:10+00:00","og_image":[{"url":"http:\/\/wp.kristdemokraterna.se\/ostergotland\/files\/2016\/02\/ebt.jpg","type":"","width":"","height":""}],"author":"helpdesk","twitter_card":"summary_large_image","twitter_misc":{"Skriven av":"helpdesk"},"schema":{"@context":"https:\/\/schema.org","@graph":[{"@type":"Article","@id":"https:\/\/wp.kristdemokraterna.se\/ostergotland\/rakt-pa-med-busch-thor\/#article","isPartOf":{"@id":"https:\/\/wp.kristdemokraterna.se\/ostergotland\/rakt-pa-med-busch-thor\/"},"author":{"name":"helpdesk","@id":"https:\/\/wp.kristdemokraterna.se\/ostergotland\/#\/schema\/person\/98d27838d17178471da5e8a56aa604a4"},"headline":"Rakt p\u00e5 med Busch Thor","datePublished":"2016-02-11T10:38:10+00:00","mainEntityOfPage":{"@id":"https:\/\/wp.kristdemokraterna.se\/ostergotland\/rakt-pa-med-busch-thor\/"},"wordCount":29,"image":{"@id":"https:\/\/wp.kristdemokraterna.se\/ostergotland\/rakt-pa-med-busch-thor\/#primaryimage"},"thumbnailUrl":"http:\/\/wp.kristdemokraterna.se\/ostergotland\/files\/2016\/02\/ebt.jpg","inLanguage":"sv-SE"},{"@type":"WebPage","@id":"https:\/\/wp.kristdemokraterna.se\/ostergotland\/rakt-pa-med-busch-thor\/","url":"https:\/\/wp.kristdemokraterna.se\/ostergotland\/rakt-pa-med-busch-thor\/","name":"Rakt p\u00e5 med Busch Thor - Kristdemokraterna | \u00d6sterg\u00f6tland","isPartOf":{"@id":"https:\/\/wp.kristdemokraterna.se\/ostergotland\/#website"},"primaryImageOfPage":{"@id":"https:\/\/wp.kristdemokraterna.se\/ostergotland\/rakt-pa-med-busch-thor\/#primaryimage"},"image":{"@id":"https:\/\/wp.kristdemokraterna.se\/ostergotland\/rakt-pa-med-busch-thor\/#primaryimage"},"thumbnailUrl":"http:\/\/wp.kristdemokraterna.se\/ostergotland\/files\/2016\/02\/ebt.jpg","datePublished":"2016-02-11T10:38:10+00:00","author":{"@id":"https:\/\/wp.kristdemokraterna.se\/ostergotland\/#\/schema\/person\/98d27838d17178471da5e8a56aa604a4"},"breadcrumb":{"@id":"https:\/\/wp.kristdemokraterna.se\/ostergotland\/rakt-pa-med-busch-thor\/#breadcrumb"},"inLanguage":"sv-SE","potentialAction":[{"@type":"ReadAction","target":["https:\/\/wp.kristdemokraterna.se\/ostergotland\/rakt-pa-med-busch-thor\/"]}]},{"@type":"ImageObject","inLanguage":"sv-SE","@id":"https:\/\/wp.kristdemokraterna.se\/ostergotland\/rakt-pa-med-busch-thor\/#primaryimage","url":"https:\/\/wp.kristdemokraterna.se\/ostergotland\/files\/2016\/02\/ebt.jpg","contentUrl":"https:\/\/wp.kristdemokraterna.se\/ostergotland\/files\/2016\/02\/ebt.jpg","width":960,"height":539},{"@type":"BreadcrumbList","@id":"https:\/\/wp.kristdemokraterna.se\/ostergotland\/rakt-pa-med-busch-thor\/#breadcrumb","itemListElement":[{"@type":"ListItem","position":1,"name":"Hem","item":"https:\/\/wp.kristdemokraterna.se\/ostergotland\/"},{"@type":"ListItem","position":2,"name":"Rakt p\u00e5 med Busch Thor"}]},{"@type":"WebSite","@id":"https:\/\/wp.kristdemokraterna.se\/ostergotland\/#website","url":"https:\/\/wp.kristdemokraterna.se\/ostergotland\/","name":"Kristdemokraterna | \u00d6sterg\u00f6tland","description":"V\u00e4lkommen till Kristdemokraterna i \u00d6sterg\u00f6tland","inLanguage":"sv-SE"},{"@type":"Person","@id":"https:\/\/wp.kristdemokraterna.se\/ostergotland\/#\/schema\/person\/98d27838d17178471da5e8a56aa604a4","name":"helpdesk","image":{"@type":"ImageObject","inLanguage":"sv-SE","@id":"https:\/\/secure.gravatar.com\/avatar\/2e747bc9a7d4e5a6ecca7d851e4175129f995f3f6d9ef18734d1ff623abe4a88?s=96&d=mm&r=g","url":"https:\/\/secure.gravatar.com\/avatar\/2e747bc9a7d4e5a6ecca7d851e4175129f995f3f6d9ef18734d1ff623abe4a88?s=96&d=mm&r=g","contentUrl":"https:\/\/secure.gravatar.com\/avatar\/2e747bc9a7d4e5a6ecca7d851e4175129f995f3f6d9ef18734d1ff623abe4a88?s=96&d=mm&r=g","caption":"helpdesk"},"url":"https:\/\/wp.kristdemokraterna.se\/ostergotland\/author\/helpdesk\/"}]}},"_links":{"self":[{"href":"https:\/\/wp.kristdemokraterna.se\/ostergotland\/wp-json\/wp\/v2\/posts\/600","targetHints":{"allow":["GET"]}}],"collection":[{"href":"https:\/\/wp.kristdemokraterna.se\/ostergotland\/wp-json\/wp\/v2\/posts"}],"about":[{"href":"https:\/\/wp.kristdemokraterna.se\/ostergotland\/wp-json\/wp\/v2\/types\/post"}],"author":[{"embeddable":true,"href":"https:\/\/wp.kristdemokraterna.se\/ostergotland\/wp-json\/wp\/v2\/users\/444"}],"replies":[{"embeddable":true,"href":"https:\/\/wp.kristdemokraterna.se\/ostergotland\/wp-json\/wp\/v2\/comments?post=600"}],"version-history":[{"count":0,"href":"https:\/\/wp.kristdemokraterna.se\/ostergotland\/wp-json\/wp\/v2\/posts\/600\/revisions"}],"wp:attachment":[{"href":"https:\/\/wp.kristdemokraterna.se\/ostergotland\/wp-json\/wp\/v2\/media?parent=600"}],"wp:term":[{"taxonomy":"category","embeddable":true,"href":"https:\/\/wp.kristdemokraterna.se\/ostergotland\/wp-json\/wp\/v2\/categories?post=600"},{"taxonomy":"post_tag","embeddable":true,"href":"https:\/\/wp.kristdemokraterna.se\/ostergotland\/wp-json\/wp\/v2\/tags?post=600"}],"curies":[{"name":"wp","href":"https:\/\/api.w.org\/{rel}","templated":true}]}}