{"id":605,"date":"2016-02-19T09:01:42","date_gmt":"2016-02-19T08:01:42","guid":{"rendered":"http:\/\/wp.kristdemokraterna.se\/e\/?p=605"},"modified":"2016-02-19T09:01:42","modified_gmt":"2016-02-19T08:01:42","slug":"kd-ostgotadagarna-4-5-mars","status":"publish","type":"post","link":"https:\/\/wp.kristdemokraterna.se\/ostergotland\/kd-ostgotadagarna-4-5-mars\/","title":{"rendered":"KD \u00d6stg\u00f6tadagarna 4-5 mars"},"content":{"rendered":"<h2><img loading=\"lazy\" decoding=\"async\" class=\"aligncenter size-full wp-image-604\" src=\"http:\/\/wp.kristdemokraterna.se\/ostergotland\/files\/2016\/02\/160217_kd-ostgotadagarna.jpg\" alt=\"160217_KD \u00d6stg\u00f6tadagarna\" width=\"827\" height=\"1169\" srcset=\"https:\/\/wp.kristdemokraterna.se\/ostergotland\/files\/2016\/02\/160217_kd-ostgotadagarna.jpg 827w, https:\/\/wp.kristdemokraterna.se\/ostergotland\/files\/2016\/02\/160217_kd-ostgotadagarna-212x300.jpg 212w, https:\/\/wp.kristdemokraterna.se\/ostergotland\/files\/2016\/02\/160217_kd-ostgotadagarna-724x1024.jpg 724w, https:\/\/wp.kristdemokraterna.se\/ostergotland\/files\/2016\/02\/160217_kd-ostgotadagarna-768x1086.jpg 768w, https:\/\/wp.kristdemokraterna.se\/ostergotland\/files\/2016\/02\/160217_kd-ostgotadagarna-141x200.jpg 141w, https:\/\/wp.kristdemokraterna.se\/ostergotland\/files\/2016\/02\/160217_kd-ostgotadagarna-370x523.jpg 370w, https:\/\/wp.kristdemokraterna.se\/ostergotland\/files\/2016\/02\/160217_kd-ostgotadagarna-770x1088.jpg 770w, https:\/\/wp.kristdemokraterna.se\/ostergotland\/files\/2016\/02\/160217_kd-ostgotadagarna-450x636.jpg 450w, https:\/\/wp.kristdemokraterna.se\/ostergotland\/files\/2016\/02\/160217_kd-ostgotadagarna-280x396.jpg 280w, https:\/\/wp.kristdemokraterna.se\/ostergotland\/files\/2016\/02\/160217_kd-ostgotadagarna-340x481.jpg 340w, https:\/\/wp.kristdemokraterna.se\/ostergotland\/files\/2016\/02\/160217_kd-ostgotadagarna-40x56.jpg 40w\" sizes=\"auto, (max-width: 827px) 100vw, 827px\" \/>V\u00e4lkommen till tv\u00e5 dagar sp\u00e4ckade med intressanta talare, m\u00f6ten och m\u00f6jlighet till att utbyta id\u00e9er med partiv\u00e4nner.<\/h2>\n<p><strong>Fredag 4 mars<\/strong><br \/>\n17:30 Drop-in kaffe och fralla<br \/>\n18:00 V\u00e4lkommen, informationer<br \/>\n18:15 Emma Henriksson, riksdagsledamot \u2013\u00a0\u201dAktuellt p\u00e5 riksplanet\u201d<br \/>\n19:00 Benstr\u00e4ckare<br \/>\n19:15 Andreas Capilla, regionutvecklingsdirekt\u00f6r \u2013\u00a0\u201dEtt \u00e5r med regionala utvecklingsfr\u00e5gor\u201d<br \/>\n20:00 Paus<br \/>\n20:15 Gemenskapskv\u00e4ll: Sm\u00f6rg\u00e5st\u00e5rta, kaffe och kaka, underh\u00e5llning<\/p>\n<p><strong>L\u00f6rdag 5 mars<\/strong><br \/>\n08:30 Drop-in kaffe och fralla<br \/>\n09:00 Henrik Ehrenberg, ordf\u00f6rande i KIC:s styrelse \u2013 \u201dKristdemokraterna och utrikespolitik\u201d<br \/>\n09:45 Paus<br \/>\n10:00 Stina Sinclair, politisk sekreterare Region J\u00f6nk\u00f6pings l\u00e4n \u2013 \u201dPartiets organisation\u201d<br \/>\n10:45 Kaffepaus<br \/>\n11:15 Patrick Vigren, l\u00e4kare \u2013 \u201dKristdemokratisk ideologi\u201d<br \/>\n12:00 Sopplunch<br \/>\n13:30 Jimmy Loord, politisk sekreterare Landstinget Kalmar \u2013 \u201dMediekontakter\u201d<br \/>\n14:15 Paus<br \/>\n14:30 Alexander Vibeck, Sensus studief\u00f6rbund \u2013 \u201dEn styrelse som g\u00f6r skillnad\u201d<br \/>\n15:15 Summering<br \/>\n15:30 Slut<\/p>\n<p><strong>Pris &amp; Anm\u00e4lan<\/strong><br \/>\nDeltagaravgiften \u00e4r 225 kr per person f\u00f6r b\u00e5da dagarna, alternativt 150 kr f\u00f6r deltagande per dag. Deltagaravgiften betalas in p\u00e5 Studieorganisationen Framtidsbildarnas plusgirokonto 66 48 53-9 eller faktureras i efterhand. <strong>Anm\u00e4l dig senast onsdag 2\/3<\/strong> till\u00a0<strong><a href=\"mailto:fredrik.topplund@kristdemokraterna.se\" target=\"_blank\" rel=\"noopener\">fredrik.topplund@kristdemokraterna.se<\/a><\/strong>. Ange om du beh\u00f6ver n\u00e5gon form av specialkost.<\/p>\n<p><strong>Hitta hit:\u00a0<\/strong><br \/>\nKyrkliden vid Slaka Kyrka,\u00a0Gamla Kalmarv\u00e4gen 2, Link\u00f6ping<br \/>\n<a href=\"https:\/\/goo.gl\/LWiaAZ\" target=\"_blank\" rel=\"noopener\">https:\/\/goo.gl\/LWiaAZ<\/a><\/p>\n","protected":false},"excerpt":{"rendered":"<p>V\u00e4lkommen till tv\u00e5 dagar sp\u00e4ckade med intressanta talare, m\u00f6ten och m\u00f6jlighet till att utbyta id\u00e9er med partiv\u00e4nner. Fredag 4 mars 17:30 Drop-in kaffe och fralla 18:00 V\u00e4lkommen, informationer 18:15 Emma Henriksson, riksdagsledamot \u2013\u00a0\u201dAktuellt p\u00e5 riksplanet\u201d 19:00 Benstr\u00e4ckare 19:15 Andreas Capilla, regionutvecklingsdirekt\u00f6r \u2013\u00a0\u201dEtt \u00e5r med regionala utvecklingsfr\u00e5gor\u201d 20:00 Paus 20:15 Gemenskapskv\u00e4ll: Sm\u00f6rg\u00e5st\u00e5rta, kaffe och kaka, underh\u00e5llning <a class=\"read-more-link\" href=\"https:\/\/wp.kristdemokraterna.se\/ostergotland\/kd-ostgotadagarna-4-5-mars\/\">L\u00e4s mer<\/a><\/p>\n","protected":false},"author":444,"featured_media":0,"comment_status":"closed","ping_status":"closed","sticky":false,"template":"","format":"standard","meta":{"_acf_changed":false,"footnotes":""},"categories":[1],"tags":[],"class_list":["post-605","post","type-post","status-publish","format-standard","hentry","category-okategoriserade"],"acf":[],"yoast_head":"<!-- This site is optimized with the Yoast SEO plugin v27.5 - https:\/\/yoast.com\/product\/yoast-seo-wordpress\/ -->\n<title>KD \u00d6stg\u00f6tadagarna 4-5 mars - Kristdemokraterna | \u00d6sterg\u00f6tland<\/title>\n<meta name=\"robots\" content=\"index, follow, max-snippet:-1, max-image-preview:large, max-video-preview:-1\" \/>\n<link rel=\"canonical\" href=\"https:\/\/wp.kristdemokraterna.se\/ostergotland\/kd-ostgotadagarna-4-5-mars\/\" \/>\n<meta property=\"og:locale\" content=\"sv_SE\" \/>\n<meta property=\"og:type\" content=\"article\" \/>\n<meta property=\"og:title\" content=\"KD \u00d6stg\u00f6tadagarna 4-5 mars - Kristdemokraterna | \u00d6sterg\u00f6tland\" \/>\n<meta property=\"og:description\" content=\"V\u00e4lkommen till tv\u00e5 dagar sp\u00e4ckade med intressanta talare, m\u00f6ten och m\u00f6jlighet till att utbyta id\u00e9er med partiv\u00e4nner. Fredag 4 mars 17:30 Drop-in kaffe och fralla 18:00 V\u00e4lkommen, informationer 18:15 Emma Henriksson, riksdagsledamot \u2013\u00a0\u201dAktuellt p\u00e5 riksplanet\u201d 19:00 Benstr\u00e4ckare 19:15 Andreas Capilla, regionutvecklingsdirekt\u00f6r \u2013\u00a0\u201dEtt \u00e5r med regionala utvecklingsfr\u00e5gor\u201d 20:00 Paus 20:15 Gemenskapskv\u00e4ll: Sm\u00f6rg\u00e5st\u00e5rta, kaffe och kaka, underh\u00e5llning L\u00e4s mer\" \/>\n<meta property=\"og:url\" content=\"https:\/\/wp.kristdemokraterna.se\/ostergotland\/kd-ostgotadagarna-4-5-mars\/\" \/>\n<meta property=\"og:site_name\" content=\"Kristdemokraterna | \u00d6sterg\u00f6tland\" \/>\n<meta property=\"article:published_time\" content=\"2016-02-19T08:01:42+00:00\" \/>\n<meta property=\"og:image\" content=\"http:\/\/wp.kristdemokraterna.se\/ostergotland\/files\/2016\/02\/160217_kd-ostgotadagarna.jpg\" \/>\n<meta name=\"author\" content=\"helpdesk\" \/>\n<meta name=\"twitter:card\" content=\"summary_large_image\" \/>\n<meta name=\"twitter:label1\" content=\"Skriven av\" \/>\n\t<meta name=\"twitter:data1\" content=\"helpdesk\" \/>\n\t<meta name=\"twitter:label2\" content=\"Ber\u00e4knad l\u00e4stid\" \/>\n\t<meta name=\"twitter:data2\" content=\"1 minut\" \/>\n<script type=\"application\/ld+json\" class=\"yoast-schema-graph\">{\"@context\":\"https:\\\/\\\/schema.org\",\"@graph\":[{\"@type\":\"Article\",\"@id\":\"https:\\\/\\\/wp.kristdemokraterna.se\\\/ostergotland\\\/kd-ostgotadagarna-4-5-mars\\\/#article\",\"isPartOf\":{\"@id\":\"https:\\\/\\\/wp.kristdemokraterna.se\\\/ostergotland\\\/kd-ostgotadagarna-4-5-mars\\\/\"},\"author\":{\"name\":\"helpdesk\",\"@id\":\"https:\\\/\\\/wp.kristdemokraterna.se\\\/ostergotland\\\/#\\\/schema\\\/person\\\/98d27838d17178471da5e8a56aa604a4\"},\"headline\":\"KD \u00d6stg\u00f6tadagarna 4-5 mars\",\"datePublished\":\"2016-02-19T08:01:42+00:00\",\"mainEntityOfPage\":{\"@id\":\"https:\\\/\\\/wp.kristdemokraterna.se\\\/ostergotland\\\/kd-ostgotadagarna-4-5-mars\\\/\"},\"wordCount\":195,\"image\":{\"@id\":\"https:\\\/\\\/wp.kristdemokraterna.se\\\/ostergotland\\\/kd-ostgotadagarna-4-5-mars\\\/#primaryimage\"},\"thumbnailUrl\":\"http:\\\/\\\/wp.kristdemokraterna.se\\\/ostergotland\\\/files\\\/2016\\\/02\\\/160217_kd-ostgotadagarna.jpg\",\"inLanguage\":\"sv-SE\"},{\"@type\":\"WebPage\",\"@id\":\"https:\\\/\\\/wp.kristdemokraterna.se\\\/ostergotland\\\/kd-ostgotadagarna-4-5-mars\\\/\",\"url\":\"https:\\\/\\\/wp.kristdemokraterna.se\\\/ostergotland\\\/kd-ostgotadagarna-4-5-mars\\\/\",\"name\":\"KD \u00d6stg\u00f6tadagarna 4-5 mars - Kristdemokraterna | \u00d6sterg\u00f6tland\",\"isPartOf\":{\"@id\":\"https:\\\/\\\/wp.kristdemokraterna.se\\\/ostergotland\\\/#website\"},\"primaryImageOfPage\":{\"@id\":\"https:\\\/\\\/wp.kristdemokraterna.se\\\/ostergotland\\\/kd-ostgotadagarna-4-5-mars\\\/#primaryimage\"},\"image\":{\"@id\":\"https:\\\/\\\/wp.kristdemokraterna.se\\\/ostergotland\\\/kd-ostgotadagarna-4-5-mars\\\/#primaryimage\"},\"thumbnailUrl\":\"http:\\\/\\\/wp.kristdemokraterna.se\\\/ostergotland\\\/files\\\/2016\\\/02\\\/160217_kd-ostgotadagarna.jpg\",\"datePublished\":\"2016-02-19T08:01:42+00:00\",\"author\":{\"@id\":\"https:\\\/\\\/wp.kristdemokraterna.se\\\/ostergotland\\\/#\\\/schema\\\/person\\\/98d27838d17178471da5e8a56aa604a4\"},\"breadcrumb\":{\"@id\":\"https:\\\/\\\/wp.kristdemokraterna.se\\\/ostergotland\\\/kd-ostgotadagarna-4-5-mars\\\/#breadcrumb\"},\"inLanguage\":\"sv-SE\",\"potentialAction\":[{\"@type\":\"ReadAction\",\"target\":[\"https:\\\/\\\/wp.kristdemokraterna.se\\\/ostergotland\\\/kd-ostgotadagarna-4-5-mars\\\/\"]}]},{\"@type\":\"ImageObject\",\"inLanguage\":\"sv-SE\",\"@id\":\"https:\\\/\\\/wp.kristdemokraterna.se\\\/ostergotland\\\/kd-ostgotadagarna-4-5-mars\\\/#primaryimage\",\"url\":\"https:\\\/\\\/wp.kristdemokraterna.se\\\/ostergotland\\\/files\\\/2016\\\/02\\\/160217_kd-ostgotadagarna.jpg\",\"contentUrl\":\"https:\\\/\\\/wp.kristdemokraterna.se\\\/ostergotland\\\/files\\\/2016\\\/02\\\/160217_kd-ostgotadagarna.jpg\",\"width\":827,\"height\":1169},{\"@type\":\"BreadcrumbList\",\"@id\":\"https:\\\/\\\/wp.kristdemokraterna.se\\\/ostergotland\\\/kd-ostgotadagarna-4-5-mars\\\/#breadcrumb\",\"itemListElement\":[{\"@type\":\"ListItem\",\"position\":1,\"name\":\"Hem\",\"item\":\"https:\\\/\\\/wp.kristdemokraterna.se\\\/ostergotland\\\/\"},{\"@type\":\"ListItem\",\"position\":2,\"name\":\"KD \u00d6stg\u00f6tadagarna 4-5 mars\"}]},{\"@type\":\"WebSite\",\"@id\":\"https:\\\/\\\/wp.kristdemokraterna.se\\\/ostergotland\\\/#website\",\"url\":\"https:\\\/\\\/wp.kristdemokraterna.se\\\/ostergotland\\\/\",\"name\":\"Kristdemokraterna | \u00d6sterg\u00f6tland\",\"description\":\"V\u00e4lkommen till Kristdemokraterna i \u00d6sterg\u00f6tland\",\"inLanguage\":\"sv-SE\"},{\"@type\":\"Person\",\"@id\":\"https:\\\/\\\/wp.kristdemokraterna.se\\\/ostergotland\\\/#\\\/schema\\\/person\\\/98d27838d17178471da5e8a56aa604a4\",\"name\":\"helpdesk\",\"image\":{\"@type\":\"ImageObject\",\"inLanguage\":\"sv-SE\",\"@id\":\"https:\\\/\\\/secure.gravatar.com\\\/avatar\\\/2e747bc9a7d4e5a6ecca7d851e4175129f995f3f6d9ef18734d1ff623abe4a88?s=96&d=mm&r=g\",\"url\":\"https:\\\/\\\/secure.gravatar.com\\\/avatar\\\/2e747bc9a7d4e5a6ecca7d851e4175129f995f3f6d9ef18734d1ff623abe4a88?s=96&d=mm&r=g\",\"contentUrl\":\"https:\\\/\\\/secure.gravatar.com\\\/avatar\\\/2e747bc9a7d4e5a6ecca7d851e4175129f995f3f6d9ef18734d1ff623abe4a88?s=96&d=mm&r=g\",\"caption\":\"helpdesk\"},\"url\":\"https:\\\/\\\/wp.kristdemokraterna.se\\\/ostergotland\\\/author\\\/helpdesk\\\/\"}]}<\/script>\n<!-- \/ Yoast SEO plugin. -->","yoast_head_json":{"title":"KD \u00d6stg\u00f6tadagarna 4-5 mars - Kristdemokraterna | \u00d6sterg\u00f6tland","robots":{"index":"index","follow":"follow","max-snippet":"max-snippet:-1","max-image-preview":"max-image-preview:large","max-video-preview":"max-video-preview:-1"},"canonical":"https:\/\/wp.kristdemokraterna.se\/ostergotland\/kd-ostgotadagarna-4-5-mars\/","og_locale":"sv_SE","og_type":"article","og_title":"KD \u00d6stg\u00f6tadagarna 4-5 mars - Kristdemokraterna | \u00d6sterg\u00f6tland","og_description":"V\u00e4lkommen till tv\u00e5 dagar sp\u00e4ckade med intressanta talare, m\u00f6ten och m\u00f6jlighet till att utbyta id\u00e9er med partiv\u00e4nner. Fredag 4 mars 17:30 Drop-in kaffe och fralla 18:00 V\u00e4lkommen, informationer 18:15 Emma Henriksson, riksdagsledamot \u2013\u00a0\u201dAktuellt p\u00e5 riksplanet\u201d 19:00 Benstr\u00e4ckare 19:15 Andreas Capilla, regionutvecklingsdirekt\u00f6r \u2013\u00a0\u201dEtt \u00e5r med regionala utvecklingsfr\u00e5gor\u201d 20:00 Paus 20:15 Gemenskapskv\u00e4ll: Sm\u00f6rg\u00e5st\u00e5rta, kaffe och kaka, underh\u00e5llning L\u00e4s mer","og_url":"https:\/\/wp.kristdemokraterna.se\/ostergotland\/kd-ostgotadagarna-4-5-mars\/","og_site_name":"Kristdemokraterna | \u00d6sterg\u00f6tland","article_published_time":"2016-02-19T08:01:42+00:00","og_image":[{"url":"http:\/\/wp.kristdemokraterna.se\/ostergotland\/files\/2016\/02\/160217_kd-ostgotadagarna.jpg","type":"","width":"","height":""}],"author":"helpdesk","twitter_card":"summary_large_image","twitter_misc":{"Skriven av":"helpdesk","Ber\u00e4knad l\u00e4stid":"1 minut"},"schema":{"@context":"https:\/\/schema.org","@graph":[{"@type":"Article","@id":"https:\/\/wp.kristdemokraterna.se\/ostergotland\/kd-ostgotadagarna-4-5-mars\/#article","isPartOf":{"@id":"https:\/\/wp.kristdemokraterna.se\/ostergotland\/kd-ostgotadagarna-4-5-mars\/"},"author":{"name":"helpdesk","@id":"https:\/\/wp.kristdemokraterna.se\/ostergotland\/#\/schema\/person\/98d27838d17178471da5e8a56aa604a4"},"headline":"KD \u00d6stg\u00f6tadagarna 4-5 mars","datePublished":"2016-02-19T08:01:42+00:00","mainEntityOfPage":{"@id":"https:\/\/wp.kristdemokraterna.se\/ostergotland\/kd-ostgotadagarna-4-5-mars\/"},"wordCount":195,"image":{"@id":"https:\/\/wp.kristdemokraterna.se\/ostergotland\/kd-ostgotadagarna-4-5-mars\/#primaryimage"},"thumbnailUrl":"http:\/\/wp.kristdemokraterna.se\/ostergotland\/files\/2016\/02\/160217_kd-ostgotadagarna.jpg","inLanguage":"sv-SE"},{"@type":"WebPage","@id":"https:\/\/wp.kristdemokraterna.se\/ostergotland\/kd-ostgotadagarna-4-5-mars\/","url":"https:\/\/wp.kristdemokraterna.se\/ostergotland\/kd-ostgotadagarna-4-5-mars\/","name":"KD \u00d6stg\u00f6tadagarna 4-5 mars - Kristdemokraterna | \u00d6sterg\u00f6tland","isPartOf":{"@id":"https:\/\/wp.kristdemokraterna.se\/ostergotland\/#website"},"primaryImageOfPage":{"@id":"https:\/\/wp.kristdemokraterna.se\/ostergotland\/kd-ostgotadagarna-4-5-mars\/#primaryimage"},"image":{"@id":"https:\/\/wp.kristdemokraterna.se\/ostergotland\/kd-ostgotadagarna-4-5-mars\/#primaryimage"},"thumbnailUrl":"http:\/\/wp.kristdemokraterna.se\/ostergotland\/files\/2016\/02\/160217_kd-ostgotadagarna.jpg","datePublished":"2016-02-19T08:01:42+00:00","author":{"@id":"https:\/\/wp.kristdemokraterna.se\/ostergotland\/#\/schema\/person\/98d27838d17178471da5e8a56aa604a4"},"breadcrumb":{"@id":"https:\/\/wp.kristdemokraterna.se\/ostergotland\/kd-ostgotadagarna-4-5-mars\/#breadcrumb"},"inLanguage":"sv-SE","potentialAction":[{"@type":"ReadAction","target":["https:\/\/wp.kristdemokraterna.se\/ostergotland\/kd-ostgotadagarna-4-5-mars\/"]}]},{"@type":"ImageObject","inLanguage":"sv-SE","@id":"https:\/\/wp.kristdemokraterna.se\/ostergotland\/kd-ostgotadagarna-4-5-mars\/#primaryimage","url":"https:\/\/wp.kristdemokraterna.se\/ostergotland\/files\/2016\/02\/160217_kd-ostgotadagarna.jpg","contentUrl":"https:\/\/wp.kristdemokraterna.se\/ostergotland\/files\/2016\/02\/160217_kd-ostgotadagarna.jpg","width":827,"height":1169},{"@type":"BreadcrumbList","@id":"https:\/\/wp.kristdemokraterna.se\/ostergotland\/kd-ostgotadagarna-4-5-mars\/#breadcrumb","itemListElement":[{"@type":"ListItem","position":1,"name":"Hem","item":"https:\/\/wp.kristdemokraterna.se\/ostergotland\/"},{"@type":"ListItem","position":2,"name":"KD \u00d6stg\u00f6tadagarna 4-5 mars"}]},{"@type":"WebSite","@id":"https:\/\/wp.kristdemokraterna.se\/ostergotland\/#website","url":"https:\/\/wp.kristdemokraterna.se\/ostergotland\/","name":"Kristdemokraterna | \u00d6sterg\u00f6tland","description":"V\u00e4lkommen till Kristdemokraterna i \u00d6sterg\u00f6tland","inLanguage":"sv-SE"},{"@type":"Person","@id":"https:\/\/wp.kristdemokraterna.se\/ostergotland\/#\/schema\/person\/98d27838d17178471da5e8a56aa604a4","name":"helpdesk","image":{"@type":"ImageObject","inLanguage":"sv-SE","@id":"https:\/\/secure.gravatar.com\/avatar\/2e747bc9a7d4e5a6ecca7d851e4175129f995f3f6d9ef18734d1ff623abe4a88?s=96&d=mm&r=g","url":"https:\/\/secure.gravatar.com\/avatar\/2e747bc9a7d4e5a6ecca7d851e4175129f995f3f6d9ef18734d1ff623abe4a88?s=96&d=mm&r=g","contentUrl":"https:\/\/secure.gravatar.com\/avatar\/2e747bc9a7d4e5a6ecca7d851e4175129f995f3f6d9ef18734d1ff623abe4a88?s=96&d=mm&r=g","caption":"helpdesk"},"url":"https:\/\/wp.kristdemokraterna.se\/ostergotland\/author\/helpdesk\/"}]}},"_links":{"self":[{"href":"https:\/\/wp.kristdemokraterna.se\/ostergotland\/wp-json\/wp\/v2\/posts\/605","targetHints":{"allow":["GET"]}}],"collection":[{"href":"https:\/\/wp.kristdemokraterna.se\/ostergotland\/wp-json\/wp\/v2\/posts"}],"about":[{"href":"https:\/\/wp.kristdemokraterna.se\/ostergotland\/wp-json\/wp\/v2\/types\/post"}],"author":[{"embeddable":true,"href":"https:\/\/wp.kristdemokraterna.se\/ostergotland\/wp-json\/wp\/v2\/users\/444"}],"replies":[{"embeddable":true,"href":"https:\/\/wp.kristdemokraterna.se\/ostergotland\/wp-json\/wp\/v2\/comments?post=605"}],"version-history":[{"count":0,"href":"https:\/\/wp.kristdemokraterna.se\/ostergotland\/wp-json\/wp\/v2\/posts\/605\/revisions"}],"wp:attachment":[{"href":"https:\/\/wp.kristdemokraterna.se\/ostergotland\/wp-json\/wp\/v2\/media?parent=605"}],"wp:term":[{"taxonomy":"category","embeddable":true,"href":"https:\/\/wp.kristdemokraterna.se\/ostergotland\/wp-json\/wp\/v2\/categories?post=605"},{"taxonomy":"post_tag","embeddable":true,"href":"https:\/\/wp.kristdemokraterna.se\/ostergotland\/wp-json\/wp\/v2\/tags?post=605"}],"curies":[{"name":"wp","href":"https:\/\/api.w.org\/{rel}","templated":true}]}}