{"id":623,"date":"2016-08-09T09:46:04","date_gmt":"2016-08-09T07:46:04","guid":{"rendered":"http:\/\/wp.kristdemokraterna.se\/e\/?p=623"},"modified":"2016-08-09T09:46:04","modified_gmt":"2016-08-09T07:46:04","slug":"dags-att-anmala-sig-till-kursen-vax-i-ditt-uppdrag-en-styrelse-som-gor-skillnad","status":"publish","type":"post","link":"https:\/\/wp.kristdemokraterna.se\/ostergotland\/dags-att-anmala-sig-till-kursen-vax-i-ditt-uppdrag-en-styrelse-som-gor-skillnad\/","title":{"rendered":"Dags att anm\u00e4la sig till kursen: &#8221;V\u00e4x i ditt uppdrag &#8211; en styrelse som g\u00f6r skillnad&#8221;"},"content":{"rendered":"<p><img loading=\"lazy\" decoding=\"async\" class=\"aligncenter size-full wp-image-624\" src=\"http:\/\/wp.kristdemokraterna.se\/ostergotland\/files\/2016\/08\/160827_styrelseutbildning.jpg\" alt=\"160827_styrelseutbildning\" width=\"827\" height=\"1142\" srcset=\"https:\/\/wp.kristdemokraterna.se\/ostergotland\/files\/2016\/08\/160827_styrelseutbildning.jpg 827w, https:\/\/wp.kristdemokraterna.se\/ostergotland\/files\/2016\/08\/160827_styrelseutbildning-217x300.jpg 217w, https:\/\/wp.kristdemokraterna.se\/ostergotland\/files\/2016\/08\/160827_styrelseutbildning-742x1024.jpg 742w, https:\/\/wp.kristdemokraterna.se\/ostergotland\/files\/2016\/08\/160827_styrelseutbildning-768x1061.jpg 768w, https:\/\/wp.kristdemokraterna.se\/ostergotland\/files\/2016\/08\/160827_styrelseutbildning-145x200.jpg 145w, https:\/\/wp.kristdemokraterna.se\/ostergotland\/files\/2016\/08\/160827_styrelseutbildning-370x511.jpg 370w, https:\/\/wp.kristdemokraterna.se\/ostergotland\/files\/2016\/08\/160827_styrelseutbildning-770x1063.jpg 770w, https:\/\/wp.kristdemokraterna.se\/ostergotland\/files\/2016\/08\/160827_styrelseutbildning-450x621.jpg 450w, https:\/\/wp.kristdemokraterna.se\/ostergotland\/files\/2016\/08\/160827_styrelseutbildning-280x387.jpg 280w, https:\/\/wp.kristdemokraterna.se\/ostergotland\/files\/2016\/08\/160827_styrelseutbildning-340x470.jpg 340w, https:\/\/wp.kristdemokraterna.se\/ostergotland\/files\/2016\/08\/160827_styrelseutbildning-41x56.jpg 41w\" sizes=\"auto, (max-width: 827px) 100vw, 827px\" \/><\/p>\n<p>Studieorganisationen Framtidsbildarna, tillsammans med Sensus studief\u00f6rbund, inbjuder\u00a0till utbildningen &#8221;V\u00e4x i ditt uppdrag &#8211; en styrelse som g\u00f6r skillnad.&#8221;<\/p>\n<p>En praktisk och\u00a0konkret utbildning om att arbeta i en styrelse. B\u00e5de f\u00f6r dig som \u00e4r aktiv i en styrelse eller kanske fram\u00f6ver kommer vara\u00a0engagerad.<\/p>\n<p><strong>Datum:<\/strong> L\u00f6rdag 27 aug<br \/>\n<strong>Tid<\/strong>: kl. 10.00-14.00<br \/>\n<strong>Plats:<\/strong> Sensus, Apotekaregatan 14, Link\u00f6ping<\/p>\n<p><strong>Pris:<\/strong> 250 kr per deltagare, vilket inkluderar\u00a0kursavgift, lokalhyra, kaffe, frukt och l\u00e4ttare\u00a0lunch. Deltagaravgiften faktureras i efterhand.<\/p>\n<p><strong>Anm\u00e4lan:<\/strong> Senast fredag 19 augusti till<br \/>\n<a href=\"mailto:fredrik.topplund@kristdemokraterna.se\">fredrik.topplund@kristdemokraterna.se<\/a><\/p>\n","protected":false},"excerpt":{"rendered":"<p>Studieorganisationen Framtidsbildarna, tillsammans med Sensus studief\u00f6rbund, inbjuder\u00a0till utbildningen &#8221;V\u00e4x i ditt uppdrag &#8211; en styrelse som g\u00f6r skillnad.&#8221; En praktisk och\u00a0konkret utbildning om att arbeta i en styrelse. B\u00e5de f\u00f6r dig som \u00e4r aktiv i en styrelse eller kanske fram\u00f6ver kommer vara\u00a0engagerad. Datum: L\u00f6rdag 27 aug Tid: kl. 10.00-14.00 Plats: Sensus, Apotekaregatan 14, Link\u00f6ping Pris: <a class=\"read-more-link\" href=\"https:\/\/wp.kristdemokraterna.se\/ostergotland\/dags-att-anmala-sig-till-kursen-vax-i-ditt-uppdrag-en-styrelse-som-gor-skillnad\/\">L\u00e4s mer<\/a><\/p>\n","protected":false},"author":444,"featured_media":0,"comment_status":"closed","ping_status":"closed","sticky":false,"template":"","format":"standard","meta":{"_acf_changed":false,"footnotes":""},"categories":[1],"tags":[],"class_list":["post-623","post","type-post","status-publish","format-standard","hentry","category-okategoriserade"],"acf":[],"yoast_head":"<!-- This site is optimized with the Yoast SEO plugin v27.5 - https:\/\/yoast.com\/product\/yoast-seo-wordpress\/ -->\n<title>Dags att anm\u00e4la sig till kursen: &quot;V\u00e4x i ditt uppdrag - en styrelse som g\u00f6r skillnad&quot; - Kristdemokraterna | \u00d6sterg\u00f6tland<\/title>\n<meta name=\"robots\" content=\"index, follow, max-snippet:-1, max-image-preview:large, max-video-preview:-1\" \/>\n<link rel=\"canonical\" href=\"https:\/\/wp.kristdemokraterna.se\/ostergotland\/dags-att-anmala-sig-till-kursen-vax-i-ditt-uppdrag-en-styrelse-som-gor-skillnad\/\" \/>\n<meta property=\"og:locale\" content=\"sv_SE\" \/>\n<meta property=\"og:type\" content=\"article\" \/>\n<meta property=\"og:title\" content=\"Dags att anm\u00e4la sig till kursen: &quot;V\u00e4x i ditt uppdrag - en styrelse som g\u00f6r skillnad&quot; - Kristdemokraterna | \u00d6sterg\u00f6tland\" \/>\n<meta property=\"og:description\" content=\"Studieorganisationen Framtidsbildarna, tillsammans med Sensus studief\u00f6rbund, inbjuder\u00a0till utbildningen &#8221;V\u00e4x i ditt uppdrag &#8211; en styrelse som g\u00f6r skillnad.&#8221; En praktisk och\u00a0konkret utbildning om att arbeta i en styrelse. B\u00e5de f\u00f6r dig som \u00e4r aktiv i en styrelse eller kanske fram\u00f6ver kommer vara\u00a0engagerad. Datum: L\u00f6rdag 27 aug Tid: kl. 10.00-14.00 Plats: Sensus, Apotekaregatan 14, Link\u00f6ping Pris: L\u00e4s mer\" \/>\n<meta property=\"og:url\" content=\"https:\/\/wp.kristdemokraterna.se\/ostergotland\/dags-att-anmala-sig-till-kursen-vax-i-ditt-uppdrag-en-styrelse-som-gor-skillnad\/\" \/>\n<meta property=\"og:site_name\" content=\"Kristdemokraterna | \u00d6sterg\u00f6tland\" \/>\n<meta property=\"article:published_time\" content=\"2016-08-09T07:46:04+00:00\" \/>\n<meta property=\"og:image\" content=\"http:\/\/wp.kristdemokraterna.se\/ostergotland\/files\/2016\/08\/160827_styrelseutbildning.jpg\" \/>\n<meta name=\"author\" content=\"helpdesk\" \/>\n<meta name=\"twitter:card\" content=\"summary_large_image\" \/>\n<meta name=\"twitter:label1\" content=\"Skriven av\" \/>\n\t<meta name=\"twitter:data1\" content=\"helpdesk\" \/>\n<script type=\"application\/ld+json\" class=\"yoast-schema-graph\">{\"@context\":\"https:\\\/\\\/schema.org\",\"@graph\":[{\"@type\":\"Article\",\"@id\":\"https:\\\/\\\/wp.kristdemokraterna.se\\\/ostergotland\\\/dags-att-anmala-sig-till-kursen-vax-i-ditt-uppdrag-en-styrelse-som-gor-skillnad\\\/#article\",\"isPartOf\":{\"@id\":\"https:\\\/\\\/wp.kristdemokraterna.se\\\/ostergotland\\\/dags-att-anmala-sig-till-kursen-vax-i-ditt-uppdrag-en-styrelse-som-gor-skillnad\\\/\"},\"author\":{\"name\":\"helpdesk\",\"@id\":\"https:\\\/\\\/wp.kristdemokraterna.se\\\/ostergotland\\\/#\\\/schema\\\/person\\\/98d27838d17178471da5e8a56aa604a4\"},\"headline\":\"Dags att anm\u00e4la sig till kursen: &#8221;V\u00e4x i ditt uppdrag &#8211; en styrelse som g\u00f6r skillnad&#8221;\",\"datePublished\":\"2016-08-09T07:46:04+00:00\",\"mainEntityOfPage\":{\"@id\":\"https:\\\/\\\/wp.kristdemokraterna.se\\\/ostergotland\\\/dags-att-anmala-sig-till-kursen-vax-i-ditt-uppdrag-en-styrelse-som-gor-skillnad\\\/\"},\"wordCount\":110,\"image\":{\"@id\":\"https:\\\/\\\/wp.kristdemokraterna.se\\\/ostergotland\\\/dags-att-anmala-sig-till-kursen-vax-i-ditt-uppdrag-en-styrelse-som-gor-skillnad\\\/#primaryimage\"},\"thumbnailUrl\":\"http:\\\/\\\/wp.kristdemokraterna.se\\\/ostergotland\\\/files\\\/2016\\\/08\\\/160827_styrelseutbildning.jpg\",\"inLanguage\":\"sv-SE\"},{\"@type\":\"WebPage\",\"@id\":\"https:\\\/\\\/wp.kristdemokraterna.se\\\/ostergotland\\\/dags-att-anmala-sig-till-kursen-vax-i-ditt-uppdrag-en-styrelse-som-gor-skillnad\\\/\",\"url\":\"https:\\\/\\\/wp.kristdemokraterna.se\\\/ostergotland\\\/dags-att-anmala-sig-till-kursen-vax-i-ditt-uppdrag-en-styrelse-som-gor-skillnad\\\/\",\"name\":\"Dags att anm\u00e4la sig till kursen: \\\"V\u00e4x i ditt uppdrag - en styrelse som g\u00f6r skillnad\\\" - Kristdemokraterna | \u00d6sterg\u00f6tland\",\"isPartOf\":{\"@id\":\"https:\\\/\\\/wp.kristdemokraterna.se\\\/ostergotland\\\/#website\"},\"primaryImageOfPage\":{\"@id\":\"https:\\\/\\\/wp.kristdemokraterna.se\\\/ostergotland\\\/dags-att-anmala-sig-till-kursen-vax-i-ditt-uppdrag-en-styrelse-som-gor-skillnad\\\/#primaryimage\"},\"image\":{\"@id\":\"https:\\\/\\\/wp.kristdemokraterna.se\\\/ostergotland\\\/dags-att-anmala-sig-till-kursen-vax-i-ditt-uppdrag-en-styrelse-som-gor-skillnad\\\/#primaryimage\"},\"thumbnailUrl\":\"http:\\\/\\\/wp.kristdemokraterna.se\\\/ostergotland\\\/files\\\/2016\\\/08\\\/160827_styrelseutbildning.jpg\",\"datePublished\":\"2016-08-09T07:46:04+00:00\",\"author\":{\"@id\":\"https:\\\/\\\/wp.kristdemokraterna.se\\\/ostergotland\\\/#\\\/schema\\\/person\\\/98d27838d17178471da5e8a56aa604a4\"},\"breadcrumb\":{\"@id\":\"https:\\\/\\\/wp.kristdemokraterna.se\\\/ostergotland\\\/dags-att-anmala-sig-till-kursen-vax-i-ditt-uppdrag-en-styrelse-som-gor-skillnad\\\/#breadcrumb\"},\"inLanguage\":\"sv-SE\",\"potentialAction\":[{\"@type\":\"ReadAction\",\"target\":[\"https:\\\/\\\/wp.kristdemokraterna.se\\\/ostergotland\\\/dags-att-anmala-sig-till-kursen-vax-i-ditt-uppdrag-en-styrelse-som-gor-skillnad\\\/\"]}]},{\"@type\":\"ImageObject\",\"inLanguage\":\"sv-SE\",\"@id\":\"https:\\\/\\\/wp.kristdemokraterna.se\\\/ostergotland\\\/dags-att-anmala-sig-till-kursen-vax-i-ditt-uppdrag-en-styrelse-som-gor-skillnad\\\/#primaryimage\",\"url\":\"https:\\\/\\\/wp.kristdemokraterna.se\\\/ostergotland\\\/files\\\/2016\\\/08\\\/160827_styrelseutbildning.jpg\",\"contentUrl\":\"https:\\\/\\\/wp.kristdemokraterna.se\\\/ostergotland\\\/files\\\/2016\\\/08\\\/160827_styrelseutbildning.jpg\",\"width\":827,\"height\":1142},{\"@type\":\"BreadcrumbList\",\"@id\":\"https:\\\/\\\/wp.kristdemokraterna.se\\\/ostergotland\\\/dags-att-anmala-sig-till-kursen-vax-i-ditt-uppdrag-en-styrelse-som-gor-skillnad\\\/#breadcrumb\",\"itemListElement\":[{\"@type\":\"ListItem\",\"position\":1,\"name\":\"Hem\",\"item\":\"https:\\\/\\\/wp.kristdemokraterna.se\\\/ostergotland\\\/\"},{\"@type\":\"ListItem\",\"position\":2,\"name\":\"Dags att anm\u00e4la sig till kursen: &#8221;V\u00e4x i ditt uppdrag &#8211; en styrelse som g\u00f6r skillnad&#8221;\"}]},{\"@type\":\"WebSite\",\"@id\":\"https:\\\/\\\/wp.kristdemokraterna.se\\\/ostergotland\\\/#website\",\"url\":\"https:\\\/\\\/wp.kristdemokraterna.se\\\/ostergotland\\\/\",\"name\":\"Kristdemokraterna | \u00d6sterg\u00f6tland\",\"description\":\"V\u00e4lkommen till Kristdemokraterna i \u00d6sterg\u00f6tland\",\"inLanguage\":\"sv-SE\"},{\"@type\":\"Person\",\"@id\":\"https:\\\/\\\/wp.kristdemokraterna.se\\\/ostergotland\\\/#\\\/schema\\\/person\\\/98d27838d17178471da5e8a56aa604a4\",\"name\":\"helpdesk\",\"image\":{\"@type\":\"ImageObject\",\"inLanguage\":\"sv-SE\",\"@id\":\"https:\\\/\\\/secure.gravatar.com\\\/avatar\\\/2e747bc9a7d4e5a6ecca7d851e4175129f995f3f6d9ef18734d1ff623abe4a88?s=96&d=mm&r=g\",\"url\":\"https:\\\/\\\/secure.gravatar.com\\\/avatar\\\/2e747bc9a7d4e5a6ecca7d851e4175129f995f3f6d9ef18734d1ff623abe4a88?s=96&d=mm&r=g\",\"contentUrl\":\"https:\\\/\\\/secure.gravatar.com\\\/avatar\\\/2e747bc9a7d4e5a6ecca7d851e4175129f995f3f6d9ef18734d1ff623abe4a88?s=96&d=mm&r=g\",\"caption\":\"helpdesk\"},\"url\":\"https:\\\/\\\/wp.kristdemokraterna.se\\\/ostergotland\\\/author\\\/helpdesk\\\/\"}]}<\/script>\n<!-- \/ Yoast SEO plugin. -->","yoast_head_json":{"title":"Dags att anm\u00e4la sig till kursen: \"V\u00e4x i ditt uppdrag - en styrelse som g\u00f6r skillnad\" - Kristdemokraterna | \u00d6sterg\u00f6tland","robots":{"index":"index","follow":"follow","max-snippet":"max-snippet:-1","max-image-preview":"max-image-preview:large","max-video-preview":"max-video-preview:-1"},"canonical":"https:\/\/wp.kristdemokraterna.se\/ostergotland\/dags-att-anmala-sig-till-kursen-vax-i-ditt-uppdrag-en-styrelse-som-gor-skillnad\/","og_locale":"sv_SE","og_type":"article","og_title":"Dags att anm\u00e4la sig till kursen: \"V\u00e4x i ditt uppdrag - en styrelse som g\u00f6r skillnad\" - Kristdemokraterna | \u00d6sterg\u00f6tland","og_description":"Studieorganisationen Framtidsbildarna, tillsammans med Sensus studief\u00f6rbund, inbjuder\u00a0till utbildningen &#8221;V\u00e4x i ditt uppdrag &#8211; en styrelse som g\u00f6r skillnad.&#8221; En praktisk och\u00a0konkret utbildning om att arbeta i en styrelse. B\u00e5de f\u00f6r dig som \u00e4r aktiv i en styrelse eller kanske fram\u00f6ver kommer vara\u00a0engagerad. Datum: L\u00f6rdag 27 aug Tid: kl. 10.00-14.00 Plats: Sensus, Apotekaregatan 14, Link\u00f6ping Pris: L\u00e4s mer","og_url":"https:\/\/wp.kristdemokraterna.se\/ostergotland\/dags-att-anmala-sig-till-kursen-vax-i-ditt-uppdrag-en-styrelse-som-gor-skillnad\/","og_site_name":"Kristdemokraterna | \u00d6sterg\u00f6tland","article_published_time":"2016-08-09T07:46:04+00:00","og_image":[{"url":"http:\/\/wp.kristdemokraterna.se\/ostergotland\/files\/2016\/08\/160827_styrelseutbildning.jpg","type":"","width":"","height":""}],"author":"helpdesk","twitter_card":"summary_large_image","twitter_misc":{"Skriven av":"helpdesk"},"schema":{"@context":"https:\/\/schema.org","@graph":[{"@type":"Article","@id":"https:\/\/wp.kristdemokraterna.se\/ostergotland\/dags-att-anmala-sig-till-kursen-vax-i-ditt-uppdrag-en-styrelse-som-gor-skillnad\/#article","isPartOf":{"@id":"https:\/\/wp.kristdemokraterna.se\/ostergotland\/dags-att-anmala-sig-till-kursen-vax-i-ditt-uppdrag-en-styrelse-som-gor-skillnad\/"},"author":{"name":"helpdesk","@id":"https:\/\/wp.kristdemokraterna.se\/ostergotland\/#\/schema\/person\/98d27838d17178471da5e8a56aa604a4"},"headline":"Dags att anm\u00e4la sig till kursen: &#8221;V\u00e4x i ditt uppdrag &#8211; en styrelse som g\u00f6r skillnad&#8221;","datePublished":"2016-08-09T07:46:04+00:00","mainEntityOfPage":{"@id":"https:\/\/wp.kristdemokraterna.se\/ostergotland\/dags-att-anmala-sig-till-kursen-vax-i-ditt-uppdrag-en-styrelse-som-gor-skillnad\/"},"wordCount":110,"image":{"@id":"https:\/\/wp.kristdemokraterna.se\/ostergotland\/dags-att-anmala-sig-till-kursen-vax-i-ditt-uppdrag-en-styrelse-som-gor-skillnad\/#primaryimage"},"thumbnailUrl":"http:\/\/wp.kristdemokraterna.se\/ostergotland\/files\/2016\/08\/160827_styrelseutbildning.jpg","inLanguage":"sv-SE"},{"@type":"WebPage","@id":"https:\/\/wp.kristdemokraterna.se\/ostergotland\/dags-att-anmala-sig-till-kursen-vax-i-ditt-uppdrag-en-styrelse-som-gor-skillnad\/","url":"https:\/\/wp.kristdemokraterna.se\/ostergotland\/dags-att-anmala-sig-till-kursen-vax-i-ditt-uppdrag-en-styrelse-som-gor-skillnad\/","name":"Dags att anm\u00e4la sig till kursen: \"V\u00e4x i ditt uppdrag - en styrelse som g\u00f6r skillnad\" - Kristdemokraterna | \u00d6sterg\u00f6tland","isPartOf":{"@id":"https:\/\/wp.kristdemokraterna.se\/ostergotland\/#website"},"primaryImageOfPage":{"@id":"https:\/\/wp.kristdemokraterna.se\/ostergotland\/dags-att-anmala-sig-till-kursen-vax-i-ditt-uppdrag-en-styrelse-som-gor-skillnad\/#primaryimage"},"image":{"@id":"https:\/\/wp.kristdemokraterna.se\/ostergotland\/dags-att-anmala-sig-till-kursen-vax-i-ditt-uppdrag-en-styrelse-som-gor-skillnad\/#primaryimage"},"thumbnailUrl":"http:\/\/wp.kristdemokraterna.se\/ostergotland\/files\/2016\/08\/160827_styrelseutbildning.jpg","datePublished":"2016-08-09T07:46:04+00:00","author":{"@id":"https:\/\/wp.kristdemokraterna.se\/ostergotland\/#\/schema\/person\/98d27838d17178471da5e8a56aa604a4"},"breadcrumb":{"@id":"https:\/\/wp.kristdemokraterna.se\/ostergotland\/dags-att-anmala-sig-till-kursen-vax-i-ditt-uppdrag-en-styrelse-som-gor-skillnad\/#breadcrumb"},"inLanguage":"sv-SE","potentialAction":[{"@type":"ReadAction","target":["https:\/\/wp.kristdemokraterna.se\/ostergotland\/dags-att-anmala-sig-till-kursen-vax-i-ditt-uppdrag-en-styrelse-som-gor-skillnad\/"]}]},{"@type":"ImageObject","inLanguage":"sv-SE","@id":"https:\/\/wp.kristdemokraterna.se\/ostergotland\/dags-att-anmala-sig-till-kursen-vax-i-ditt-uppdrag-en-styrelse-som-gor-skillnad\/#primaryimage","url":"https:\/\/wp.kristdemokraterna.se\/ostergotland\/files\/2016\/08\/160827_styrelseutbildning.jpg","contentUrl":"https:\/\/wp.kristdemokraterna.se\/ostergotland\/files\/2016\/08\/160827_styrelseutbildning.jpg","width":827,"height":1142},{"@type":"BreadcrumbList","@id":"https:\/\/wp.kristdemokraterna.se\/ostergotland\/dags-att-anmala-sig-till-kursen-vax-i-ditt-uppdrag-en-styrelse-som-gor-skillnad\/#breadcrumb","itemListElement":[{"@type":"ListItem","position":1,"name":"Hem","item":"https:\/\/wp.kristdemokraterna.se\/ostergotland\/"},{"@type":"ListItem","position":2,"name":"Dags att anm\u00e4la sig till kursen: &#8221;V\u00e4x i ditt uppdrag &#8211; en styrelse som g\u00f6r skillnad&#8221;"}]},{"@type":"WebSite","@id":"https:\/\/wp.kristdemokraterna.se\/ostergotland\/#website","url":"https:\/\/wp.kristdemokraterna.se\/ostergotland\/","name":"Kristdemokraterna | \u00d6sterg\u00f6tland","description":"V\u00e4lkommen till Kristdemokraterna i \u00d6sterg\u00f6tland","inLanguage":"sv-SE"},{"@type":"Person","@id":"https:\/\/wp.kristdemokraterna.se\/ostergotland\/#\/schema\/person\/98d27838d17178471da5e8a56aa604a4","name":"helpdesk","image":{"@type":"ImageObject","inLanguage":"sv-SE","@id":"https:\/\/secure.gravatar.com\/avatar\/2e747bc9a7d4e5a6ecca7d851e4175129f995f3f6d9ef18734d1ff623abe4a88?s=96&d=mm&r=g","url":"https:\/\/secure.gravatar.com\/avatar\/2e747bc9a7d4e5a6ecca7d851e4175129f995f3f6d9ef18734d1ff623abe4a88?s=96&d=mm&r=g","contentUrl":"https:\/\/secure.gravatar.com\/avatar\/2e747bc9a7d4e5a6ecca7d851e4175129f995f3f6d9ef18734d1ff623abe4a88?s=96&d=mm&r=g","caption":"helpdesk"},"url":"https:\/\/wp.kristdemokraterna.se\/ostergotland\/author\/helpdesk\/"}]}},"_links":{"self":[{"href":"https:\/\/wp.kristdemokraterna.se\/ostergotland\/wp-json\/wp\/v2\/posts\/623","targetHints":{"allow":["GET"]}}],"collection":[{"href":"https:\/\/wp.kristdemokraterna.se\/ostergotland\/wp-json\/wp\/v2\/posts"}],"about":[{"href":"https:\/\/wp.kristdemokraterna.se\/ostergotland\/wp-json\/wp\/v2\/types\/post"}],"author":[{"embeddable":true,"href":"https:\/\/wp.kristdemokraterna.se\/ostergotland\/wp-json\/wp\/v2\/users\/444"}],"replies":[{"embeddable":true,"href":"https:\/\/wp.kristdemokraterna.se\/ostergotland\/wp-json\/wp\/v2\/comments?post=623"}],"version-history":[{"count":0,"href":"https:\/\/wp.kristdemokraterna.se\/ostergotland\/wp-json\/wp\/v2\/posts\/623\/revisions"}],"wp:attachment":[{"href":"https:\/\/wp.kristdemokraterna.se\/ostergotland\/wp-json\/wp\/v2\/media?parent=623"}],"wp:term":[{"taxonomy":"category","embeddable":true,"href":"https:\/\/wp.kristdemokraterna.se\/ostergotland\/wp-json\/wp\/v2\/categories?post=623"},{"taxonomy":"post_tag","embeddable":true,"href":"https:\/\/wp.kristdemokraterna.se\/ostergotland\/wp-json\/wp\/v2\/tags?post=623"}],"curies":[{"name":"wp","href":"https:\/\/api.w.org\/{rel}","templated":true}]}}