{"id":634,"date":"2016-09-03T09:47:30","date_gmt":"2016-09-03T07:47:30","guid":{"rendered":"http:\/\/wp.kristdemokraterna.se\/e\/?p=634"},"modified":"2016-09-03T09:47:30","modified_gmt":"2016-09-03T07:47:30","slug":"kulturseminarium-bjarka-saby-fornhem","status":"publish","type":"post","link":"https:\/\/wp.kristdemokraterna.se\/ostergotland\/kulturseminarium-bjarka-saby-fornhem\/","title":{"rendered":"Kulturseminarium &#8211; Bj\u00e4rka S\u00e4by Fornhem"},"content":{"rendered":"<p><img loading=\"lazy\" decoding=\"async\" class=\"aligncenter size-full wp-image-635\" src=\"http:\/\/wp.kristdemokraterna.se\/ostergotland\/files\/2016\/09\/kulturseminarium160915.jpg\" alt=\"kulturseminarium160915\" width=\"1000\" height=\"833\" srcset=\"https:\/\/wp.kristdemokraterna.se\/ostergotland\/files\/2016\/09\/kulturseminarium160915.jpg 1000w, https:\/\/wp.kristdemokraterna.se\/ostergotland\/files\/2016\/09\/kulturseminarium160915-300x250.jpg 300w, https:\/\/wp.kristdemokraterna.se\/ostergotland\/files\/2016\/09\/kulturseminarium160915-768x640.jpg 768w, https:\/\/wp.kristdemokraterna.se\/ostergotland\/files\/2016\/09\/kulturseminarium160915-240x200.jpg 240w, https:\/\/wp.kristdemokraterna.se\/ostergotland\/files\/2016\/09\/kulturseminarium160915-370x308.jpg 370w, https:\/\/wp.kristdemokraterna.se\/ostergotland\/files\/2016\/09\/kulturseminarium160915-770x641.jpg 770w, https:\/\/wp.kristdemokraterna.se\/ostergotland\/files\/2016\/09\/kulturseminarium160915-450x375.jpg 450w, https:\/\/wp.kristdemokraterna.se\/ostergotland\/files\/2016\/09\/kulturseminarium160915-280x233.jpg 280w, https:\/\/wp.kristdemokraterna.se\/ostergotland\/files\/2016\/09\/kulturseminarium160915-340x283.jpg 340w, https:\/\/wp.kristdemokraterna.se\/ostergotland\/files\/2016\/09\/kulturseminarium160915-200x167.jpg 200w, https:\/\/wp.kristdemokraterna.se\/ostergotland\/files\/2016\/09\/kulturseminarium160915-67x56.jpg 67w\" sizes=\"auto, (max-width: 1000px) 100vw, 1000px\" \/><\/p>\n<p>Kristdemokraterna i \u00d6sterg\u00f6tland bjuder i samverkan med<br \/>\nStudieorganisationen Framtidsbildarna och Sensus Studief\u00f6rbund in till KULTURSEMINARIUM<\/p>\n<p><strong>Bj\u00e4rka S\u00e4by Fornhem &#8211; \u00d6stg\u00f6tska g\u00e5rdar under 1700- och 1800-tal<\/strong><\/p>\n<p><strong>Datum &amp; Tid:<\/strong><br \/>\nTorsdag 15 sept kl. 18.00<!--more--><\/p>\n<p><strong>Program:<\/strong><br \/>\nBj\u00e4rka-S\u00e4by Fornhem drivs av Wist hembygdsf\u00f6rening och ligger i<br \/>\nen vacker park utanf\u00f6r Sturefors ett par mil s\u00f6der om Link\u00f6ping.<br \/>\nP\u00e5 Fornhemmet kan du se torp, uthus, bodar och lador som har<br \/>\nflyttats dit f\u00f6r att visa hur en g\u00e5rd kunde se ut i \u00d6sterg\u00f6tland under<br \/>\n1700- och 1800-talen. L\u00e4ttare fika serveras.<\/p>\n<p><strong>Hitta dit:<\/strong><br \/>\n58.275711, 15.737672<br \/>\nhttps:\/\/goo.gl\/maps\/9RJtx3AkA352<\/p>\n<p><strong>Deltagaravgift:<\/strong><br \/>\n50 kr som betalas kontant p\u00e5 plats eller faktureras i efterhand.<\/p>\n<p><strong>Anm\u00e4lan:<\/strong><br \/>\nSenast onsdag 14 sept till <a href=\"mailto:fredrik.topplund@kristdemokraterna.se\">fredrik.topplund@kristdemokraterna.se<\/a><\/p>\n","protected":false},"excerpt":{"rendered":"<p>Kristdemokraterna i \u00d6sterg\u00f6tland bjuder i samverkan med Studieorganisationen Framtidsbildarna och Sensus Studief\u00f6rbund in till KULTURSEMINARIUM Bj\u00e4rka S\u00e4by Fornhem &#8211; \u00d6stg\u00f6tska g\u00e5rdar under 1700- och 1800-tal Datum &amp; Tid: Torsdag 15 sept kl. 18.00<\/p>\n","protected":false},"author":444,"featured_media":0,"comment_status":"closed","ping_status":"closed","sticky":false,"template":"","format":"standard","meta":{"_acf_changed":false,"footnotes":""},"categories":[1],"tags":[],"class_list":["post-634","post","type-post","status-publish","format-standard","hentry","category-okategoriserade"],"acf":[],"yoast_head":"<!-- This site is optimized with the Yoast SEO plugin v27.5 - https:\/\/yoast.com\/product\/yoast-seo-wordpress\/ -->\n<title>Kulturseminarium - Bj\u00e4rka S\u00e4by Fornhem - Kristdemokraterna | \u00d6sterg\u00f6tland<\/title>\n<meta name=\"robots\" content=\"index, follow, max-snippet:-1, max-image-preview:large, max-video-preview:-1\" \/>\n<link rel=\"canonical\" href=\"https:\/\/wp.kristdemokraterna.se\/ostergotland\/kulturseminarium-bjarka-saby-fornhem\/\" \/>\n<meta property=\"og:locale\" content=\"sv_SE\" \/>\n<meta property=\"og:type\" content=\"article\" \/>\n<meta property=\"og:title\" content=\"Kulturseminarium - Bj\u00e4rka S\u00e4by Fornhem - Kristdemokraterna | \u00d6sterg\u00f6tland\" \/>\n<meta property=\"og:description\" content=\"Kristdemokraterna i \u00d6sterg\u00f6tland bjuder i samverkan med Studieorganisationen Framtidsbildarna och Sensus Studief\u00f6rbund in till KULTURSEMINARIUM Bj\u00e4rka S\u00e4by Fornhem &#8211; \u00d6stg\u00f6tska g\u00e5rdar under 1700- och 1800-tal Datum &amp; Tid: Torsdag 15 sept kl. 18.00\" \/>\n<meta property=\"og:url\" content=\"https:\/\/wp.kristdemokraterna.se\/ostergotland\/kulturseminarium-bjarka-saby-fornhem\/\" \/>\n<meta property=\"og:site_name\" content=\"Kristdemokraterna | \u00d6sterg\u00f6tland\" \/>\n<meta property=\"article:published_time\" content=\"2016-09-03T07:47:30+00:00\" \/>\n<meta property=\"og:image\" content=\"http:\/\/wp.kristdemokraterna.se\/ostergotland\/files\/2016\/09\/kulturseminarium160915.jpg\" \/>\n<meta name=\"author\" content=\"helpdesk\" \/>\n<meta name=\"twitter:card\" content=\"summary_large_image\" \/>\n<meta name=\"twitter:label1\" content=\"Skriven av\" \/>\n\t<meta name=\"twitter:data1\" content=\"helpdesk\" \/>\n\t<meta name=\"twitter:label2\" content=\"Ber\u00e4knad l\u00e4stid\" \/>\n\t<meta name=\"twitter:data2\" content=\"1 minut\" \/>\n<script type=\"application\/ld+json\" class=\"yoast-schema-graph\">{\"@context\":\"https:\\\/\\\/schema.org\",\"@graph\":[{\"@type\":\"Article\",\"@id\":\"https:\\\/\\\/wp.kristdemokraterna.se\\\/ostergotland\\\/kulturseminarium-bjarka-saby-fornhem\\\/#article\",\"isPartOf\":{\"@id\":\"https:\\\/\\\/wp.kristdemokraterna.se\\\/ostergotland\\\/kulturseminarium-bjarka-saby-fornhem\\\/\"},\"author\":{\"name\":\"helpdesk\",\"@id\":\"https:\\\/\\\/wp.kristdemokraterna.se\\\/ostergotland\\\/#\\\/schema\\\/person\\\/98d27838d17178471da5e8a56aa604a4\"},\"headline\":\"Kulturseminarium &#8211; Bj\u00e4rka S\u00e4by Fornhem\",\"datePublished\":\"2016-09-03T07:47:30+00:00\",\"mainEntityOfPage\":{\"@id\":\"https:\\\/\\\/wp.kristdemokraterna.se\\\/ostergotland\\\/kulturseminarium-bjarka-saby-fornhem\\\/\"},\"wordCount\":136,\"image\":{\"@id\":\"https:\\\/\\\/wp.kristdemokraterna.se\\\/ostergotland\\\/kulturseminarium-bjarka-saby-fornhem\\\/#primaryimage\"},\"thumbnailUrl\":\"http:\\\/\\\/wp.kristdemokraterna.se\\\/ostergotland\\\/files\\\/2016\\\/09\\\/kulturseminarium160915.jpg\",\"inLanguage\":\"sv-SE\"},{\"@type\":\"WebPage\",\"@id\":\"https:\\\/\\\/wp.kristdemokraterna.se\\\/ostergotland\\\/kulturseminarium-bjarka-saby-fornhem\\\/\",\"url\":\"https:\\\/\\\/wp.kristdemokraterna.se\\\/ostergotland\\\/kulturseminarium-bjarka-saby-fornhem\\\/\",\"name\":\"Kulturseminarium - Bj\u00e4rka S\u00e4by Fornhem - Kristdemokraterna | \u00d6sterg\u00f6tland\",\"isPartOf\":{\"@id\":\"https:\\\/\\\/wp.kristdemokraterna.se\\\/ostergotland\\\/#website\"},\"primaryImageOfPage\":{\"@id\":\"https:\\\/\\\/wp.kristdemokraterna.se\\\/ostergotland\\\/kulturseminarium-bjarka-saby-fornhem\\\/#primaryimage\"},\"image\":{\"@id\":\"https:\\\/\\\/wp.kristdemokraterna.se\\\/ostergotland\\\/kulturseminarium-bjarka-saby-fornhem\\\/#primaryimage\"},\"thumbnailUrl\":\"http:\\\/\\\/wp.kristdemokraterna.se\\\/ostergotland\\\/files\\\/2016\\\/09\\\/kulturseminarium160915.jpg\",\"datePublished\":\"2016-09-03T07:47:30+00:00\",\"author\":{\"@id\":\"https:\\\/\\\/wp.kristdemokraterna.se\\\/ostergotland\\\/#\\\/schema\\\/person\\\/98d27838d17178471da5e8a56aa604a4\"},\"breadcrumb\":{\"@id\":\"https:\\\/\\\/wp.kristdemokraterna.se\\\/ostergotland\\\/kulturseminarium-bjarka-saby-fornhem\\\/#breadcrumb\"},\"inLanguage\":\"sv-SE\",\"potentialAction\":[{\"@type\":\"ReadAction\",\"target\":[\"https:\\\/\\\/wp.kristdemokraterna.se\\\/ostergotland\\\/kulturseminarium-bjarka-saby-fornhem\\\/\"]}]},{\"@type\":\"ImageObject\",\"inLanguage\":\"sv-SE\",\"@id\":\"https:\\\/\\\/wp.kristdemokraterna.se\\\/ostergotland\\\/kulturseminarium-bjarka-saby-fornhem\\\/#primaryimage\",\"url\":\"https:\\\/\\\/wp.kristdemokraterna.se\\\/ostergotland\\\/files\\\/2016\\\/09\\\/kulturseminarium160915.jpg\",\"contentUrl\":\"https:\\\/\\\/wp.kristdemokraterna.se\\\/ostergotland\\\/files\\\/2016\\\/09\\\/kulturseminarium160915.jpg\",\"width\":1000,\"height\":833},{\"@type\":\"BreadcrumbList\",\"@id\":\"https:\\\/\\\/wp.kristdemokraterna.se\\\/ostergotland\\\/kulturseminarium-bjarka-saby-fornhem\\\/#breadcrumb\",\"itemListElement\":[{\"@type\":\"ListItem\",\"position\":1,\"name\":\"Hem\",\"item\":\"https:\\\/\\\/wp.kristdemokraterna.se\\\/ostergotland\\\/\"},{\"@type\":\"ListItem\",\"position\":2,\"name\":\"Kulturseminarium &#8211; Bj\u00e4rka S\u00e4by Fornhem\"}]},{\"@type\":\"WebSite\",\"@id\":\"https:\\\/\\\/wp.kristdemokraterna.se\\\/ostergotland\\\/#website\",\"url\":\"https:\\\/\\\/wp.kristdemokraterna.se\\\/ostergotland\\\/\",\"name\":\"Kristdemokraterna | \u00d6sterg\u00f6tland\",\"description\":\"V\u00e4lkommen till Kristdemokraterna i \u00d6sterg\u00f6tland\",\"inLanguage\":\"sv-SE\"},{\"@type\":\"Person\",\"@id\":\"https:\\\/\\\/wp.kristdemokraterna.se\\\/ostergotland\\\/#\\\/schema\\\/person\\\/98d27838d17178471da5e8a56aa604a4\",\"name\":\"helpdesk\",\"image\":{\"@type\":\"ImageObject\",\"inLanguage\":\"sv-SE\",\"@id\":\"https:\\\/\\\/secure.gravatar.com\\\/avatar\\\/2e747bc9a7d4e5a6ecca7d851e4175129f995f3f6d9ef18734d1ff623abe4a88?s=96&d=mm&r=g\",\"url\":\"https:\\\/\\\/secure.gravatar.com\\\/avatar\\\/2e747bc9a7d4e5a6ecca7d851e4175129f995f3f6d9ef18734d1ff623abe4a88?s=96&d=mm&r=g\",\"contentUrl\":\"https:\\\/\\\/secure.gravatar.com\\\/avatar\\\/2e747bc9a7d4e5a6ecca7d851e4175129f995f3f6d9ef18734d1ff623abe4a88?s=96&d=mm&r=g\",\"caption\":\"helpdesk\"},\"url\":\"https:\\\/\\\/wp.kristdemokraterna.se\\\/ostergotland\\\/author\\\/helpdesk\\\/\"}]}<\/script>\n<!-- \/ Yoast SEO plugin. -->","yoast_head_json":{"title":"Kulturseminarium - Bj\u00e4rka S\u00e4by Fornhem - Kristdemokraterna | \u00d6sterg\u00f6tland","robots":{"index":"index","follow":"follow","max-snippet":"max-snippet:-1","max-image-preview":"max-image-preview:large","max-video-preview":"max-video-preview:-1"},"canonical":"https:\/\/wp.kristdemokraterna.se\/ostergotland\/kulturseminarium-bjarka-saby-fornhem\/","og_locale":"sv_SE","og_type":"article","og_title":"Kulturseminarium - Bj\u00e4rka S\u00e4by Fornhem - Kristdemokraterna | \u00d6sterg\u00f6tland","og_description":"Kristdemokraterna i \u00d6sterg\u00f6tland bjuder i samverkan med Studieorganisationen Framtidsbildarna och Sensus Studief\u00f6rbund in till KULTURSEMINARIUM Bj\u00e4rka S\u00e4by Fornhem &#8211; \u00d6stg\u00f6tska g\u00e5rdar under 1700- och 1800-tal Datum &amp; Tid: Torsdag 15 sept kl. 18.00","og_url":"https:\/\/wp.kristdemokraterna.se\/ostergotland\/kulturseminarium-bjarka-saby-fornhem\/","og_site_name":"Kristdemokraterna | \u00d6sterg\u00f6tland","article_published_time":"2016-09-03T07:47:30+00:00","og_image":[{"url":"http:\/\/wp.kristdemokraterna.se\/ostergotland\/files\/2016\/09\/kulturseminarium160915.jpg","type":"","width":"","height":""}],"author":"helpdesk","twitter_card":"summary_large_image","twitter_misc":{"Skriven av":"helpdesk","Ber\u00e4knad l\u00e4stid":"1 minut"},"schema":{"@context":"https:\/\/schema.org","@graph":[{"@type":"Article","@id":"https:\/\/wp.kristdemokraterna.se\/ostergotland\/kulturseminarium-bjarka-saby-fornhem\/#article","isPartOf":{"@id":"https:\/\/wp.kristdemokraterna.se\/ostergotland\/kulturseminarium-bjarka-saby-fornhem\/"},"author":{"name":"helpdesk","@id":"https:\/\/wp.kristdemokraterna.se\/ostergotland\/#\/schema\/person\/98d27838d17178471da5e8a56aa604a4"},"headline":"Kulturseminarium &#8211; Bj\u00e4rka S\u00e4by Fornhem","datePublished":"2016-09-03T07:47:30+00:00","mainEntityOfPage":{"@id":"https:\/\/wp.kristdemokraterna.se\/ostergotland\/kulturseminarium-bjarka-saby-fornhem\/"},"wordCount":136,"image":{"@id":"https:\/\/wp.kristdemokraterna.se\/ostergotland\/kulturseminarium-bjarka-saby-fornhem\/#primaryimage"},"thumbnailUrl":"http:\/\/wp.kristdemokraterna.se\/ostergotland\/files\/2016\/09\/kulturseminarium160915.jpg","inLanguage":"sv-SE"},{"@type":"WebPage","@id":"https:\/\/wp.kristdemokraterna.se\/ostergotland\/kulturseminarium-bjarka-saby-fornhem\/","url":"https:\/\/wp.kristdemokraterna.se\/ostergotland\/kulturseminarium-bjarka-saby-fornhem\/","name":"Kulturseminarium - Bj\u00e4rka S\u00e4by Fornhem - Kristdemokraterna | \u00d6sterg\u00f6tland","isPartOf":{"@id":"https:\/\/wp.kristdemokraterna.se\/ostergotland\/#website"},"primaryImageOfPage":{"@id":"https:\/\/wp.kristdemokraterna.se\/ostergotland\/kulturseminarium-bjarka-saby-fornhem\/#primaryimage"},"image":{"@id":"https:\/\/wp.kristdemokraterna.se\/ostergotland\/kulturseminarium-bjarka-saby-fornhem\/#primaryimage"},"thumbnailUrl":"http:\/\/wp.kristdemokraterna.se\/ostergotland\/files\/2016\/09\/kulturseminarium160915.jpg","datePublished":"2016-09-03T07:47:30+00:00","author":{"@id":"https:\/\/wp.kristdemokraterna.se\/ostergotland\/#\/schema\/person\/98d27838d17178471da5e8a56aa604a4"},"breadcrumb":{"@id":"https:\/\/wp.kristdemokraterna.se\/ostergotland\/kulturseminarium-bjarka-saby-fornhem\/#breadcrumb"},"inLanguage":"sv-SE","potentialAction":[{"@type":"ReadAction","target":["https:\/\/wp.kristdemokraterna.se\/ostergotland\/kulturseminarium-bjarka-saby-fornhem\/"]}]},{"@type":"ImageObject","inLanguage":"sv-SE","@id":"https:\/\/wp.kristdemokraterna.se\/ostergotland\/kulturseminarium-bjarka-saby-fornhem\/#primaryimage","url":"https:\/\/wp.kristdemokraterna.se\/ostergotland\/files\/2016\/09\/kulturseminarium160915.jpg","contentUrl":"https:\/\/wp.kristdemokraterna.se\/ostergotland\/files\/2016\/09\/kulturseminarium160915.jpg","width":1000,"height":833},{"@type":"BreadcrumbList","@id":"https:\/\/wp.kristdemokraterna.se\/ostergotland\/kulturseminarium-bjarka-saby-fornhem\/#breadcrumb","itemListElement":[{"@type":"ListItem","position":1,"name":"Hem","item":"https:\/\/wp.kristdemokraterna.se\/ostergotland\/"},{"@type":"ListItem","position":2,"name":"Kulturseminarium &#8211; Bj\u00e4rka S\u00e4by Fornhem"}]},{"@type":"WebSite","@id":"https:\/\/wp.kristdemokraterna.se\/ostergotland\/#website","url":"https:\/\/wp.kristdemokraterna.se\/ostergotland\/","name":"Kristdemokraterna | \u00d6sterg\u00f6tland","description":"V\u00e4lkommen till Kristdemokraterna i \u00d6sterg\u00f6tland","inLanguage":"sv-SE"},{"@type":"Person","@id":"https:\/\/wp.kristdemokraterna.se\/ostergotland\/#\/schema\/person\/98d27838d17178471da5e8a56aa604a4","name":"helpdesk","image":{"@type":"ImageObject","inLanguage":"sv-SE","@id":"https:\/\/secure.gravatar.com\/avatar\/2e747bc9a7d4e5a6ecca7d851e4175129f995f3f6d9ef18734d1ff623abe4a88?s=96&d=mm&r=g","url":"https:\/\/secure.gravatar.com\/avatar\/2e747bc9a7d4e5a6ecca7d851e4175129f995f3f6d9ef18734d1ff623abe4a88?s=96&d=mm&r=g","contentUrl":"https:\/\/secure.gravatar.com\/avatar\/2e747bc9a7d4e5a6ecca7d851e4175129f995f3f6d9ef18734d1ff623abe4a88?s=96&d=mm&r=g","caption":"helpdesk"},"url":"https:\/\/wp.kristdemokraterna.se\/ostergotland\/author\/helpdesk\/"}]}},"_links":{"self":[{"href":"https:\/\/wp.kristdemokraterna.se\/ostergotland\/wp-json\/wp\/v2\/posts\/634","targetHints":{"allow":["GET"]}}],"collection":[{"href":"https:\/\/wp.kristdemokraterna.se\/ostergotland\/wp-json\/wp\/v2\/posts"}],"about":[{"href":"https:\/\/wp.kristdemokraterna.se\/ostergotland\/wp-json\/wp\/v2\/types\/post"}],"author":[{"embeddable":true,"href":"https:\/\/wp.kristdemokraterna.se\/ostergotland\/wp-json\/wp\/v2\/users\/444"}],"replies":[{"embeddable":true,"href":"https:\/\/wp.kristdemokraterna.se\/ostergotland\/wp-json\/wp\/v2\/comments?post=634"}],"version-history":[{"count":0,"href":"https:\/\/wp.kristdemokraterna.se\/ostergotland\/wp-json\/wp\/v2\/posts\/634\/revisions"}],"wp:attachment":[{"href":"https:\/\/wp.kristdemokraterna.se\/ostergotland\/wp-json\/wp\/v2\/media?parent=634"}],"wp:term":[{"taxonomy":"category","embeddable":true,"href":"https:\/\/wp.kristdemokraterna.se\/ostergotland\/wp-json\/wp\/v2\/categories?post=634"},{"taxonomy":"post_tag","embeddable":true,"href":"https:\/\/wp.kristdemokraterna.se\/ostergotland\/wp-json\/wp\/v2\/tags?post=634"}],"curies":[{"name":"wp","href":"https:\/\/api.w.org\/{rel}","templated":true}]}}